{"id":15448,"date":"2024-09-09T15:39:18","date_gmt":"2024-09-09T13:39:18","guid":{"rendered":"https:\/\/www.feuerwehr-halberstadt.de\/?p=15448"},"modified":"2024-09-09T15:39:18","modified_gmt":"2024-09-09T13:39:18","slug":"wochenbericht-02-09-08-09-2024","status":"publish","type":"post","link":"https:\/\/www.feuerwehr-halberstadt.de\/?p=15448","title":{"rendered":"Wochenbericht &#8211; 02.09. &#8211; 08.09.2024"},"content":{"rendered":"\n<p><strong>02.09.2024 <\/strong>&#8211; 12:12 Uhr<br><strong><em>B2 \u2013 <\/em>Mittelbrand  <em>\u2013 <\/em>Klusstra\u00dfe <\/strong>&#8211; Einsatz 102\/2024<br><em>Alarmierte Kr\u00e4fte: Einsatzleitdienst, Hauptberufliche Wachbereitschaft, ELW Gruppe, FF Halberstadt<\/em>, <em>AS\u00dc FF Langenstein, Rettungsdienst, Polizei<\/em><br><strong>Kurzinfo:<\/strong> Vor Ort brannte ein Geb\u00fcsch. Noch vor dem Ausr\u00fccken der Ortsfeuerwehr wurde durch die Kr\u00e4fte der Wachbereitschaft &#8222;Kr\u00e4fte und Mittel ausreichend&#8220; gemeldet.<\/p>\n\n\n\n<p><strong>03.09.2024 <\/strong>&#8211; 10:51 Uhr<br><strong><em>BMA \u2013 <\/em>FSZ Sealand<em> \u2013 <\/em>Gebr\u00fcder-Rehse-Stra\u00dfe <\/strong>&#8211; Einsatz 103\/2024<br><em>Alarmierte Kr\u00e4fte: Einsatzleitdienst, Hauptberufliche Wachbereitschaft, FF Halberstadt, AS\u00dc FF Langenstein<\/em>, Rettungsdienst<br><strong>Kurzinfo:<\/strong> Die Brandmeldeanlage l\u00f6ste durch einen Elektrounfall aus. Zwei Personen wurden verletzt. Der Einsatz konnte wenig sp\u00e4ter beendet werden.<\/p>\n\n\n\n<p><strong>04.09.2024 <\/strong>&#8211; 19:03 Uhr<br><strong><em>B2 \u2013 <\/em>Mittelbrand  <em>\u2013 <\/em>Heinrich-Julius-Stra\u00dfe <\/strong>&#8211; Einsatz 104\/2024<br><em>Alarmierte Kr\u00e4fte: Einsatzleitdienst, Hauptberufliche Wachbereitschaft, ELW Gruppe, FF Halberstadt<\/em>, <em>AS\u00dc FF Langenstein, Rettungsdienst, Polizei<\/em><br><strong>Kurzinfo:<\/strong> Vor Ort handelte es sich um angebrannte Gegenst\u00e4nde auf dem Herd.<\/p>\n\n\n\n<p><strong>06.09.2024 <\/strong>&#8211; 14:22 Uhr<br><strong><em>B2 \u2013 <\/em>Gartenlaubenbrand <em>\u2013 <\/em>Vor der Klus <\/strong>&#8211; Einsatz 105\/2024<br><em>Alarmierte Kr\u00e4fte: Einsatzleitdienst, Hauptberufliche Wachbereitschaft, ELW Gruppe, FF Halberstadt<\/em>, <em>AS\u00dc FF Langenstein, Rettungsdienst, Polizei<\/em><br><strong>Einsatzbericht:<\/strong><a href=\"https:\/\/www.feuerwehr-halberstadt.de\/?einsaetze=b2-gartenlaubenbrand-vor-der-klus\">https:\/\/www.feuerwehr-halberstadt.de\/?einsaetze=b2-gartenlaubenbrand-vor-der-klus<\/a><\/p>\n\n\n\n<p><strong>06.09.2024 <\/strong>&#8211; 14:58 Uhr<br><strong><em>B3 \u2013 <\/em>Gro\u00dfbrand Vegetation\/Wald <em>\u2013 <\/em>Kesselklippe Schierke <\/strong>&#8211; Einsatz 106\/2024<br><em>Alarmierte Kr\u00e4fte: FF Halberstadt<\/em><br><strong>Kurzinfo: <\/strong>Aufgrund des Waldbrandes am Brocken wurde unser TLF im Rahmen des TLF-Zug Ost nachgefordert. Zwei Kameraden unterst\u00fctzen vor Ort im Pendelverkehr bei der Wasserversorgung.<\/p>\n\n\n\n<p><strong>07.09.2024 <\/strong>&#8211; 07:11 Uhr<br><strong><em>B3 \u2013 <\/em>Gro\u00dfbrand Vegetation\/Wald <em>\u2013 <\/em>Kesselklippe Schierke <\/strong>&#8211; Einsatz 107\/2024<br><em>Alarmierte Kr\u00e4fte: FF Halberstadt<\/em><br><strong>Kurzinfo:<\/strong> Zwei Kameraden unterst\u00fctzen vor Ort im Pendelverkehr mit unserem TLF bei der Wasserversorgung.<\/p>\n\n\n\n<p><strong>08.09.2024 <\/strong>&#8211; 07:00 Uhr<br><strong><em>B3 \u2013 <\/em>Gro\u00dfbrand Vegetation\/Wald <em>\u2013 <\/em>Kesselklippe Schierke <\/strong>&#8211; Einsatz 108\/2024<br><em>Alarmierte Kr\u00e4fte: FF Halberstadt<\/em><br><strong>Kurzinfo:<\/strong> Zwei Kameraden unterst\u00fctzen vor Ort im Pendelverkehr mit unserem TLF bei der Wasserversorgung.<\/p>\n","protected":false},"excerpt":{"rendered":"<p>02.09.2024 &#8211; 12:12 UhrB2 \u2013 Mittelbrand \u2013 Klusstra\u00dfe &#8211; Einsatz 102\/2024Alarmierte Kr\u00e4fte: Einsatzleitdienst, Hauptberufliche Wachbereitschaft, ELW Gruppe, FF Halberstadt, AS\u00dc FF Langenstein, Rettungsdienst, PolizeiKurzinfo: Vor Ort brannte ein Geb\u00fcsch. Noch vor dem Ausr\u00fccken der Ortsfeuerwehr wurde durch die Kr\u00e4fte der Wachbereitschaft &#8222;Kr\u00e4fte und Mittel ausreichend&#8220; gemeldet. 03.09.2024 &#8211; 10:51 UhrBMA \u2013 FSZ Sealand \u2013 Gebr\u00fcder-Rehse-Stra\u00dfe [&hellip;]<\/p>\n","protected":false},"author":8,"featured_media":14808,"comment_status":"closed","ping_status":"closed","sticky":false,"template":"","format":"standard","meta":{"_acf_changed":false,"footnotes":""},"categories":[9],"tags":[],"class_list":["post-15448","post","type-post","status-publish","format-standard","has-post-thumbnail","hentry","category-allgemein"],"acf":[],"yoast_head":"<!-- This site is optimized with the Yoast SEO plugin v27.5 - https:\/\/yoast.com\/product\/yoast-seo-wordpress\/ -->\n<title>Wochenbericht - 02.09. - 08.09.2024 - Feuerwehr Halberstadt<\/title>\n<meta name=\"robots\" content=\"index, follow, max-snippet:-1, max-image-preview:large, max-video-preview:-1\" \/>\n<link rel=\"canonical\" href=\"https:\/\/www.feuerwehr-halberstadt.de\/?p=15448\" \/>\n<meta property=\"og:locale\" content=\"de_DE\" \/>\n<meta property=\"og:type\" content=\"article\" \/>\n<meta property=\"og:title\" content=\"Wochenbericht - 02.09. - 08.09.2024 - Feuerwehr Halberstadt\" \/>\n<meta property=\"og:description\" content=\"02.09.2024 &#8211; 12:12 UhrB2 \u2013 Mittelbrand \u2013 Klusstra\u00dfe &#8211; Einsatz 102\/2024Alarmierte Kr\u00e4fte: Einsatzleitdienst, Hauptberufliche Wachbereitschaft, ELW Gruppe, FF Halberstadt, AS\u00dc FF Langenstein, Rettungsdienst, PolizeiKurzinfo: Vor Ort brannte ein Geb\u00fcsch. Noch vor dem Ausr\u00fccken der Ortsfeuerwehr wurde durch die Kr\u00e4fte der Wachbereitschaft &#8222;Kr\u00e4fte und Mittel ausreichend&#8220; gemeldet. 03.09.2024 &#8211; 10:51 UhrBMA \u2013 FSZ Sealand \u2013 Gebr\u00fcder-Rehse-Stra\u00dfe [&hellip;]\" \/>\n<meta property=\"og:url\" content=\"https:\/\/www.feuerwehr-halberstadt.de\/?p=15448\" \/>\n<meta property=\"og:site_name\" content=\"Feuerwehr Halberstadt\" \/>\n<meta property=\"article:publisher\" content=\"https:\/\/www.facebook.com\/FeuerwehrHalberstadt\/\" \/>\n<meta property=\"article:published_time\" content=\"2024-09-09T13:39:18+00:00\" \/>\n<meta property=\"og:image\" content=\"https:\/\/www.feuerwehr-halberstadt.de\/wp-content\/uploads\/2024\/03\/4_20240310_165751_0001.jpg\" \/>\n\t<meta property=\"og:image:width\" content=\"1920\" \/>\n\t<meta property=\"og:image:height\" content=\"1080\" \/>\n\t<meta property=\"og:image:type\" content=\"image\/jpeg\" \/>\n<meta name=\"author\" content=\"K\u00fchne, Ren\u00e9\" \/>\n<meta name=\"twitter:card\" content=\"summary_large_image\" \/>\n<meta name=\"twitter:label1\" content=\"Verfasst von\" \/>\n\t<meta name=\"twitter:data1\" content=\"K\u00fchne, Ren\u00e9\" \/>\n\t<meta name=\"twitter:label2\" content=\"Gesch\u00e4tzte Lesezeit\" \/>\n\t<meta name=\"twitter:data2\" content=\"1\u00a0Minute\" \/>\n<script type=\"application\/ld+json\" class=\"yoast-schema-graph\">{\"@context\":\"https:\\\/\\\/schema.org\",\"@graph\":[{\"@type\":\"Article\",\"@id\":\"https:\\\/\\\/www.feuerwehr-halberstadt.de\\\/?p=15448#article\",\"isPartOf\":{\"@id\":\"https:\\\/\\\/www.feuerwehr-halberstadt.de\\\/?p=15448\"},\"author\":{\"name\":\"K\u00fchne, Ren\u00e9\",\"@id\":\"https:\\\/\\\/www.feuerwehr-halberstadt.de\\\/#\\\/schema\\\/person\\\/3025e717504caccf9120c148aa5dafc9\"},\"headline\":\"Wochenbericht &#8211; 02.09. &#8211; 08.09.2024\",\"datePublished\":\"2024-09-09T13:39:18+00:00\",\"mainEntityOfPage\":{\"@id\":\"https:\\\/\\\/www.feuerwehr-halberstadt.de\\\/?p=15448\"},\"wordCount\":268,\"publisher\":{\"@id\":\"https:\\\/\\\/www.feuerwehr-halberstadt.de\\\/#organization\"},\"image\":{\"@id\":\"https:\\\/\\\/www.feuerwehr-halberstadt.de\\\/?p=15448#primaryimage\"},\"thumbnailUrl\":\"https:\\\/\\\/www.feuerwehr-halberstadt.de\\\/wp-content\\\/uploads\\\/2024\\\/03\\\/4_20240310_165751_0001.jpg\",\"inLanguage\":\"de\"},{\"@type\":\"WebPage\",\"@id\":\"https:\\\/\\\/www.feuerwehr-halberstadt.de\\\/?p=15448\",\"url\":\"https:\\\/\\\/www.feuerwehr-halberstadt.de\\\/?p=15448\",\"name\":\"Wochenbericht - 02.09. - 08.09.2024 - Feuerwehr Halberstadt\",\"isPartOf\":{\"@id\":\"https:\\\/\\\/www.feuerwehr-halberstadt.de\\\/#website\"},\"primaryImageOfPage\":{\"@id\":\"https:\\\/\\\/www.feuerwehr-halberstadt.de\\\/?p=15448#primaryimage\"},\"image\":{\"@id\":\"https:\\\/\\\/www.feuerwehr-halberstadt.de\\\/?p=15448#primaryimage\"},\"thumbnailUrl\":\"https:\\\/\\\/www.feuerwehr-halberstadt.de\\\/wp-content\\\/uploads\\\/2024\\\/03\\\/4_20240310_165751_0001.jpg\",\"datePublished\":\"2024-09-09T13:39:18+00:00\",\"breadcrumb\":{\"@id\":\"https:\\\/\\\/www.feuerwehr-halberstadt.de\\\/?p=15448#breadcrumb\"},\"inLanguage\":\"de\",\"potentialAction\":[{\"@type\":\"ReadAction\",\"target\":[\"https:\\\/\\\/www.feuerwehr-halberstadt.de\\\/?p=15448\"]}]},{\"@type\":\"ImageObject\",\"inLanguage\":\"de\",\"@id\":\"https:\\\/\\\/www.feuerwehr-halberstadt.de\\\/?p=15448#primaryimage\",\"url\":\"https:\\\/\\\/www.feuerwehr-halberstadt.de\\\/wp-content\\\/uploads\\\/2024\\\/03\\\/4_20240310_165751_0001.jpg\",\"contentUrl\":\"https:\\\/\\\/www.feuerwehr-halberstadt.de\\\/wp-content\\\/uploads\\\/2024\\\/03\\\/4_20240310_165751_0001.jpg\",\"width\":1920,\"height\":1080},{\"@type\":\"BreadcrumbList\",\"@id\":\"https:\\\/\\\/www.feuerwehr-halberstadt.de\\\/?p=15448#breadcrumb\",\"itemListElement\":[{\"@type\":\"ListItem\",\"position\":1,\"name\":\"Startseite\",\"item\":\"https:\\\/\\\/www.feuerwehr-halberstadt.de\\\/\"},{\"@type\":\"ListItem\",\"position\":2,\"name\":\"Wochenbericht &#8211; 02.09. &#8211; 08.09.2024\"}]},{\"@type\":\"WebSite\",\"@id\":\"https:\\\/\\\/www.feuerwehr-halberstadt.de\\\/#website\",\"url\":\"https:\\\/\\\/www.feuerwehr-halberstadt.de\\\/\",\"name\":\"Feuerwehr Halberstadt\",\"description\":\"#imEinsatzf\u00fcrHalberstadt\",\"publisher\":{\"@id\":\"https:\\\/\\\/www.feuerwehr-halberstadt.de\\\/#organization\"},\"potentialAction\":[{\"@type\":\"SearchAction\",\"target\":{\"@type\":\"EntryPoint\",\"urlTemplate\":\"https:\\\/\\\/www.feuerwehr-halberstadt.de\\\/?s={search_term_string}\"},\"query-input\":{\"@type\":\"PropertyValueSpecification\",\"valueRequired\":true,\"valueName\":\"search_term_string\"}}],\"inLanguage\":\"de\"},{\"@type\":\"Organization\",\"@id\":\"https:\\\/\\\/www.feuerwehr-halberstadt.de\\\/#organization\",\"name\":\"Feuerwehr Halberstadt\",\"url\":\"https:\\\/\\\/www.feuerwehr-halberstadt.de\\\/\",\"logo\":{\"@type\":\"ImageObject\",\"inLanguage\":\"de\",\"@id\":\"https:\\\/\\\/www.feuerwehr-halberstadt.de\\\/#\\\/schema\\\/logo\\\/image\\\/\",\"url\":\"https:\\\/\\\/www.feuerwehr-halberstadt.de\\\/wp-content\\\/uploads\\\/2023\\\/10\\\/IMG_0126.png\",\"contentUrl\":\"https:\\\/\\\/www.feuerwehr-halberstadt.de\\\/wp-content\\\/uploads\\\/2023\\\/10\\\/IMG_0126.png\",\"width\":1500,\"height\":399,\"caption\":\"Feuerwehr Halberstadt\"},\"image\":{\"@id\":\"https:\\\/\\\/www.feuerwehr-halberstadt.de\\\/#\\\/schema\\\/logo\\\/image\\\/\"},\"sameAs\":[\"https:\\\/\\\/www.facebook.com\\\/FeuerwehrHalberstadt\\\/\"]},{\"@type\":\"Person\",\"@id\":\"https:\\\/\\\/www.feuerwehr-halberstadt.de\\\/#\\\/schema\\\/person\\\/3025e717504caccf9120c148aa5dafc9\",\"name\":\"K\u00fchne, Ren\u00e9\",\"image\":{\"@type\":\"ImageObject\",\"inLanguage\":\"de\",\"@id\":\"https:\\\/\\\/secure.gravatar.com\\\/avatar\\\/55eea2ec92cf331c72f122107a136da45b190ce89b28770aafc2f0a0788d2fd4?s=96&d=mm&r=g\",\"url\":\"https:\\\/\\\/secure.gravatar.com\\\/avatar\\\/55eea2ec92cf331c72f122107a136da45b190ce89b28770aafc2f0a0788d2fd4?s=96&d=mm&r=g\",\"contentUrl\":\"https:\\\/\\\/secure.gravatar.com\\\/avatar\\\/55eea2ec92cf331c72f122107a136da45b190ce89b28770aafc2f0a0788d2fd4?s=96&d=mm&r=g\",\"caption\":\"K\u00fchne, Ren\u00e9\"},\"url\":\"https:\\\/\\\/www.feuerwehr-halberstadt.de\\\/?author=8\"}]}<\/script>\n<!-- \/ Yoast SEO plugin. -->","yoast_head_json":{"title":"Wochenbericht - 02.09. - 08.09.2024 - Feuerwehr Halberstadt","robots":{"index":"index","follow":"follow","max-snippet":"max-snippet:-1","max-image-preview":"max-image-preview:large","max-video-preview":"max-video-preview:-1"},"canonical":"https:\/\/www.feuerwehr-halberstadt.de\/?p=15448","og_locale":"de_DE","og_type":"article","og_title":"Wochenbericht - 02.09. - 08.09.2024 - Feuerwehr Halberstadt","og_description":"02.09.2024 &#8211; 12:12 UhrB2 \u2013 Mittelbrand \u2013 Klusstra\u00dfe &#8211; Einsatz 102\/2024Alarmierte Kr\u00e4fte: Einsatzleitdienst, Hauptberufliche Wachbereitschaft, ELW Gruppe, FF Halberstadt, AS\u00dc FF Langenstein, Rettungsdienst, PolizeiKurzinfo: Vor Ort brannte ein Geb\u00fcsch. Noch vor dem Ausr\u00fccken der Ortsfeuerwehr wurde durch die Kr\u00e4fte der Wachbereitschaft &#8222;Kr\u00e4fte und Mittel ausreichend&#8220; gemeldet. 03.09.2024 &#8211; 10:51 UhrBMA \u2013 FSZ Sealand \u2013 Gebr\u00fcder-Rehse-Stra\u00dfe [&hellip;]","og_url":"https:\/\/www.feuerwehr-halberstadt.de\/?p=15448","og_site_name":"Feuerwehr Halberstadt","article_publisher":"https:\/\/www.facebook.com\/FeuerwehrHalberstadt\/","article_published_time":"2024-09-09T13:39:18+00:00","og_image":[{"width":1920,"height":1080,"url":"https:\/\/www.feuerwehr-halberstadt.de\/wp-content\/uploads\/2024\/03\/4_20240310_165751_0001.jpg","type":"image\/jpeg"}],"author":"K\u00fchne, Ren\u00e9","twitter_card":"summary_large_image","twitter_misc":{"Verfasst von":"K\u00fchne, Ren\u00e9","Gesch\u00e4tzte Lesezeit":"1\u00a0Minute"},"schema":{"@context":"https:\/\/schema.org","@graph":[{"@type":"Article","@id":"https:\/\/www.feuerwehr-halberstadt.de\/?p=15448#article","isPartOf":{"@id":"https:\/\/www.feuerwehr-halberstadt.de\/?p=15448"},"author":{"name":"K\u00fchne, Ren\u00e9","@id":"https:\/\/www.feuerwehr-halberstadt.de\/#\/schema\/person\/3025e717504caccf9120c148aa5dafc9"},"headline":"Wochenbericht &#8211; 02.09. &#8211; 08.09.2024","datePublished":"2024-09-09T13:39:18+00:00","mainEntityOfPage":{"@id":"https:\/\/www.feuerwehr-halberstadt.de\/?p=15448"},"wordCount":268,"publisher":{"@id":"https:\/\/www.feuerwehr-halberstadt.de\/#organization"},"image":{"@id":"https:\/\/www.feuerwehr-halberstadt.de\/?p=15448#primaryimage"},"thumbnailUrl":"https:\/\/www.feuerwehr-halberstadt.de\/wp-content\/uploads\/2024\/03\/4_20240310_165751_0001.jpg","inLanguage":"de"},{"@type":"WebPage","@id":"https:\/\/www.feuerwehr-halberstadt.de\/?p=15448","url":"https:\/\/www.feuerwehr-halberstadt.de\/?p=15448","name":"Wochenbericht - 02.09. - 08.09.2024 - Feuerwehr Halberstadt","isPartOf":{"@id":"https:\/\/www.feuerwehr-halberstadt.de\/#website"},"primaryImageOfPage":{"@id":"https:\/\/www.feuerwehr-halberstadt.de\/?p=15448#primaryimage"},"image":{"@id":"https:\/\/www.feuerwehr-halberstadt.de\/?p=15448#primaryimage"},"thumbnailUrl":"https:\/\/www.feuerwehr-halberstadt.de\/wp-content\/uploads\/2024\/03\/4_20240310_165751_0001.jpg","datePublished":"2024-09-09T13:39:18+00:00","breadcrumb":{"@id":"https:\/\/www.feuerwehr-halberstadt.de\/?p=15448#breadcrumb"},"inLanguage":"de","potentialAction":[{"@type":"ReadAction","target":["https:\/\/www.feuerwehr-halberstadt.de\/?p=15448"]}]},{"@type":"ImageObject","inLanguage":"de","@id":"https:\/\/www.feuerwehr-halberstadt.de\/?p=15448#primaryimage","url":"https:\/\/www.feuerwehr-halberstadt.de\/wp-content\/uploads\/2024\/03\/4_20240310_165751_0001.jpg","contentUrl":"https:\/\/www.feuerwehr-halberstadt.de\/wp-content\/uploads\/2024\/03\/4_20240310_165751_0001.jpg","width":1920,"height":1080},{"@type":"BreadcrumbList","@id":"https:\/\/www.feuerwehr-halberstadt.de\/?p=15448#breadcrumb","itemListElement":[{"@type":"ListItem","position":1,"name":"Startseite","item":"https:\/\/www.feuerwehr-halberstadt.de\/"},{"@type":"ListItem","position":2,"name":"Wochenbericht &#8211; 02.09. &#8211; 08.09.2024"}]},{"@type":"WebSite","@id":"https:\/\/www.feuerwehr-halberstadt.de\/#website","url":"https:\/\/www.feuerwehr-halberstadt.de\/","name":"Feuerwehr Halberstadt","description":"#imEinsatzf\u00fcrHalberstadt","publisher":{"@id":"https:\/\/www.feuerwehr-halberstadt.de\/#organization"},"potentialAction":[{"@type":"SearchAction","target":{"@type":"EntryPoint","urlTemplate":"https:\/\/www.feuerwehr-halberstadt.de\/?s={search_term_string}"},"query-input":{"@type":"PropertyValueSpecification","valueRequired":true,"valueName":"search_term_string"}}],"inLanguage":"de"},{"@type":"Organization","@id":"https:\/\/www.feuerwehr-halberstadt.de\/#organization","name":"Feuerwehr Halberstadt","url":"https:\/\/www.feuerwehr-halberstadt.de\/","logo":{"@type":"ImageObject","inLanguage":"de","@id":"https:\/\/www.feuerwehr-halberstadt.de\/#\/schema\/logo\/image\/","url":"https:\/\/www.feuerwehr-halberstadt.de\/wp-content\/uploads\/2023\/10\/IMG_0126.png","contentUrl":"https:\/\/www.feuerwehr-halberstadt.de\/wp-content\/uploads\/2023\/10\/IMG_0126.png","width":1500,"height":399,"caption":"Feuerwehr Halberstadt"},"image":{"@id":"https:\/\/www.feuerwehr-halberstadt.de\/#\/schema\/logo\/image\/"},"sameAs":["https:\/\/www.facebook.com\/FeuerwehrHalberstadt\/"]},{"@type":"Person","@id":"https:\/\/www.feuerwehr-halberstadt.de\/#\/schema\/person\/3025e717504caccf9120c148aa5dafc9","name":"K\u00fchne, Ren\u00e9","image":{"@type":"ImageObject","inLanguage":"de","@id":"https:\/\/secure.gravatar.com\/avatar\/55eea2ec92cf331c72f122107a136da45b190ce89b28770aafc2f0a0788d2fd4?s=96&d=mm&r=g","url":"https:\/\/secure.gravatar.com\/avatar\/55eea2ec92cf331c72f122107a136da45b190ce89b28770aafc2f0a0788d2fd4?s=96&d=mm&r=g","contentUrl":"https:\/\/secure.gravatar.com\/avatar\/55eea2ec92cf331c72f122107a136da45b190ce89b28770aafc2f0a0788d2fd4?s=96&d=mm&r=g","caption":"K\u00fchne, Ren\u00e9"},"url":"https:\/\/www.feuerwehr-halberstadt.de\/?author=8"}]}},"_links":{"self":[{"href":"https:\/\/www.feuerwehr-halberstadt.de\/index.php?rest_route=\/wp\/v2\/posts\/15448","targetHints":{"allow":["GET"]}}],"collection":[{"href":"https:\/\/www.feuerwehr-halberstadt.de\/index.php?rest_route=\/wp\/v2\/posts"}],"about":[{"href":"https:\/\/www.feuerwehr-halberstadt.de\/index.php?rest_route=\/wp\/v2\/types\/post"}],"author":[{"embeddable":true,"href":"https:\/\/www.feuerwehr-halberstadt.de\/index.php?rest_route=\/wp\/v2\/users\/8"}],"replies":[{"embeddable":true,"href":"https:\/\/www.feuerwehr-halberstadt.de\/index.php?rest_route=%2Fwp%2Fv2%2Fcomments&post=15448"}],"version-history":[{"count":6,"href":"https:\/\/www.feuerwehr-halberstadt.de\/index.php?rest_route=\/wp\/v2\/posts\/15448\/revisions"}],"predecessor-version":[{"id":15473,"href":"https:\/\/www.feuerwehr-halberstadt.de\/index.php?rest_route=\/wp\/v2\/posts\/15448\/revisions\/15473"}],"wp:featuredmedia":[{"embeddable":true,"href":"https:\/\/www.feuerwehr-halberstadt.de\/index.php?rest_route=\/wp\/v2\/media\/14808"}],"wp:attachment":[{"href":"https:\/\/www.feuerwehr-halberstadt.de\/index.php?rest_route=%2Fwp%2Fv2%2Fmedia&parent=15448"}],"wp:term":[{"taxonomy":"category","embeddable":true,"href":"https:\/\/www.feuerwehr-halberstadt.de\/index.php?rest_route=%2Fwp%2Fv2%2Fcategories&post=15448"},{"taxonomy":"post_tag","embeddable":true,"href":"https:\/\/www.feuerwehr-halberstadt.de\/index.php?rest_route=%2Fwp%2Fv2%2Ftags&post=15448"}],"curies":[{"name":"wp","href":"https:\/\/api.w.org\/{rel}","templated":true}]}}