{"id":15434,"date":"2024-09-02T12:35:33","date_gmt":"2024-09-02T10:35:33","guid":{"rendered":"https:\/\/www.feuerwehr-halberstadt.de\/?p=15434"},"modified":"2024-09-02T12:35:34","modified_gmt":"2024-09-02T10:35:34","slug":"wochenbericht-26-08-01-09-2024","status":"publish","type":"post","link":"https:\/\/www.feuerwehr-halberstadt.de\/?p=15434","title":{"rendered":"Wochenbericht &#8211; 26.08. &#8211; 01.09.2024"},"content":{"rendered":"\n<p><strong>26.08.2024 <\/strong>&#8211; 21:43 Uhr<br><strong><em>VUeP \u2013 <\/em>eingeklemmte Person <em>\u2013<\/em> Huystra\u00dfe &#8211; Athenstedt <\/strong>&#8211; Einsatz 96\/2024<br><em>Alarmierte Kr\u00e4fte: Einsatzleitdienst, Hauptberufliche Wachbereitschaft, FF Halberstadt, FF Athenstedt, Rettungsdienst, Polizei<\/em><br><strong>Kurzinfo:<\/strong> Vor Ort war ein PKW auf ein stehendes Fahrzeug aufgefahren. Die Kr\u00e4fte der Wachbereitschaft und der Ortswehr Athenstedt nahmen auslaufende Betriebsstoffe auf und sicherten die Einsatzstelle ab. F\u00fcr die Kr\u00e4fte der Ortsfeuerwehr Halberstadt bestand vor Ort kein Handlungsbedarf, somit \u00fcbernahmen wir f\u00fcr die Dauer des Einsatzes die Stadtabsicherung.<\/p>\n\n\n\n<p><strong>28.08.2024 <\/strong>&#8211; 12:24 Uhr<br><strong><em>BMA \u2013 <\/em>Theater <em>\u2013 <\/em>Spiegelstra\u00dfe <\/strong>&#8211; Einsatz 97\/2024<br><em>Alarmierte Kr\u00e4fte: Einsatzleitdienst, Hauptberufliche Wachbereitschaft, FF Halberstadt, AS\u00dc FF Langenstein<\/em><br><strong>Kurzinfo:<\/strong> Die Brandmeldeanlage l\u00f6ste ohne erkennbaren Grund aus. Der Einsatz konnte wenig sp\u00e4ter beendet werden.<\/p>\n\n\n\n<p><strong>28.08.2024 <\/strong>&#8211; 20:15 Uhr<br><strong><em>B1 \u2013 <\/em>unklare Rauchentwicklung  <em>\u2013 <\/em>M\u00fchlenweg <\/strong>&#8211; Einsatz 98\/2024<br><em>Alarmierte Kr\u00e4fte: Einsatzleitdienst, Hauptberufliche Wachbereitschaft, FF Halberstadt<\/em><br><strong>Kurzinfo: <\/strong>Vor Ort brannte das Feuer einer Obdachlosen. Das Feuer wurde mittels L\u00f6schrucksack abgel\u00f6scht.<\/p>\n\n\n\n<p><strong>29.08.2024 <\/strong>&#8211; 19:51 Uhr<br><strong><em>B2 \u2013 <\/em>unklare Rauchentwicklung Dom  <em>\u2013 <\/em>Domplatz <\/strong>&#8211; Einsatz 99\/2024<br><em>Alarmierte Kr\u00e4fte: Einsatzleitdienst, Hauptberufliche Wachbereitschaft, ELW Gruppe, FF Halberstadt<\/em>, <em>FF Athenstedt, FF Aspenstedt, FF Str\u00f6beck, FF Sargstedt, FF Klein Quenstedt, FF Emersleben, FF Langenstein, stv. Kreisbrandmeister, Rettungsdienst, Polizei<\/em><br><strong>Einsatzbericht<\/strong>: <a href=\"https:\/\/www.feuerwehr-halberstadt.de\/?einsaetze=b2-unklare-rauchentwicklung-dom-domplatz\">https:\/\/www.feuerwehr-halberstadt.de\/?einsaetze=b2-unklare-rauchentwicklung-dom-domplatz<\/a><\/p>\n\n\n\n<p><strong>30.08.2024 <\/strong>&#8211; 15:00 Uhr<br><strong><strong><em>Wachbesetzung <\/em>\u2013 GH Am Breiten Tor \u2013 Halberstad<em>t<\/em><\/strong> <\/strong>&#8211; Einsatz 100\/2024<br><em>Alarmierte Kr\u00e4fte:<\/em> <em>FF Halberstadt<\/em><br><strong>Kurzinfo:<\/strong> Einige Kr\u00e4fte der Wachbereitschaft waren mit dem ABC-Erkunder in Thale im Einsatz. Um die Einsatzbereitschaft in der Kernstadt sicherzustellen, unterst\u00fctzten sechs Kameraden aus der Ortswehr die Wachbereitschaft f\u00fcr die Dauer des Einsatzes in Thale.<\/p>\n\n\n\n<p><strong>30.08.2024 <\/strong>&#8211; 17:41 Uhr<br><strong><strong><em>P No <\/em>\u2013 Person eingeschlossen in Wohnung \u2013 Heinrich-Julius-Stra\u00dfe<\/strong> <\/strong>&#8211; Einsatz 101\/2024<br><em>Alarmierte Kr\u00e4fte:<\/em> <em>Hauptberufliche Wachbereitschaft<\/em><br><strong>Kurzinfo:<\/strong> Die Kr\u00e4fte der Wachbesetzung wurden zu einer eingeschlossenen Person in einer Wohnung alarmiert. Vor Ort konnte jedoch keine Person in der Wohnung angetroffen werden.<\/p>\n","protected":false},"excerpt":{"rendered":"<p>26.08.2024 &#8211; 21:43 UhrVUeP \u2013 eingeklemmte Person \u2013 Huystra\u00dfe &#8211; Athenstedt &#8211; Einsatz 96\/2024Alarmierte Kr\u00e4fte: Einsatzleitdienst, Hauptberufliche Wachbereitschaft, FF Halberstadt, FF Athenstedt, Rettungsdienst, PolizeiKurzinfo: Vor Ort war ein PKW auf ein stehendes Fahrzeug aufgefahren. Die Kr\u00e4fte der Wachbereitschaft und der Ortswehr Athenstedt nahmen auslaufende Betriebsstoffe auf und sicherten die Einsatzstelle ab. F\u00fcr die Kr\u00e4fte der [&hellip;]<\/p>\n","protected":false},"author":8,"featured_media":14819,"comment_status":"closed","ping_status":"closed","sticky":false,"template":"","format":"standard","meta":{"_acf_changed":false,"footnotes":""},"categories":[9],"tags":[],"class_list":["post-15434","post","type-post","status-publish","format-standard","has-post-thumbnail","hentry","category-allgemein"],"acf":[],"yoast_head":"<!-- This site is optimized with the Yoast SEO plugin v27.4 - https:\/\/yoast.com\/product\/yoast-seo-wordpress\/ -->\n<title>Wochenbericht - 26.08. - 01.09.2024 - Feuerwehr Halberstadt<\/title>\n<meta name=\"robots\" content=\"index, follow, max-snippet:-1, max-image-preview:large, max-video-preview:-1\" \/>\n<link rel=\"canonical\" href=\"https:\/\/www.feuerwehr-halberstadt.de\/?p=15434\" \/>\n<meta property=\"og:locale\" content=\"de_DE\" \/>\n<meta property=\"og:type\" content=\"article\" \/>\n<meta property=\"og:title\" content=\"Wochenbericht - 26.08. - 01.09.2024 - Feuerwehr Halberstadt\" \/>\n<meta property=\"og:description\" content=\"26.08.2024 &#8211; 21:43 UhrVUeP \u2013 eingeklemmte Person \u2013 Huystra\u00dfe &#8211; Athenstedt &#8211; Einsatz 96\/2024Alarmierte Kr\u00e4fte: Einsatzleitdienst, Hauptberufliche Wachbereitschaft, FF Halberstadt, FF Athenstedt, Rettungsdienst, PolizeiKurzinfo: Vor Ort war ein PKW auf ein stehendes Fahrzeug aufgefahren. Die Kr\u00e4fte der Wachbereitschaft und der Ortswehr Athenstedt nahmen auslaufende Betriebsstoffe auf und sicherten die Einsatzstelle ab. F\u00fcr die Kr\u00e4fte der [&hellip;]\" \/>\n<meta property=\"og:url\" content=\"https:\/\/www.feuerwehr-halberstadt.de\/?p=15434\" \/>\n<meta property=\"og:site_name\" content=\"Feuerwehr Halberstadt\" \/>\n<meta property=\"article:publisher\" content=\"https:\/\/www.facebook.com\/FeuerwehrHalberstadt\/\" \/>\n<meta property=\"article:published_time\" content=\"2024-09-02T10:35:33+00:00\" \/>\n<meta property=\"article:modified_time\" content=\"2024-09-02T10:35:34+00:00\" \/>\n<meta property=\"og:image\" content=\"https:\/\/www.feuerwehr-halberstadt.de\/wp-content\/uploads\/2024\/03\/15_20240310_165751_0012.jpg\" \/>\n\t<meta property=\"og:image:width\" content=\"1920\" \/>\n\t<meta property=\"og:image:height\" content=\"1080\" \/>\n\t<meta property=\"og:image:type\" content=\"image\/jpeg\" \/>\n<meta name=\"author\" content=\"K\u00fchne, Ren\u00e9\" \/>\n<meta name=\"twitter:card\" content=\"summary_large_image\" \/>\n<meta name=\"twitter:label1\" content=\"Verfasst von\" \/>\n\t<meta name=\"twitter:data1\" content=\"K\u00fchne, Ren\u00e9\" \/>\n\t<meta name=\"twitter:label2\" content=\"Gesch\u00e4tzte Lesezeit\" \/>\n\t<meta name=\"twitter:data2\" content=\"1\u00a0Minute\" \/>\n<script type=\"application\/ld+json\" class=\"yoast-schema-graph\">{\"@context\":\"https:\\\/\\\/schema.org\",\"@graph\":[{\"@type\":\"Article\",\"@id\":\"https:\\\/\\\/www.feuerwehr-halberstadt.de\\\/?p=15434#article\",\"isPartOf\":{\"@id\":\"https:\\\/\\\/www.feuerwehr-halberstadt.de\\\/?p=15434\"},\"author\":{\"name\":\"K\u00fchne, Ren\u00e9\",\"@id\":\"https:\\\/\\\/www.feuerwehr-halberstadt.de\\\/#\\\/schema\\\/person\\\/3025e717504caccf9120c148aa5dafc9\"},\"headline\":\"Wochenbericht &#8211; 26.08. &#8211; 01.09.2024\",\"datePublished\":\"2024-09-02T10:35:33+00:00\",\"dateModified\":\"2024-09-02T10:35:34+00:00\",\"mainEntityOfPage\":{\"@id\":\"https:\\\/\\\/www.feuerwehr-halberstadt.de\\\/?p=15434\"},\"wordCount\":291,\"publisher\":{\"@id\":\"https:\\\/\\\/www.feuerwehr-halberstadt.de\\\/#organization\"},\"image\":{\"@id\":\"https:\\\/\\\/www.feuerwehr-halberstadt.de\\\/?p=15434#primaryimage\"},\"thumbnailUrl\":\"https:\\\/\\\/www.feuerwehr-halberstadt.de\\\/wp-content\\\/uploads\\\/2024\\\/03\\\/15_20240310_165751_0012.jpg\",\"inLanguage\":\"de\"},{\"@type\":\"WebPage\",\"@id\":\"https:\\\/\\\/www.feuerwehr-halberstadt.de\\\/?p=15434\",\"url\":\"https:\\\/\\\/www.feuerwehr-halberstadt.de\\\/?p=15434\",\"name\":\"Wochenbericht - 26.08. - 01.09.2024 - Feuerwehr Halberstadt\",\"isPartOf\":{\"@id\":\"https:\\\/\\\/www.feuerwehr-halberstadt.de\\\/#website\"},\"primaryImageOfPage\":{\"@id\":\"https:\\\/\\\/www.feuerwehr-halberstadt.de\\\/?p=15434#primaryimage\"},\"image\":{\"@id\":\"https:\\\/\\\/www.feuerwehr-halberstadt.de\\\/?p=15434#primaryimage\"},\"thumbnailUrl\":\"https:\\\/\\\/www.feuerwehr-halberstadt.de\\\/wp-content\\\/uploads\\\/2024\\\/03\\\/15_20240310_165751_0012.jpg\",\"datePublished\":\"2024-09-02T10:35:33+00:00\",\"dateModified\":\"2024-09-02T10:35:34+00:00\",\"breadcrumb\":{\"@id\":\"https:\\\/\\\/www.feuerwehr-halberstadt.de\\\/?p=15434#breadcrumb\"},\"inLanguage\":\"de\",\"potentialAction\":[{\"@type\":\"ReadAction\",\"target\":[\"https:\\\/\\\/www.feuerwehr-halberstadt.de\\\/?p=15434\"]}]},{\"@type\":\"ImageObject\",\"inLanguage\":\"de\",\"@id\":\"https:\\\/\\\/www.feuerwehr-halberstadt.de\\\/?p=15434#primaryimage\",\"url\":\"https:\\\/\\\/www.feuerwehr-halberstadt.de\\\/wp-content\\\/uploads\\\/2024\\\/03\\\/15_20240310_165751_0012.jpg\",\"contentUrl\":\"https:\\\/\\\/www.feuerwehr-halberstadt.de\\\/wp-content\\\/uploads\\\/2024\\\/03\\\/15_20240310_165751_0012.jpg\",\"width\":1920,\"height\":1080},{\"@type\":\"BreadcrumbList\",\"@id\":\"https:\\\/\\\/www.feuerwehr-halberstadt.de\\\/?p=15434#breadcrumb\",\"itemListElement\":[{\"@type\":\"ListItem\",\"position\":1,\"name\":\"Startseite\",\"item\":\"https:\\\/\\\/www.feuerwehr-halberstadt.de\\\/\"},{\"@type\":\"ListItem\",\"position\":2,\"name\":\"Wochenbericht &#8211; 26.08. &#8211; 01.09.2024\"}]},{\"@type\":\"WebSite\",\"@id\":\"https:\\\/\\\/www.feuerwehr-halberstadt.de\\\/#website\",\"url\":\"https:\\\/\\\/www.feuerwehr-halberstadt.de\\\/\",\"name\":\"Feuerwehr Halberstadt\",\"description\":\"#imEinsatzf\u00fcrHalberstadt\",\"publisher\":{\"@id\":\"https:\\\/\\\/www.feuerwehr-halberstadt.de\\\/#organization\"},\"potentialAction\":[{\"@type\":\"SearchAction\",\"target\":{\"@type\":\"EntryPoint\",\"urlTemplate\":\"https:\\\/\\\/www.feuerwehr-halberstadt.de\\\/?s={search_term_string}\"},\"query-input\":{\"@type\":\"PropertyValueSpecification\",\"valueRequired\":true,\"valueName\":\"search_term_string\"}}],\"inLanguage\":\"de\"},{\"@type\":\"Organization\",\"@id\":\"https:\\\/\\\/www.feuerwehr-halberstadt.de\\\/#organization\",\"name\":\"Feuerwehr Halberstadt\",\"url\":\"https:\\\/\\\/www.feuerwehr-halberstadt.de\\\/\",\"logo\":{\"@type\":\"ImageObject\",\"inLanguage\":\"de\",\"@id\":\"https:\\\/\\\/www.feuerwehr-halberstadt.de\\\/#\\\/schema\\\/logo\\\/image\\\/\",\"url\":\"https:\\\/\\\/www.feuerwehr-halberstadt.de\\\/wp-content\\\/uploads\\\/2023\\\/10\\\/IMG_0126.png\",\"contentUrl\":\"https:\\\/\\\/www.feuerwehr-halberstadt.de\\\/wp-content\\\/uploads\\\/2023\\\/10\\\/IMG_0126.png\",\"width\":1500,\"height\":399,\"caption\":\"Feuerwehr Halberstadt\"},\"image\":{\"@id\":\"https:\\\/\\\/www.feuerwehr-halberstadt.de\\\/#\\\/schema\\\/logo\\\/image\\\/\"},\"sameAs\":[\"https:\\\/\\\/www.facebook.com\\\/FeuerwehrHalberstadt\\\/\"]},{\"@type\":\"Person\",\"@id\":\"https:\\\/\\\/www.feuerwehr-halberstadt.de\\\/#\\\/schema\\\/person\\\/3025e717504caccf9120c148aa5dafc9\",\"name\":\"K\u00fchne, Ren\u00e9\",\"image\":{\"@type\":\"ImageObject\",\"inLanguage\":\"de\",\"@id\":\"https:\\\/\\\/secure.gravatar.com\\\/avatar\\\/55eea2ec92cf331c72f122107a136da45b190ce89b28770aafc2f0a0788d2fd4?s=96&d=mm&r=g\",\"url\":\"https:\\\/\\\/secure.gravatar.com\\\/avatar\\\/55eea2ec92cf331c72f122107a136da45b190ce89b28770aafc2f0a0788d2fd4?s=96&d=mm&r=g\",\"contentUrl\":\"https:\\\/\\\/secure.gravatar.com\\\/avatar\\\/55eea2ec92cf331c72f122107a136da45b190ce89b28770aafc2f0a0788d2fd4?s=96&d=mm&r=g\",\"caption\":\"K\u00fchne, Ren\u00e9\"},\"url\":\"https:\\\/\\\/www.feuerwehr-halberstadt.de\\\/?author=8\"}]}<\/script>\n<!-- \/ Yoast SEO plugin. -->","yoast_head_json":{"title":"Wochenbericht - 26.08. - 01.09.2024 - Feuerwehr Halberstadt","robots":{"index":"index","follow":"follow","max-snippet":"max-snippet:-1","max-image-preview":"max-image-preview:large","max-video-preview":"max-video-preview:-1"},"canonical":"https:\/\/www.feuerwehr-halberstadt.de\/?p=15434","og_locale":"de_DE","og_type":"article","og_title":"Wochenbericht - 26.08. - 01.09.2024 - Feuerwehr Halberstadt","og_description":"26.08.2024 &#8211; 21:43 UhrVUeP \u2013 eingeklemmte Person \u2013 Huystra\u00dfe &#8211; Athenstedt &#8211; Einsatz 96\/2024Alarmierte Kr\u00e4fte: Einsatzleitdienst, Hauptberufliche Wachbereitschaft, FF Halberstadt, FF Athenstedt, Rettungsdienst, PolizeiKurzinfo: Vor Ort war ein PKW auf ein stehendes Fahrzeug aufgefahren. Die Kr\u00e4fte der Wachbereitschaft und der Ortswehr Athenstedt nahmen auslaufende Betriebsstoffe auf und sicherten die Einsatzstelle ab. F\u00fcr die Kr\u00e4fte der [&hellip;]","og_url":"https:\/\/www.feuerwehr-halberstadt.de\/?p=15434","og_site_name":"Feuerwehr Halberstadt","article_publisher":"https:\/\/www.facebook.com\/FeuerwehrHalberstadt\/","article_published_time":"2024-09-02T10:35:33+00:00","article_modified_time":"2024-09-02T10:35:34+00:00","og_image":[{"width":1920,"height":1080,"url":"https:\/\/www.feuerwehr-halberstadt.de\/wp-content\/uploads\/2024\/03\/15_20240310_165751_0012.jpg","type":"image\/jpeg"}],"author":"K\u00fchne, Ren\u00e9","twitter_card":"summary_large_image","twitter_misc":{"Verfasst von":"K\u00fchne, Ren\u00e9","Gesch\u00e4tzte Lesezeit":"1\u00a0Minute"},"schema":{"@context":"https:\/\/schema.org","@graph":[{"@type":"Article","@id":"https:\/\/www.feuerwehr-halberstadt.de\/?p=15434#article","isPartOf":{"@id":"https:\/\/www.feuerwehr-halberstadt.de\/?p=15434"},"author":{"name":"K\u00fchne, Ren\u00e9","@id":"https:\/\/www.feuerwehr-halberstadt.de\/#\/schema\/person\/3025e717504caccf9120c148aa5dafc9"},"headline":"Wochenbericht &#8211; 26.08. &#8211; 01.09.2024","datePublished":"2024-09-02T10:35:33+00:00","dateModified":"2024-09-02T10:35:34+00:00","mainEntityOfPage":{"@id":"https:\/\/www.feuerwehr-halberstadt.de\/?p=15434"},"wordCount":291,"publisher":{"@id":"https:\/\/www.feuerwehr-halberstadt.de\/#organization"},"image":{"@id":"https:\/\/www.feuerwehr-halberstadt.de\/?p=15434#primaryimage"},"thumbnailUrl":"https:\/\/www.feuerwehr-halberstadt.de\/wp-content\/uploads\/2024\/03\/15_20240310_165751_0012.jpg","inLanguage":"de"},{"@type":"WebPage","@id":"https:\/\/www.feuerwehr-halberstadt.de\/?p=15434","url":"https:\/\/www.feuerwehr-halberstadt.de\/?p=15434","name":"Wochenbericht - 26.08. - 01.09.2024 - Feuerwehr Halberstadt","isPartOf":{"@id":"https:\/\/www.feuerwehr-halberstadt.de\/#website"},"primaryImageOfPage":{"@id":"https:\/\/www.feuerwehr-halberstadt.de\/?p=15434#primaryimage"},"image":{"@id":"https:\/\/www.feuerwehr-halberstadt.de\/?p=15434#primaryimage"},"thumbnailUrl":"https:\/\/www.feuerwehr-halberstadt.de\/wp-content\/uploads\/2024\/03\/15_20240310_165751_0012.jpg","datePublished":"2024-09-02T10:35:33+00:00","dateModified":"2024-09-02T10:35:34+00:00","breadcrumb":{"@id":"https:\/\/www.feuerwehr-halberstadt.de\/?p=15434#breadcrumb"},"inLanguage":"de","potentialAction":[{"@type":"ReadAction","target":["https:\/\/www.feuerwehr-halberstadt.de\/?p=15434"]}]},{"@type":"ImageObject","inLanguage":"de","@id":"https:\/\/www.feuerwehr-halberstadt.de\/?p=15434#primaryimage","url":"https:\/\/www.feuerwehr-halberstadt.de\/wp-content\/uploads\/2024\/03\/15_20240310_165751_0012.jpg","contentUrl":"https:\/\/www.feuerwehr-halberstadt.de\/wp-content\/uploads\/2024\/03\/15_20240310_165751_0012.jpg","width":1920,"height":1080},{"@type":"BreadcrumbList","@id":"https:\/\/www.feuerwehr-halberstadt.de\/?p=15434#breadcrumb","itemListElement":[{"@type":"ListItem","position":1,"name":"Startseite","item":"https:\/\/www.feuerwehr-halberstadt.de\/"},{"@type":"ListItem","position":2,"name":"Wochenbericht &#8211; 26.08. &#8211; 01.09.2024"}]},{"@type":"WebSite","@id":"https:\/\/www.feuerwehr-halberstadt.de\/#website","url":"https:\/\/www.feuerwehr-halberstadt.de\/","name":"Feuerwehr Halberstadt","description":"#imEinsatzf\u00fcrHalberstadt","publisher":{"@id":"https:\/\/www.feuerwehr-halberstadt.de\/#organization"},"potentialAction":[{"@type":"SearchAction","target":{"@type":"EntryPoint","urlTemplate":"https:\/\/www.feuerwehr-halberstadt.de\/?s={search_term_string}"},"query-input":{"@type":"PropertyValueSpecification","valueRequired":true,"valueName":"search_term_string"}}],"inLanguage":"de"},{"@type":"Organization","@id":"https:\/\/www.feuerwehr-halberstadt.de\/#organization","name":"Feuerwehr Halberstadt","url":"https:\/\/www.feuerwehr-halberstadt.de\/","logo":{"@type":"ImageObject","inLanguage":"de","@id":"https:\/\/www.feuerwehr-halberstadt.de\/#\/schema\/logo\/image\/","url":"https:\/\/www.feuerwehr-halberstadt.de\/wp-content\/uploads\/2023\/10\/IMG_0126.png","contentUrl":"https:\/\/www.feuerwehr-halberstadt.de\/wp-content\/uploads\/2023\/10\/IMG_0126.png","width":1500,"height":399,"caption":"Feuerwehr Halberstadt"},"image":{"@id":"https:\/\/www.feuerwehr-halberstadt.de\/#\/schema\/logo\/image\/"},"sameAs":["https:\/\/www.facebook.com\/FeuerwehrHalberstadt\/"]},{"@type":"Person","@id":"https:\/\/www.feuerwehr-halberstadt.de\/#\/schema\/person\/3025e717504caccf9120c148aa5dafc9","name":"K\u00fchne, Ren\u00e9","image":{"@type":"ImageObject","inLanguage":"de","@id":"https:\/\/secure.gravatar.com\/avatar\/55eea2ec92cf331c72f122107a136da45b190ce89b28770aafc2f0a0788d2fd4?s=96&d=mm&r=g","url":"https:\/\/secure.gravatar.com\/avatar\/55eea2ec92cf331c72f122107a136da45b190ce89b28770aafc2f0a0788d2fd4?s=96&d=mm&r=g","contentUrl":"https:\/\/secure.gravatar.com\/avatar\/55eea2ec92cf331c72f122107a136da45b190ce89b28770aafc2f0a0788d2fd4?s=96&d=mm&r=g","caption":"K\u00fchne, Ren\u00e9"},"url":"https:\/\/www.feuerwehr-halberstadt.de\/?author=8"}]}},"_links":{"self":[{"href":"https:\/\/www.feuerwehr-halberstadt.de\/index.php?rest_route=\/wp\/v2\/posts\/15434","targetHints":{"allow":["GET"]}}],"collection":[{"href":"https:\/\/www.feuerwehr-halberstadt.de\/index.php?rest_route=\/wp\/v2\/posts"}],"about":[{"href":"https:\/\/www.feuerwehr-halberstadt.de\/index.php?rest_route=\/wp\/v2\/types\/post"}],"author":[{"embeddable":true,"href":"https:\/\/www.feuerwehr-halberstadt.de\/index.php?rest_route=\/wp\/v2\/users\/8"}],"replies":[{"embeddable":true,"href":"https:\/\/www.feuerwehr-halberstadt.de\/index.php?rest_route=%2Fwp%2Fv2%2Fcomments&post=15434"}],"version-history":[{"count":4,"href":"https:\/\/www.feuerwehr-halberstadt.de\/index.php?rest_route=\/wp\/v2\/posts\/15434\/revisions"}],"predecessor-version":[{"id":15446,"href":"https:\/\/www.feuerwehr-halberstadt.de\/index.php?rest_route=\/wp\/v2\/posts\/15434\/revisions\/15446"}],"wp:featuredmedia":[{"embeddable":true,"href":"https:\/\/www.feuerwehr-halberstadt.de\/index.php?rest_route=\/wp\/v2\/media\/14819"}],"wp:attachment":[{"href":"https:\/\/www.feuerwehr-halberstadt.de\/index.php?rest_route=%2Fwp%2Fv2%2Fmedia&parent=15434"}],"wp:term":[{"taxonomy":"category","embeddable":true,"href":"https:\/\/www.feuerwehr-halberstadt.de\/index.php?rest_route=%2Fwp%2Fv2%2Fcategories&post=15434"},{"taxonomy":"post_tag","embeddable":true,"href":"https:\/\/www.feuerwehr-halberstadt.de\/index.php?rest_route=%2Fwp%2Fv2%2Ftags&post=15434"}],"curies":[{"name":"wp","href":"https:\/\/api.w.org\/{rel}","templated":true}]}}