{"id":15396,"date":"2024-08-01T21:40:59","date_gmt":"2024-08-01T19:40:59","guid":{"rendered":"https:\/\/www.feuerwehr-halberstadt.de\/?p=15396"},"modified":"2024-08-01T21:41:11","modified_gmt":"2024-08-01T19:41:11","slug":"sargstedter-ortswehrleiter-erneut-wieder-gewaehlt","status":"publish","type":"post","link":"https:\/\/www.feuerwehr-halberstadt.de\/?p=15396","title":{"rendered":"Sargstedter Ortswehrleiter erneut wieder gew\u00e4hlt"},"content":{"rendered":"\n<p>Am Donnerstag dem 01.08.2024 musste in der Ortsfeuerwehr Sargstedt die Funktion des Ortswehrleiters neu gew\u00e4hlt werden, da die zweij\u00e4hrige kommissarische Wahlperiode des Ortwehrleiters endete. Jonas Pannier stellte sich als einziger Kandidat erneut zur Wahl auf.<\/p>\n\n\n\n<p>Au\u00dferdem \u00fcbergab Stadtwehrleiter Martin Schulz dem Kameraden Marcus Wegener auf Grund seiner Funktion als stv. Ortswehrleiter, die Berufungsurkunde in das Ehrenbeamtenverh\u00e4ltnis der Stadt Halberstadt.<\/p>\n\n\n\n<p>abgegebene Stimmen: 12<br>Ja: 12<br>Nein: 0<br>Enthaltungen: 0<\/p>\n\n\n\n<p>Stadtwehrleiter Martin Schulz bedankte sich f\u00fcr die bisherige Arbeit und freut sich auf eine weiterhin gute Zusammenarbeit.<\/p>\n","protected":false},"excerpt":{"rendered":"<p>Am Donnerstag dem 01.08.2024 musste in der Ortsfeuerwehr Sargstedt die Funktion des Ortswehrleiters neu gew\u00e4hlt werden, da die zweij\u00e4hrige kommissarische Wahlperiode des Ortwehrleiters endete. Jonas Pannier stellte sich als einziger Kandidat erneut zur Wahl auf. Au\u00dferdem \u00fcbergab Stadtwehrleiter Martin Schulz dem Kameraden Marcus Wegener auf Grund seiner Funktion als stv. Ortswehrleiter, die Berufungsurkunde in das [&hellip;]<\/p>\n","protected":false},"author":8,"featured_media":15395,"comment_status":"closed","ping_status":"closed","sticky":false,"template":"","format":"standard","meta":{"_acf_changed":false,"footnotes":""},"categories":[9],"tags":[],"class_list":["post-15396","post","type-post","status-publish","format-standard","has-post-thumbnail","hentry","category-allgemein"],"acf":[],"yoast_head":"<!-- This site is optimized with the Yoast SEO plugin v27.4 - https:\/\/yoast.com\/product\/yoast-seo-wordpress\/ -->\n<title>Sargstedter Ortswehrleiter erneut wieder gew\u00e4hlt - Feuerwehr Halberstadt<\/title>\n<meta name=\"robots\" content=\"index, follow, max-snippet:-1, max-image-preview:large, max-video-preview:-1\" \/>\n<link rel=\"canonical\" href=\"https:\/\/www.feuerwehr-halberstadt.de\/?p=15396\" \/>\n<meta property=\"og:locale\" content=\"de_DE\" \/>\n<meta property=\"og:type\" content=\"article\" \/>\n<meta property=\"og:title\" content=\"Sargstedter Ortswehrleiter erneut wieder gew\u00e4hlt - Feuerwehr Halberstadt\" \/>\n<meta property=\"og:description\" content=\"Am Donnerstag dem 01.08.2024 musste in der Ortsfeuerwehr Sargstedt die Funktion des Ortswehrleiters neu gew\u00e4hlt werden, da die zweij\u00e4hrige kommissarische Wahlperiode des Ortwehrleiters endete. Jonas Pannier stellte sich als einziger Kandidat erneut zur Wahl auf. Au\u00dferdem \u00fcbergab Stadtwehrleiter Martin Schulz dem Kameraden Marcus Wegener auf Grund seiner Funktion als stv. Ortswehrleiter, die Berufungsurkunde in das [&hellip;]\" \/>\n<meta property=\"og:url\" content=\"https:\/\/www.feuerwehr-halberstadt.de\/?p=15396\" \/>\n<meta property=\"og:site_name\" content=\"Feuerwehr Halberstadt\" \/>\n<meta property=\"article:publisher\" content=\"https:\/\/www.facebook.com\/FeuerwehrHalberstadt\/\" \/>\n<meta property=\"article:published_time\" content=\"2024-08-01T19:40:59+00:00\" \/>\n<meta property=\"article:modified_time\" content=\"2024-08-01T19:41:11+00:00\" \/>\n<meta property=\"og:image\" content=\"https:\/\/www.feuerwehr-halberstadt.de\/wp-content\/uploads\/2024\/08\/DSC04869010824-scaled.jpg\" \/>\n\t<meta property=\"og:image:width\" content=\"2560\" \/>\n\t<meta property=\"og:image:height\" content=\"1707\" \/>\n\t<meta property=\"og:image:type\" content=\"image\/jpeg\" \/>\n<meta name=\"author\" content=\"K\u00fchne, Ren\u00e9\" \/>\n<meta name=\"twitter:card\" content=\"summary_large_image\" \/>\n<meta name=\"twitter:label1\" content=\"Verfasst von\" \/>\n\t<meta name=\"twitter:data1\" content=\"K\u00fchne, Ren\u00e9\" \/>\n<script type=\"application\/ld+json\" class=\"yoast-schema-graph\">{\"@context\":\"https:\\\/\\\/schema.org\",\"@graph\":[{\"@type\":\"Article\",\"@id\":\"https:\\\/\\\/www.feuerwehr-halberstadt.de\\\/?p=15396#article\",\"isPartOf\":{\"@id\":\"https:\\\/\\\/www.feuerwehr-halberstadt.de\\\/?p=15396\"},\"author\":{\"name\":\"K\u00fchne, Ren\u00e9\",\"@id\":\"https:\\\/\\\/www.feuerwehr-halberstadt.de\\\/#\\\/schema\\\/person\\\/3025e717504caccf9120c148aa5dafc9\"},\"headline\":\"Sargstedter Ortswehrleiter erneut wieder gew\u00e4hlt\",\"datePublished\":\"2024-08-01T19:40:59+00:00\",\"dateModified\":\"2024-08-01T19:41:11+00:00\",\"mainEntityOfPage\":{\"@id\":\"https:\\\/\\\/www.feuerwehr-halberstadt.de\\\/?p=15396\"},\"wordCount\":91,\"publisher\":{\"@id\":\"https:\\\/\\\/www.feuerwehr-halberstadt.de\\\/#organization\"},\"image\":{\"@id\":\"https:\\\/\\\/www.feuerwehr-halberstadt.de\\\/?p=15396#primaryimage\"},\"thumbnailUrl\":\"https:\\\/\\\/www.feuerwehr-halberstadt.de\\\/wp-content\\\/uploads\\\/2024\\\/08\\\/DSC04869010824-scaled.jpg\",\"inLanguage\":\"de\"},{\"@type\":\"WebPage\",\"@id\":\"https:\\\/\\\/www.feuerwehr-halberstadt.de\\\/?p=15396\",\"url\":\"https:\\\/\\\/www.feuerwehr-halberstadt.de\\\/?p=15396\",\"name\":\"Sargstedter Ortswehrleiter erneut wieder gew\u00e4hlt - Feuerwehr Halberstadt\",\"isPartOf\":{\"@id\":\"https:\\\/\\\/www.feuerwehr-halberstadt.de\\\/#website\"},\"primaryImageOfPage\":{\"@id\":\"https:\\\/\\\/www.feuerwehr-halberstadt.de\\\/?p=15396#primaryimage\"},\"image\":{\"@id\":\"https:\\\/\\\/www.feuerwehr-halberstadt.de\\\/?p=15396#primaryimage\"},\"thumbnailUrl\":\"https:\\\/\\\/www.feuerwehr-halberstadt.de\\\/wp-content\\\/uploads\\\/2024\\\/08\\\/DSC04869010824-scaled.jpg\",\"datePublished\":\"2024-08-01T19:40:59+00:00\",\"dateModified\":\"2024-08-01T19:41:11+00:00\",\"breadcrumb\":{\"@id\":\"https:\\\/\\\/www.feuerwehr-halberstadt.de\\\/?p=15396#breadcrumb\"},\"inLanguage\":\"de\",\"potentialAction\":[{\"@type\":\"ReadAction\",\"target\":[\"https:\\\/\\\/www.feuerwehr-halberstadt.de\\\/?p=15396\"]}]},{\"@type\":\"ImageObject\",\"inLanguage\":\"de\",\"@id\":\"https:\\\/\\\/www.feuerwehr-halberstadt.de\\\/?p=15396#primaryimage\",\"url\":\"https:\\\/\\\/www.feuerwehr-halberstadt.de\\\/wp-content\\\/uploads\\\/2024\\\/08\\\/DSC04869010824-scaled.jpg\",\"contentUrl\":\"https:\\\/\\\/www.feuerwehr-halberstadt.de\\\/wp-content\\\/uploads\\\/2024\\\/08\\\/DSC04869010824-scaled.jpg\",\"width\":2560,\"height\":1707},{\"@type\":\"BreadcrumbList\",\"@id\":\"https:\\\/\\\/www.feuerwehr-halberstadt.de\\\/?p=15396#breadcrumb\",\"itemListElement\":[{\"@type\":\"ListItem\",\"position\":1,\"name\":\"Startseite\",\"item\":\"https:\\\/\\\/www.feuerwehr-halberstadt.de\\\/\"},{\"@type\":\"ListItem\",\"position\":2,\"name\":\"Sargstedter Ortswehrleiter erneut wieder gew\u00e4hlt\"}]},{\"@type\":\"WebSite\",\"@id\":\"https:\\\/\\\/www.feuerwehr-halberstadt.de\\\/#website\",\"url\":\"https:\\\/\\\/www.feuerwehr-halberstadt.de\\\/\",\"name\":\"Feuerwehr Halberstadt\",\"description\":\"#imEinsatzf\u00fcrHalberstadt\",\"publisher\":{\"@id\":\"https:\\\/\\\/www.feuerwehr-halberstadt.de\\\/#organization\"},\"potentialAction\":[{\"@type\":\"SearchAction\",\"target\":{\"@type\":\"EntryPoint\",\"urlTemplate\":\"https:\\\/\\\/www.feuerwehr-halberstadt.de\\\/?s={search_term_string}\"},\"query-input\":{\"@type\":\"PropertyValueSpecification\",\"valueRequired\":true,\"valueName\":\"search_term_string\"}}],\"inLanguage\":\"de\"},{\"@type\":\"Organization\",\"@id\":\"https:\\\/\\\/www.feuerwehr-halberstadt.de\\\/#organization\",\"name\":\"Feuerwehr Halberstadt\",\"url\":\"https:\\\/\\\/www.feuerwehr-halberstadt.de\\\/\",\"logo\":{\"@type\":\"ImageObject\",\"inLanguage\":\"de\",\"@id\":\"https:\\\/\\\/www.feuerwehr-halberstadt.de\\\/#\\\/schema\\\/logo\\\/image\\\/\",\"url\":\"https:\\\/\\\/www.feuerwehr-halberstadt.de\\\/wp-content\\\/uploads\\\/2023\\\/10\\\/IMG_0126.png\",\"contentUrl\":\"https:\\\/\\\/www.feuerwehr-halberstadt.de\\\/wp-content\\\/uploads\\\/2023\\\/10\\\/IMG_0126.png\",\"width\":1500,\"height\":399,\"caption\":\"Feuerwehr Halberstadt\"},\"image\":{\"@id\":\"https:\\\/\\\/www.feuerwehr-halberstadt.de\\\/#\\\/schema\\\/logo\\\/image\\\/\"},\"sameAs\":[\"https:\\\/\\\/www.facebook.com\\\/FeuerwehrHalberstadt\\\/\"]},{\"@type\":\"Person\",\"@id\":\"https:\\\/\\\/www.feuerwehr-halberstadt.de\\\/#\\\/schema\\\/person\\\/3025e717504caccf9120c148aa5dafc9\",\"name\":\"K\u00fchne, Ren\u00e9\",\"image\":{\"@type\":\"ImageObject\",\"inLanguage\":\"de\",\"@id\":\"https:\\\/\\\/secure.gravatar.com\\\/avatar\\\/55eea2ec92cf331c72f122107a136da45b190ce89b28770aafc2f0a0788d2fd4?s=96&d=mm&r=g\",\"url\":\"https:\\\/\\\/secure.gravatar.com\\\/avatar\\\/55eea2ec92cf331c72f122107a136da45b190ce89b28770aafc2f0a0788d2fd4?s=96&d=mm&r=g\",\"contentUrl\":\"https:\\\/\\\/secure.gravatar.com\\\/avatar\\\/55eea2ec92cf331c72f122107a136da45b190ce89b28770aafc2f0a0788d2fd4?s=96&d=mm&r=g\",\"caption\":\"K\u00fchne, Ren\u00e9\"},\"url\":\"https:\\\/\\\/www.feuerwehr-halberstadt.de\\\/?author=8\"}]}<\/script>\n<!-- \/ Yoast SEO plugin. -->","yoast_head_json":{"title":"Sargstedter Ortswehrleiter erneut wieder gew\u00e4hlt - Feuerwehr Halberstadt","robots":{"index":"index","follow":"follow","max-snippet":"max-snippet:-1","max-image-preview":"max-image-preview:large","max-video-preview":"max-video-preview:-1"},"canonical":"https:\/\/www.feuerwehr-halberstadt.de\/?p=15396","og_locale":"de_DE","og_type":"article","og_title":"Sargstedter Ortswehrleiter erneut wieder gew\u00e4hlt - Feuerwehr Halberstadt","og_description":"Am Donnerstag dem 01.08.2024 musste in der Ortsfeuerwehr Sargstedt die Funktion des Ortswehrleiters neu gew\u00e4hlt werden, da die zweij\u00e4hrige kommissarische Wahlperiode des Ortwehrleiters endete. Jonas Pannier stellte sich als einziger Kandidat erneut zur Wahl auf. Au\u00dferdem \u00fcbergab Stadtwehrleiter Martin Schulz dem Kameraden Marcus Wegener auf Grund seiner Funktion als stv. Ortswehrleiter, die Berufungsurkunde in das [&hellip;]","og_url":"https:\/\/www.feuerwehr-halberstadt.de\/?p=15396","og_site_name":"Feuerwehr Halberstadt","article_publisher":"https:\/\/www.facebook.com\/FeuerwehrHalberstadt\/","article_published_time":"2024-08-01T19:40:59+00:00","article_modified_time":"2024-08-01T19:41:11+00:00","og_image":[{"width":2560,"height":1707,"url":"https:\/\/www.feuerwehr-halberstadt.de\/wp-content\/uploads\/2024\/08\/DSC04869010824-scaled.jpg","type":"image\/jpeg"}],"author":"K\u00fchne, Ren\u00e9","twitter_card":"summary_large_image","twitter_misc":{"Verfasst von":"K\u00fchne, Ren\u00e9"},"schema":{"@context":"https:\/\/schema.org","@graph":[{"@type":"Article","@id":"https:\/\/www.feuerwehr-halberstadt.de\/?p=15396#article","isPartOf":{"@id":"https:\/\/www.feuerwehr-halberstadt.de\/?p=15396"},"author":{"name":"K\u00fchne, Ren\u00e9","@id":"https:\/\/www.feuerwehr-halberstadt.de\/#\/schema\/person\/3025e717504caccf9120c148aa5dafc9"},"headline":"Sargstedter Ortswehrleiter erneut wieder gew\u00e4hlt","datePublished":"2024-08-01T19:40:59+00:00","dateModified":"2024-08-01T19:41:11+00:00","mainEntityOfPage":{"@id":"https:\/\/www.feuerwehr-halberstadt.de\/?p=15396"},"wordCount":91,"publisher":{"@id":"https:\/\/www.feuerwehr-halberstadt.de\/#organization"},"image":{"@id":"https:\/\/www.feuerwehr-halberstadt.de\/?p=15396#primaryimage"},"thumbnailUrl":"https:\/\/www.feuerwehr-halberstadt.de\/wp-content\/uploads\/2024\/08\/DSC04869010824-scaled.jpg","inLanguage":"de"},{"@type":"WebPage","@id":"https:\/\/www.feuerwehr-halberstadt.de\/?p=15396","url":"https:\/\/www.feuerwehr-halberstadt.de\/?p=15396","name":"Sargstedter Ortswehrleiter erneut wieder gew\u00e4hlt - Feuerwehr Halberstadt","isPartOf":{"@id":"https:\/\/www.feuerwehr-halberstadt.de\/#website"},"primaryImageOfPage":{"@id":"https:\/\/www.feuerwehr-halberstadt.de\/?p=15396#primaryimage"},"image":{"@id":"https:\/\/www.feuerwehr-halberstadt.de\/?p=15396#primaryimage"},"thumbnailUrl":"https:\/\/www.feuerwehr-halberstadt.de\/wp-content\/uploads\/2024\/08\/DSC04869010824-scaled.jpg","datePublished":"2024-08-01T19:40:59+00:00","dateModified":"2024-08-01T19:41:11+00:00","breadcrumb":{"@id":"https:\/\/www.feuerwehr-halberstadt.de\/?p=15396#breadcrumb"},"inLanguage":"de","potentialAction":[{"@type":"ReadAction","target":["https:\/\/www.feuerwehr-halberstadt.de\/?p=15396"]}]},{"@type":"ImageObject","inLanguage":"de","@id":"https:\/\/www.feuerwehr-halberstadt.de\/?p=15396#primaryimage","url":"https:\/\/www.feuerwehr-halberstadt.de\/wp-content\/uploads\/2024\/08\/DSC04869010824-scaled.jpg","contentUrl":"https:\/\/www.feuerwehr-halberstadt.de\/wp-content\/uploads\/2024\/08\/DSC04869010824-scaled.jpg","width":2560,"height":1707},{"@type":"BreadcrumbList","@id":"https:\/\/www.feuerwehr-halberstadt.de\/?p=15396#breadcrumb","itemListElement":[{"@type":"ListItem","position":1,"name":"Startseite","item":"https:\/\/www.feuerwehr-halberstadt.de\/"},{"@type":"ListItem","position":2,"name":"Sargstedter Ortswehrleiter erneut wieder gew\u00e4hlt"}]},{"@type":"WebSite","@id":"https:\/\/www.feuerwehr-halberstadt.de\/#website","url":"https:\/\/www.feuerwehr-halberstadt.de\/","name":"Feuerwehr Halberstadt","description":"#imEinsatzf\u00fcrHalberstadt","publisher":{"@id":"https:\/\/www.feuerwehr-halberstadt.de\/#organization"},"potentialAction":[{"@type":"SearchAction","target":{"@type":"EntryPoint","urlTemplate":"https:\/\/www.feuerwehr-halberstadt.de\/?s={search_term_string}"},"query-input":{"@type":"PropertyValueSpecification","valueRequired":true,"valueName":"search_term_string"}}],"inLanguage":"de"},{"@type":"Organization","@id":"https:\/\/www.feuerwehr-halberstadt.de\/#organization","name":"Feuerwehr Halberstadt","url":"https:\/\/www.feuerwehr-halberstadt.de\/","logo":{"@type":"ImageObject","inLanguage":"de","@id":"https:\/\/www.feuerwehr-halberstadt.de\/#\/schema\/logo\/image\/","url":"https:\/\/www.feuerwehr-halberstadt.de\/wp-content\/uploads\/2023\/10\/IMG_0126.png","contentUrl":"https:\/\/www.feuerwehr-halberstadt.de\/wp-content\/uploads\/2023\/10\/IMG_0126.png","width":1500,"height":399,"caption":"Feuerwehr Halberstadt"},"image":{"@id":"https:\/\/www.feuerwehr-halberstadt.de\/#\/schema\/logo\/image\/"},"sameAs":["https:\/\/www.facebook.com\/FeuerwehrHalberstadt\/"]},{"@type":"Person","@id":"https:\/\/www.feuerwehr-halberstadt.de\/#\/schema\/person\/3025e717504caccf9120c148aa5dafc9","name":"K\u00fchne, Ren\u00e9","image":{"@type":"ImageObject","inLanguage":"de","@id":"https:\/\/secure.gravatar.com\/avatar\/55eea2ec92cf331c72f122107a136da45b190ce89b28770aafc2f0a0788d2fd4?s=96&d=mm&r=g","url":"https:\/\/secure.gravatar.com\/avatar\/55eea2ec92cf331c72f122107a136da45b190ce89b28770aafc2f0a0788d2fd4?s=96&d=mm&r=g","contentUrl":"https:\/\/secure.gravatar.com\/avatar\/55eea2ec92cf331c72f122107a136da45b190ce89b28770aafc2f0a0788d2fd4?s=96&d=mm&r=g","caption":"K\u00fchne, Ren\u00e9"},"url":"https:\/\/www.feuerwehr-halberstadt.de\/?author=8"}]}},"_links":{"self":[{"href":"https:\/\/www.feuerwehr-halberstadt.de\/index.php?rest_route=\/wp\/v2\/posts\/15396","targetHints":{"allow":["GET"]}}],"collection":[{"href":"https:\/\/www.feuerwehr-halberstadt.de\/index.php?rest_route=\/wp\/v2\/posts"}],"about":[{"href":"https:\/\/www.feuerwehr-halberstadt.de\/index.php?rest_route=\/wp\/v2\/types\/post"}],"author":[{"embeddable":true,"href":"https:\/\/www.feuerwehr-halberstadt.de\/index.php?rest_route=\/wp\/v2\/users\/8"}],"replies":[{"embeddable":true,"href":"https:\/\/www.feuerwehr-halberstadt.de\/index.php?rest_route=%2Fwp%2Fv2%2Fcomments&post=15396"}],"version-history":[{"count":3,"href":"https:\/\/www.feuerwehr-halberstadt.de\/index.php?rest_route=\/wp\/v2\/posts\/15396\/revisions"}],"predecessor-version":[{"id":15400,"href":"https:\/\/www.feuerwehr-halberstadt.de\/index.php?rest_route=\/wp\/v2\/posts\/15396\/revisions\/15400"}],"wp:featuredmedia":[{"embeddable":true,"href":"https:\/\/www.feuerwehr-halberstadt.de\/index.php?rest_route=\/wp\/v2\/media\/15395"}],"wp:attachment":[{"href":"https:\/\/www.feuerwehr-halberstadt.de\/index.php?rest_route=%2Fwp%2Fv2%2Fmedia&parent=15396"}],"wp:term":[{"taxonomy":"category","embeddable":true,"href":"https:\/\/www.feuerwehr-halberstadt.de\/index.php?rest_route=%2Fwp%2Fv2%2Fcategories&post=15396"},{"taxonomy":"post_tag","embeddable":true,"href":"https:\/\/www.feuerwehr-halberstadt.de\/index.php?rest_route=%2Fwp%2Fv2%2Ftags&post=15396"}],"curies":[{"name":"wp","href":"https:\/\/api.w.org\/{rel}","templated":true}]}}