{"id":14893,"date":"2024-04-01T08:00:00","date_gmt":"2024-04-01T06:00:00","guid":{"rendered":"https:\/\/www.feuerwehr-halberstadt.de\/?p=14893"},"modified":"2024-04-01T08:19:56","modified_gmt":"2024-04-01T06:19:56","slug":"zusaetzlicher-rettungswagen-in-halberstadt-wird-von-der-feuerwehr-besetzt","status":"publish","type":"post","link":"https:\/\/www.feuerwehr-halberstadt.de\/?p=14893","title":{"rendered":"Halberst\u00e4dter Feuerwehr bekommt Rettungswagen f\u00fcr Notfallrettung"},"content":{"rendered":"\n<p>Der durch steigende Einsatzzahlen \u00fcberlastete Rettungsdienst im Landkreis Harz, welcher aktuell vom Eigenbetrieb Rettungsdienst, ASB, Malteser und DRK betrieben wird, bekommt demn\u00e4chst Unterst\u00fctzung durch einen weiteren Rettungswagen. Wie Ingo Wetzel als Leiter der Feuerwehr Halberstadt mitteilte, stellt die Hauptberufliche Wachbereitschaft einen weiteren Rettungswagen inklusive Personal zur Verf\u00fcgung. Dieser wird zuk\u00fcnftig auf der Feuer- und Umweltwache Halberstadt stationiert, die im Zuge dieser Neuerung in &#8222;Feuer- und Rettungswache Halberstadt&#8220; umbenannt wird. Der Rettungswagen wird bereits ab 1. Mai in den Dienst genommen und steht der Leitstelle Harz von Montag bis Freitag im 24-Stunden-System f\u00fcr Notfalleins\u00e4tze zur Verf\u00fcgung.<\/p>\n\n\n\n<p>Zudem werde aktuell gepr\u00fcft, weitere Stellen f\u00fcr Notfall- und Rettungssanit\u00e4ter zu schaffen. Diese werden zur Besetzung des Fahrzeugs dringend ben\u00f6tigt um Ressourcen bei den feuerwehrtechnischen Beamten zu schonen. Angestellte Rettungsdienstmitarbeiter sollen zuk\u00fcnftig ebenfalls die M\u00f6glichkeit bekommen, ihre feuerwehrtechnische Ausbildung zu erlangen und somit in das Beamtenverh\u00e4ltnis zu wechseln. <\/p>\n\n\n\n<p>Weitere Informationen zum neuen Rettungswagen in Halberstadt gibt es unter: <a href=\"https:\/\/www.feuerwehr-halberstadt.de\/?page_id=14897\">https:\/\/www.feuerwehr-halberstadt.de\/?page_id=14897<\/a><\/p>\n","protected":false},"excerpt":{"rendered":"<p>Der durch steigende Einsatzzahlen \u00fcberlastete Rettungsdienst im Landkreis Harz, welcher aktuell vom Eigenbetrieb Rettungsdienst, ASB, Malteser und DRK betrieben wird, bekommt demn\u00e4chst Unterst\u00fctzung durch einen weiteren Rettungswagen. Wie Ingo Wetzel als Leiter der Feuerwehr Halberstadt mitteilte, stellt die Hauptberufliche Wachbereitschaft einen weiteren Rettungswagen inklusive Personal zur Verf\u00fcgung. Dieser wird zuk\u00fcnftig auf der Feuer- und Umweltwache [&hellip;]<\/p>\n","protected":false},"author":3,"featured_media":14901,"comment_status":"closed","ping_status":"closed","sticky":false,"template":"","format":"standard","meta":{"_acf_changed":false,"footnotes":""},"categories":[32],"tags":[],"class_list":["post-14893","post","type-post","status-publish","format-standard","has-post-thumbnail","hentry","category-eilmeldung"],"acf":[],"yoast_head":"<!-- This site is optimized with the Yoast SEO plugin v27.5 - https:\/\/yoast.com\/product\/yoast-seo-wordpress\/ -->\n<title>Halberst\u00e4dter Feuerwehr bekommt Rettungswagen f\u00fcr Notfallrettung - Feuerwehr Halberstadt<\/title>\n<meta name=\"robots\" content=\"index, follow, max-snippet:-1, max-image-preview:large, max-video-preview:-1\" \/>\n<link rel=\"canonical\" href=\"https:\/\/www.feuerwehr-halberstadt.de\/?p=14893\" \/>\n<meta property=\"og:locale\" content=\"de_DE\" \/>\n<meta property=\"og:type\" content=\"article\" \/>\n<meta property=\"og:title\" content=\"Halberst\u00e4dter Feuerwehr bekommt Rettungswagen f\u00fcr Notfallrettung - Feuerwehr Halberstadt\" \/>\n<meta property=\"og:description\" content=\"Der durch steigende Einsatzzahlen \u00fcberlastete Rettungsdienst im Landkreis Harz, welcher aktuell vom Eigenbetrieb Rettungsdienst, ASB, Malteser und DRK betrieben wird, bekommt demn\u00e4chst Unterst\u00fctzung durch einen weiteren Rettungswagen. Wie Ingo Wetzel als Leiter der Feuerwehr Halberstadt mitteilte, stellt die Hauptberufliche Wachbereitschaft einen weiteren Rettungswagen inklusive Personal zur Verf\u00fcgung. Dieser wird zuk\u00fcnftig auf der Feuer- und Umweltwache [&hellip;]\" \/>\n<meta property=\"og:url\" content=\"https:\/\/www.feuerwehr-halberstadt.de\/?p=14893\" \/>\n<meta property=\"og:site_name\" content=\"Feuerwehr Halberstadt\" \/>\n<meta property=\"article:publisher\" content=\"https:\/\/www.facebook.com\/FeuerwehrHalberstadt\/\" \/>\n<meta property=\"article:published_time\" content=\"2024-04-01T06:00:00+00:00\" \/>\n<meta property=\"article:modified_time\" content=\"2024-04-01T06:19:56+00:00\" \/>\n<meta property=\"og:image\" content=\"https:\/\/www.feuerwehr-halberstadt.de\/wp-content\/uploads\/2024\/03\/Halberstaedter-Feuerwehr-bekommt-Rettungswagen-zur-Notfallversorgung-in-der-Kreisstadt-1.png\" \/>\n\t<meta property=\"og:image:width\" content=\"851\" \/>\n\t<meta property=\"og:image:height\" content=\"315\" \/>\n\t<meta property=\"og:image:type\" content=\"image\/png\" \/>\n<meta name=\"author\" content=\"Buchold, Chris\" \/>\n<meta name=\"twitter:card\" content=\"summary_large_image\" \/>\n<meta name=\"twitter:label1\" content=\"Verfasst von\" \/>\n\t<meta name=\"twitter:data1\" content=\"Buchold, Chris\" \/>\n<script type=\"application\/ld+json\" class=\"yoast-schema-graph\">{\"@context\":\"https:\\\/\\\/schema.org\",\"@graph\":[{\"@type\":\"Article\",\"@id\":\"https:\\\/\\\/www.feuerwehr-halberstadt.de\\\/?p=14893#article\",\"isPartOf\":{\"@id\":\"https:\\\/\\\/www.feuerwehr-halberstadt.de\\\/?p=14893\"},\"author\":{\"name\":\"Buchold, Chris\",\"@id\":\"https:\\\/\\\/www.feuerwehr-halberstadt.de\\\/#\\\/schema\\\/person\\\/55ce5d9b46008e58cd3d55d4116ec727\"},\"headline\":\"Halberst\u00e4dter Feuerwehr bekommt Rettungswagen f\u00fcr Notfallrettung\",\"datePublished\":\"2024-04-01T06:00:00+00:00\",\"dateModified\":\"2024-04-01T06:19:56+00:00\",\"mainEntityOfPage\":{\"@id\":\"https:\\\/\\\/www.feuerwehr-halberstadt.de\\\/?p=14893\"},\"wordCount\":180,\"publisher\":{\"@id\":\"https:\\\/\\\/www.feuerwehr-halberstadt.de\\\/#organization\"},\"image\":{\"@id\":\"https:\\\/\\\/www.feuerwehr-halberstadt.de\\\/?p=14893#primaryimage\"},\"thumbnailUrl\":\"https:\\\/\\\/www.feuerwehr-halberstadt.de\\\/wp-content\\\/uploads\\\/2024\\\/03\\\/Halberstaedter-Feuerwehr-bekommt-Rettungswagen-zur-Notfallversorgung-in-der-Kreisstadt-1.png\",\"articleSection\":[\"Eilmeldung\"],\"inLanguage\":\"de\"},{\"@type\":\"WebPage\",\"@id\":\"https:\\\/\\\/www.feuerwehr-halberstadt.de\\\/?p=14893\",\"url\":\"https:\\\/\\\/www.feuerwehr-halberstadt.de\\\/?p=14893\",\"name\":\"Halberst\u00e4dter Feuerwehr bekommt Rettungswagen f\u00fcr Notfallrettung - Feuerwehr Halberstadt\",\"isPartOf\":{\"@id\":\"https:\\\/\\\/www.feuerwehr-halberstadt.de\\\/#website\"},\"primaryImageOfPage\":{\"@id\":\"https:\\\/\\\/www.feuerwehr-halberstadt.de\\\/?p=14893#primaryimage\"},\"image\":{\"@id\":\"https:\\\/\\\/www.feuerwehr-halberstadt.de\\\/?p=14893#primaryimage\"},\"thumbnailUrl\":\"https:\\\/\\\/www.feuerwehr-halberstadt.de\\\/wp-content\\\/uploads\\\/2024\\\/03\\\/Halberstaedter-Feuerwehr-bekommt-Rettungswagen-zur-Notfallversorgung-in-der-Kreisstadt-1.png\",\"datePublished\":\"2024-04-01T06:00:00+00:00\",\"dateModified\":\"2024-04-01T06:19:56+00:00\",\"breadcrumb\":{\"@id\":\"https:\\\/\\\/www.feuerwehr-halberstadt.de\\\/?p=14893#breadcrumb\"},\"inLanguage\":\"de\",\"potentialAction\":[{\"@type\":\"ReadAction\",\"target\":[\"https:\\\/\\\/www.feuerwehr-halberstadt.de\\\/?p=14893\"]}]},{\"@type\":\"ImageObject\",\"inLanguage\":\"de\",\"@id\":\"https:\\\/\\\/www.feuerwehr-halberstadt.de\\\/?p=14893#primaryimage\",\"url\":\"https:\\\/\\\/www.feuerwehr-halberstadt.de\\\/wp-content\\\/uploads\\\/2024\\\/03\\\/Halberstaedter-Feuerwehr-bekommt-Rettungswagen-zur-Notfallversorgung-in-der-Kreisstadt-1.png\",\"contentUrl\":\"https:\\\/\\\/www.feuerwehr-halberstadt.de\\\/wp-content\\\/uploads\\\/2024\\\/03\\\/Halberstaedter-Feuerwehr-bekommt-Rettungswagen-zur-Notfallversorgung-in-der-Kreisstadt-1.png\",\"width\":851,\"height\":315},{\"@type\":\"BreadcrumbList\",\"@id\":\"https:\\\/\\\/www.feuerwehr-halberstadt.de\\\/?p=14893#breadcrumb\",\"itemListElement\":[{\"@type\":\"ListItem\",\"position\":1,\"name\":\"Startseite\",\"item\":\"https:\\\/\\\/www.feuerwehr-halberstadt.de\\\/\"},{\"@type\":\"ListItem\",\"position\":2,\"name\":\"Halberst\u00e4dter Feuerwehr bekommt Rettungswagen f\u00fcr Notfallrettung\"}]},{\"@type\":\"WebSite\",\"@id\":\"https:\\\/\\\/www.feuerwehr-halberstadt.de\\\/#website\",\"url\":\"https:\\\/\\\/www.feuerwehr-halberstadt.de\\\/\",\"name\":\"Feuerwehr Halberstadt\",\"description\":\"#imEinsatzf\u00fcrHalberstadt\",\"publisher\":{\"@id\":\"https:\\\/\\\/www.feuerwehr-halberstadt.de\\\/#organization\"},\"potentialAction\":[{\"@type\":\"SearchAction\",\"target\":{\"@type\":\"EntryPoint\",\"urlTemplate\":\"https:\\\/\\\/www.feuerwehr-halberstadt.de\\\/?s={search_term_string}\"},\"query-input\":{\"@type\":\"PropertyValueSpecification\",\"valueRequired\":true,\"valueName\":\"search_term_string\"}}],\"inLanguage\":\"de\"},{\"@type\":\"Organization\",\"@id\":\"https:\\\/\\\/www.feuerwehr-halberstadt.de\\\/#organization\",\"name\":\"Feuerwehr Halberstadt\",\"url\":\"https:\\\/\\\/www.feuerwehr-halberstadt.de\\\/\",\"logo\":{\"@type\":\"ImageObject\",\"inLanguage\":\"de\",\"@id\":\"https:\\\/\\\/www.feuerwehr-halberstadt.de\\\/#\\\/schema\\\/logo\\\/image\\\/\",\"url\":\"https:\\\/\\\/www.feuerwehr-halberstadt.de\\\/wp-content\\\/uploads\\\/2023\\\/10\\\/IMG_0126.png\",\"contentUrl\":\"https:\\\/\\\/www.feuerwehr-halberstadt.de\\\/wp-content\\\/uploads\\\/2023\\\/10\\\/IMG_0126.png\",\"width\":1500,\"height\":399,\"caption\":\"Feuerwehr Halberstadt\"},\"image\":{\"@id\":\"https:\\\/\\\/www.feuerwehr-halberstadt.de\\\/#\\\/schema\\\/logo\\\/image\\\/\"},\"sameAs\":[\"https:\\\/\\\/www.facebook.com\\\/FeuerwehrHalberstadt\\\/\"]},{\"@type\":\"Person\",\"@id\":\"https:\\\/\\\/www.feuerwehr-halberstadt.de\\\/#\\\/schema\\\/person\\\/55ce5d9b46008e58cd3d55d4116ec727\",\"name\":\"Buchold, Chris\",\"image\":{\"@type\":\"ImageObject\",\"inLanguage\":\"de\",\"@id\":\"https:\\\/\\\/secure.gravatar.com\\\/avatar\\\/bff08a084f0390bf8a93fc28c488452766ba521109cec244ac64210fdd500a49?s=96&d=mm&r=g\",\"url\":\"https:\\\/\\\/secure.gravatar.com\\\/avatar\\\/bff08a084f0390bf8a93fc28c488452766ba521109cec244ac64210fdd500a49?s=96&d=mm&r=g\",\"contentUrl\":\"https:\\\/\\\/secure.gravatar.com\\\/avatar\\\/bff08a084f0390bf8a93fc28c488452766ba521109cec244ac64210fdd500a49?s=96&d=mm&r=g\",\"caption\":\"Buchold, Chris\"},\"url\":\"https:\\\/\\\/www.feuerwehr-halberstadt.de\\\/?author=3\"}]}<\/script>\n<!-- \/ Yoast SEO plugin. -->","yoast_head_json":{"title":"Halberst\u00e4dter Feuerwehr bekommt Rettungswagen f\u00fcr Notfallrettung - Feuerwehr Halberstadt","robots":{"index":"index","follow":"follow","max-snippet":"max-snippet:-1","max-image-preview":"max-image-preview:large","max-video-preview":"max-video-preview:-1"},"canonical":"https:\/\/www.feuerwehr-halberstadt.de\/?p=14893","og_locale":"de_DE","og_type":"article","og_title":"Halberst\u00e4dter Feuerwehr bekommt Rettungswagen f\u00fcr Notfallrettung - Feuerwehr Halberstadt","og_description":"Der durch steigende Einsatzzahlen \u00fcberlastete Rettungsdienst im Landkreis Harz, welcher aktuell vom Eigenbetrieb Rettungsdienst, ASB, Malteser und DRK betrieben wird, bekommt demn\u00e4chst Unterst\u00fctzung durch einen weiteren Rettungswagen. Wie Ingo Wetzel als Leiter der Feuerwehr Halberstadt mitteilte, stellt die Hauptberufliche Wachbereitschaft einen weiteren Rettungswagen inklusive Personal zur Verf\u00fcgung. Dieser wird zuk\u00fcnftig auf der Feuer- und Umweltwache [&hellip;]","og_url":"https:\/\/www.feuerwehr-halberstadt.de\/?p=14893","og_site_name":"Feuerwehr Halberstadt","article_publisher":"https:\/\/www.facebook.com\/FeuerwehrHalberstadt\/","article_published_time":"2024-04-01T06:00:00+00:00","article_modified_time":"2024-04-01T06:19:56+00:00","og_image":[{"width":851,"height":315,"url":"https:\/\/www.feuerwehr-halberstadt.de\/wp-content\/uploads\/2024\/03\/Halberstaedter-Feuerwehr-bekommt-Rettungswagen-zur-Notfallversorgung-in-der-Kreisstadt-1.png","type":"image\/png"}],"author":"Buchold, Chris","twitter_card":"summary_large_image","twitter_misc":{"Verfasst von":"Buchold, Chris"},"schema":{"@context":"https:\/\/schema.org","@graph":[{"@type":"Article","@id":"https:\/\/www.feuerwehr-halberstadt.de\/?p=14893#article","isPartOf":{"@id":"https:\/\/www.feuerwehr-halberstadt.de\/?p=14893"},"author":{"name":"Buchold, Chris","@id":"https:\/\/www.feuerwehr-halberstadt.de\/#\/schema\/person\/55ce5d9b46008e58cd3d55d4116ec727"},"headline":"Halberst\u00e4dter Feuerwehr bekommt Rettungswagen f\u00fcr Notfallrettung","datePublished":"2024-04-01T06:00:00+00:00","dateModified":"2024-04-01T06:19:56+00:00","mainEntityOfPage":{"@id":"https:\/\/www.feuerwehr-halberstadt.de\/?p=14893"},"wordCount":180,"publisher":{"@id":"https:\/\/www.feuerwehr-halberstadt.de\/#organization"},"image":{"@id":"https:\/\/www.feuerwehr-halberstadt.de\/?p=14893#primaryimage"},"thumbnailUrl":"https:\/\/www.feuerwehr-halberstadt.de\/wp-content\/uploads\/2024\/03\/Halberstaedter-Feuerwehr-bekommt-Rettungswagen-zur-Notfallversorgung-in-der-Kreisstadt-1.png","articleSection":["Eilmeldung"],"inLanguage":"de"},{"@type":"WebPage","@id":"https:\/\/www.feuerwehr-halberstadt.de\/?p=14893","url":"https:\/\/www.feuerwehr-halberstadt.de\/?p=14893","name":"Halberst\u00e4dter Feuerwehr bekommt Rettungswagen f\u00fcr Notfallrettung - Feuerwehr Halberstadt","isPartOf":{"@id":"https:\/\/www.feuerwehr-halberstadt.de\/#website"},"primaryImageOfPage":{"@id":"https:\/\/www.feuerwehr-halberstadt.de\/?p=14893#primaryimage"},"image":{"@id":"https:\/\/www.feuerwehr-halberstadt.de\/?p=14893#primaryimage"},"thumbnailUrl":"https:\/\/www.feuerwehr-halberstadt.de\/wp-content\/uploads\/2024\/03\/Halberstaedter-Feuerwehr-bekommt-Rettungswagen-zur-Notfallversorgung-in-der-Kreisstadt-1.png","datePublished":"2024-04-01T06:00:00+00:00","dateModified":"2024-04-01T06:19:56+00:00","breadcrumb":{"@id":"https:\/\/www.feuerwehr-halberstadt.de\/?p=14893#breadcrumb"},"inLanguage":"de","potentialAction":[{"@type":"ReadAction","target":["https:\/\/www.feuerwehr-halberstadt.de\/?p=14893"]}]},{"@type":"ImageObject","inLanguage":"de","@id":"https:\/\/www.feuerwehr-halberstadt.de\/?p=14893#primaryimage","url":"https:\/\/www.feuerwehr-halberstadt.de\/wp-content\/uploads\/2024\/03\/Halberstaedter-Feuerwehr-bekommt-Rettungswagen-zur-Notfallversorgung-in-der-Kreisstadt-1.png","contentUrl":"https:\/\/www.feuerwehr-halberstadt.de\/wp-content\/uploads\/2024\/03\/Halberstaedter-Feuerwehr-bekommt-Rettungswagen-zur-Notfallversorgung-in-der-Kreisstadt-1.png","width":851,"height":315},{"@type":"BreadcrumbList","@id":"https:\/\/www.feuerwehr-halberstadt.de\/?p=14893#breadcrumb","itemListElement":[{"@type":"ListItem","position":1,"name":"Startseite","item":"https:\/\/www.feuerwehr-halberstadt.de\/"},{"@type":"ListItem","position":2,"name":"Halberst\u00e4dter Feuerwehr bekommt Rettungswagen f\u00fcr Notfallrettung"}]},{"@type":"WebSite","@id":"https:\/\/www.feuerwehr-halberstadt.de\/#website","url":"https:\/\/www.feuerwehr-halberstadt.de\/","name":"Feuerwehr Halberstadt","description":"#imEinsatzf\u00fcrHalberstadt","publisher":{"@id":"https:\/\/www.feuerwehr-halberstadt.de\/#organization"},"potentialAction":[{"@type":"SearchAction","target":{"@type":"EntryPoint","urlTemplate":"https:\/\/www.feuerwehr-halberstadt.de\/?s={search_term_string}"},"query-input":{"@type":"PropertyValueSpecification","valueRequired":true,"valueName":"search_term_string"}}],"inLanguage":"de"},{"@type":"Organization","@id":"https:\/\/www.feuerwehr-halberstadt.de\/#organization","name":"Feuerwehr Halberstadt","url":"https:\/\/www.feuerwehr-halberstadt.de\/","logo":{"@type":"ImageObject","inLanguage":"de","@id":"https:\/\/www.feuerwehr-halberstadt.de\/#\/schema\/logo\/image\/","url":"https:\/\/www.feuerwehr-halberstadt.de\/wp-content\/uploads\/2023\/10\/IMG_0126.png","contentUrl":"https:\/\/www.feuerwehr-halberstadt.de\/wp-content\/uploads\/2023\/10\/IMG_0126.png","width":1500,"height":399,"caption":"Feuerwehr Halberstadt"},"image":{"@id":"https:\/\/www.feuerwehr-halberstadt.de\/#\/schema\/logo\/image\/"},"sameAs":["https:\/\/www.facebook.com\/FeuerwehrHalberstadt\/"]},{"@type":"Person","@id":"https:\/\/www.feuerwehr-halberstadt.de\/#\/schema\/person\/55ce5d9b46008e58cd3d55d4116ec727","name":"Buchold, Chris","image":{"@type":"ImageObject","inLanguage":"de","@id":"https:\/\/secure.gravatar.com\/avatar\/bff08a084f0390bf8a93fc28c488452766ba521109cec244ac64210fdd500a49?s=96&d=mm&r=g","url":"https:\/\/secure.gravatar.com\/avatar\/bff08a084f0390bf8a93fc28c488452766ba521109cec244ac64210fdd500a49?s=96&d=mm&r=g","contentUrl":"https:\/\/secure.gravatar.com\/avatar\/bff08a084f0390bf8a93fc28c488452766ba521109cec244ac64210fdd500a49?s=96&d=mm&r=g","caption":"Buchold, Chris"},"url":"https:\/\/www.feuerwehr-halberstadt.de\/?author=3"}]}},"_links":{"self":[{"href":"https:\/\/www.feuerwehr-halberstadt.de\/index.php?rest_route=\/wp\/v2\/posts\/14893","targetHints":{"allow":["GET"]}}],"collection":[{"href":"https:\/\/www.feuerwehr-halberstadt.de\/index.php?rest_route=\/wp\/v2\/posts"}],"about":[{"href":"https:\/\/www.feuerwehr-halberstadt.de\/index.php?rest_route=\/wp\/v2\/types\/post"}],"author":[{"embeddable":true,"href":"https:\/\/www.feuerwehr-halberstadt.de\/index.php?rest_route=\/wp\/v2\/users\/3"}],"replies":[{"embeddable":true,"href":"https:\/\/www.feuerwehr-halberstadt.de\/index.php?rest_route=%2Fwp%2Fv2%2Fcomments&post=14893"}],"version-history":[{"count":8,"href":"https:\/\/www.feuerwehr-halberstadt.de\/index.php?rest_route=\/wp\/v2\/posts\/14893\/revisions"}],"predecessor-version":[{"id":14911,"href":"https:\/\/www.feuerwehr-halberstadt.de\/index.php?rest_route=\/wp\/v2\/posts\/14893\/revisions\/14911"}],"wp:featuredmedia":[{"embeddable":true,"href":"https:\/\/www.feuerwehr-halberstadt.de\/index.php?rest_route=\/wp\/v2\/media\/14901"}],"wp:attachment":[{"href":"https:\/\/www.feuerwehr-halberstadt.de\/index.php?rest_route=%2Fwp%2Fv2%2Fmedia&parent=14893"}],"wp:term":[{"taxonomy":"category","embeddable":true,"href":"https:\/\/www.feuerwehr-halberstadt.de\/index.php?rest_route=%2Fwp%2Fv2%2Fcategories&post=14893"},{"taxonomy":"post_tag","embeddable":true,"href":"https:\/\/www.feuerwehr-halberstadt.de\/index.php?rest_route=%2Fwp%2Fv2%2Ftags&post=14893"}],"curies":[{"name":"wp","href":"https:\/\/api.w.org\/{rel}","templated":true}]}}