{"id":14590,"date":"2024-02-03T00:54:46","date_gmt":"2024-02-02T23:54:46","guid":{"rendered":"https:\/\/www.feuerwehr-halberstadt.de\/?p=14590"},"modified":"2024-02-03T08:38:08","modified_gmt":"2024-02-03T07:38:08","slug":"jahreshauptversammlung-der-ortsfeuerwehr-emersleben-3","status":"publish","type":"post","link":"https:\/\/www.feuerwehr-halberstadt.de\/?p=14590","title":{"rendered":"Jahreshauptversammlung der Ortsfeuerwehr Emersleben"},"content":{"rendered":"\n<p>Am 26. Januar hat die Ortsfeuerwehr Emersleben ihre j\u00e4hrliche Jahreshauptversammlung durchgef\u00fchrt. Ortswehrleiter Thomas K\u00fcppers berichtete, dass die Kameraden im vergangenen Jahr 760 Ausbildungsstunden bei 49 Dienstabenden geleistet haben. Das sind im Vergleich zum Vorjahr 24 Dienstabende und 280 Ausbildungsstunden mehr, da die Dienstabende seit 2023 w\u00f6chentlich stattfinden.<br><br>Zwei neue Kameraden verst\u00e4rken die Reihen der aktiven Einsatzabteilung seit 2023. Mit Stand vom 31.12.23 befinden sich 19 Kameradinnen und Kameraden in der Ortsfeuerwehr Emersleben, 17 davon in der Einsatzabteilung, zwei Kameraden in der Alters- und Ehrenabteilung.<br><br>Im vergangenen Jahr wurde neben zahlreichen Veranstaltungen wie dem Osterfeuer, dem Aufstellen des Maibaums, dem Ausflug nach Dresden anl\u00e4sslich des 125-j\u00e4hrigen Jubil\u00e4ums und einem gemeinsamen Kegelabend, erneut der Weihnachtsbaum im Ort aufgestellt. Auch in diesem Jahr soll der Weihnachtsbaum durch die Kameradinnen und Kameraden aufgestellt werden, was f\u00fcr einige Probleme sorgen wird. Laut Ortswehrleiter Thomas K\u00fcppers kann der daf\u00fcr vorgesehene Baum nur mittels Kran von dessen Grundst\u00fcck gehoben werden. \u201eMit der Technik unserer ortsans\u00e4ssigen Landwirte ist dies leider nicht zu bew\u00e4ltigen. Hierf\u00fcr ben\u00f6tigt die Ortsfeuerwehr dringend Unterst\u00fctzung, da man sich sonst um einen anderen Baum k\u00fcmmern m\u00fcsste\u201c berichtet K\u00fcppers.<br><br>Die Ortsfeuerwehr Emersleben wurde im Jahr 2023 zu 25 Eins\u00e4tzen alarmiert, bei denen 193 Stunden geleistet wurden. Insgesamt wurden f\u00fcnf Verkehrsunf\u00e4lle, sechs Hilfeleistungen, zehn Brandeins\u00e4tze und vier Brandmeldeanlagen abgearbeitet. <br><br>Ortsjugendwartin Marie Rinck berichtete, dass die Kinder- und Jugendfeuerwehr aktuell 8 Mitglieder z\u00e4hlt und im letzten Jahr bei zahlreichen Dienstnachmittagen aktiv war. So stand auch 2023 wieder die Fahrzeug- und Ger\u00e4tekunde, Erste Hilfe, Knotenkunde, Funkausbildung und Einsatz\u00fcbungen auf dem Dienstplan. &#8222;Ein Besuch der Wache in Halberstadt und der Umgang mit der dortigen Technik erfreute auch in diesem Jahr die Kinder sehr&#8220;, so Rinck.  Ein weiteres Highlight war der Bowlingtag mit der Stadtjugendfeuerwehr, das Osterfeuer, Maifeuer und die Weihnachtsfeier. &#8222;Zum Schluss m\u00f6chte ich einen gro\u00dfen Dank an Herr und Frau Mosony der Firma HamyPak richten, die uns jedes Jahr mit Geldspenden unterst\u00fctzen und damit einige Aktivit\u00e4ten erm\u00f6glichen. Danke auch an alle Helferinnen und Helfer, die uns immer tatkr\u00e4ftig zur Seite stehen&#8220; erg\u00e4nzt die Jugendwartin. <br><br>Ortsb\u00fcrgermeister Marco Wei\u00df bedankte sich im Rahmen der Jahreshauptversammlung bei den Kameradinnen und Kameraden f\u00fcr die gezeigte Einsatzbereitschaft und das Engagement im Ort. Als Zeichen der Anerkennung wurde an Ortswehrleiter Thomas K\u00fcppers eine kleine finanzielle Unterst\u00fctzung \u00fcberreicht. &#8222;Danke f\u00fcr die Bereitschaft Tag und Nacht da zu sein, wenn andere in Not sind. Da zu sein, wenn es hei\u00dft Leben oder Hab und Gut zu retten. In vielen Ausbildungsstunden, die die Kameraden in ihrer Freizeit absolvieren, lernen sie den richtigen Umgang mit der entsprechenden Technik und den jeweiligen Situationen&#8220; sagte der Ortsb\u00fcrgermeister. <br><br><strong>Bef\u00f6rderungen \/ Ehrungen:<\/strong><br>Marko Rak, Feuerwehrmann<br>Florian Schr\u00f6der, Feuerwehrmann<br>Julian Schulze, Oberfeuerwehrmann<br>Hagen Godisch, Oberfeuerwehrmann<br>Andreas Groth, Oberfeuerwehrmann<br>Pierre Zimny, Oberfeuerwehrmann<br>Daniel Brand, 10 Jahre Mitgliedschaft<br><\/p>\n\n\n\n<figure class=\"wp-block-gallery has-nested-images columns-default is-cropped wp-block-gallery-1 is-layout-flex wp-block-gallery-is-layout-flex\">\n<figure class=\"wp-block-image size-large\"><a href=\"https:\/\/www.feuerwehr-halberstadt.de\/wp-content\/uploads\/2024\/01\/IMG_0437-scaled.jpg\"><img loading=\"lazy\" decoding=\"async\" width=\"1024\" height=\"683\" data-id=\"14586\" src=\"https:\/\/www.feuerwehr-halberstadt.de\/wp-content\/uploads\/2024\/01\/IMG_0437-1024x683.jpg\" alt=\"\" class=\"wp-image-14586\" srcset=\"https:\/\/www.feuerwehr-halberstadt.de\/wp-content\/uploads\/2024\/01\/IMG_0437-1024x683.jpg 1024w, https:\/\/www.feuerwehr-halberstadt.de\/wp-content\/uploads\/2024\/01\/IMG_0437-300x200.jpg 300w, https:\/\/www.feuerwehr-halberstadt.de\/wp-content\/uploads\/2024\/01\/IMG_0437-768x512.jpg 768w, https:\/\/www.feuerwehr-halberstadt.de\/wp-content\/uploads\/2024\/01\/IMG_0437-1536x1024.jpg 1536w\" sizes=\"auto, (max-width: 1024px) 100vw, 1024px\" \/><\/a><\/figure>\n\n\n\n<figure class=\"wp-block-image size-large\"><a href=\"https:\/\/www.feuerwehr-halberstadt.de\/wp-content\/uploads\/2024\/01\/IMG_0441-scaled.jpg\"><img loading=\"lazy\" decoding=\"async\" width=\"1024\" height=\"683\" data-id=\"14587\" src=\"https:\/\/www.feuerwehr-halberstadt.de\/wp-content\/uploads\/2024\/01\/IMG_0441-1024x683.jpg\" alt=\"\" class=\"wp-image-14587\" srcset=\"https:\/\/www.feuerwehr-halberstadt.de\/wp-content\/uploads\/2024\/01\/IMG_0441-1024x683.jpg 1024w, https:\/\/www.feuerwehr-halberstadt.de\/wp-content\/uploads\/2024\/01\/IMG_0441-300x200.jpg 300w, https:\/\/www.feuerwehr-halberstadt.de\/wp-content\/uploads\/2024\/01\/IMG_0441-768x512.jpg 768w, https:\/\/www.feuerwehr-halberstadt.de\/wp-content\/uploads\/2024\/01\/IMG_0441-1536x1024.jpg 1536w\" sizes=\"auto, (max-width: 1024px) 100vw, 1024px\" \/><\/a><\/figure>\n\n\n\n<figure class=\"wp-block-image size-large\"><a href=\"https:\/\/www.feuerwehr-halberstadt.de\/wp-content\/uploads\/2024\/01\/IMG_0431-scaled.jpg\"><img loading=\"lazy\" decoding=\"async\" width=\"1024\" height=\"683\" data-id=\"14588\" src=\"https:\/\/www.feuerwehr-halberstadt.de\/wp-content\/uploads\/2024\/01\/IMG_0431-1024x683.jpg\" alt=\"\" class=\"wp-image-14588\" srcset=\"https:\/\/www.feuerwehr-halberstadt.de\/wp-content\/uploads\/2024\/01\/IMG_0431-1024x683.jpg 1024w, https:\/\/www.feuerwehr-halberstadt.de\/wp-content\/uploads\/2024\/01\/IMG_0431-300x200.jpg 300w, https:\/\/www.feuerwehr-halberstadt.de\/wp-content\/uploads\/2024\/01\/IMG_0431-768x512.jpg 768w, https:\/\/www.feuerwehr-halberstadt.de\/wp-content\/uploads\/2024\/01\/IMG_0431-1536x1024.jpg 1536w\" sizes=\"auto, (max-width: 1024px) 100vw, 1024px\" \/><\/a><\/figure>\n<\/figure>\n","protected":false},"excerpt":{"rendered":"<p>Am 26. Januar hat die Ortsfeuerwehr Emersleben ihre j\u00e4hrliche Jahreshauptversammlung durchgef\u00fchrt. Ortswehrleiter Thomas K\u00fcppers berichtete, dass die Kameraden im vergangenen Jahr 760 Ausbildungsstunden bei 49 Dienstabenden geleistet haben. Das sind im Vergleich zum Vorjahr 24 Dienstabende und 280 Ausbildungsstunden mehr, da die Dienstabende seit 2023 w\u00f6chentlich stattfinden. Zwei neue Kameraden verst\u00e4rken die Reihen der aktiven [&hellip;]<\/p>\n","protected":false},"author":3,"featured_media":14589,"comment_status":"closed","ping_status":"closed","sticky":false,"template":"single-templates\/single-full-width-image.php","format":"standard","meta":{"_acf_changed":false,"footnotes":""},"categories":[9],"tags":[],"class_list":["post-14590","post","type-post","status-publish","format-standard","has-post-thumbnail","hentry","category-allgemein"],"acf":[],"yoast_head":"<!-- This site is optimized with the Yoast SEO plugin v27.5 - https:\/\/yoast.com\/product\/yoast-seo-wordpress\/ -->\n<title>Jahreshauptversammlung der Ortsfeuerwehr Emersleben - Feuerwehr Halberstadt<\/title>\n<meta name=\"robots\" content=\"index, follow, max-snippet:-1, max-image-preview:large, max-video-preview:-1\" \/>\n<link rel=\"canonical\" href=\"https:\/\/www.feuerwehr-halberstadt.de\/?p=14590\" \/>\n<meta property=\"og:locale\" content=\"de_DE\" \/>\n<meta property=\"og:type\" content=\"article\" \/>\n<meta property=\"og:title\" content=\"Jahreshauptversammlung der Ortsfeuerwehr Emersleben - Feuerwehr Halberstadt\" \/>\n<meta property=\"og:description\" content=\"Am 26. Januar hat die Ortsfeuerwehr Emersleben ihre j\u00e4hrliche Jahreshauptversammlung durchgef\u00fchrt. Ortswehrleiter Thomas K\u00fcppers berichtete, dass die Kameraden im vergangenen Jahr 760 Ausbildungsstunden bei 49 Dienstabenden geleistet haben. Das sind im Vergleich zum Vorjahr 24 Dienstabende und 280 Ausbildungsstunden mehr, da die Dienstabende seit 2023 w\u00f6chentlich stattfinden. Zwei neue Kameraden verst\u00e4rken die Reihen der aktiven [&hellip;]\" \/>\n<meta property=\"og:url\" content=\"https:\/\/www.feuerwehr-halberstadt.de\/?p=14590\" \/>\n<meta property=\"og:site_name\" content=\"Feuerwehr Halberstadt\" \/>\n<meta property=\"article:publisher\" content=\"https:\/\/www.facebook.com\/FeuerwehrHalberstadt\/\" \/>\n<meta property=\"article:published_time\" content=\"2024-02-02T23:54:46+00:00\" \/>\n<meta property=\"article:modified_time\" content=\"2024-02-03T07:38:08+00:00\" \/>\n<meta property=\"og:image\" content=\"https:\/\/www.feuerwehr-halberstadt.de\/wp-content\/uploads\/2024\/01\/IMG_0400-scaled-e1706821726527.jpg\" \/>\n\t<meta property=\"og:image:width\" content=\"2342\" \/>\n\t<meta property=\"og:image:height\" content=\"1349\" \/>\n\t<meta property=\"og:image:type\" content=\"image\/jpeg\" \/>\n<meta name=\"author\" content=\"Buchold, Chris\" \/>\n<meta name=\"twitter:card\" content=\"summary_large_image\" \/>\n<meta name=\"twitter:label1\" content=\"Verfasst von\" \/>\n\t<meta name=\"twitter:data1\" content=\"Buchold, Chris\" \/>\n\t<meta name=\"twitter:label2\" content=\"Gesch\u00e4tzte Lesezeit\" \/>\n\t<meta name=\"twitter:data2\" content=\"4\u00a0Minuten\" \/>\n<script type=\"application\/ld+json\" class=\"yoast-schema-graph\">{\"@context\":\"https:\\\/\\\/schema.org\",\"@graph\":[{\"@type\":\"Article\",\"@id\":\"https:\\\/\\\/www.feuerwehr-halberstadt.de\\\/?p=14590#article\",\"isPartOf\":{\"@id\":\"https:\\\/\\\/www.feuerwehr-halberstadt.de\\\/?p=14590\"},\"author\":{\"name\":\"Buchold, Chris\",\"@id\":\"https:\\\/\\\/www.feuerwehr-halberstadt.de\\\/#\\\/schema\\\/person\\\/55ce5d9b46008e58cd3d55d4116ec727\"},\"headline\":\"Jahreshauptversammlung der Ortsfeuerwehr Emersleben\",\"datePublished\":\"2024-02-02T23:54:46+00:00\",\"dateModified\":\"2024-02-03T07:38:08+00:00\",\"mainEntityOfPage\":{\"@id\":\"https:\\\/\\\/www.feuerwehr-halberstadt.de\\\/?p=14590\"},\"wordCount\":476,\"publisher\":{\"@id\":\"https:\\\/\\\/www.feuerwehr-halberstadt.de\\\/#organization\"},\"image\":{\"@id\":\"https:\\\/\\\/www.feuerwehr-halberstadt.de\\\/?p=14590#primaryimage\"},\"thumbnailUrl\":\"https:\\\/\\\/www.feuerwehr-halberstadt.de\\\/wp-content\\\/uploads\\\/2024\\\/01\\\/IMG_0400-scaled-e1706821726527.jpg\",\"inLanguage\":\"de\"},{\"@type\":\"WebPage\",\"@id\":\"https:\\\/\\\/www.feuerwehr-halberstadt.de\\\/?p=14590\",\"url\":\"https:\\\/\\\/www.feuerwehr-halberstadt.de\\\/?p=14590\",\"name\":\"Jahreshauptversammlung der Ortsfeuerwehr Emersleben - Feuerwehr Halberstadt\",\"isPartOf\":{\"@id\":\"https:\\\/\\\/www.feuerwehr-halberstadt.de\\\/#website\"},\"primaryImageOfPage\":{\"@id\":\"https:\\\/\\\/www.feuerwehr-halberstadt.de\\\/?p=14590#primaryimage\"},\"image\":{\"@id\":\"https:\\\/\\\/www.feuerwehr-halberstadt.de\\\/?p=14590#primaryimage\"},\"thumbnailUrl\":\"https:\\\/\\\/www.feuerwehr-halberstadt.de\\\/wp-content\\\/uploads\\\/2024\\\/01\\\/IMG_0400-scaled-e1706821726527.jpg\",\"datePublished\":\"2024-02-02T23:54:46+00:00\",\"dateModified\":\"2024-02-03T07:38:08+00:00\",\"breadcrumb\":{\"@id\":\"https:\\\/\\\/www.feuerwehr-halberstadt.de\\\/?p=14590#breadcrumb\"},\"inLanguage\":\"de\",\"potentialAction\":[{\"@type\":\"ReadAction\",\"target\":[\"https:\\\/\\\/www.feuerwehr-halberstadt.de\\\/?p=14590\"]}]},{\"@type\":\"ImageObject\",\"inLanguage\":\"de\",\"@id\":\"https:\\\/\\\/www.feuerwehr-halberstadt.de\\\/?p=14590#primaryimage\",\"url\":\"https:\\\/\\\/www.feuerwehr-halberstadt.de\\\/wp-content\\\/uploads\\\/2024\\\/01\\\/IMG_0400-scaled-e1706821726527.jpg\",\"contentUrl\":\"https:\\\/\\\/www.feuerwehr-halberstadt.de\\\/wp-content\\\/uploads\\\/2024\\\/01\\\/IMG_0400-scaled-e1706821726527.jpg\",\"width\":2342,\"height\":1349},{\"@type\":\"BreadcrumbList\",\"@id\":\"https:\\\/\\\/www.feuerwehr-halberstadt.de\\\/?p=14590#breadcrumb\",\"itemListElement\":[{\"@type\":\"ListItem\",\"position\":1,\"name\":\"Startseite\",\"item\":\"https:\\\/\\\/www.feuerwehr-halberstadt.de\\\/\"},{\"@type\":\"ListItem\",\"position\":2,\"name\":\"Jahreshauptversammlung der Ortsfeuerwehr Emersleben\"}]},{\"@type\":\"WebSite\",\"@id\":\"https:\\\/\\\/www.feuerwehr-halberstadt.de\\\/#website\",\"url\":\"https:\\\/\\\/www.feuerwehr-halberstadt.de\\\/\",\"name\":\"Feuerwehr Halberstadt\",\"description\":\"#imEinsatzf\u00fcrHalberstadt\",\"publisher\":{\"@id\":\"https:\\\/\\\/www.feuerwehr-halberstadt.de\\\/#organization\"},\"potentialAction\":[{\"@type\":\"SearchAction\",\"target\":{\"@type\":\"EntryPoint\",\"urlTemplate\":\"https:\\\/\\\/www.feuerwehr-halberstadt.de\\\/?s={search_term_string}\"},\"query-input\":{\"@type\":\"PropertyValueSpecification\",\"valueRequired\":true,\"valueName\":\"search_term_string\"}}],\"inLanguage\":\"de\"},{\"@type\":\"Organization\",\"@id\":\"https:\\\/\\\/www.feuerwehr-halberstadt.de\\\/#organization\",\"name\":\"Feuerwehr Halberstadt\",\"url\":\"https:\\\/\\\/www.feuerwehr-halberstadt.de\\\/\",\"logo\":{\"@type\":\"ImageObject\",\"inLanguage\":\"de\",\"@id\":\"https:\\\/\\\/www.feuerwehr-halberstadt.de\\\/#\\\/schema\\\/logo\\\/image\\\/\",\"url\":\"https:\\\/\\\/www.feuerwehr-halberstadt.de\\\/wp-content\\\/uploads\\\/2023\\\/10\\\/IMG_0126.png\",\"contentUrl\":\"https:\\\/\\\/www.feuerwehr-halberstadt.de\\\/wp-content\\\/uploads\\\/2023\\\/10\\\/IMG_0126.png\",\"width\":1500,\"height\":399,\"caption\":\"Feuerwehr Halberstadt\"},\"image\":{\"@id\":\"https:\\\/\\\/www.feuerwehr-halberstadt.de\\\/#\\\/schema\\\/logo\\\/image\\\/\"},\"sameAs\":[\"https:\\\/\\\/www.facebook.com\\\/FeuerwehrHalberstadt\\\/\"]},{\"@type\":\"Person\",\"@id\":\"https:\\\/\\\/www.feuerwehr-halberstadt.de\\\/#\\\/schema\\\/person\\\/55ce5d9b46008e58cd3d55d4116ec727\",\"name\":\"Buchold, Chris\",\"image\":{\"@type\":\"ImageObject\",\"inLanguage\":\"de\",\"@id\":\"https:\\\/\\\/secure.gravatar.com\\\/avatar\\\/bff08a084f0390bf8a93fc28c488452766ba521109cec244ac64210fdd500a49?s=96&d=mm&r=g\",\"url\":\"https:\\\/\\\/secure.gravatar.com\\\/avatar\\\/bff08a084f0390bf8a93fc28c488452766ba521109cec244ac64210fdd500a49?s=96&d=mm&r=g\",\"contentUrl\":\"https:\\\/\\\/secure.gravatar.com\\\/avatar\\\/bff08a084f0390bf8a93fc28c488452766ba521109cec244ac64210fdd500a49?s=96&d=mm&r=g\",\"caption\":\"Buchold, Chris\"},\"url\":\"https:\\\/\\\/www.feuerwehr-halberstadt.de\\\/?author=3\"}]}<\/script>\n<!-- \/ Yoast SEO plugin. -->","yoast_head_json":{"title":"Jahreshauptversammlung der Ortsfeuerwehr Emersleben - Feuerwehr Halberstadt","robots":{"index":"index","follow":"follow","max-snippet":"max-snippet:-1","max-image-preview":"max-image-preview:large","max-video-preview":"max-video-preview:-1"},"canonical":"https:\/\/www.feuerwehr-halberstadt.de\/?p=14590","og_locale":"de_DE","og_type":"article","og_title":"Jahreshauptversammlung der Ortsfeuerwehr Emersleben - Feuerwehr Halberstadt","og_description":"Am 26. Januar hat die Ortsfeuerwehr Emersleben ihre j\u00e4hrliche Jahreshauptversammlung durchgef\u00fchrt. Ortswehrleiter Thomas K\u00fcppers berichtete, dass die Kameraden im vergangenen Jahr 760 Ausbildungsstunden bei 49 Dienstabenden geleistet haben. Das sind im Vergleich zum Vorjahr 24 Dienstabende und 280 Ausbildungsstunden mehr, da die Dienstabende seit 2023 w\u00f6chentlich stattfinden. Zwei neue Kameraden verst\u00e4rken die Reihen der aktiven [&hellip;]","og_url":"https:\/\/www.feuerwehr-halberstadt.de\/?p=14590","og_site_name":"Feuerwehr Halberstadt","article_publisher":"https:\/\/www.facebook.com\/FeuerwehrHalberstadt\/","article_published_time":"2024-02-02T23:54:46+00:00","article_modified_time":"2024-02-03T07:38:08+00:00","og_image":[{"width":2342,"height":1349,"url":"https:\/\/www.feuerwehr-halberstadt.de\/wp-content\/uploads\/2024\/01\/IMG_0400-scaled-e1706821726527.jpg","type":"image\/jpeg"}],"author":"Buchold, Chris","twitter_card":"summary_large_image","twitter_misc":{"Verfasst von":"Buchold, Chris","Gesch\u00e4tzte Lesezeit":"4\u00a0Minuten"},"schema":{"@context":"https:\/\/schema.org","@graph":[{"@type":"Article","@id":"https:\/\/www.feuerwehr-halberstadt.de\/?p=14590#article","isPartOf":{"@id":"https:\/\/www.feuerwehr-halberstadt.de\/?p=14590"},"author":{"name":"Buchold, Chris","@id":"https:\/\/www.feuerwehr-halberstadt.de\/#\/schema\/person\/55ce5d9b46008e58cd3d55d4116ec727"},"headline":"Jahreshauptversammlung der Ortsfeuerwehr Emersleben","datePublished":"2024-02-02T23:54:46+00:00","dateModified":"2024-02-03T07:38:08+00:00","mainEntityOfPage":{"@id":"https:\/\/www.feuerwehr-halberstadt.de\/?p=14590"},"wordCount":476,"publisher":{"@id":"https:\/\/www.feuerwehr-halberstadt.de\/#organization"},"image":{"@id":"https:\/\/www.feuerwehr-halberstadt.de\/?p=14590#primaryimage"},"thumbnailUrl":"https:\/\/www.feuerwehr-halberstadt.de\/wp-content\/uploads\/2024\/01\/IMG_0400-scaled-e1706821726527.jpg","inLanguage":"de"},{"@type":"WebPage","@id":"https:\/\/www.feuerwehr-halberstadt.de\/?p=14590","url":"https:\/\/www.feuerwehr-halberstadt.de\/?p=14590","name":"Jahreshauptversammlung der Ortsfeuerwehr Emersleben - Feuerwehr Halberstadt","isPartOf":{"@id":"https:\/\/www.feuerwehr-halberstadt.de\/#website"},"primaryImageOfPage":{"@id":"https:\/\/www.feuerwehr-halberstadt.de\/?p=14590#primaryimage"},"image":{"@id":"https:\/\/www.feuerwehr-halberstadt.de\/?p=14590#primaryimage"},"thumbnailUrl":"https:\/\/www.feuerwehr-halberstadt.de\/wp-content\/uploads\/2024\/01\/IMG_0400-scaled-e1706821726527.jpg","datePublished":"2024-02-02T23:54:46+00:00","dateModified":"2024-02-03T07:38:08+00:00","breadcrumb":{"@id":"https:\/\/www.feuerwehr-halberstadt.de\/?p=14590#breadcrumb"},"inLanguage":"de","potentialAction":[{"@type":"ReadAction","target":["https:\/\/www.feuerwehr-halberstadt.de\/?p=14590"]}]},{"@type":"ImageObject","inLanguage":"de","@id":"https:\/\/www.feuerwehr-halberstadt.de\/?p=14590#primaryimage","url":"https:\/\/www.feuerwehr-halberstadt.de\/wp-content\/uploads\/2024\/01\/IMG_0400-scaled-e1706821726527.jpg","contentUrl":"https:\/\/www.feuerwehr-halberstadt.de\/wp-content\/uploads\/2024\/01\/IMG_0400-scaled-e1706821726527.jpg","width":2342,"height":1349},{"@type":"BreadcrumbList","@id":"https:\/\/www.feuerwehr-halberstadt.de\/?p=14590#breadcrumb","itemListElement":[{"@type":"ListItem","position":1,"name":"Startseite","item":"https:\/\/www.feuerwehr-halberstadt.de\/"},{"@type":"ListItem","position":2,"name":"Jahreshauptversammlung der Ortsfeuerwehr Emersleben"}]},{"@type":"WebSite","@id":"https:\/\/www.feuerwehr-halberstadt.de\/#website","url":"https:\/\/www.feuerwehr-halberstadt.de\/","name":"Feuerwehr Halberstadt","description":"#imEinsatzf\u00fcrHalberstadt","publisher":{"@id":"https:\/\/www.feuerwehr-halberstadt.de\/#organization"},"potentialAction":[{"@type":"SearchAction","target":{"@type":"EntryPoint","urlTemplate":"https:\/\/www.feuerwehr-halberstadt.de\/?s={search_term_string}"},"query-input":{"@type":"PropertyValueSpecification","valueRequired":true,"valueName":"search_term_string"}}],"inLanguage":"de"},{"@type":"Organization","@id":"https:\/\/www.feuerwehr-halberstadt.de\/#organization","name":"Feuerwehr Halberstadt","url":"https:\/\/www.feuerwehr-halberstadt.de\/","logo":{"@type":"ImageObject","inLanguage":"de","@id":"https:\/\/www.feuerwehr-halberstadt.de\/#\/schema\/logo\/image\/","url":"https:\/\/www.feuerwehr-halberstadt.de\/wp-content\/uploads\/2023\/10\/IMG_0126.png","contentUrl":"https:\/\/www.feuerwehr-halberstadt.de\/wp-content\/uploads\/2023\/10\/IMG_0126.png","width":1500,"height":399,"caption":"Feuerwehr Halberstadt"},"image":{"@id":"https:\/\/www.feuerwehr-halberstadt.de\/#\/schema\/logo\/image\/"},"sameAs":["https:\/\/www.facebook.com\/FeuerwehrHalberstadt\/"]},{"@type":"Person","@id":"https:\/\/www.feuerwehr-halberstadt.de\/#\/schema\/person\/55ce5d9b46008e58cd3d55d4116ec727","name":"Buchold, Chris","image":{"@type":"ImageObject","inLanguage":"de","@id":"https:\/\/secure.gravatar.com\/avatar\/bff08a084f0390bf8a93fc28c488452766ba521109cec244ac64210fdd500a49?s=96&d=mm&r=g","url":"https:\/\/secure.gravatar.com\/avatar\/bff08a084f0390bf8a93fc28c488452766ba521109cec244ac64210fdd500a49?s=96&d=mm&r=g","contentUrl":"https:\/\/secure.gravatar.com\/avatar\/bff08a084f0390bf8a93fc28c488452766ba521109cec244ac64210fdd500a49?s=96&d=mm&r=g","caption":"Buchold, Chris"},"url":"https:\/\/www.feuerwehr-halberstadt.de\/?author=3"}]}},"_links":{"self":[{"href":"https:\/\/www.feuerwehr-halberstadt.de\/index.php?rest_route=\/wp\/v2\/posts\/14590","targetHints":{"allow":["GET"]}}],"collection":[{"href":"https:\/\/www.feuerwehr-halberstadt.de\/index.php?rest_route=\/wp\/v2\/posts"}],"about":[{"href":"https:\/\/www.feuerwehr-halberstadt.de\/index.php?rest_route=\/wp\/v2\/types\/post"}],"author":[{"embeddable":true,"href":"https:\/\/www.feuerwehr-halberstadt.de\/index.php?rest_route=\/wp\/v2\/users\/3"}],"replies":[{"embeddable":true,"href":"https:\/\/www.feuerwehr-halberstadt.de\/index.php?rest_route=%2Fwp%2Fv2%2Fcomments&post=14590"}],"version-history":[{"count":8,"href":"https:\/\/www.feuerwehr-halberstadt.de\/index.php?rest_route=\/wp\/v2\/posts\/14590\/revisions"}],"predecessor-version":[{"id":14616,"href":"https:\/\/www.feuerwehr-halberstadt.de\/index.php?rest_route=\/wp\/v2\/posts\/14590\/revisions\/14616"}],"wp:featuredmedia":[{"embeddable":true,"href":"https:\/\/www.feuerwehr-halberstadt.de\/index.php?rest_route=\/wp\/v2\/media\/14589"}],"wp:attachment":[{"href":"https:\/\/www.feuerwehr-halberstadt.de\/index.php?rest_route=%2Fwp%2Fv2%2Fmedia&parent=14590"}],"wp:term":[{"taxonomy":"category","embeddable":true,"href":"https:\/\/www.feuerwehr-halberstadt.de\/index.php?rest_route=%2Fwp%2Fv2%2Fcategories&post=14590"},{"taxonomy":"post_tag","embeddable":true,"href":"https:\/\/www.feuerwehr-halberstadt.de\/index.php?rest_route=%2Fwp%2Fv2%2Ftags&post=14590"}],"curies":[{"name":"wp","href":"https:\/\/api.w.org\/{rel}","templated":true}]}}