{"id":14542,"date":"2024-01-14T12:00:06","date_gmt":"2024-01-14T11:00:06","guid":{"rendered":"https:\/\/www.feuerwehr-halberstadt.de\/?p=14542"},"modified":"2024-01-14T12:15:01","modified_gmt":"2024-01-14T11:15:01","slug":"jahreshauptversammlung-der-ortsfeuerwehr-klein-quenstedt-4","status":"publish","type":"post","link":"https:\/\/www.feuerwehr-halberstadt.de\/?p=14542","title":{"rendered":"Jahreshauptversammlung der Ortsfeuerwehr Klein Quenstedt"},"content":{"rendered":"\n<p>Am 12. Januar hat die Ortsfeuerwehr Klein Quenstedt, als erste aller Ortsfeuerwehren, ihre j\u00e4hrliche Jahreshauptversammlung durchgef\u00fchrt. Ortswehrleiter Steffen Czaja begr\u00fc\u00dfte die anwesenden Kameradinnen und Kameraden, Oberb\u00fcrgermeister Daniel Szarata und alle weiteren G\u00e4ste.<br><br>In seinem Rechenschaftsbericht sprach Steffen Czaja von einem sehr erfolgreichen Jahr, da unter anderem der durch die Pandemie bedingte Ausbildungsstau minimiert werden konnte. &#8222;Dennoch bleibt hier zu erw\u00e4hnen, dass insbesondere Lehrg\u00e4nge am IBK Heyrothsberge nur schwer zu bekommen sind und hier das Land unbedingt nachjustieren muss&#8220;, so Czaja. Bei 14 Lehrg\u00e4ngen auf Gemeinde- oder Landesebene konnten 448 Stunden durch die Kameraden abgeleistet werden. Besonderes Lob bekam der Lehrgang &#8222;Atemschutzger\u00e4tetr\u00e4ger&#8220;, welcher zum ersten Mal innerhalb einer Woche durchgef\u00fchrt wurde. &#8222;Vielen Dank an die Stadt Halberstadt, welche die Freistellung der teilnehmenden Kameraden unterst\u00fctzte&#8220;, erg\u00e4nzt der Ortswehrleiter.<br><br>Im Jahr 2023 kann die Ortsfeuerwehr Klein Quenstedt auf 29 Ausbildungsdienste mit 733 Ausbildungsstunden zur\u00fcckblicken. Besonders hervorzuheben ist die gemeinsame Einsatz\u00fcbung mit der Ortsfeuerwehr Sargstedt und die Bahn-Ausbildung der Stadtfeuerwehr Halberstadt in Blankenburg. Steffen Czaja bedankte sich bei allen Organisatoren und Ausbildern. <br><br>Neben den zahlreichen Veranstaltungen, wie den Blutspenden oder dem Maifeuer, unterst\u00fctzten die Kameradinnen und Kameraden mit 166 Stunden bei Brandsicherheitswachen im Nordharzer St\u00e4dtebundtheater. <br><br>Im vergangenen Jahr konnten 14 Eins\u00e4tze in die Statistik der Ortsfeuerwehr eingehen. Im Jahr 2022 waren es noch 9 Eins\u00e4tze. Erw\u00e4hnenswert sind dabei insbesondere die Geb\u00e4udeexplosion in Klein Quenstedt, Brandeins\u00e4tze in der Halberst\u00e4dter Minna-Bollmann-Stra\u00dfe, Oehlerstra\u00dfe und Am Sommerbad, ein Gasaustritt in der Harmoniestra\u00dfe, sowie der Geb\u00e4udebrand in der Voigtei. Hinzu kamen zwei Unwetterlagen in Halberstadt, ein Fl\u00e4chenbrand in Klein Quenstedt und ein Wasserschaden im Dorfgemeinschaftshaus.<br><br>Die Mitgliederentwicklung bleibt weiterhin stabil. Ein neuer Kamerad verst\u00e4rkt die aktive Einsatzabteilung der Ortsfeuerwehr, sodass im Einsatzfall auf 24 Einsatzkr\u00e4fte gez\u00e4hlt werden kann. <br><br>&#8222;Bedanken m\u00f6chte ich mich beim F\u00f6rderverein St. Florian, der uns auch im letzten Jahr wieder unterst\u00fctzt hat und uns immer zur Seite steht, beim Stadtwehrleiter, der immer ein offenes Ohr f\u00fcr mich hat, dem Stadtausbildungsleiter, der es leider auch nicht immer einfach hat und ein ganz gro\u00dfes Dankesch\u00f6n an unsere Kameraden, deren Hilfs- und Einsatzbereitschaft kein Ende zu nehmen scheint&#8220; sagte Steffen Czaja am Ende seines Berichts. <br><br>Im Jahresbericht der Kinder- und Jugendfeuerwehr blickte Janine R\u00f6\u00dfling auf die Aktivit\u00e4ten der 12 Jugendlichen und 6 Kinder zur\u00fcck. Beim Kindergartenfest, dem Maifeuer und dem Martinsumzug war die Kinder- und Jugendfeuerwehr gern dabei. Im Juli fand das j\u00e4hrliche Stadtzeltlager statt. &#8222;Mit viel Freude und einem kleinen Sonnenbrand ging es am 8. Juli f\u00fcr die Kinder wieder nach Hause&#8220; erg\u00e4nzte die stv. Jugendwartin. Beim Bowlingturnier der Stadtjugendfeuerwehr, bei der Weihnachtsfeier und den vielen anderen Veranstaltungen konnte die gemeinsame Zeit wirklich genossen werden. Ein gro\u00dfes Dankesch\u00f6n richtete Janine R\u00f6\u00dfling allen Helfern aus, die die Kinder- und Jugendfeuerwehr unterst\u00fctzt haben. Insbesondere Isabell und Alex standen den Jugendwarten immer tatkr\u00e4ftig zur Seite. Auch im Jahr 2024 stehen wieder einige Highlights auf dem Plan. Unter anderem wird das 20 j\u00e4hrige Jubil\u00e4um der Kinderfeuerwehr gefeiert, ein Kindertagsfest in der KITA und eine Halloweenparty im Ger\u00e4tehaus organisiert.<br><br>Sowohl Stadtwehrleiter Martin Schulz, als auch Michael Festerling (stv. Abteilungsleiter Feuerwehr), gaben einen \u00dcberblick \u00fcber zuk\u00fcnftige Projekte und Anschaffungen. Wenn alles planm\u00e4\u00dfig verl\u00e4uft, erh\u00e4lt die Ortsfeuerwehr noch in diesem Jahr ein neues L\u00f6schfahrzeug. Oberb\u00fcrgermeister Daniel Szarata bedankte sich bei allen Kameradinnen und Kameraden f\u00fcr das Engagement und die Einsatzbereitschaft. &#8222;Dass ein kleiner Ortsteil, eine so schlagkr\u00e4ftige Feuerwehr vorweisen kann, ist nicht selbstverst\u00e4ndlich. Vielen Dank f\u00fcr Ihre Arbeit. Stadtverwaltung und Stadtrat sind sich einig &#8211; wenn Material und Technik zwingend ben\u00f6tigt wird, kann an der Feuerwehr nicht gespart werden. Wir k\u00f6nnen uns keinen Luxus leisten, aber die Feuerwehren m\u00fcssen einsatzf\u00e4hig bleiben&#8220; erg\u00e4nzte der Oberb\u00fcrgermeister.<br><br><strong>Bef\u00f6rderungen \/ Ehrungen:<\/strong><br>Franziska Klaus, Feuerwehrfrau<br>Isabell Masche, Feuerwehrfrau<br>Toni Uhrlandt, Feuerwehrmann<br>Janine R\u00f6\u00dfling, Hauptfeuerwehrfrau<br>Paul Winkler, 10 Jahre Mitgliedschaft<\/p>\n\n\n\n<p>Steffen Czaja, 10 Jahre Mitgliedschaft<br>Thorsten Ziegler, 30 Jahre Mitgliedschaft<br><br><\/p>\n\n\n\n<figure class=\"wp-block-gallery has-nested-images columns-3 is-cropped wp-block-gallery-1 is-layout-flex wp-block-gallery-is-layout-flex\">\n<figure class=\"wp-block-image size-large\"><a href=\"https:\/\/www.feuerwehr-halberstadt.de\/wp-content\/uploads\/2024\/01\/IMG_0311.jpeg\"><img loading=\"lazy\" decoding=\"async\" width=\"1024\" height=\"683\" data-id=\"14544\" src=\"https:\/\/www.feuerwehr-halberstadt.de\/wp-content\/uploads\/2024\/01\/IMG_0311-1024x683.jpeg\" alt=\"\" class=\"wp-image-14544\" srcset=\"https:\/\/www.feuerwehr-halberstadt.de\/wp-content\/uploads\/2024\/01\/IMG_0311-1024x683.jpeg 1024w, https:\/\/www.feuerwehr-halberstadt.de\/wp-content\/uploads\/2024\/01\/IMG_0311-300x200.jpeg 300w, https:\/\/www.feuerwehr-halberstadt.de\/wp-content\/uploads\/2024\/01\/IMG_0311-768x512.jpeg 768w, https:\/\/www.feuerwehr-halberstadt.de\/wp-content\/uploads\/2024\/01\/IMG_0311-1536x1024.jpeg 1536w, https:\/\/www.feuerwehr-halberstadt.de\/wp-content\/uploads\/2024\/01\/IMG_0311.jpeg 1920w\" sizes=\"auto, (max-width: 1024px) 100vw, 1024px\" \/><\/a><\/figure>\n\n\n\n<figure class=\"wp-block-image size-large\"><a href=\"https:\/\/www.feuerwehr-halberstadt.de\/wp-content\/uploads\/2024\/01\/IMG_0334.jpeg\"><img loading=\"lazy\" decoding=\"async\" width=\"1024\" height=\"683\" data-id=\"14545\" src=\"https:\/\/www.feuerwehr-halberstadt.de\/wp-content\/uploads\/2024\/01\/IMG_0334-1024x683.jpeg\" alt=\"\" class=\"wp-image-14545\" srcset=\"https:\/\/www.feuerwehr-halberstadt.de\/wp-content\/uploads\/2024\/01\/IMG_0334-1024x683.jpeg 1024w, https:\/\/www.feuerwehr-halberstadt.de\/wp-content\/uploads\/2024\/01\/IMG_0334-300x200.jpeg 300w, https:\/\/www.feuerwehr-halberstadt.de\/wp-content\/uploads\/2024\/01\/IMG_0334-768x512.jpeg 768w, https:\/\/www.feuerwehr-halberstadt.de\/wp-content\/uploads\/2024\/01\/IMG_0334-1536x1024.jpeg 1536w, https:\/\/www.feuerwehr-halberstadt.de\/wp-content\/uploads\/2024\/01\/IMG_0334.jpeg 1920w\" sizes=\"auto, (max-width: 1024px) 100vw, 1024px\" \/><\/a><\/figure>\n\n\n\n<figure class=\"wp-block-image size-large\"><a href=\"https:\/\/www.feuerwehr-halberstadt.de\/wp-content\/uploads\/2024\/01\/IMG_0349.jpeg\"><img loading=\"lazy\" decoding=\"async\" width=\"1024\" height=\"683\" data-id=\"14546\" src=\"https:\/\/www.feuerwehr-halberstadt.de\/wp-content\/uploads\/2024\/01\/IMG_0349-1024x683.jpeg\" alt=\"\" class=\"wp-image-14546\" srcset=\"https:\/\/www.feuerwehr-halberstadt.de\/wp-content\/uploads\/2024\/01\/IMG_0349-1024x683.jpeg 1024w, https:\/\/www.feuerwehr-halberstadt.de\/wp-content\/uploads\/2024\/01\/IMG_0349-300x200.jpeg 300w, https:\/\/www.feuerwehr-halberstadt.de\/wp-content\/uploads\/2024\/01\/IMG_0349-768x512.jpeg 768w, https:\/\/www.feuerwehr-halberstadt.de\/wp-content\/uploads\/2024\/01\/IMG_0349-1536x1024.jpeg 1536w, https:\/\/www.feuerwehr-halberstadt.de\/wp-content\/uploads\/2024\/01\/IMG_0349.jpeg 1920w\" sizes=\"auto, (max-width: 1024px) 100vw, 1024px\" \/><\/a><\/figure>\n\n\n\n<figure class=\"wp-block-image size-large\"><a href=\"https:\/\/www.feuerwehr-halberstadt.de\/wp-content\/uploads\/2024\/01\/IMG_0364.jpeg\"><img loading=\"lazy\" decoding=\"async\" width=\"1024\" height=\"683\" data-id=\"14547\" src=\"https:\/\/www.feuerwehr-halberstadt.de\/wp-content\/uploads\/2024\/01\/IMG_0364-1024x683.jpeg\" alt=\"\" class=\"wp-image-14547\" srcset=\"https:\/\/www.feuerwehr-halberstadt.de\/wp-content\/uploads\/2024\/01\/IMG_0364-1024x683.jpeg 1024w, https:\/\/www.feuerwehr-halberstadt.de\/wp-content\/uploads\/2024\/01\/IMG_0364-300x200.jpeg 300w, https:\/\/www.feuerwehr-halberstadt.de\/wp-content\/uploads\/2024\/01\/IMG_0364-768x512.jpeg 768w, https:\/\/www.feuerwehr-halberstadt.de\/wp-content\/uploads\/2024\/01\/IMG_0364-1536x1024.jpeg 1536w, https:\/\/www.feuerwehr-halberstadt.de\/wp-content\/uploads\/2024\/01\/IMG_0364.jpeg 1920w\" sizes=\"auto, (max-width: 1024px) 100vw, 1024px\" \/><\/a><\/figure>\n\n\n\n<figure class=\"wp-block-image size-large\"><a href=\"https:\/\/www.feuerwehr-halberstadt.de\/wp-content\/uploads\/2024\/01\/IMG_0379.jpeg\"><img loading=\"lazy\" decoding=\"async\" width=\"1024\" height=\"683\" data-id=\"14548\" src=\"https:\/\/www.feuerwehr-halberstadt.de\/wp-content\/uploads\/2024\/01\/IMG_0379-1024x683.jpeg\" alt=\"\" class=\"wp-image-14548\" srcset=\"https:\/\/www.feuerwehr-halberstadt.de\/wp-content\/uploads\/2024\/01\/IMG_0379-1024x683.jpeg 1024w, https:\/\/www.feuerwehr-halberstadt.de\/wp-content\/uploads\/2024\/01\/IMG_0379-300x200.jpeg 300w, https:\/\/www.feuerwehr-halberstadt.de\/wp-content\/uploads\/2024\/01\/IMG_0379-768x512.jpeg 768w, https:\/\/www.feuerwehr-halberstadt.de\/wp-content\/uploads\/2024\/01\/IMG_0379-1536x1024.jpeg 1536w, https:\/\/www.feuerwehr-halberstadt.de\/wp-content\/uploads\/2024\/01\/IMG_0379.jpeg 1920w\" sizes=\"auto, (max-width: 1024px) 100vw, 1024px\" \/><\/a><\/figure>\n\n\n\n<figure class=\"wp-block-image size-large\"><a href=\"https:\/\/www.feuerwehr-halberstadt.de\/wp-content\/uploads\/2024\/01\/IMG_0382.jpeg\"><img loading=\"lazy\" decoding=\"async\" width=\"1024\" height=\"683\" data-id=\"14549\" src=\"https:\/\/www.feuerwehr-halberstadt.de\/wp-content\/uploads\/2024\/01\/IMG_0382-1024x683.jpeg\" alt=\"\" class=\"wp-image-14549\" srcset=\"https:\/\/www.feuerwehr-halberstadt.de\/wp-content\/uploads\/2024\/01\/IMG_0382-1024x683.jpeg 1024w, https:\/\/www.feuerwehr-halberstadt.de\/wp-content\/uploads\/2024\/01\/IMG_0382-300x200.jpeg 300w, https:\/\/www.feuerwehr-halberstadt.de\/wp-content\/uploads\/2024\/01\/IMG_0382-768x512.jpeg 768w, https:\/\/www.feuerwehr-halberstadt.de\/wp-content\/uploads\/2024\/01\/IMG_0382-1536x1024.jpeg 1536w, https:\/\/www.feuerwehr-halberstadt.de\/wp-content\/uploads\/2024\/01\/IMG_0382.jpeg 1920w\" sizes=\"auto, (max-width: 1024px) 100vw, 1024px\" \/><\/a><\/figure>\n\n\n\n<figure class=\"wp-block-image size-large\"><a href=\"https:\/\/www.feuerwehr-halberstadt.de\/wp-content\/uploads\/2024\/01\/IMG_0303.jpeg\"><img loading=\"lazy\" decoding=\"async\" width=\"1024\" height=\"683\" data-id=\"14543\" src=\"https:\/\/www.feuerwehr-halberstadt.de\/wp-content\/uploads\/2024\/01\/IMG_0303-1024x683.jpeg\" alt=\"\" class=\"wp-image-14543\" srcset=\"https:\/\/www.feuerwehr-halberstadt.de\/wp-content\/uploads\/2024\/01\/IMG_0303-1024x683.jpeg 1024w, https:\/\/www.feuerwehr-halberstadt.de\/wp-content\/uploads\/2024\/01\/IMG_0303-300x200.jpeg 300w, https:\/\/www.feuerwehr-halberstadt.de\/wp-content\/uploads\/2024\/01\/IMG_0303-768x512.jpeg 768w, https:\/\/www.feuerwehr-halberstadt.de\/wp-content\/uploads\/2024\/01\/IMG_0303-1536x1024.jpeg 1536w, https:\/\/www.feuerwehr-halberstadt.de\/wp-content\/uploads\/2024\/01\/IMG_0303.jpeg 1920w\" sizes=\"auto, (max-width: 1024px) 100vw, 1024px\" \/><\/a><\/figure>\n\n\n\n<figure class=\"wp-block-image size-large\"><a href=\"https:\/\/www.feuerwehr-halberstadt.de\/wp-content\/uploads\/2024\/01\/IMG_0331.jpeg\"><img loading=\"lazy\" decoding=\"async\" width=\"1024\" height=\"683\" data-id=\"14553\" src=\"https:\/\/www.feuerwehr-halberstadt.de\/wp-content\/uploads\/2024\/01\/IMG_0331-1024x683.jpeg\" alt=\"\" class=\"wp-image-14553\" srcset=\"https:\/\/www.feuerwehr-halberstadt.de\/wp-content\/uploads\/2024\/01\/IMG_0331-1024x683.jpeg 1024w, https:\/\/www.feuerwehr-halberstadt.de\/wp-content\/uploads\/2024\/01\/IMG_0331-300x200.jpeg 300w, https:\/\/www.feuerwehr-halberstadt.de\/wp-content\/uploads\/2024\/01\/IMG_0331-768x512.jpeg 768w, https:\/\/www.feuerwehr-halberstadt.de\/wp-content\/uploads\/2024\/01\/IMG_0331-1536x1024.jpeg 1536w, https:\/\/www.feuerwehr-halberstadt.de\/wp-content\/uploads\/2024\/01\/IMG_0331.jpeg 1920w\" sizes=\"auto, (max-width: 1024px) 100vw, 1024px\" \/><\/a><\/figure>\n\n\n\n<figure class=\"wp-block-image size-large\"><a href=\"https:\/\/www.feuerwehr-halberstadt.de\/wp-content\/uploads\/2024\/01\/IMG_0391.jpeg\"><img loading=\"lazy\" decoding=\"async\" width=\"1024\" height=\"683\" data-id=\"14554\" src=\"https:\/\/www.feuerwehr-halberstadt.de\/wp-content\/uploads\/2024\/01\/IMG_0391-1024x683.jpeg\" alt=\"\" class=\"wp-image-14554\" srcset=\"https:\/\/www.feuerwehr-halberstadt.de\/wp-content\/uploads\/2024\/01\/IMG_0391-1024x683.jpeg 1024w, https:\/\/www.feuerwehr-halberstadt.de\/wp-content\/uploads\/2024\/01\/IMG_0391-300x200.jpeg 300w, https:\/\/www.feuerwehr-halberstadt.de\/wp-content\/uploads\/2024\/01\/IMG_0391-768x512.jpeg 768w, https:\/\/www.feuerwehr-halberstadt.de\/wp-content\/uploads\/2024\/01\/IMG_0391-1536x1024.jpeg 1536w, https:\/\/www.feuerwehr-halberstadt.de\/wp-content\/uploads\/2024\/01\/IMG_0391.jpeg 1920w\" sizes=\"auto, (max-width: 1024px) 100vw, 1024px\" \/><\/a><\/figure>\n\n\n\n<figure class=\"wp-block-image size-large\"><a href=\"https:\/\/www.feuerwehr-halberstadt.de\/wp-content\/uploads\/2024\/01\/IMG_0387.jpeg\"><img loading=\"lazy\" decoding=\"async\" width=\"1024\" height=\"683\" data-id=\"14550\" src=\"https:\/\/www.feuerwehr-halberstadt.de\/wp-content\/uploads\/2024\/01\/IMG_0387-1024x683.jpeg\" alt=\"\" class=\"wp-image-14550\" srcset=\"https:\/\/www.feuerwehr-halberstadt.de\/wp-content\/uploads\/2024\/01\/IMG_0387-1024x683.jpeg 1024w, https:\/\/www.feuerwehr-halberstadt.de\/wp-content\/uploads\/2024\/01\/IMG_0387-300x200.jpeg 300w, https:\/\/www.feuerwehr-halberstadt.de\/wp-content\/uploads\/2024\/01\/IMG_0387-768x512.jpeg 768w, https:\/\/www.feuerwehr-halberstadt.de\/wp-content\/uploads\/2024\/01\/IMG_0387-1536x1024.jpeg 1536w, https:\/\/www.feuerwehr-halberstadt.de\/wp-content\/uploads\/2024\/01\/IMG_0387.jpeg 1920w\" sizes=\"auto, (max-width: 1024px) 100vw, 1024px\" \/><\/a><\/figure>\n<\/figure>\n","protected":false},"excerpt":{"rendered":"<p>Am 12. Januar hat die Ortsfeuerwehr Klein Quenstedt, als erste aller Ortsfeuerwehren, ihre j\u00e4hrliche Jahreshauptversammlung durchgef\u00fchrt. Ortswehrleiter Steffen Czaja begr\u00fc\u00dfte die anwesenden Kameradinnen und Kameraden, Oberb\u00fcrgermeister Daniel Szarata und alle weiteren G\u00e4ste. In seinem Rechenschaftsbericht sprach Steffen Czaja von einem sehr erfolgreichen Jahr, da unter anderem der durch die Pandemie bedingte Ausbildungsstau minimiert werden konnte. [&hellip;]<\/p>\n","protected":false},"author":3,"featured_media":14555,"comment_status":"closed","ping_status":"closed","sticky":false,"template":"single-templates\/single-full-width-image.php","format":"standard","meta":{"_acf_changed":false,"footnotes":""},"categories":[9],"tags":[],"class_list":["post-14542","post","type-post","status-publish","format-standard","has-post-thumbnail","hentry","category-allgemein"],"acf":[],"yoast_head":"<!-- This site is optimized with the Yoast SEO plugin v27.5 - https:\/\/yoast.com\/product\/yoast-seo-wordpress\/ -->\n<title>Jahreshauptversammlung der Ortsfeuerwehr Klein Quenstedt - Feuerwehr Halberstadt<\/title>\n<meta name=\"robots\" content=\"index, follow, max-snippet:-1, max-image-preview:large, max-video-preview:-1\" \/>\n<link rel=\"canonical\" href=\"https:\/\/www.feuerwehr-halberstadt.de\/?p=14542\" \/>\n<meta property=\"og:locale\" content=\"de_DE\" \/>\n<meta property=\"og:type\" content=\"article\" \/>\n<meta property=\"og:title\" content=\"Jahreshauptversammlung der Ortsfeuerwehr Klein Quenstedt - Feuerwehr Halberstadt\" \/>\n<meta property=\"og:description\" content=\"Am 12. Januar hat die Ortsfeuerwehr Klein Quenstedt, als erste aller Ortsfeuerwehren, ihre j\u00e4hrliche Jahreshauptversammlung durchgef\u00fchrt. Ortswehrleiter Steffen Czaja begr\u00fc\u00dfte die anwesenden Kameradinnen und Kameraden, Oberb\u00fcrgermeister Daniel Szarata und alle weiteren G\u00e4ste. In seinem Rechenschaftsbericht sprach Steffen Czaja von einem sehr erfolgreichen Jahr, da unter anderem der durch die Pandemie bedingte Ausbildungsstau minimiert werden konnte. [&hellip;]\" \/>\n<meta property=\"og:url\" content=\"https:\/\/www.feuerwehr-halberstadt.de\/?p=14542\" \/>\n<meta property=\"og:site_name\" content=\"Feuerwehr Halberstadt\" \/>\n<meta property=\"article:publisher\" content=\"https:\/\/www.facebook.com\/FeuerwehrHalberstadt\/\" \/>\n<meta property=\"article:published_time\" content=\"2024-01-14T11:00:06+00:00\" \/>\n<meta property=\"article:modified_time\" content=\"2024-01-14T11:15:01+00:00\" \/>\n<meta property=\"og:image\" content=\"https:\/\/www.feuerwehr-halberstadt.de\/wp-content\/uploads\/2024\/01\/image0.jpeg\" \/>\n\t<meta property=\"og:image:width\" content=\"1920\" \/>\n\t<meta property=\"og:image:height\" content=\"1280\" \/>\n\t<meta property=\"og:image:type\" content=\"image\/jpeg\" \/>\n<meta name=\"author\" content=\"Buchold, Chris\" \/>\n<meta name=\"twitter:card\" content=\"summary_large_image\" \/>\n<meta name=\"twitter:label1\" content=\"Verfasst von\" \/>\n\t<meta name=\"twitter:data1\" content=\"Buchold, Chris\" \/>\n\t<meta name=\"twitter:label2\" content=\"Gesch\u00e4tzte Lesezeit\" \/>\n\t<meta name=\"twitter:data2\" content=\"6\u00a0Minuten\" \/>\n<script type=\"application\/ld+json\" class=\"yoast-schema-graph\">{\"@context\":\"https:\\\/\\\/schema.org\",\"@graph\":[{\"@type\":\"Article\",\"@id\":\"https:\\\/\\\/www.feuerwehr-halberstadt.de\\\/?p=14542#article\",\"isPartOf\":{\"@id\":\"https:\\\/\\\/www.feuerwehr-halberstadt.de\\\/?p=14542\"},\"author\":{\"name\":\"Buchold, Chris\",\"@id\":\"https:\\\/\\\/www.feuerwehr-halberstadt.de\\\/#\\\/schema\\\/person\\\/55ce5d9b46008e58cd3d55d4116ec727\"},\"headline\":\"Jahreshauptversammlung der Ortsfeuerwehr Klein Quenstedt\",\"datePublished\":\"2024-01-14T11:00:06+00:00\",\"dateModified\":\"2024-01-14T11:15:01+00:00\",\"mainEntityOfPage\":{\"@id\":\"https:\\\/\\\/www.feuerwehr-halberstadt.de\\\/?p=14542\"},\"wordCount\":668,\"publisher\":{\"@id\":\"https:\\\/\\\/www.feuerwehr-halberstadt.de\\\/#organization\"},\"image\":{\"@id\":\"https:\\\/\\\/www.feuerwehr-halberstadt.de\\\/?p=14542#primaryimage\"},\"thumbnailUrl\":\"https:\\\/\\\/www.feuerwehr-halberstadt.de\\\/wp-content\\\/uploads\\\/2024\\\/01\\\/image0.jpeg\",\"inLanguage\":\"de\"},{\"@type\":\"WebPage\",\"@id\":\"https:\\\/\\\/www.feuerwehr-halberstadt.de\\\/?p=14542\",\"url\":\"https:\\\/\\\/www.feuerwehr-halberstadt.de\\\/?p=14542\",\"name\":\"Jahreshauptversammlung der Ortsfeuerwehr Klein Quenstedt - Feuerwehr Halberstadt\",\"isPartOf\":{\"@id\":\"https:\\\/\\\/www.feuerwehr-halberstadt.de\\\/#website\"},\"primaryImageOfPage\":{\"@id\":\"https:\\\/\\\/www.feuerwehr-halberstadt.de\\\/?p=14542#primaryimage\"},\"image\":{\"@id\":\"https:\\\/\\\/www.feuerwehr-halberstadt.de\\\/?p=14542#primaryimage\"},\"thumbnailUrl\":\"https:\\\/\\\/www.feuerwehr-halberstadt.de\\\/wp-content\\\/uploads\\\/2024\\\/01\\\/image0.jpeg\",\"datePublished\":\"2024-01-14T11:00:06+00:00\",\"dateModified\":\"2024-01-14T11:15:01+00:00\",\"breadcrumb\":{\"@id\":\"https:\\\/\\\/www.feuerwehr-halberstadt.de\\\/?p=14542#breadcrumb\"},\"inLanguage\":\"de\",\"potentialAction\":[{\"@type\":\"ReadAction\",\"target\":[\"https:\\\/\\\/www.feuerwehr-halberstadt.de\\\/?p=14542\"]}]},{\"@type\":\"ImageObject\",\"inLanguage\":\"de\",\"@id\":\"https:\\\/\\\/www.feuerwehr-halberstadt.de\\\/?p=14542#primaryimage\",\"url\":\"https:\\\/\\\/www.feuerwehr-halberstadt.de\\\/wp-content\\\/uploads\\\/2024\\\/01\\\/image0.jpeg\",\"contentUrl\":\"https:\\\/\\\/www.feuerwehr-halberstadt.de\\\/wp-content\\\/uploads\\\/2024\\\/01\\\/image0.jpeg\",\"width\":1920,\"height\":1280},{\"@type\":\"BreadcrumbList\",\"@id\":\"https:\\\/\\\/www.feuerwehr-halberstadt.de\\\/?p=14542#breadcrumb\",\"itemListElement\":[{\"@type\":\"ListItem\",\"position\":1,\"name\":\"Startseite\",\"item\":\"https:\\\/\\\/www.feuerwehr-halberstadt.de\\\/\"},{\"@type\":\"ListItem\",\"position\":2,\"name\":\"Jahreshauptversammlung der Ortsfeuerwehr Klein Quenstedt\"}]},{\"@type\":\"WebSite\",\"@id\":\"https:\\\/\\\/www.feuerwehr-halberstadt.de\\\/#website\",\"url\":\"https:\\\/\\\/www.feuerwehr-halberstadt.de\\\/\",\"name\":\"Feuerwehr Halberstadt\",\"description\":\"#imEinsatzf\u00fcrHalberstadt\",\"publisher\":{\"@id\":\"https:\\\/\\\/www.feuerwehr-halberstadt.de\\\/#organization\"},\"potentialAction\":[{\"@type\":\"SearchAction\",\"target\":{\"@type\":\"EntryPoint\",\"urlTemplate\":\"https:\\\/\\\/www.feuerwehr-halberstadt.de\\\/?s={search_term_string}\"},\"query-input\":{\"@type\":\"PropertyValueSpecification\",\"valueRequired\":true,\"valueName\":\"search_term_string\"}}],\"inLanguage\":\"de\"},{\"@type\":\"Organization\",\"@id\":\"https:\\\/\\\/www.feuerwehr-halberstadt.de\\\/#organization\",\"name\":\"Feuerwehr Halberstadt\",\"url\":\"https:\\\/\\\/www.feuerwehr-halberstadt.de\\\/\",\"logo\":{\"@type\":\"ImageObject\",\"inLanguage\":\"de\",\"@id\":\"https:\\\/\\\/www.feuerwehr-halberstadt.de\\\/#\\\/schema\\\/logo\\\/image\\\/\",\"url\":\"https:\\\/\\\/www.feuerwehr-halberstadt.de\\\/wp-content\\\/uploads\\\/2023\\\/10\\\/IMG_0126.png\",\"contentUrl\":\"https:\\\/\\\/www.feuerwehr-halberstadt.de\\\/wp-content\\\/uploads\\\/2023\\\/10\\\/IMG_0126.png\",\"width\":1500,\"height\":399,\"caption\":\"Feuerwehr Halberstadt\"},\"image\":{\"@id\":\"https:\\\/\\\/www.feuerwehr-halberstadt.de\\\/#\\\/schema\\\/logo\\\/image\\\/\"},\"sameAs\":[\"https:\\\/\\\/www.facebook.com\\\/FeuerwehrHalberstadt\\\/\"]},{\"@type\":\"Person\",\"@id\":\"https:\\\/\\\/www.feuerwehr-halberstadt.de\\\/#\\\/schema\\\/person\\\/55ce5d9b46008e58cd3d55d4116ec727\",\"name\":\"Buchold, Chris\",\"image\":{\"@type\":\"ImageObject\",\"inLanguage\":\"de\",\"@id\":\"https:\\\/\\\/secure.gravatar.com\\\/avatar\\\/bff08a084f0390bf8a93fc28c488452766ba521109cec244ac64210fdd500a49?s=96&d=mm&r=g\",\"url\":\"https:\\\/\\\/secure.gravatar.com\\\/avatar\\\/bff08a084f0390bf8a93fc28c488452766ba521109cec244ac64210fdd500a49?s=96&d=mm&r=g\",\"contentUrl\":\"https:\\\/\\\/secure.gravatar.com\\\/avatar\\\/bff08a084f0390bf8a93fc28c488452766ba521109cec244ac64210fdd500a49?s=96&d=mm&r=g\",\"caption\":\"Buchold, Chris\"},\"url\":\"https:\\\/\\\/www.feuerwehr-halberstadt.de\\\/?author=3\"}]}<\/script>\n<!-- \/ Yoast SEO plugin. -->","yoast_head_json":{"title":"Jahreshauptversammlung der Ortsfeuerwehr Klein Quenstedt - Feuerwehr Halberstadt","robots":{"index":"index","follow":"follow","max-snippet":"max-snippet:-1","max-image-preview":"max-image-preview:large","max-video-preview":"max-video-preview:-1"},"canonical":"https:\/\/www.feuerwehr-halberstadt.de\/?p=14542","og_locale":"de_DE","og_type":"article","og_title":"Jahreshauptversammlung der Ortsfeuerwehr Klein Quenstedt - Feuerwehr Halberstadt","og_description":"Am 12. Januar hat die Ortsfeuerwehr Klein Quenstedt, als erste aller Ortsfeuerwehren, ihre j\u00e4hrliche Jahreshauptversammlung durchgef\u00fchrt. Ortswehrleiter Steffen Czaja begr\u00fc\u00dfte die anwesenden Kameradinnen und Kameraden, Oberb\u00fcrgermeister Daniel Szarata und alle weiteren G\u00e4ste. In seinem Rechenschaftsbericht sprach Steffen Czaja von einem sehr erfolgreichen Jahr, da unter anderem der durch die Pandemie bedingte Ausbildungsstau minimiert werden konnte. [&hellip;]","og_url":"https:\/\/www.feuerwehr-halberstadt.de\/?p=14542","og_site_name":"Feuerwehr Halberstadt","article_publisher":"https:\/\/www.facebook.com\/FeuerwehrHalberstadt\/","article_published_time":"2024-01-14T11:00:06+00:00","article_modified_time":"2024-01-14T11:15:01+00:00","og_image":[{"width":1920,"height":1280,"url":"https:\/\/www.feuerwehr-halberstadt.de\/wp-content\/uploads\/2024\/01\/image0.jpeg","type":"image\/jpeg"}],"author":"Buchold, Chris","twitter_card":"summary_large_image","twitter_misc":{"Verfasst von":"Buchold, Chris","Gesch\u00e4tzte Lesezeit":"6\u00a0Minuten"},"schema":{"@context":"https:\/\/schema.org","@graph":[{"@type":"Article","@id":"https:\/\/www.feuerwehr-halberstadt.de\/?p=14542#article","isPartOf":{"@id":"https:\/\/www.feuerwehr-halberstadt.de\/?p=14542"},"author":{"name":"Buchold, Chris","@id":"https:\/\/www.feuerwehr-halberstadt.de\/#\/schema\/person\/55ce5d9b46008e58cd3d55d4116ec727"},"headline":"Jahreshauptversammlung der Ortsfeuerwehr Klein Quenstedt","datePublished":"2024-01-14T11:00:06+00:00","dateModified":"2024-01-14T11:15:01+00:00","mainEntityOfPage":{"@id":"https:\/\/www.feuerwehr-halberstadt.de\/?p=14542"},"wordCount":668,"publisher":{"@id":"https:\/\/www.feuerwehr-halberstadt.de\/#organization"},"image":{"@id":"https:\/\/www.feuerwehr-halberstadt.de\/?p=14542#primaryimage"},"thumbnailUrl":"https:\/\/www.feuerwehr-halberstadt.de\/wp-content\/uploads\/2024\/01\/image0.jpeg","inLanguage":"de"},{"@type":"WebPage","@id":"https:\/\/www.feuerwehr-halberstadt.de\/?p=14542","url":"https:\/\/www.feuerwehr-halberstadt.de\/?p=14542","name":"Jahreshauptversammlung der Ortsfeuerwehr Klein Quenstedt - Feuerwehr Halberstadt","isPartOf":{"@id":"https:\/\/www.feuerwehr-halberstadt.de\/#website"},"primaryImageOfPage":{"@id":"https:\/\/www.feuerwehr-halberstadt.de\/?p=14542#primaryimage"},"image":{"@id":"https:\/\/www.feuerwehr-halberstadt.de\/?p=14542#primaryimage"},"thumbnailUrl":"https:\/\/www.feuerwehr-halberstadt.de\/wp-content\/uploads\/2024\/01\/image0.jpeg","datePublished":"2024-01-14T11:00:06+00:00","dateModified":"2024-01-14T11:15:01+00:00","breadcrumb":{"@id":"https:\/\/www.feuerwehr-halberstadt.de\/?p=14542#breadcrumb"},"inLanguage":"de","potentialAction":[{"@type":"ReadAction","target":["https:\/\/www.feuerwehr-halberstadt.de\/?p=14542"]}]},{"@type":"ImageObject","inLanguage":"de","@id":"https:\/\/www.feuerwehr-halberstadt.de\/?p=14542#primaryimage","url":"https:\/\/www.feuerwehr-halberstadt.de\/wp-content\/uploads\/2024\/01\/image0.jpeg","contentUrl":"https:\/\/www.feuerwehr-halberstadt.de\/wp-content\/uploads\/2024\/01\/image0.jpeg","width":1920,"height":1280},{"@type":"BreadcrumbList","@id":"https:\/\/www.feuerwehr-halberstadt.de\/?p=14542#breadcrumb","itemListElement":[{"@type":"ListItem","position":1,"name":"Startseite","item":"https:\/\/www.feuerwehr-halberstadt.de\/"},{"@type":"ListItem","position":2,"name":"Jahreshauptversammlung der Ortsfeuerwehr Klein Quenstedt"}]},{"@type":"WebSite","@id":"https:\/\/www.feuerwehr-halberstadt.de\/#website","url":"https:\/\/www.feuerwehr-halberstadt.de\/","name":"Feuerwehr Halberstadt","description":"#imEinsatzf\u00fcrHalberstadt","publisher":{"@id":"https:\/\/www.feuerwehr-halberstadt.de\/#organization"},"potentialAction":[{"@type":"SearchAction","target":{"@type":"EntryPoint","urlTemplate":"https:\/\/www.feuerwehr-halberstadt.de\/?s={search_term_string}"},"query-input":{"@type":"PropertyValueSpecification","valueRequired":true,"valueName":"search_term_string"}}],"inLanguage":"de"},{"@type":"Organization","@id":"https:\/\/www.feuerwehr-halberstadt.de\/#organization","name":"Feuerwehr Halberstadt","url":"https:\/\/www.feuerwehr-halberstadt.de\/","logo":{"@type":"ImageObject","inLanguage":"de","@id":"https:\/\/www.feuerwehr-halberstadt.de\/#\/schema\/logo\/image\/","url":"https:\/\/www.feuerwehr-halberstadt.de\/wp-content\/uploads\/2023\/10\/IMG_0126.png","contentUrl":"https:\/\/www.feuerwehr-halberstadt.de\/wp-content\/uploads\/2023\/10\/IMG_0126.png","width":1500,"height":399,"caption":"Feuerwehr Halberstadt"},"image":{"@id":"https:\/\/www.feuerwehr-halberstadt.de\/#\/schema\/logo\/image\/"},"sameAs":["https:\/\/www.facebook.com\/FeuerwehrHalberstadt\/"]},{"@type":"Person","@id":"https:\/\/www.feuerwehr-halberstadt.de\/#\/schema\/person\/55ce5d9b46008e58cd3d55d4116ec727","name":"Buchold, Chris","image":{"@type":"ImageObject","inLanguage":"de","@id":"https:\/\/secure.gravatar.com\/avatar\/bff08a084f0390bf8a93fc28c488452766ba521109cec244ac64210fdd500a49?s=96&d=mm&r=g","url":"https:\/\/secure.gravatar.com\/avatar\/bff08a084f0390bf8a93fc28c488452766ba521109cec244ac64210fdd500a49?s=96&d=mm&r=g","contentUrl":"https:\/\/secure.gravatar.com\/avatar\/bff08a084f0390bf8a93fc28c488452766ba521109cec244ac64210fdd500a49?s=96&d=mm&r=g","caption":"Buchold, Chris"},"url":"https:\/\/www.feuerwehr-halberstadt.de\/?author=3"}]}},"_links":{"self":[{"href":"https:\/\/www.feuerwehr-halberstadt.de\/index.php?rest_route=\/wp\/v2\/posts\/14542","targetHints":{"allow":["GET"]}}],"collection":[{"href":"https:\/\/www.feuerwehr-halberstadt.de\/index.php?rest_route=\/wp\/v2\/posts"}],"about":[{"href":"https:\/\/www.feuerwehr-halberstadt.de\/index.php?rest_route=\/wp\/v2\/types\/post"}],"author":[{"embeddable":true,"href":"https:\/\/www.feuerwehr-halberstadt.de\/index.php?rest_route=\/wp\/v2\/users\/3"}],"replies":[{"embeddable":true,"href":"https:\/\/www.feuerwehr-halberstadt.de\/index.php?rest_route=%2Fwp%2Fv2%2Fcomments&post=14542"}],"version-history":[{"count":8,"href":"https:\/\/www.feuerwehr-halberstadt.de\/index.php?rest_route=\/wp\/v2\/posts\/14542\/revisions"}],"predecessor-version":[{"id":14563,"href":"https:\/\/www.feuerwehr-halberstadt.de\/index.php?rest_route=\/wp\/v2\/posts\/14542\/revisions\/14563"}],"wp:featuredmedia":[{"embeddable":true,"href":"https:\/\/www.feuerwehr-halberstadt.de\/index.php?rest_route=\/wp\/v2\/media\/14555"}],"wp:attachment":[{"href":"https:\/\/www.feuerwehr-halberstadt.de\/index.php?rest_route=%2Fwp%2Fv2%2Fmedia&parent=14542"}],"wp:term":[{"taxonomy":"category","embeddable":true,"href":"https:\/\/www.feuerwehr-halberstadt.de\/index.php?rest_route=%2Fwp%2Fv2%2Fcategories&post=14542"},{"taxonomy":"post_tag","embeddable":true,"href":"https:\/\/www.feuerwehr-halberstadt.de\/index.php?rest_route=%2Fwp%2Fv2%2Ftags&post=14542"}],"curies":[{"name":"wp","href":"https:\/\/api.w.org\/{rel}","templated":true}]}}