{"id":14498,"date":"2024-01-01T12:27:53","date_gmt":"2024-01-01T11:27:53","guid":{"rendered":"https:\/\/www.feuerwehr-halberstadt.de\/?p=14498"},"modified":"2024-01-08T15:58:55","modified_gmt":"2024-01-08T14:58:55","slug":"bilanz-der-silvesternacht","status":"publish","type":"post","link":"https:\/\/www.feuerwehr-halberstadt.de\/?p=14498","title":{"rendered":"Bilanz der Silvesternacht 2023\/2024"},"content":{"rendered":"\n<p>Vom 31.12.2023 (7 Uhr) bis 01.01.2024 (7 Uhr) wurde unsere Hauptberufliche Wachbereitschaft zu insgesamt 12 Eins\u00e4tzen alarmiert. Der erste Einsatz f\u00fchrte die Kameraden zu einer Tragehilfe f\u00fcr den Rettungsdienst in die Wolfenb\u00fctteler Stra\u00dfe. Im Verlauf der Nacht folgten 10 Kleinbr\u00e4nde im Stadtgebiet, bevor der 24 Stunden Dienst mit einer weiteren Tragehilfe beendet wurde. <\/p>\n\n\n\n<p>Ein Vorfall ist dabei besonders erw\u00e4hnenswert. Die Wachbereitschaft wurde zu einem Kleinbrand in die Bahnhofstra\u00dfe alarmiert. Bei Ankunft an der Einsatzstelle wurden Fahrzeug und Einsatzkr\u00e4fte mit einer Feuerwerksbatterie massiv beschossen, sodass unverz\u00fcglich die Polizei hinzugezogen wurde. Diese traf kurze Zeit sp\u00e4ter mit mehreren Fahrzeugen vor Ort ein.<\/p>\n\n\n\n<p>Sp\u00e4ter wurde ein PKW-Brand unweit der ersten Einsatzstelle gemeldet. Die Kameraden wurden mit Steinen, Feuerwerksk\u00f6rpern, Flaschen, Holzlatten u.a. beworfen und beschimpft.<\/p>\n\n\n\n<p>Ein gemeldeter Balkon- und Dachstuhlbrand konnte nicht best\u00e4tigt werden, was die Vermutung nahe legt, dass diese Meldung eine b\u00f6swillige Absicht hatte. Diese Notrufe wurden vorget\u00e4uscht, um die Kameraden erneut angreifen zu k\u00f6nnen.<\/p>\n\n\n\n<p>Zum Gl\u00fcck wurden keine Kameraden verletzt. Am Fahrzeug wurden ca. 40 Einschl\u00e4ge gez\u00e4hlt. Die Schadensh\u00f6he ist aktuell noch unklar.<\/p>\n\n\n\n<p>Die Angriffe der letzten Nacht verurteilen wir auf das aller sch\u00e4rfste! Es ist entt\u00e4uschend, dass Halberst\u00e4dter B\u00fcrger \u201eihre\u201c Feuerwehr angreifen. Die Menschen, die f\u00fcr die Sicherheit aller sorgen und Leben retten, sollten niemals Opfer von Gewalt und Heimt\u00fccke sein. <\/p>\n\n\n\n<p>Die Polizei hat die Ermittlungen aufgenommen.<\/p>\n\n\n\n<p>Bedanken m\u00f6chten wir uns bei allen B\u00fcrgern, die sich im Rahmen anderer Eins\u00e4tze bei uns bedankt haben und ein frohes neues Jahr w\u00fcnschten. <\/p>\n","protected":false},"excerpt":{"rendered":"<p>Vom 31.12.2023 (7 Uhr) bis 01.01.2024 (7 Uhr) wurde unsere Hauptberufliche Wachbereitschaft zu insgesamt 12 Eins\u00e4tzen alarmiert. Der erste Einsatz f\u00fchrte die Kameraden zu einer Tragehilfe f\u00fcr den Rettungsdienst in die Wolfenb\u00fctteler Stra\u00dfe. Im Verlauf der Nacht folgten 10 Kleinbr\u00e4nde im Stadtgebiet, bevor der 24 Stunden Dienst mit einer weiteren Tragehilfe beendet wurde. Ein Vorfall [&hellip;]<\/p>\n","protected":false},"author":3,"featured_media":14497,"comment_status":"closed","ping_status":"closed","sticky":false,"template":"single-templates\/single-full-width-image.php","format":"standard","meta":{"_acf_changed":false,"footnotes":""},"categories":[9],"tags":[],"class_list":["post-14498","post","type-post","status-publish","format-standard","has-post-thumbnail","hentry","category-allgemein"],"acf":[],"yoast_head":"<!-- This site is optimized with the Yoast SEO plugin v27.5 - https:\/\/yoast.com\/product\/yoast-seo-wordpress\/ -->\n<title>Bilanz der Silvesternacht 2023\/2024 - Feuerwehr Halberstadt<\/title>\n<meta name=\"robots\" content=\"index, follow, max-snippet:-1, max-image-preview:large, max-video-preview:-1\" \/>\n<link rel=\"canonical\" href=\"https:\/\/www.feuerwehr-halberstadt.de\/?p=14498\" \/>\n<meta property=\"og:locale\" content=\"de_DE\" \/>\n<meta property=\"og:type\" content=\"article\" \/>\n<meta property=\"og:title\" content=\"Bilanz der Silvesternacht 2023\/2024 - Feuerwehr Halberstadt\" \/>\n<meta property=\"og:description\" content=\"Vom 31.12.2023 (7 Uhr) bis 01.01.2024 (7 Uhr) wurde unsere Hauptberufliche Wachbereitschaft zu insgesamt 12 Eins\u00e4tzen alarmiert. Der erste Einsatz f\u00fchrte die Kameraden zu einer Tragehilfe f\u00fcr den Rettungsdienst in die Wolfenb\u00fctteler Stra\u00dfe. Im Verlauf der Nacht folgten 10 Kleinbr\u00e4nde im Stadtgebiet, bevor der 24 Stunden Dienst mit einer weiteren Tragehilfe beendet wurde. Ein Vorfall [&hellip;]\" \/>\n<meta property=\"og:url\" content=\"https:\/\/www.feuerwehr-halberstadt.de\/?p=14498\" \/>\n<meta property=\"og:site_name\" content=\"Feuerwehr Halberstadt\" \/>\n<meta property=\"article:publisher\" content=\"https:\/\/www.facebook.com\/FeuerwehrHalberstadt\/\" \/>\n<meta property=\"article:published_time\" content=\"2024-01-01T11:27:53+00:00\" \/>\n<meta property=\"article:modified_time\" content=\"2024-01-08T14:58:55+00:00\" \/>\n<meta property=\"og:image\" content=\"https:\/\/www.feuerwehr-halberstadt.de\/wp-content\/uploads\/2024\/01\/4a8d1ced-2271-462d-acc7-3d23df253219.jpeg\" \/>\n\t<meta property=\"og:image:width\" content=\"2048\" \/>\n\t<meta property=\"og:image:height\" content=\"1536\" \/>\n\t<meta property=\"og:image:type\" content=\"image\/jpeg\" \/>\n<meta name=\"author\" content=\"Buchold, Chris\" \/>\n<meta name=\"twitter:card\" content=\"summary_large_image\" \/>\n<meta name=\"twitter:label1\" content=\"Verfasst von\" \/>\n\t<meta name=\"twitter:data1\" content=\"Buchold, Chris\" \/>\n\t<meta name=\"twitter:label2\" content=\"Gesch\u00e4tzte Lesezeit\" \/>\n\t<meta name=\"twitter:data2\" content=\"2\u00a0Minuten\" \/>\n<script type=\"application\/ld+json\" class=\"yoast-schema-graph\">{\"@context\":\"https:\\\/\\\/schema.org\",\"@graph\":[{\"@type\":\"Article\",\"@id\":\"https:\\\/\\\/www.feuerwehr-halberstadt.de\\\/?p=14498#article\",\"isPartOf\":{\"@id\":\"https:\\\/\\\/www.feuerwehr-halberstadt.de\\\/?p=14498\"},\"author\":{\"name\":\"Buchold, Chris\",\"@id\":\"https:\\\/\\\/www.feuerwehr-halberstadt.de\\\/#\\\/schema\\\/person\\\/55ce5d9b46008e58cd3d55d4116ec727\"},\"headline\":\"Bilanz der Silvesternacht 2023\\\/2024\",\"datePublished\":\"2024-01-01T11:27:53+00:00\",\"dateModified\":\"2024-01-08T14:58:55+00:00\",\"mainEntityOfPage\":{\"@id\":\"https:\\\/\\\/www.feuerwehr-halberstadt.de\\\/?p=14498\"},\"wordCount\":267,\"publisher\":{\"@id\":\"https:\\\/\\\/www.feuerwehr-halberstadt.de\\\/#organization\"},\"image\":{\"@id\":\"https:\\\/\\\/www.feuerwehr-halberstadt.de\\\/?p=14498#primaryimage\"},\"thumbnailUrl\":\"https:\\\/\\\/www.feuerwehr-halberstadt.de\\\/wp-content\\\/uploads\\\/2024\\\/01\\\/4a8d1ced-2271-462d-acc7-3d23df253219.jpeg\",\"inLanguage\":\"de\"},{\"@type\":\"WebPage\",\"@id\":\"https:\\\/\\\/www.feuerwehr-halberstadt.de\\\/?p=14498\",\"url\":\"https:\\\/\\\/www.feuerwehr-halberstadt.de\\\/?p=14498\",\"name\":\"Bilanz der Silvesternacht 2023\\\/2024 - Feuerwehr Halberstadt\",\"isPartOf\":{\"@id\":\"https:\\\/\\\/www.feuerwehr-halberstadt.de\\\/#website\"},\"primaryImageOfPage\":{\"@id\":\"https:\\\/\\\/www.feuerwehr-halberstadt.de\\\/?p=14498#primaryimage\"},\"image\":{\"@id\":\"https:\\\/\\\/www.feuerwehr-halberstadt.de\\\/?p=14498#primaryimage\"},\"thumbnailUrl\":\"https:\\\/\\\/www.feuerwehr-halberstadt.de\\\/wp-content\\\/uploads\\\/2024\\\/01\\\/4a8d1ced-2271-462d-acc7-3d23df253219.jpeg\",\"datePublished\":\"2024-01-01T11:27:53+00:00\",\"dateModified\":\"2024-01-08T14:58:55+00:00\",\"breadcrumb\":{\"@id\":\"https:\\\/\\\/www.feuerwehr-halberstadt.de\\\/?p=14498#breadcrumb\"},\"inLanguage\":\"de\",\"potentialAction\":[{\"@type\":\"ReadAction\",\"target\":[\"https:\\\/\\\/www.feuerwehr-halberstadt.de\\\/?p=14498\"]}]},{\"@type\":\"ImageObject\",\"inLanguage\":\"de\",\"@id\":\"https:\\\/\\\/www.feuerwehr-halberstadt.de\\\/?p=14498#primaryimage\",\"url\":\"https:\\\/\\\/www.feuerwehr-halberstadt.de\\\/wp-content\\\/uploads\\\/2024\\\/01\\\/4a8d1ced-2271-462d-acc7-3d23df253219.jpeg\",\"contentUrl\":\"https:\\\/\\\/www.feuerwehr-halberstadt.de\\\/wp-content\\\/uploads\\\/2024\\\/01\\\/4a8d1ced-2271-462d-acc7-3d23df253219.jpeg\",\"width\":2048,\"height\":1536},{\"@type\":\"BreadcrumbList\",\"@id\":\"https:\\\/\\\/www.feuerwehr-halberstadt.de\\\/?p=14498#breadcrumb\",\"itemListElement\":[{\"@type\":\"ListItem\",\"position\":1,\"name\":\"Startseite\",\"item\":\"https:\\\/\\\/www.feuerwehr-halberstadt.de\\\/\"},{\"@type\":\"ListItem\",\"position\":2,\"name\":\"Bilanz der Silvesternacht 2023\\\/2024\"}]},{\"@type\":\"WebSite\",\"@id\":\"https:\\\/\\\/www.feuerwehr-halberstadt.de\\\/#website\",\"url\":\"https:\\\/\\\/www.feuerwehr-halberstadt.de\\\/\",\"name\":\"Feuerwehr Halberstadt\",\"description\":\"#imEinsatzf\u00fcrHalberstadt\",\"publisher\":{\"@id\":\"https:\\\/\\\/www.feuerwehr-halberstadt.de\\\/#organization\"},\"potentialAction\":[{\"@type\":\"SearchAction\",\"target\":{\"@type\":\"EntryPoint\",\"urlTemplate\":\"https:\\\/\\\/www.feuerwehr-halberstadt.de\\\/?s={search_term_string}\"},\"query-input\":{\"@type\":\"PropertyValueSpecification\",\"valueRequired\":true,\"valueName\":\"search_term_string\"}}],\"inLanguage\":\"de\"},{\"@type\":\"Organization\",\"@id\":\"https:\\\/\\\/www.feuerwehr-halberstadt.de\\\/#organization\",\"name\":\"Feuerwehr Halberstadt\",\"url\":\"https:\\\/\\\/www.feuerwehr-halberstadt.de\\\/\",\"logo\":{\"@type\":\"ImageObject\",\"inLanguage\":\"de\",\"@id\":\"https:\\\/\\\/www.feuerwehr-halberstadt.de\\\/#\\\/schema\\\/logo\\\/image\\\/\",\"url\":\"https:\\\/\\\/www.feuerwehr-halberstadt.de\\\/wp-content\\\/uploads\\\/2023\\\/10\\\/IMG_0126.png\",\"contentUrl\":\"https:\\\/\\\/www.feuerwehr-halberstadt.de\\\/wp-content\\\/uploads\\\/2023\\\/10\\\/IMG_0126.png\",\"width\":1500,\"height\":399,\"caption\":\"Feuerwehr Halberstadt\"},\"image\":{\"@id\":\"https:\\\/\\\/www.feuerwehr-halberstadt.de\\\/#\\\/schema\\\/logo\\\/image\\\/\"},\"sameAs\":[\"https:\\\/\\\/www.facebook.com\\\/FeuerwehrHalberstadt\\\/\"]},{\"@type\":\"Person\",\"@id\":\"https:\\\/\\\/www.feuerwehr-halberstadt.de\\\/#\\\/schema\\\/person\\\/55ce5d9b46008e58cd3d55d4116ec727\",\"name\":\"Buchold, Chris\",\"image\":{\"@type\":\"ImageObject\",\"inLanguage\":\"de\",\"@id\":\"https:\\\/\\\/secure.gravatar.com\\\/avatar\\\/bff08a084f0390bf8a93fc28c488452766ba521109cec244ac64210fdd500a49?s=96&d=mm&r=g\",\"url\":\"https:\\\/\\\/secure.gravatar.com\\\/avatar\\\/bff08a084f0390bf8a93fc28c488452766ba521109cec244ac64210fdd500a49?s=96&d=mm&r=g\",\"contentUrl\":\"https:\\\/\\\/secure.gravatar.com\\\/avatar\\\/bff08a084f0390bf8a93fc28c488452766ba521109cec244ac64210fdd500a49?s=96&d=mm&r=g\",\"caption\":\"Buchold, Chris\"},\"url\":\"https:\\\/\\\/www.feuerwehr-halberstadt.de\\\/?author=3\"}]}<\/script>\n<!-- \/ Yoast SEO plugin. -->","yoast_head_json":{"title":"Bilanz der Silvesternacht 2023\/2024 - Feuerwehr Halberstadt","robots":{"index":"index","follow":"follow","max-snippet":"max-snippet:-1","max-image-preview":"max-image-preview:large","max-video-preview":"max-video-preview:-1"},"canonical":"https:\/\/www.feuerwehr-halberstadt.de\/?p=14498","og_locale":"de_DE","og_type":"article","og_title":"Bilanz der Silvesternacht 2023\/2024 - Feuerwehr Halberstadt","og_description":"Vom 31.12.2023 (7 Uhr) bis 01.01.2024 (7 Uhr) wurde unsere Hauptberufliche Wachbereitschaft zu insgesamt 12 Eins\u00e4tzen alarmiert. Der erste Einsatz f\u00fchrte die Kameraden zu einer Tragehilfe f\u00fcr den Rettungsdienst in die Wolfenb\u00fctteler Stra\u00dfe. Im Verlauf der Nacht folgten 10 Kleinbr\u00e4nde im Stadtgebiet, bevor der 24 Stunden Dienst mit einer weiteren Tragehilfe beendet wurde. Ein Vorfall [&hellip;]","og_url":"https:\/\/www.feuerwehr-halberstadt.de\/?p=14498","og_site_name":"Feuerwehr Halberstadt","article_publisher":"https:\/\/www.facebook.com\/FeuerwehrHalberstadt\/","article_published_time":"2024-01-01T11:27:53+00:00","article_modified_time":"2024-01-08T14:58:55+00:00","og_image":[{"width":2048,"height":1536,"url":"https:\/\/www.feuerwehr-halberstadt.de\/wp-content\/uploads\/2024\/01\/4a8d1ced-2271-462d-acc7-3d23df253219.jpeg","type":"image\/jpeg"}],"author":"Buchold, Chris","twitter_card":"summary_large_image","twitter_misc":{"Verfasst von":"Buchold, Chris","Gesch\u00e4tzte Lesezeit":"2\u00a0Minuten"},"schema":{"@context":"https:\/\/schema.org","@graph":[{"@type":"Article","@id":"https:\/\/www.feuerwehr-halberstadt.de\/?p=14498#article","isPartOf":{"@id":"https:\/\/www.feuerwehr-halberstadt.de\/?p=14498"},"author":{"name":"Buchold, Chris","@id":"https:\/\/www.feuerwehr-halberstadt.de\/#\/schema\/person\/55ce5d9b46008e58cd3d55d4116ec727"},"headline":"Bilanz der Silvesternacht 2023\/2024","datePublished":"2024-01-01T11:27:53+00:00","dateModified":"2024-01-08T14:58:55+00:00","mainEntityOfPage":{"@id":"https:\/\/www.feuerwehr-halberstadt.de\/?p=14498"},"wordCount":267,"publisher":{"@id":"https:\/\/www.feuerwehr-halberstadt.de\/#organization"},"image":{"@id":"https:\/\/www.feuerwehr-halberstadt.de\/?p=14498#primaryimage"},"thumbnailUrl":"https:\/\/www.feuerwehr-halberstadt.de\/wp-content\/uploads\/2024\/01\/4a8d1ced-2271-462d-acc7-3d23df253219.jpeg","inLanguage":"de"},{"@type":"WebPage","@id":"https:\/\/www.feuerwehr-halberstadt.de\/?p=14498","url":"https:\/\/www.feuerwehr-halberstadt.de\/?p=14498","name":"Bilanz der Silvesternacht 2023\/2024 - Feuerwehr Halberstadt","isPartOf":{"@id":"https:\/\/www.feuerwehr-halberstadt.de\/#website"},"primaryImageOfPage":{"@id":"https:\/\/www.feuerwehr-halberstadt.de\/?p=14498#primaryimage"},"image":{"@id":"https:\/\/www.feuerwehr-halberstadt.de\/?p=14498#primaryimage"},"thumbnailUrl":"https:\/\/www.feuerwehr-halberstadt.de\/wp-content\/uploads\/2024\/01\/4a8d1ced-2271-462d-acc7-3d23df253219.jpeg","datePublished":"2024-01-01T11:27:53+00:00","dateModified":"2024-01-08T14:58:55+00:00","breadcrumb":{"@id":"https:\/\/www.feuerwehr-halberstadt.de\/?p=14498#breadcrumb"},"inLanguage":"de","potentialAction":[{"@type":"ReadAction","target":["https:\/\/www.feuerwehr-halberstadt.de\/?p=14498"]}]},{"@type":"ImageObject","inLanguage":"de","@id":"https:\/\/www.feuerwehr-halberstadt.de\/?p=14498#primaryimage","url":"https:\/\/www.feuerwehr-halberstadt.de\/wp-content\/uploads\/2024\/01\/4a8d1ced-2271-462d-acc7-3d23df253219.jpeg","contentUrl":"https:\/\/www.feuerwehr-halberstadt.de\/wp-content\/uploads\/2024\/01\/4a8d1ced-2271-462d-acc7-3d23df253219.jpeg","width":2048,"height":1536},{"@type":"BreadcrumbList","@id":"https:\/\/www.feuerwehr-halberstadt.de\/?p=14498#breadcrumb","itemListElement":[{"@type":"ListItem","position":1,"name":"Startseite","item":"https:\/\/www.feuerwehr-halberstadt.de\/"},{"@type":"ListItem","position":2,"name":"Bilanz der Silvesternacht 2023\/2024"}]},{"@type":"WebSite","@id":"https:\/\/www.feuerwehr-halberstadt.de\/#website","url":"https:\/\/www.feuerwehr-halberstadt.de\/","name":"Feuerwehr Halberstadt","description":"#imEinsatzf\u00fcrHalberstadt","publisher":{"@id":"https:\/\/www.feuerwehr-halberstadt.de\/#organization"},"potentialAction":[{"@type":"SearchAction","target":{"@type":"EntryPoint","urlTemplate":"https:\/\/www.feuerwehr-halberstadt.de\/?s={search_term_string}"},"query-input":{"@type":"PropertyValueSpecification","valueRequired":true,"valueName":"search_term_string"}}],"inLanguage":"de"},{"@type":"Organization","@id":"https:\/\/www.feuerwehr-halberstadt.de\/#organization","name":"Feuerwehr Halberstadt","url":"https:\/\/www.feuerwehr-halberstadt.de\/","logo":{"@type":"ImageObject","inLanguage":"de","@id":"https:\/\/www.feuerwehr-halberstadt.de\/#\/schema\/logo\/image\/","url":"https:\/\/www.feuerwehr-halberstadt.de\/wp-content\/uploads\/2023\/10\/IMG_0126.png","contentUrl":"https:\/\/www.feuerwehr-halberstadt.de\/wp-content\/uploads\/2023\/10\/IMG_0126.png","width":1500,"height":399,"caption":"Feuerwehr Halberstadt"},"image":{"@id":"https:\/\/www.feuerwehr-halberstadt.de\/#\/schema\/logo\/image\/"},"sameAs":["https:\/\/www.facebook.com\/FeuerwehrHalberstadt\/"]},{"@type":"Person","@id":"https:\/\/www.feuerwehr-halberstadt.de\/#\/schema\/person\/55ce5d9b46008e58cd3d55d4116ec727","name":"Buchold, Chris","image":{"@type":"ImageObject","inLanguage":"de","@id":"https:\/\/secure.gravatar.com\/avatar\/bff08a084f0390bf8a93fc28c488452766ba521109cec244ac64210fdd500a49?s=96&d=mm&r=g","url":"https:\/\/secure.gravatar.com\/avatar\/bff08a084f0390bf8a93fc28c488452766ba521109cec244ac64210fdd500a49?s=96&d=mm&r=g","contentUrl":"https:\/\/secure.gravatar.com\/avatar\/bff08a084f0390bf8a93fc28c488452766ba521109cec244ac64210fdd500a49?s=96&d=mm&r=g","caption":"Buchold, Chris"},"url":"https:\/\/www.feuerwehr-halberstadt.de\/?author=3"}]}},"_links":{"self":[{"href":"https:\/\/www.feuerwehr-halberstadt.de\/index.php?rest_route=\/wp\/v2\/posts\/14498","targetHints":{"allow":["GET"]}}],"collection":[{"href":"https:\/\/www.feuerwehr-halberstadt.de\/index.php?rest_route=\/wp\/v2\/posts"}],"about":[{"href":"https:\/\/www.feuerwehr-halberstadt.de\/index.php?rest_route=\/wp\/v2\/types\/post"}],"author":[{"embeddable":true,"href":"https:\/\/www.feuerwehr-halberstadt.de\/index.php?rest_route=\/wp\/v2\/users\/3"}],"replies":[{"embeddable":true,"href":"https:\/\/www.feuerwehr-halberstadt.de\/index.php?rest_route=%2Fwp%2Fv2%2Fcomments&post=14498"}],"version-history":[{"count":7,"href":"https:\/\/www.feuerwehr-halberstadt.de\/index.php?rest_route=\/wp\/v2\/posts\/14498\/revisions"}],"predecessor-version":[{"id":14508,"href":"https:\/\/www.feuerwehr-halberstadt.de\/index.php?rest_route=\/wp\/v2\/posts\/14498\/revisions\/14508"}],"wp:featuredmedia":[{"embeddable":true,"href":"https:\/\/www.feuerwehr-halberstadt.de\/index.php?rest_route=\/wp\/v2\/media\/14497"}],"wp:attachment":[{"href":"https:\/\/www.feuerwehr-halberstadt.de\/index.php?rest_route=%2Fwp%2Fv2%2Fmedia&parent=14498"}],"wp:term":[{"taxonomy":"category","embeddable":true,"href":"https:\/\/www.feuerwehr-halberstadt.de\/index.php?rest_route=%2Fwp%2Fv2%2Fcategories&post=14498"},{"taxonomy":"post_tag","embeddable":true,"href":"https:\/\/www.feuerwehr-halberstadt.de\/index.php?rest_route=%2Fwp%2Fv2%2Ftags&post=14498"}],"curies":[{"name":"wp","href":"https:\/\/api.w.org\/{rel}","templated":true}]}}