{"id":14483,"date":"2023-12-31T15:56:32","date_gmt":"2023-12-31T14:56:32","guid":{"rendered":"https:\/\/www.feuerwehr-halberstadt.de\/?p=14483"},"modified":"2024-01-08T16:04:36","modified_gmt":"2024-01-08T15:04:36","slug":"ob-besucht-wachbereitschaft-zum-traditionellen-silvester-fruehstueck","status":"publish","type":"post","link":"https:\/\/www.feuerwehr-halberstadt.de\/?p=14483","title":{"rendered":"OB besucht Wachbereitschaft zum traditionellen Silvester-Fr\u00fchst\u00fcck"},"content":{"rendered":"\n<p>W\u00e4hrend an Silvester die meisten Menschen auf Partys oder zu Hause bei ihren Lieben sind, verbringen einige den Jahreswechsel auf Arbeit.<\/p>\n\n\n\n<p>Mike Schneevoigt, Christian Albrecht, Nico Kr\u00fcger, Jan Haunschild, Johannes Herrschaft, Kai Ehelebe und Philipp Kluckhenn sind seit 7 Uhr im Dienst und garantieren f\u00fcr die \u00f6ffentliche Sicherheit. Bei gr\u00f6\u00dferen Eins\u00e4tzen oder mehreren Eins\u00e4tzen gleichzeitig, unterst\u00fctzen nat\u00fcrlich auch die Kameraden der Freiwilligen Feuerwehren. Diensthabender Einsatzleitdienst ist Brandamtsrat Ingo Wetzel, der ebenfalls rund um die Uhr im Dienst steht, eventuelle Feuerwehreins\u00e4tze leitet oder als SOG-Dienst der Stadt Halberstadt zur Verf\u00fcgung steht.&nbsp;<br><br>Traditionell besucht Oberb\u00fcrgermeister Daniel Szarata am 31. Dezember die diensthabende Schicht der Hauptberuflichen Wachbereitschaft, um gemeinsam mit ihnen zu fr\u00fchst\u00fccken und so Verbundenheit und Anerkennung der Verwaltung gegen\u00fcber den Feuerwehrm\u00e4nnern auszudr\u00fccken.<\/p>\n\n\n\n<p>Gl\u00fccklicherweise kam den acht Kameraden kein Einsatz dazwischen, sodass sich das Stadtoberhaupt und die Einsatzkr\u00e4fte in Ruhe um den gedeckten Fr\u00fchst\u00fcckstisch setzen und plaudern konnten.<\/p>\n","protected":false},"excerpt":{"rendered":"<p>W\u00e4hrend an Silvester die meisten Menschen auf Partys oder zu Hause bei ihren Lieben sind, verbringen einige den Jahreswechsel auf Arbeit. Mike Schneevoigt, Christian Albrecht, Nico Kr\u00fcger, Jan Haunschild, Johannes Herrschaft, Kai Ehelebe und Philipp Kluckhenn sind seit 7 Uhr im Dienst und garantieren f\u00fcr die \u00f6ffentliche Sicherheit. Bei gr\u00f6\u00dferen Eins\u00e4tzen oder mehreren Eins\u00e4tzen gleichzeitig, [&hellip;]<\/p>\n","protected":false},"author":3,"featured_media":14482,"comment_status":"closed","ping_status":"closed","sticky":false,"template":"single-templates\/single-full-width-image.php","format":"standard","meta":{"_acf_changed":false,"footnotes":""},"categories":[11],"tags":[],"class_list":["post-14483","post","type-post","status-publish","format-standard","has-post-thumbnail","hentry","category-wache"],"acf":[],"yoast_head":"<!-- This site is optimized with the Yoast SEO plugin v27.5 - https:\/\/yoast.com\/product\/yoast-seo-wordpress\/ -->\n<title>OB besucht Wachbereitschaft zum traditionellen Silvester-Fr\u00fchst\u00fcck - Feuerwehr Halberstadt<\/title>\n<meta name=\"robots\" content=\"index, follow, max-snippet:-1, max-image-preview:large, max-video-preview:-1\" \/>\n<link rel=\"canonical\" href=\"https:\/\/www.feuerwehr-halberstadt.de\/?p=14483\" \/>\n<meta property=\"og:locale\" content=\"de_DE\" \/>\n<meta property=\"og:type\" content=\"article\" \/>\n<meta property=\"og:title\" content=\"OB besucht Wachbereitschaft zum traditionellen Silvester-Fr\u00fchst\u00fcck - Feuerwehr Halberstadt\" \/>\n<meta property=\"og:description\" content=\"W\u00e4hrend an Silvester die meisten Menschen auf Partys oder zu Hause bei ihren Lieben sind, verbringen einige den Jahreswechsel auf Arbeit. Mike Schneevoigt, Christian Albrecht, Nico Kr\u00fcger, Jan Haunschild, Johannes Herrschaft, Kai Ehelebe und Philipp Kluckhenn sind seit 7 Uhr im Dienst und garantieren f\u00fcr die \u00f6ffentliche Sicherheit. Bei gr\u00f6\u00dferen Eins\u00e4tzen oder mehreren Eins\u00e4tzen gleichzeitig, [&hellip;]\" \/>\n<meta property=\"og:url\" content=\"https:\/\/www.feuerwehr-halberstadt.de\/?p=14483\" \/>\n<meta property=\"og:site_name\" content=\"Feuerwehr Halberstadt\" \/>\n<meta property=\"article:publisher\" content=\"https:\/\/www.facebook.com\/FeuerwehrHalberstadt\/\" \/>\n<meta property=\"article:published_time\" content=\"2023-12-31T14:56:32+00:00\" \/>\n<meta property=\"article:modified_time\" content=\"2024-01-08T15:04:36+00:00\" \/>\n<meta property=\"og:image\" content=\"https:\/\/www.feuerwehr-halberstadt.de\/wp-content\/uploads\/2023\/12\/856dbc40-5ebc-4971-b3d3-3cd74aff917c.jpeg\" \/>\n\t<meta property=\"og:image:width\" content=\"2048\" \/>\n\t<meta property=\"og:image:height\" content=\"1536\" \/>\n\t<meta property=\"og:image:type\" content=\"image\/jpeg\" \/>\n<meta name=\"author\" content=\"Buchold, Chris\" \/>\n<meta name=\"twitter:card\" content=\"summary_large_image\" \/>\n<meta name=\"twitter:label1\" content=\"Verfasst von\" \/>\n\t<meta name=\"twitter:data1\" content=\"Buchold, Chris\" \/>\n\t<meta name=\"twitter:label2\" content=\"Gesch\u00e4tzte Lesezeit\" \/>\n\t<meta name=\"twitter:data2\" content=\"1\u00a0Minute\" \/>\n<script type=\"application\/ld+json\" class=\"yoast-schema-graph\">{\"@context\":\"https:\\\/\\\/schema.org\",\"@graph\":[{\"@type\":\"Article\",\"@id\":\"https:\\\/\\\/www.feuerwehr-halberstadt.de\\\/?p=14483#article\",\"isPartOf\":{\"@id\":\"https:\\\/\\\/www.feuerwehr-halberstadt.de\\\/?p=14483\"},\"author\":{\"name\":\"Buchold, Chris\",\"@id\":\"https:\\\/\\\/www.feuerwehr-halberstadt.de\\\/#\\\/schema\\\/person\\\/55ce5d9b46008e58cd3d55d4116ec727\"},\"headline\":\"OB besucht Wachbereitschaft zum traditionellen Silvester-Fr\u00fchst\u00fcck\",\"datePublished\":\"2023-12-31T14:56:32+00:00\",\"dateModified\":\"2024-01-08T15:04:36+00:00\",\"mainEntityOfPage\":{\"@id\":\"https:\\\/\\\/www.feuerwehr-halberstadt.de\\\/?p=14483\"},\"wordCount\":173,\"publisher\":{\"@id\":\"https:\\\/\\\/www.feuerwehr-halberstadt.de\\\/#organization\"},\"image\":{\"@id\":\"https:\\\/\\\/www.feuerwehr-halberstadt.de\\\/?p=14483#primaryimage\"},\"thumbnailUrl\":\"https:\\\/\\\/www.feuerwehr-halberstadt.de\\\/wp-content\\\/uploads\\\/2023\\\/12\\\/856dbc40-5ebc-4971-b3d3-3cd74aff917c.jpeg\",\"articleSection\":[\"Wache\"],\"inLanguage\":\"de\"},{\"@type\":\"WebPage\",\"@id\":\"https:\\\/\\\/www.feuerwehr-halberstadt.de\\\/?p=14483\",\"url\":\"https:\\\/\\\/www.feuerwehr-halberstadt.de\\\/?p=14483\",\"name\":\"OB besucht Wachbereitschaft zum traditionellen Silvester-Fr\u00fchst\u00fcck - Feuerwehr Halberstadt\",\"isPartOf\":{\"@id\":\"https:\\\/\\\/www.feuerwehr-halberstadt.de\\\/#website\"},\"primaryImageOfPage\":{\"@id\":\"https:\\\/\\\/www.feuerwehr-halberstadt.de\\\/?p=14483#primaryimage\"},\"image\":{\"@id\":\"https:\\\/\\\/www.feuerwehr-halberstadt.de\\\/?p=14483#primaryimage\"},\"thumbnailUrl\":\"https:\\\/\\\/www.feuerwehr-halberstadt.de\\\/wp-content\\\/uploads\\\/2023\\\/12\\\/856dbc40-5ebc-4971-b3d3-3cd74aff917c.jpeg\",\"datePublished\":\"2023-12-31T14:56:32+00:00\",\"dateModified\":\"2024-01-08T15:04:36+00:00\",\"breadcrumb\":{\"@id\":\"https:\\\/\\\/www.feuerwehr-halberstadt.de\\\/?p=14483#breadcrumb\"},\"inLanguage\":\"de\",\"potentialAction\":[{\"@type\":\"ReadAction\",\"target\":[\"https:\\\/\\\/www.feuerwehr-halberstadt.de\\\/?p=14483\"]}]},{\"@type\":\"ImageObject\",\"inLanguage\":\"de\",\"@id\":\"https:\\\/\\\/www.feuerwehr-halberstadt.de\\\/?p=14483#primaryimage\",\"url\":\"https:\\\/\\\/www.feuerwehr-halberstadt.de\\\/wp-content\\\/uploads\\\/2023\\\/12\\\/856dbc40-5ebc-4971-b3d3-3cd74aff917c.jpeg\",\"contentUrl\":\"https:\\\/\\\/www.feuerwehr-halberstadt.de\\\/wp-content\\\/uploads\\\/2023\\\/12\\\/856dbc40-5ebc-4971-b3d3-3cd74aff917c.jpeg\",\"width\":2048,\"height\":1536},{\"@type\":\"BreadcrumbList\",\"@id\":\"https:\\\/\\\/www.feuerwehr-halberstadt.de\\\/?p=14483#breadcrumb\",\"itemListElement\":[{\"@type\":\"ListItem\",\"position\":1,\"name\":\"Startseite\",\"item\":\"https:\\\/\\\/www.feuerwehr-halberstadt.de\\\/\"},{\"@type\":\"ListItem\",\"position\":2,\"name\":\"OB besucht Wachbereitschaft zum traditionellen Silvester-Fr\u00fchst\u00fcck\"}]},{\"@type\":\"WebSite\",\"@id\":\"https:\\\/\\\/www.feuerwehr-halberstadt.de\\\/#website\",\"url\":\"https:\\\/\\\/www.feuerwehr-halberstadt.de\\\/\",\"name\":\"Feuerwehr Halberstadt\",\"description\":\"#imEinsatzf\u00fcrHalberstadt\",\"publisher\":{\"@id\":\"https:\\\/\\\/www.feuerwehr-halberstadt.de\\\/#organization\"},\"potentialAction\":[{\"@type\":\"SearchAction\",\"target\":{\"@type\":\"EntryPoint\",\"urlTemplate\":\"https:\\\/\\\/www.feuerwehr-halberstadt.de\\\/?s={search_term_string}\"},\"query-input\":{\"@type\":\"PropertyValueSpecification\",\"valueRequired\":true,\"valueName\":\"search_term_string\"}}],\"inLanguage\":\"de\"},{\"@type\":\"Organization\",\"@id\":\"https:\\\/\\\/www.feuerwehr-halberstadt.de\\\/#organization\",\"name\":\"Feuerwehr Halberstadt\",\"url\":\"https:\\\/\\\/www.feuerwehr-halberstadt.de\\\/\",\"logo\":{\"@type\":\"ImageObject\",\"inLanguage\":\"de\",\"@id\":\"https:\\\/\\\/www.feuerwehr-halberstadt.de\\\/#\\\/schema\\\/logo\\\/image\\\/\",\"url\":\"https:\\\/\\\/www.feuerwehr-halberstadt.de\\\/wp-content\\\/uploads\\\/2023\\\/10\\\/IMG_0126.png\",\"contentUrl\":\"https:\\\/\\\/www.feuerwehr-halberstadt.de\\\/wp-content\\\/uploads\\\/2023\\\/10\\\/IMG_0126.png\",\"width\":1500,\"height\":399,\"caption\":\"Feuerwehr Halberstadt\"},\"image\":{\"@id\":\"https:\\\/\\\/www.feuerwehr-halberstadt.de\\\/#\\\/schema\\\/logo\\\/image\\\/\"},\"sameAs\":[\"https:\\\/\\\/www.facebook.com\\\/FeuerwehrHalberstadt\\\/\"]},{\"@type\":\"Person\",\"@id\":\"https:\\\/\\\/www.feuerwehr-halberstadt.de\\\/#\\\/schema\\\/person\\\/55ce5d9b46008e58cd3d55d4116ec727\",\"name\":\"Buchold, Chris\",\"image\":{\"@type\":\"ImageObject\",\"inLanguage\":\"de\",\"@id\":\"https:\\\/\\\/secure.gravatar.com\\\/avatar\\\/bff08a084f0390bf8a93fc28c488452766ba521109cec244ac64210fdd500a49?s=96&d=mm&r=g\",\"url\":\"https:\\\/\\\/secure.gravatar.com\\\/avatar\\\/bff08a084f0390bf8a93fc28c488452766ba521109cec244ac64210fdd500a49?s=96&d=mm&r=g\",\"contentUrl\":\"https:\\\/\\\/secure.gravatar.com\\\/avatar\\\/bff08a084f0390bf8a93fc28c488452766ba521109cec244ac64210fdd500a49?s=96&d=mm&r=g\",\"caption\":\"Buchold, Chris\"},\"url\":\"https:\\\/\\\/www.feuerwehr-halberstadt.de\\\/?author=3\"}]}<\/script>\n<!-- \/ Yoast SEO plugin. -->","yoast_head_json":{"title":"OB besucht Wachbereitschaft zum traditionellen Silvester-Fr\u00fchst\u00fcck - Feuerwehr Halberstadt","robots":{"index":"index","follow":"follow","max-snippet":"max-snippet:-1","max-image-preview":"max-image-preview:large","max-video-preview":"max-video-preview:-1"},"canonical":"https:\/\/www.feuerwehr-halberstadt.de\/?p=14483","og_locale":"de_DE","og_type":"article","og_title":"OB besucht Wachbereitschaft zum traditionellen Silvester-Fr\u00fchst\u00fcck - Feuerwehr Halberstadt","og_description":"W\u00e4hrend an Silvester die meisten Menschen auf Partys oder zu Hause bei ihren Lieben sind, verbringen einige den Jahreswechsel auf Arbeit. Mike Schneevoigt, Christian Albrecht, Nico Kr\u00fcger, Jan Haunschild, Johannes Herrschaft, Kai Ehelebe und Philipp Kluckhenn sind seit 7 Uhr im Dienst und garantieren f\u00fcr die \u00f6ffentliche Sicherheit. Bei gr\u00f6\u00dferen Eins\u00e4tzen oder mehreren Eins\u00e4tzen gleichzeitig, [&hellip;]","og_url":"https:\/\/www.feuerwehr-halberstadt.de\/?p=14483","og_site_name":"Feuerwehr Halberstadt","article_publisher":"https:\/\/www.facebook.com\/FeuerwehrHalberstadt\/","article_published_time":"2023-12-31T14:56:32+00:00","article_modified_time":"2024-01-08T15:04:36+00:00","og_image":[{"width":2048,"height":1536,"url":"https:\/\/www.feuerwehr-halberstadt.de\/wp-content\/uploads\/2023\/12\/856dbc40-5ebc-4971-b3d3-3cd74aff917c.jpeg","type":"image\/jpeg"}],"author":"Buchold, Chris","twitter_card":"summary_large_image","twitter_misc":{"Verfasst von":"Buchold, Chris","Gesch\u00e4tzte Lesezeit":"1\u00a0Minute"},"schema":{"@context":"https:\/\/schema.org","@graph":[{"@type":"Article","@id":"https:\/\/www.feuerwehr-halberstadt.de\/?p=14483#article","isPartOf":{"@id":"https:\/\/www.feuerwehr-halberstadt.de\/?p=14483"},"author":{"name":"Buchold, Chris","@id":"https:\/\/www.feuerwehr-halberstadt.de\/#\/schema\/person\/55ce5d9b46008e58cd3d55d4116ec727"},"headline":"OB besucht Wachbereitschaft zum traditionellen Silvester-Fr\u00fchst\u00fcck","datePublished":"2023-12-31T14:56:32+00:00","dateModified":"2024-01-08T15:04:36+00:00","mainEntityOfPage":{"@id":"https:\/\/www.feuerwehr-halberstadt.de\/?p=14483"},"wordCount":173,"publisher":{"@id":"https:\/\/www.feuerwehr-halberstadt.de\/#organization"},"image":{"@id":"https:\/\/www.feuerwehr-halberstadt.de\/?p=14483#primaryimage"},"thumbnailUrl":"https:\/\/www.feuerwehr-halberstadt.de\/wp-content\/uploads\/2023\/12\/856dbc40-5ebc-4971-b3d3-3cd74aff917c.jpeg","articleSection":["Wache"],"inLanguage":"de"},{"@type":"WebPage","@id":"https:\/\/www.feuerwehr-halberstadt.de\/?p=14483","url":"https:\/\/www.feuerwehr-halberstadt.de\/?p=14483","name":"OB besucht Wachbereitschaft zum traditionellen Silvester-Fr\u00fchst\u00fcck - Feuerwehr Halberstadt","isPartOf":{"@id":"https:\/\/www.feuerwehr-halberstadt.de\/#website"},"primaryImageOfPage":{"@id":"https:\/\/www.feuerwehr-halberstadt.de\/?p=14483#primaryimage"},"image":{"@id":"https:\/\/www.feuerwehr-halberstadt.de\/?p=14483#primaryimage"},"thumbnailUrl":"https:\/\/www.feuerwehr-halberstadt.de\/wp-content\/uploads\/2023\/12\/856dbc40-5ebc-4971-b3d3-3cd74aff917c.jpeg","datePublished":"2023-12-31T14:56:32+00:00","dateModified":"2024-01-08T15:04:36+00:00","breadcrumb":{"@id":"https:\/\/www.feuerwehr-halberstadt.de\/?p=14483#breadcrumb"},"inLanguage":"de","potentialAction":[{"@type":"ReadAction","target":["https:\/\/www.feuerwehr-halberstadt.de\/?p=14483"]}]},{"@type":"ImageObject","inLanguage":"de","@id":"https:\/\/www.feuerwehr-halberstadt.de\/?p=14483#primaryimage","url":"https:\/\/www.feuerwehr-halberstadt.de\/wp-content\/uploads\/2023\/12\/856dbc40-5ebc-4971-b3d3-3cd74aff917c.jpeg","contentUrl":"https:\/\/www.feuerwehr-halberstadt.de\/wp-content\/uploads\/2023\/12\/856dbc40-5ebc-4971-b3d3-3cd74aff917c.jpeg","width":2048,"height":1536},{"@type":"BreadcrumbList","@id":"https:\/\/www.feuerwehr-halberstadt.de\/?p=14483#breadcrumb","itemListElement":[{"@type":"ListItem","position":1,"name":"Startseite","item":"https:\/\/www.feuerwehr-halberstadt.de\/"},{"@type":"ListItem","position":2,"name":"OB besucht Wachbereitschaft zum traditionellen Silvester-Fr\u00fchst\u00fcck"}]},{"@type":"WebSite","@id":"https:\/\/www.feuerwehr-halberstadt.de\/#website","url":"https:\/\/www.feuerwehr-halberstadt.de\/","name":"Feuerwehr Halberstadt","description":"#imEinsatzf\u00fcrHalberstadt","publisher":{"@id":"https:\/\/www.feuerwehr-halberstadt.de\/#organization"},"potentialAction":[{"@type":"SearchAction","target":{"@type":"EntryPoint","urlTemplate":"https:\/\/www.feuerwehr-halberstadt.de\/?s={search_term_string}"},"query-input":{"@type":"PropertyValueSpecification","valueRequired":true,"valueName":"search_term_string"}}],"inLanguage":"de"},{"@type":"Organization","@id":"https:\/\/www.feuerwehr-halberstadt.de\/#organization","name":"Feuerwehr Halberstadt","url":"https:\/\/www.feuerwehr-halberstadt.de\/","logo":{"@type":"ImageObject","inLanguage":"de","@id":"https:\/\/www.feuerwehr-halberstadt.de\/#\/schema\/logo\/image\/","url":"https:\/\/www.feuerwehr-halberstadt.de\/wp-content\/uploads\/2023\/10\/IMG_0126.png","contentUrl":"https:\/\/www.feuerwehr-halberstadt.de\/wp-content\/uploads\/2023\/10\/IMG_0126.png","width":1500,"height":399,"caption":"Feuerwehr Halberstadt"},"image":{"@id":"https:\/\/www.feuerwehr-halberstadt.de\/#\/schema\/logo\/image\/"},"sameAs":["https:\/\/www.facebook.com\/FeuerwehrHalberstadt\/"]},{"@type":"Person","@id":"https:\/\/www.feuerwehr-halberstadt.de\/#\/schema\/person\/55ce5d9b46008e58cd3d55d4116ec727","name":"Buchold, Chris","image":{"@type":"ImageObject","inLanguage":"de","@id":"https:\/\/secure.gravatar.com\/avatar\/bff08a084f0390bf8a93fc28c488452766ba521109cec244ac64210fdd500a49?s=96&d=mm&r=g","url":"https:\/\/secure.gravatar.com\/avatar\/bff08a084f0390bf8a93fc28c488452766ba521109cec244ac64210fdd500a49?s=96&d=mm&r=g","contentUrl":"https:\/\/secure.gravatar.com\/avatar\/bff08a084f0390bf8a93fc28c488452766ba521109cec244ac64210fdd500a49?s=96&d=mm&r=g","caption":"Buchold, Chris"},"url":"https:\/\/www.feuerwehr-halberstadt.de\/?author=3"}]}},"_links":{"self":[{"href":"https:\/\/www.feuerwehr-halberstadt.de\/index.php?rest_route=\/wp\/v2\/posts\/14483","targetHints":{"allow":["GET"]}}],"collection":[{"href":"https:\/\/www.feuerwehr-halberstadt.de\/index.php?rest_route=\/wp\/v2\/posts"}],"about":[{"href":"https:\/\/www.feuerwehr-halberstadt.de\/index.php?rest_route=\/wp\/v2\/types\/post"}],"author":[{"embeddable":true,"href":"https:\/\/www.feuerwehr-halberstadt.de\/index.php?rest_route=\/wp\/v2\/users\/3"}],"replies":[{"embeddable":true,"href":"https:\/\/www.feuerwehr-halberstadt.de\/index.php?rest_route=%2Fwp%2Fv2%2Fcomments&post=14483"}],"version-history":[{"count":8,"href":"https:\/\/www.feuerwehr-halberstadt.de\/index.php?rest_route=\/wp\/v2\/posts\/14483\/revisions"}],"predecessor-version":[{"id":14528,"href":"https:\/\/www.feuerwehr-halberstadt.de\/index.php?rest_route=\/wp\/v2\/posts\/14483\/revisions\/14528"}],"wp:featuredmedia":[{"embeddable":true,"href":"https:\/\/www.feuerwehr-halberstadt.de\/index.php?rest_route=\/wp\/v2\/media\/14482"}],"wp:attachment":[{"href":"https:\/\/www.feuerwehr-halberstadt.de\/index.php?rest_route=%2Fwp%2Fv2%2Fmedia&parent=14483"}],"wp:term":[{"taxonomy":"category","embeddable":true,"href":"https:\/\/www.feuerwehr-halberstadt.de\/index.php?rest_route=%2Fwp%2Fv2%2Fcategories&post=14483"},{"taxonomy":"post_tag","embeddable":true,"href":"https:\/\/www.feuerwehr-halberstadt.de\/index.php?rest_route=%2Fwp%2Fv2%2Ftags&post=14483"}],"curies":[{"name":"wp","href":"https:\/\/api.w.org\/{rel}","templated":true}]}}