{"id":14446,"date":"2023-12-25T10:34:14","date_gmt":"2023-12-25T09:34:14","guid":{"rendered":"https:\/\/www.feuerwehr-halberstadt.de\/?p=14446"},"modified":"2023-12-26T10:45:23","modified_gmt":"2023-12-26T09:45:23","slug":"wochenbericht-18-12-bis-24-12-2023","status":"publish","type":"post","link":"https:\/\/www.feuerwehr-halberstadt.de\/?p=14446","title":{"rendered":"Wochenbericht &#8211; 18.12. bis 24.12.2023"},"content":{"rendered":"\n<p><strong>21.12.2023<\/strong> &#8211; 11:06 Uhr <br><strong><em>BMA &#8211; FAH Celexo &#8211; Richard-Wagner-Stra\u00dfe<\/em><\/strong> &#8211; Einsatz 181\/2023<br>Die Brandmeldeanlage wurde durch Bauarbeiten ausgel\u00f6st. Die Anlage wurde zur\u00fcckgestellt und der Einsatz konnte beendet werden.<\/p>\n\n\n\n<p><strong>21.12.2023<\/strong> &#8211; 16:18 Uhr<br><strong><em>TH1 &#8211; Baum auf Stra\u00dfe &#8211; Friedrich-List-Stra\u00dfe<\/em><\/strong> &#8211; Einsatz 182\/2023<br>Vor Ort lag ein Baum zum Teil auf dem Gehweg. Durch die Kr\u00e4fte der Ortsfeuerwehr wurde der Baum mittels Motorkettens\u00e4ge zerkleinert und der Gehweg ber\u00e4umt. <\/p>\n\n\n\n<p><strong>21.12.2023<\/strong> &#8211; 19:22 Uhr<br><strong><em>TH1 &#8211; Hochwasserkontrollfahrt &#8211; Ger\u00e4tehaus<\/em> <em>Am Breiten Tor<\/em><\/strong> &#8211; Einsatz 183\/2023<strong><br><\/strong>Aufgrund der stark gestiegenen Pegelst\u00e4nde wurden die Kr\u00e4fte der Ortsfeuerwehr, gem\u00e4\u00df Hochwasseralarmplan, zu einer Kontrollfahrt alarmiert. Gemeinsam mit der Wachbereitschaft wurden durch mehrere Fahrzeuge die festgelegten Kontrollpunkte angefahren. Vor Ort galt es die Pegel zu \u00fcberpr\u00fcfen und gegebenenfall angestautes Treibgut zu entfernen, um ein \u00fcbertreten der Fl\u00fcsse m\u00f6glichst lange zu vermeiden.<\/p>\n\n\n\n<figure class=\"wp-block-image size-large is-resized\"><img loading=\"lazy\" decoding=\"async\" src=\"https:\/\/www.feuerwehr-halberstadt.de\/wp-content\/uploads\/2023\/12\/IMG_2599-1024x768.jpeg\" alt=\"\" class=\"wp-image-14445\" width=\"798\" height=\"599\" srcset=\"https:\/\/www.feuerwehr-halberstadt.de\/wp-content\/uploads\/2023\/12\/IMG_2599-1024x768.jpeg 1024w, https:\/\/www.feuerwehr-halberstadt.de\/wp-content\/uploads\/2023\/12\/IMG_2599-300x225.jpeg 300w, https:\/\/www.feuerwehr-halberstadt.de\/wp-content\/uploads\/2023\/12\/IMG_2599-768x576.jpeg 768w, https:\/\/www.feuerwehr-halberstadt.de\/wp-content\/uploads\/2023\/12\/IMG_2599-1536x1152.jpeg 1536w, https:\/\/www.feuerwehr-halberstadt.de\/wp-content\/uploads\/2023\/12\/IMG_2599-2048x1536.jpeg 2048w\" sizes=\"auto, (max-width: 798px) 100vw, 798px\" \/><figcaption class=\"wp-element-caption\">TH1 &#8211; Hochwasserkontrolle &#8211; Einsatz 183<\/figcaption><\/figure>\n\n\n\n<p><strong>22.12.2023<\/strong> &#8211; 07:59 Uhr<br><strong><em>BMA &#8211; FAH Am Dom &#8211; Domplatz<\/em><\/strong> &#8211; Einsatz 184\/2023<br>Die Brandmeldeanlage wurde durch einen technischen Defekt ausgel\u00f6st. Die Anlage wurde zur\u00fcckgestellt und der Einsatz konnte beendet werden.<\/p>\n\n\n\n<p><strong>23.12.2023<\/strong> &#8211; 05:02 Uhr<br><strong><em>B2 &#8211; Wohnungsbrand &#8211; Huystra\u00dfe<\/em><\/strong> &#8211; Einsatz 185\/2023<br>Einsatzbericht: <a href=\"https:\/\/www.feuerwehr-halberstadt.de\/?einsaetze=b2-wohnungsbrand-huystrasse\">https:\/\/www.feuerwehr-halberstadt.de\/?einsaetze=b2-wohnungsbrand-huystrasse<\/a><\/p>\n\n\n\n<p><strong>24.12.2023<\/strong> &#8211; 06:12 Uhr<br><strong><em>TH1 &#8211; Hochwasserkontrollfahrt &#8211; Ger\u00e4tehaus<\/em> <em>Am Breiten Tor<\/em><\/strong> &#8211; Einsatz 186+187\/2023<br>Aufgrund der erneut stark gestiegenen Pegelst\u00e4nde wurden die Kr\u00e4fte der Ortsfeuerwehr, gem\u00e4\u00df Hochwasseralarmplan, zu einer weiteren Kontrollfahrt alarmiert. Gemeinsam mit der Wachbereitschaft wurden durch mehrere Fahrzeuge die festgelegten Kontrollpunkte angefahren. Vor Ort wurden die Pegel \u00fcberpr\u00fcft und angestautes Treibgut entfernt. <br>Zudem wurden zur Vorbereitung f\u00fcr ein eventuelles \u00fcbertreten der Fl\u00fcsse, Sands\u00e4cke bef\u00fcllt. <\/p>\n\n\n\n<figure class=\"wp-block-gallery has-nested-images columns-default is-cropped wp-block-gallery-1 is-layout-flex wp-block-gallery-is-layout-flex\">\n<figure class=\"wp-block-image size-large\"><img loading=\"lazy\" decoding=\"async\" width=\"1024\" height=\"768\" data-id=\"14470\" src=\"https:\/\/www.feuerwehr-halberstadt.de\/wp-content\/uploads\/2023\/12\/IMG_2629-1024x768.jpeg\" alt=\"\" class=\"wp-image-14470\" srcset=\"https:\/\/www.feuerwehr-halberstadt.de\/wp-content\/uploads\/2023\/12\/IMG_2629-1024x768.jpeg 1024w, https:\/\/www.feuerwehr-halberstadt.de\/wp-content\/uploads\/2023\/12\/IMG_2629-300x225.jpeg 300w, https:\/\/www.feuerwehr-halberstadt.de\/wp-content\/uploads\/2023\/12\/IMG_2629-768x576.jpeg 768w, https:\/\/www.feuerwehr-halberstadt.de\/wp-content\/uploads\/2023\/12\/IMG_2629-1536x1152.jpeg 1536w, https:\/\/www.feuerwehr-halberstadt.de\/wp-content\/uploads\/2023\/12\/IMG_2629-2048x1536.jpeg 2048w\" sizes=\"auto, (max-width: 1024px) 100vw, 1024px\" \/><figcaption class=\"wp-element-caption\">TH1 &#8211; Hochwasserkontrolle &#8211; Einsatz 186<\/figcaption><\/figure>\n\n\n\n<figure class=\"wp-block-image size-large\"><img loading=\"lazy\" decoding=\"async\" width=\"1024\" height=\"768\" data-id=\"14469\" src=\"https:\/\/www.feuerwehr-halberstadt.de\/wp-content\/uploads\/2023\/12\/554a11d5-edef-4e85-9a27-e42b2b2aa737-1024x768.jpeg\" alt=\"\" class=\"wp-image-14469\" srcset=\"https:\/\/www.feuerwehr-halberstadt.de\/wp-content\/uploads\/2023\/12\/554a11d5-edef-4e85-9a27-e42b2b2aa737-1024x768.jpeg 1024w, https:\/\/www.feuerwehr-halberstadt.de\/wp-content\/uploads\/2023\/12\/554a11d5-edef-4e85-9a27-e42b2b2aa737-300x225.jpeg 300w, https:\/\/www.feuerwehr-halberstadt.de\/wp-content\/uploads\/2023\/12\/554a11d5-edef-4e85-9a27-e42b2b2aa737-768x576.jpeg 768w, https:\/\/www.feuerwehr-halberstadt.de\/wp-content\/uploads\/2023\/12\/554a11d5-edef-4e85-9a27-e42b2b2aa737-1536x1152.jpeg 1536w, https:\/\/www.feuerwehr-halberstadt.de\/wp-content\/uploads\/2023\/12\/554a11d5-edef-4e85-9a27-e42b2b2aa737.jpeg 1600w\" sizes=\"auto, (max-width: 1024px) 100vw, 1024px\" \/><figcaption class=\"wp-element-caption\">TH1 &#8211; Hochwasserkontrolle &#8211; Einsatz 186<\/figcaption><\/figure>\n\n\n\n<figure class=\"wp-block-image size-large\"><img loading=\"lazy\" decoding=\"async\" width=\"1024\" height=\"768\" data-id=\"14468\" src=\"https:\/\/www.feuerwehr-halberstadt.de\/wp-content\/uploads\/2023\/12\/cb9350db-1b92-419e-9dd3-d965daf51094-1024x768.jpeg\" alt=\"\" class=\"wp-image-14468\" srcset=\"https:\/\/www.feuerwehr-halberstadt.de\/wp-content\/uploads\/2023\/12\/cb9350db-1b92-419e-9dd3-d965daf51094-1024x768.jpeg 1024w, https:\/\/www.feuerwehr-halberstadt.de\/wp-content\/uploads\/2023\/12\/cb9350db-1b92-419e-9dd3-d965daf51094-300x225.jpeg 300w, https:\/\/www.feuerwehr-halberstadt.de\/wp-content\/uploads\/2023\/12\/cb9350db-1b92-419e-9dd3-d965daf51094-768x576.jpeg 768w, https:\/\/www.feuerwehr-halberstadt.de\/wp-content\/uploads\/2023\/12\/cb9350db-1b92-419e-9dd3-d965daf51094-1536x1152.jpeg 1536w, https:\/\/www.feuerwehr-halberstadt.de\/wp-content\/uploads\/2023\/12\/cb9350db-1b92-419e-9dd3-d965daf51094.jpeg 2048w\" sizes=\"auto, (max-width: 1024px) 100vw, 1024px\" \/><figcaption class=\"wp-element-caption\">TH1 &#8211; Hochwasserkontrolle &#8211; Einsatz 186<\/figcaption><\/figure>\n<\/figure>\n\n\n\n<p><strong>24.12.2023<\/strong> &#8211; 10:49 Uhr<br><strong><em>BMA &#8211; ZAST &#8211; <\/em><\/strong><em><strong>Friedrich-List-Stra\u00dfe<\/strong><\/em>  &#8211; Einsatz 188\/2023<br>Die Brandmeldeanlage wurde durch angebranntes Essen ausgel\u00f6st. Der verrauchte Bereich wurde bel\u00fcftet und die Anlage zur\u00fcckgestellt.<\/p>\n","protected":false},"excerpt":{"rendered":"<p>21.12.2023 &#8211; 11:06 Uhr BMA &#8211; FAH Celexo &#8211; Richard-Wagner-Stra\u00dfe &#8211; Einsatz 181\/2023Die Brandmeldeanlage wurde durch Bauarbeiten ausgel\u00f6st. Die Anlage wurde zur\u00fcckgestellt und der Einsatz konnte beendet werden. 21.12.2023 &#8211; 16:18 UhrTH1 &#8211; Baum auf Stra\u00dfe &#8211; Friedrich-List-Stra\u00dfe &#8211; Einsatz 182\/2023Vor Ort lag ein Baum zum Teil auf dem Gehweg. Durch die Kr\u00e4fte der Ortsfeuerwehr [&hellip;]<\/p>\n","protected":false},"author":8,"featured_media":14467,"comment_status":"closed","ping_status":"closed","sticky":false,"template":"","format":"standard","meta":{"_acf_changed":false,"footnotes":""},"categories":[9],"tags":[],"class_list":["post-14446","post","type-post","status-publish","format-standard","has-post-thumbnail","hentry","category-allgemein"],"acf":[],"yoast_head":"<!-- This site is optimized with the Yoast SEO plugin v27.5 - https:\/\/yoast.com\/product\/yoast-seo-wordpress\/ -->\n<title>Wochenbericht - 18.12. bis 24.12.2023 - Feuerwehr Halberstadt<\/title>\n<meta name=\"robots\" content=\"index, follow, max-snippet:-1, max-image-preview:large, max-video-preview:-1\" \/>\n<link rel=\"canonical\" href=\"https:\/\/www.feuerwehr-halberstadt.de\/?p=14446\" \/>\n<meta property=\"og:locale\" content=\"de_DE\" \/>\n<meta property=\"og:type\" content=\"article\" \/>\n<meta property=\"og:title\" content=\"Wochenbericht - 18.12. bis 24.12.2023 - Feuerwehr Halberstadt\" \/>\n<meta property=\"og:description\" content=\"21.12.2023 &#8211; 11:06 Uhr BMA &#8211; FAH Celexo &#8211; Richard-Wagner-Stra\u00dfe &#8211; Einsatz 181\/2023Die Brandmeldeanlage wurde durch Bauarbeiten ausgel\u00f6st. Die Anlage wurde zur\u00fcckgestellt und der Einsatz konnte beendet werden. 21.12.2023 &#8211; 16:18 UhrTH1 &#8211; Baum auf Stra\u00dfe &#8211; Friedrich-List-Stra\u00dfe &#8211; Einsatz 182\/2023Vor Ort lag ein Baum zum Teil auf dem Gehweg. Durch die Kr\u00e4fte der Ortsfeuerwehr [&hellip;]\" \/>\n<meta property=\"og:url\" content=\"https:\/\/www.feuerwehr-halberstadt.de\/?p=14446\" \/>\n<meta property=\"og:site_name\" content=\"Feuerwehr Halberstadt\" \/>\n<meta property=\"article:publisher\" content=\"https:\/\/www.facebook.com\/FeuerwehrHalberstadt\/\" \/>\n<meta property=\"article:published_time\" content=\"2023-12-25T09:34:14+00:00\" \/>\n<meta property=\"article:modified_time\" content=\"2023-12-26T09:45:23+00:00\" \/>\n<meta property=\"og:image\" content=\"https:\/\/www.feuerwehr-halberstadt.de\/wp-content\/uploads\/2023\/12\/IMG_2651.jpeg\" \/>\n\t<meta property=\"og:image:width\" content=\"1920\" \/>\n\t<meta property=\"og:image:height\" content=\"1080\" \/>\n\t<meta property=\"og:image:type\" content=\"image\/jpeg\" \/>\n<meta name=\"author\" content=\"K\u00fchne, Ren\u00e9\" \/>\n<meta name=\"twitter:card\" content=\"summary_large_image\" \/>\n<meta name=\"twitter:label1\" content=\"Verfasst von\" \/>\n\t<meta name=\"twitter:data1\" content=\"K\u00fchne, Ren\u00e9\" \/>\n\t<meta name=\"twitter:label2\" content=\"Gesch\u00e4tzte Lesezeit\" \/>\n\t<meta name=\"twitter:data2\" content=\"3\u00a0Minuten\" \/>\n<script type=\"application\/ld+json\" class=\"yoast-schema-graph\">{\"@context\":\"https:\\\/\\\/schema.org\",\"@graph\":[{\"@type\":\"Article\",\"@id\":\"https:\\\/\\\/www.feuerwehr-halberstadt.de\\\/?p=14446#article\",\"isPartOf\":{\"@id\":\"https:\\\/\\\/www.feuerwehr-halberstadt.de\\\/?p=14446\"},\"author\":{\"name\":\"K\u00fchne, Ren\u00e9\",\"@id\":\"https:\\\/\\\/www.feuerwehr-halberstadt.de\\\/#\\\/schema\\\/person\\\/3025e717504caccf9120c148aa5dafc9\"},\"headline\":\"Wochenbericht &#8211; 18.12. bis 24.12.2023\",\"datePublished\":\"2023-12-25T09:34:14+00:00\",\"dateModified\":\"2023-12-26T09:45:23+00:00\",\"mainEntityOfPage\":{\"@id\":\"https:\\\/\\\/www.feuerwehr-halberstadt.de\\\/?p=14446\"},\"wordCount\":312,\"publisher\":{\"@id\":\"https:\\\/\\\/www.feuerwehr-halberstadt.de\\\/#organization\"},\"image\":{\"@id\":\"https:\\\/\\\/www.feuerwehr-halberstadt.de\\\/?p=14446#primaryimage\"},\"thumbnailUrl\":\"https:\\\/\\\/www.feuerwehr-halberstadt.de\\\/wp-content\\\/uploads\\\/2023\\\/12\\\/IMG_2651.jpeg\",\"inLanguage\":\"de\"},{\"@type\":\"WebPage\",\"@id\":\"https:\\\/\\\/www.feuerwehr-halberstadt.de\\\/?p=14446\",\"url\":\"https:\\\/\\\/www.feuerwehr-halberstadt.de\\\/?p=14446\",\"name\":\"Wochenbericht - 18.12. bis 24.12.2023 - Feuerwehr Halberstadt\",\"isPartOf\":{\"@id\":\"https:\\\/\\\/www.feuerwehr-halberstadt.de\\\/#website\"},\"primaryImageOfPage\":{\"@id\":\"https:\\\/\\\/www.feuerwehr-halberstadt.de\\\/?p=14446#primaryimage\"},\"image\":{\"@id\":\"https:\\\/\\\/www.feuerwehr-halberstadt.de\\\/?p=14446#primaryimage\"},\"thumbnailUrl\":\"https:\\\/\\\/www.feuerwehr-halberstadt.de\\\/wp-content\\\/uploads\\\/2023\\\/12\\\/IMG_2651.jpeg\",\"datePublished\":\"2023-12-25T09:34:14+00:00\",\"dateModified\":\"2023-12-26T09:45:23+00:00\",\"breadcrumb\":{\"@id\":\"https:\\\/\\\/www.feuerwehr-halberstadt.de\\\/?p=14446#breadcrumb\"},\"inLanguage\":\"de\",\"potentialAction\":[{\"@type\":\"ReadAction\",\"target\":[\"https:\\\/\\\/www.feuerwehr-halberstadt.de\\\/?p=14446\"]}]},{\"@type\":\"ImageObject\",\"inLanguage\":\"de\",\"@id\":\"https:\\\/\\\/www.feuerwehr-halberstadt.de\\\/?p=14446#primaryimage\",\"url\":\"https:\\\/\\\/www.feuerwehr-halberstadt.de\\\/wp-content\\\/uploads\\\/2023\\\/12\\\/IMG_2651.jpeg\",\"contentUrl\":\"https:\\\/\\\/www.feuerwehr-halberstadt.de\\\/wp-content\\\/uploads\\\/2023\\\/12\\\/IMG_2651.jpeg\",\"width\":1920,\"height\":1080},{\"@type\":\"BreadcrumbList\",\"@id\":\"https:\\\/\\\/www.feuerwehr-halberstadt.de\\\/?p=14446#breadcrumb\",\"itemListElement\":[{\"@type\":\"ListItem\",\"position\":1,\"name\":\"Startseite\",\"item\":\"https:\\\/\\\/www.feuerwehr-halberstadt.de\\\/\"},{\"@type\":\"ListItem\",\"position\":2,\"name\":\"Wochenbericht &#8211; 18.12. bis 24.12.2023\"}]},{\"@type\":\"WebSite\",\"@id\":\"https:\\\/\\\/www.feuerwehr-halberstadt.de\\\/#website\",\"url\":\"https:\\\/\\\/www.feuerwehr-halberstadt.de\\\/\",\"name\":\"Feuerwehr Halberstadt\",\"description\":\"#imEinsatzf\u00fcrHalberstadt\",\"publisher\":{\"@id\":\"https:\\\/\\\/www.feuerwehr-halberstadt.de\\\/#organization\"},\"potentialAction\":[{\"@type\":\"SearchAction\",\"target\":{\"@type\":\"EntryPoint\",\"urlTemplate\":\"https:\\\/\\\/www.feuerwehr-halberstadt.de\\\/?s={search_term_string}\"},\"query-input\":{\"@type\":\"PropertyValueSpecification\",\"valueRequired\":true,\"valueName\":\"search_term_string\"}}],\"inLanguage\":\"de\"},{\"@type\":\"Organization\",\"@id\":\"https:\\\/\\\/www.feuerwehr-halberstadt.de\\\/#organization\",\"name\":\"Feuerwehr Halberstadt\",\"url\":\"https:\\\/\\\/www.feuerwehr-halberstadt.de\\\/\",\"logo\":{\"@type\":\"ImageObject\",\"inLanguage\":\"de\",\"@id\":\"https:\\\/\\\/www.feuerwehr-halberstadt.de\\\/#\\\/schema\\\/logo\\\/image\\\/\",\"url\":\"https:\\\/\\\/www.feuerwehr-halberstadt.de\\\/wp-content\\\/uploads\\\/2023\\\/10\\\/IMG_0126.png\",\"contentUrl\":\"https:\\\/\\\/www.feuerwehr-halberstadt.de\\\/wp-content\\\/uploads\\\/2023\\\/10\\\/IMG_0126.png\",\"width\":1500,\"height\":399,\"caption\":\"Feuerwehr Halberstadt\"},\"image\":{\"@id\":\"https:\\\/\\\/www.feuerwehr-halberstadt.de\\\/#\\\/schema\\\/logo\\\/image\\\/\"},\"sameAs\":[\"https:\\\/\\\/www.facebook.com\\\/FeuerwehrHalberstadt\\\/\"]},{\"@type\":\"Person\",\"@id\":\"https:\\\/\\\/www.feuerwehr-halberstadt.de\\\/#\\\/schema\\\/person\\\/3025e717504caccf9120c148aa5dafc9\",\"name\":\"K\u00fchne, Ren\u00e9\",\"image\":{\"@type\":\"ImageObject\",\"inLanguage\":\"de\",\"@id\":\"https:\\\/\\\/secure.gravatar.com\\\/avatar\\\/55eea2ec92cf331c72f122107a136da45b190ce89b28770aafc2f0a0788d2fd4?s=96&d=mm&r=g\",\"url\":\"https:\\\/\\\/secure.gravatar.com\\\/avatar\\\/55eea2ec92cf331c72f122107a136da45b190ce89b28770aafc2f0a0788d2fd4?s=96&d=mm&r=g\",\"contentUrl\":\"https:\\\/\\\/secure.gravatar.com\\\/avatar\\\/55eea2ec92cf331c72f122107a136da45b190ce89b28770aafc2f0a0788d2fd4?s=96&d=mm&r=g\",\"caption\":\"K\u00fchne, Ren\u00e9\"},\"url\":\"https:\\\/\\\/www.feuerwehr-halberstadt.de\\\/?author=8\"}]}<\/script>\n<!-- \/ Yoast SEO plugin. -->","yoast_head_json":{"title":"Wochenbericht - 18.12. bis 24.12.2023 - Feuerwehr Halberstadt","robots":{"index":"index","follow":"follow","max-snippet":"max-snippet:-1","max-image-preview":"max-image-preview:large","max-video-preview":"max-video-preview:-1"},"canonical":"https:\/\/www.feuerwehr-halberstadt.de\/?p=14446","og_locale":"de_DE","og_type":"article","og_title":"Wochenbericht - 18.12. bis 24.12.2023 - Feuerwehr Halberstadt","og_description":"21.12.2023 &#8211; 11:06 Uhr BMA &#8211; FAH Celexo &#8211; Richard-Wagner-Stra\u00dfe &#8211; Einsatz 181\/2023Die Brandmeldeanlage wurde durch Bauarbeiten ausgel\u00f6st. Die Anlage wurde zur\u00fcckgestellt und der Einsatz konnte beendet werden. 21.12.2023 &#8211; 16:18 UhrTH1 &#8211; Baum auf Stra\u00dfe &#8211; Friedrich-List-Stra\u00dfe &#8211; Einsatz 182\/2023Vor Ort lag ein Baum zum Teil auf dem Gehweg. Durch die Kr\u00e4fte der Ortsfeuerwehr [&hellip;]","og_url":"https:\/\/www.feuerwehr-halberstadt.de\/?p=14446","og_site_name":"Feuerwehr Halberstadt","article_publisher":"https:\/\/www.facebook.com\/FeuerwehrHalberstadt\/","article_published_time":"2023-12-25T09:34:14+00:00","article_modified_time":"2023-12-26T09:45:23+00:00","og_image":[{"width":1920,"height":1080,"url":"https:\/\/www.feuerwehr-halberstadt.de\/wp-content\/uploads\/2023\/12\/IMG_2651.jpeg","type":"image\/jpeg"}],"author":"K\u00fchne, Ren\u00e9","twitter_card":"summary_large_image","twitter_misc":{"Verfasst von":"K\u00fchne, Ren\u00e9","Gesch\u00e4tzte Lesezeit":"3\u00a0Minuten"},"schema":{"@context":"https:\/\/schema.org","@graph":[{"@type":"Article","@id":"https:\/\/www.feuerwehr-halberstadt.de\/?p=14446#article","isPartOf":{"@id":"https:\/\/www.feuerwehr-halberstadt.de\/?p=14446"},"author":{"name":"K\u00fchne, Ren\u00e9","@id":"https:\/\/www.feuerwehr-halberstadt.de\/#\/schema\/person\/3025e717504caccf9120c148aa5dafc9"},"headline":"Wochenbericht &#8211; 18.12. bis 24.12.2023","datePublished":"2023-12-25T09:34:14+00:00","dateModified":"2023-12-26T09:45:23+00:00","mainEntityOfPage":{"@id":"https:\/\/www.feuerwehr-halberstadt.de\/?p=14446"},"wordCount":312,"publisher":{"@id":"https:\/\/www.feuerwehr-halberstadt.de\/#organization"},"image":{"@id":"https:\/\/www.feuerwehr-halberstadt.de\/?p=14446#primaryimage"},"thumbnailUrl":"https:\/\/www.feuerwehr-halberstadt.de\/wp-content\/uploads\/2023\/12\/IMG_2651.jpeg","inLanguage":"de"},{"@type":"WebPage","@id":"https:\/\/www.feuerwehr-halberstadt.de\/?p=14446","url":"https:\/\/www.feuerwehr-halberstadt.de\/?p=14446","name":"Wochenbericht - 18.12. bis 24.12.2023 - Feuerwehr Halberstadt","isPartOf":{"@id":"https:\/\/www.feuerwehr-halberstadt.de\/#website"},"primaryImageOfPage":{"@id":"https:\/\/www.feuerwehr-halberstadt.de\/?p=14446#primaryimage"},"image":{"@id":"https:\/\/www.feuerwehr-halberstadt.de\/?p=14446#primaryimage"},"thumbnailUrl":"https:\/\/www.feuerwehr-halberstadt.de\/wp-content\/uploads\/2023\/12\/IMG_2651.jpeg","datePublished":"2023-12-25T09:34:14+00:00","dateModified":"2023-12-26T09:45:23+00:00","breadcrumb":{"@id":"https:\/\/www.feuerwehr-halberstadt.de\/?p=14446#breadcrumb"},"inLanguage":"de","potentialAction":[{"@type":"ReadAction","target":["https:\/\/www.feuerwehr-halberstadt.de\/?p=14446"]}]},{"@type":"ImageObject","inLanguage":"de","@id":"https:\/\/www.feuerwehr-halberstadt.de\/?p=14446#primaryimage","url":"https:\/\/www.feuerwehr-halberstadt.de\/wp-content\/uploads\/2023\/12\/IMG_2651.jpeg","contentUrl":"https:\/\/www.feuerwehr-halberstadt.de\/wp-content\/uploads\/2023\/12\/IMG_2651.jpeg","width":1920,"height":1080},{"@type":"BreadcrumbList","@id":"https:\/\/www.feuerwehr-halberstadt.de\/?p=14446#breadcrumb","itemListElement":[{"@type":"ListItem","position":1,"name":"Startseite","item":"https:\/\/www.feuerwehr-halberstadt.de\/"},{"@type":"ListItem","position":2,"name":"Wochenbericht &#8211; 18.12. bis 24.12.2023"}]},{"@type":"WebSite","@id":"https:\/\/www.feuerwehr-halberstadt.de\/#website","url":"https:\/\/www.feuerwehr-halberstadt.de\/","name":"Feuerwehr Halberstadt","description":"#imEinsatzf\u00fcrHalberstadt","publisher":{"@id":"https:\/\/www.feuerwehr-halberstadt.de\/#organization"},"potentialAction":[{"@type":"SearchAction","target":{"@type":"EntryPoint","urlTemplate":"https:\/\/www.feuerwehr-halberstadt.de\/?s={search_term_string}"},"query-input":{"@type":"PropertyValueSpecification","valueRequired":true,"valueName":"search_term_string"}}],"inLanguage":"de"},{"@type":"Organization","@id":"https:\/\/www.feuerwehr-halberstadt.de\/#organization","name":"Feuerwehr Halberstadt","url":"https:\/\/www.feuerwehr-halberstadt.de\/","logo":{"@type":"ImageObject","inLanguage":"de","@id":"https:\/\/www.feuerwehr-halberstadt.de\/#\/schema\/logo\/image\/","url":"https:\/\/www.feuerwehr-halberstadt.de\/wp-content\/uploads\/2023\/10\/IMG_0126.png","contentUrl":"https:\/\/www.feuerwehr-halberstadt.de\/wp-content\/uploads\/2023\/10\/IMG_0126.png","width":1500,"height":399,"caption":"Feuerwehr Halberstadt"},"image":{"@id":"https:\/\/www.feuerwehr-halberstadt.de\/#\/schema\/logo\/image\/"},"sameAs":["https:\/\/www.facebook.com\/FeuerwehrHalberstadt\/"]},{"@type":"Person","@id":"https:\/\/www.feuerwehr-halberstadt.de\/#\/schema\/person\/3025e717504caccf9120c148aa5dafc9","name":"K\u00fchne, Ren\u00e9","image":{"@type":"ImageObject","inLanguage":"de","@id":"https:\/\/secure.gravatar.com\/avatar\/55eea2ec92cf331c72f122107a136da45b190ce89b28770aafc2f0a0788d2fd4?s=96&d=mm&r=g","url":"https:\/\/secure.gravatar.com\/avatar\/55eea2ec92cf331c72f122107a136da45b190ce89b28770aafc2f0a0788d2fd4?s=96&d=mm&r=g","contentUrl":"https:\/\/secure.gravatar.com\/avatar\/55eea2ec92cf331c72f122107a136da45b190ce89b28770aafc2f0a0788d2fd4?s=96&d=mm&r=g","caption":"K\u00fchne, Ren\u00e9"},"url":"https:\/\/www.feuerwehr-halberstadt.de\/?author=8"}]}},"_links":{"self":[{"href":"https:\/\/www.feuerwehr-halberstadt.de\/index.php?rest_route=\/wp\/v2\/posts\/14446","targetHints":{"allow":["GET"]}}],"collection":[{"href":"https:\/\/www.feuerwehr-halberstadt.de\/index.php?rest_route=\/wp\/v2\/posts"}],"about":[{"href":"https:\/\/www.feuerwehr-halberstadt.de\/index.php?rest_route=\/wp\/v2\/types\/post"}],"author":[{"embeddable":true,"href":"https:\/\/www.feuerwehr-halberstadt.de\/index.php?rest_route=\/wp\/v2\/users\/8"}],"replies":[{"embeddable":true,"href":"https:\/\/www.feuerwehr-halberstadt.de\/index.php?rest_route=%2Fwp%2Fv2%2Fcomments&post=14446"}],"version-history":[{"count":9,"href":"https:\/\/www.feuerwehr-halberstadt.de\/index.php?rest_route=\/wp\/v2\/posts\/14446\/revisions"}],"predecessor-version":[{"id":14479,"href":"https:\/\/www.feuerwehr-halberstadt.de\/index.php?rest_route=\/wp\/v2\/posts\/14446\/revisions\/14479"}],"wp:featuredmedia":[{"embeddable":true,"href":"https:\/\/www.feuerwehr-halberstadt.de\/index.php?rest_route=\/wp\/v2\/media\/14467"}],"wp:attachment":[{"href":"https:\/\/www.feuerwehr-halberstadt.de\/index.php?rest_route=%2Fwp%2Fv2%2Fmedia&parent=14446"}],"wp:term":[{"taxonomy":"category","embeddable":true,"href":"https:\/\/www.feuerwehr-halberstadt.de\/index.php?rest_route=%2Fwp%2Fv2%2Fcategories&post=14446"},{"taxonomy":"post_tag","embeddable":true,"href":"https:\/\/www.feuerwehr-halberstadt.de\/index.php?rest_route=%2Fwp%2Fv2%2Ftags&post=14446"}],"curies":[{"name":"wp","href":"https:\/\/api.w.org\/{rel}","templated":true}]}}