{"id":13862,"date":"2023-09-11T15:55:17","date_gmt":"2023-09-11T13:55:17","guid":{"rendered":"https:\/\/www.feuerwehr-halberstadt.de\/?p=13862"},"modified":"2023-09-11T15:55:18","modified_gmt":"2023-09-11T13:55:18","slug":"wochenbericht-04-09-bis-10-09-2023","status":"publish","type":"post","link":"https:\/\/www.feuerwehr-halberstadt.de\/?p=13862","title":{"rendered":"Wochenbericht &#8211; 04.09. bis 10.09.2023"},"content":{"rendered":"\n<p><strong>04.09.2023<\/strong> &#8211; 15:41 Uhr<br><em><strong>BMA &#8211; ZAST &#8211; Friedrich-List-Stra\u00dfe<\/strong><\/em> &#8211; Einsatz 149\/2023<br>In der ZAST l\u00f6ste die Brandmeldeanlage aufgrund angebrannten Essens aus. Der verrauchte Bereich wurde bel\u00fcftet.<\/p>\n\n\n\n<p><strong>04.09.2023<\/strong> &#8211; 16:08 Uhr<br><em><strong>TH2 &#8211; Gasausstr\u00f6mung &#8211; Harmoniestra\u00dfe<\/strong><\/em> &#8211; Einsatz 150\/2023<br>Die Polizei meldete eine Gasausstr\u00f6mung in einem leerstehenden Objekt in der Harmoniestra\u00dfe. Die Gasleitung wurde abgeschiebert und der betroffene Bereich quergel\u00fcftet. Die Einsatzstelle wurde anschlie\u00dfend an die Halberstadtwerke und die Polizei \u00fcbergeben.<\/p>\n\n\n\n<p><strong>04.09.2023<\/strong> &#8211; 16:32 Uhr<br><em><strong>TH1 &#8211; Baum auf Stra\u00dfe &#8211; Johannesbrunnen<\/strong><\/em> &#8211; Einsatz 151\/2023<br>Ein abgeknickter Baum versperrte die Feuerwehrzufahrt zu den Wohngeb\u00e4uden auf einem Hinterhof. Der Baum wurde mittels Motorkettens\u00e4ge beseitigt.<\/p>\n\n\n\n<p><strong>07.09.2023<\/strong> &#8211; 13:17 Uhr<br><em><strong>BMA &#8211; Villa Klus &#8211; Vor der Klus<\/strong><\/em> &#8211; Einsatz 152\/2023<br>Ausl\u00f6sung der Brandmeldeanlage ohne Feststellung. Die Anlage wurde zur\u00fcckgesetzt.<\/p>\n\n\n\n<p><strong>07.09.2023<\/strong> &#8211; 13:27 Uhr<br><em><strong>TH1 &#8211; T\u00fcr\u00f6ffnung &#8211; Westerh\u00e4user Stra\u00dfe<\/strong><\/em> &#8211; Einsatz 153\/2023<br>Durch die Kameraden der Ortsfeuerwehr wurde die T\u00fcr mittels Draht ge\u00f6ffnet. Die Person wurde an den Rettungsdienst \u00fcbergeben. <\/p>\n\n\n\n<p><strong>08.09.2023<\/strong> &#8211; 21:26 Uhr<br><em><strong>B2 &#8211; unklare Rauchentwicklung &#8211; Silstedter Stra\u00dfe<\/strong><\/em> &#8211; Einsatz 154\/2023<br>Vor Ort konnte durch die Wachbereitschaft eine Feuertonne als Ausl\u00f6ser festgestellt werden. Somit konnte die Ortsfeuerwehr den Einsatz nach kurzer Zeit beenden. <\/p>\n","protected":false},"excerpt":{"rendered":"<p>04.09.2023 &#8211; 15:41 UhrBMA &#8211; ZAST &#8211; Friedrich-List-Stra\u00dfe &#8211; Einsatz 149\/2023In der ZAST l\u00f6ste die Brandmeldeanlage aufgrund angebrannten Essens aus. Der verrauchte Bereich wurde bel\u00fcftet. 04.09.2023 &#8211; 16:08 UhrTH2 &#8211; Gasausstr\u00f6mung &#8211; Harmoniestra\u00dfe &#8211; Einsatz 150\/2023Die Polizei meldete eine Gasausstr\u00f6mung in einem leerstehenden Objekt in der Harmoniestra\u00dfe. Die Gasleitung wurde abgeschiebert und der betroffene Bereich [&hellip;]<\/p>\n","protected":false},"author":8,"featured_media":13638,"comment_status":"closed","ping_status":"closed","sticky":false,"template":"","format":"standard","meta":{"_acf_changed":false,"footnotes":""},"categories":[9],"tags":[],"class_list":["post-13862","post","type-post","status-publish","format-standard","has-post-thumbnail","hentry","category-allgemein"],"acf":[],"yoast_head":"<!-- This site is optimized with the Yoast SEO plugin v27.4 - https:\/\/yoast.com\/product\/yoast-seo-wordpress\/ -->\n<title>Wochenbericht - 04.09. bis 10.09.2023 - Feuerwehr Halberstadt<\/title>\n<meta name=\"robots\" content=\"index, follow, max-snippet:-1, max-image-preview:large, max-video-preview:-1\" \/>\n<link rel=\"canonical\" href=\"https:\/\/www.feuerwehr-halberstadt.de\/?p=13862\" \/>\n<meta property=\"og:locale\" content=\"de_DE\" \/>\n<meta property=\"og:type\" content=\"article\" \/>\n<meta property=\"og:title\" content=\"Wochenbericht - 04.09. bis 10.09.2023 - Feuerwehr Halberstadt\" \/>\n<meta property=\"og:description\" content=\"04.09.2023 &#8211; 15:41 UhrBMA &#8211; ZAST &#8211; Friedrich-List-Stra\u00dfe &#8211; Einsatz 149\/2023In der ZAST l\u00f6ste die Brandmeldeanlage aufgrund angebrannten Essens aus. Der verrauchte Bereich wurde bel\u00fcftet. 04.09.2023 &#8211; 16:08 UhrTH2 &#8211; Gasausstr\u00f6mung &#8211; Harmoniestra\u00dfe &#8211; Einsatz 150\/2023Die Polizei meldete eine Gasausstr\u00f6mung in einem leerstehenden Objekt in der Harmoniestra\u00dfe. Die Gasleitung wurde abgeschiebert und der betroffene Bereich [&hellip;]\" \/>\n<meta property=\"og:url\" content=\"https:\/\/www.feuerwehr-halberstadt.de\/?p=13862\" \/>\n<meta property=\"og:site_name\" content=\"Feuerwehr Halberstadt\" \/>\n<meta property=\"article:publisher\" content=\"https:\/\/www.facebook.com\/FeuerwehrHalberstadt\/\" \/>\n<meta property=\"article:published_time\" content=\"2023-09-11T13:55:17+00:00\" \/>\n<meta property=\"article:modified_time\" content=\"2023-09-11T13:55:18+00:00\" \/>\n<meta property=\"og:image\" content=\"https:\/\/www.feuerwehr-halberstadt.de\/wp-content\/uploads\/2023\/07\/Wochenbericht.png\" \/>\n\t<meta property=\"og:image:width\" content=\"1920\" \/>\n\t<meta property=\"og:image:height\" content=\"1080\" \/>\n\t<meta property=\"og:image:type\" content=\"image\/png\" \/>\n<meta name=\"author\" content=\"K\u00fchne, Ren\u00e9\" \/>\n<meta name=\"twitter:card\" content=\"summary_large_image\" \/>\n<meta name=\"twitter:label1\" content=\"Verfasst von\" \/>\n\t<meta name=\"twitter:data1\" content=\"K\u00fchne, Ren\u00e9\" \/>\n\t<meta name=\"twitter:label2\" content=\"Gesch\u00e4tzte Lesezeit\" \/>\n\t<meta name=\"twitter:data2\" content=\"1\u00a0Minute\" \/>\n<script type=\"application\/ld+json\" class=\"yoast-schema-graph\">{\"@context\":\"https:\\\/\\\/schema.org\",\"@graph\":[{\"@type\":\"Article\",\"@id\":\"https:\\\/\\\/www.feuerwehr-halberstadt.de\\\/?p=13862#article\",\"isPartOf\":{\"@id\":\"https:\\\/\\\/www.feuerwehr-halberstadt.de\\\/?p=13862\"},\"author\":{\"name\":\"K\u00fchne, Ren\u00e9\",\"@id\":\"https:\\\/\\\/www.feuerwehr-halberstadt.de\\\/#\\\/schema\\\/person\\\/3025e717504caccf9120c148aa5dafc9\"},\"headline\":\"Wochenbericht &#8211; 04.09. bis 10.09.2023\",\"datePublished\":\"2023-09-11T13:55:17+00:00\",\"dateModified\":\"2023-09-11T13:55:18+00:00\",\"mainEntityOfPage\":{\"@id\":\"https:\\\/\\\/www.feuerwehr-halberstadt.de\\\/?p=13862\"},\"wordCount\":201,\"publisher\":{\"@id\":\"https:\\\/\\\/www.feuerwehr-halberstadt.de\\\/#organization\"},\"image\":{\"@id\":\"https:\\\/\\\/www.feuerwehr-halberstadt.de\\\/?p=13862#primaryimage\"},\"thumbnailUrl\":\"https:\\\/\\\/www.feuerwehr-halberstadt.de\\\/wp-content\\\/uploads\\\/2023\\\/07\\\/Wochenbericht.png\",\"inLanguage\":\"de\"},{\"@type\":\"WebPage\",\"@id\":\"https:\\\/\\\/www.feuerwehr-halberstadt.de\\\/?p=13862\",\"url\":\"https:\\\/\\\/www.feuerwehr-halberstadt.de\\\/?p=13862\",\"name\":\"Wochenbericht - 04.09. bis 10.09.2023 - Feuerwehr Halberstadt\",\"isPartOf\":{\"@id\":\"https:\\\/\\\/www.feuerwehr-halberstadt.de\\\/#website\"},\"primaryImageOfPage\":{\"@id\":\"https:\\\/\\\/www.feuerwehr-halberstadt.de\\\/?p=13862#primaryimage\"},\"image\":{\"@id\":\"https:\\\/\\\/www.feuerwehr-halberstadt.de\\\/?p=13862#primaryimage\"},\"thumbnailUrl\":\"https:\\\/\\\/www.feuerwehr-halberstadt.de\\\/wp-content\\\/uploads\\\/2023\\\/07\\\/Wochenbericht.png\",\"datePublished\":\"2023-09-11T13:55:17+00:00\",\"dateModified\":\"2023-09-11T13:55:18+00:00\",\"breadcrumb\":{\"@id\":\"https:\\\/\\\/www.feuerwehr-halberstadt.de\\\/?p=13862#breadcrumb\"},\"inLanguage\":\"de\",\"potentialAction\":[{\"@type\":\"ReadAction\",\"target\":[\"https:\\\/\\\/www.feuerwehr-halberstadt.de\\\/?p=13862\"]}]},{\"@type\":\"ImageObject\",\"inLanguage\":\"de\",\"@id\":\"https:\\\/\\\/www.feuerwehr-halberstadt.de\\\/?p=13862#primaryimage\",\"url\":\"https:\\\/\\\/www.feuerwehr-halberstadt.de\\\/wp-content\\\/uploads\\\/2023\\\/07\\\/Wochenbericht.png\",\"contentUrl\":\"https:\\\/\\\/www.feuerwehr-halberstadt.de\\\/wp-content\\\/uploads\\\/2023\\\/07\\\/Wochenbericht.png\",\"width\":1920,\"height\":1080},{\"@type\":\"BreadcrumbList\",\"@id\":\"https:\\\/\\\/www.feuerwehr-halberstadt.de\\\/?p=13862#breadcrumb\",\"itemListElement\":[{\"@type\":\"ListItem\",\"position\":1,\"name\":\"Startseite\",\"item\":\"https:\\\/\\\/www.feuerwehr-halberstadt.de\\\/\"},{\"@type\":\"ListItem\",\"position\":2,\"name\":\"Wochenbericht &#8211; 04.09. bis 10.09.2023\"}]},{\"@type\":\"WebSite\",\"@id\":\"https:\\\/\\\/www.feuerwehr-halberstadt.de\\\/#website\",\"url\":\"https:\\\/\\\/www.feuerwehr-halberstadt.de\\\/\",\"name\":\"Feuerwehr Halberstadt\",\"description\":\"#imEinsatzf\u00fcrHalberstadt\",\"publisher\":{\"@id\":\"https:\\\/\\\/www.feuerwehr-halberstadt.de\\\/#organization\"},\"potentialAction\":[{\"@type\":\"SearchAction\",\"target\":{\"@type\":\"EntryPoint\",\"urlTemplate\":\"https:\\\/\\\/www.feuerwehr-halberstadt.de\\\/?s={search_term_string}\"},\"query-input\":{\"@type\":\"PropertyValueSpecification\",\"valueRequired\":true,\"valueName\":\"search_term_string\"}}],\"inLanguage\":\"de\"},{\"@type\":\"Organization\",\"@id\":\"https:\\\/\\\/www.feuerwehr-halberstadt.de\\\/#organization\",\"name\":\"Feuerwehr Halberstadt\",\"url\":\"https:\\\/\\\/www.feuerwehr-halberstadt.de\\\/\",\"logo\":{\"@type\":\"ImageObject\",\"inLanguage\":\"de\",\"@id\":\"https:\\\/\\\/www.feuerwehr-halberstadt.de\\\/#\\\/schema\\\/logo\\\/image\\\/\",\"url\":\"https:\\\/\\\/www.feuerwehr-halberstadt.de\\\/wp-content\\\/uploads\\\/2023\\\/10\\\/IMG_0126.png\",\"contentUrl\":\"https:\\\/\\\/www.feuerwehr-halberstadt.de\\\/wp-content\\\/uploads\\\/2023\\\/10\\\/IMG_0126.png\",\"width\":1500,\"height\":399,\"caption\":\"Feuerwehr Halberstadt\"},\"image\":{\"@id\":\"https:\\\/\\\/www.feuerwehr-halberstadt.de\\\/#\\\/schema\\\/logo\\\/image\\\/\"},\"sameAs\":[\"https:\\\/\\\/www.facebook.com\\\/FeuerwehrHalberstadt\\\/\"]},{\"@type\":\"Person\",\"@id\":\"https:\\\/\\\/www.feuerwehr-halberstadt.de\\\/#\\\/schema\\\/person\\\/3025e717504caccf9120c148aa5dafc9\",\"name\":\"K\u00fchne, Ren\u00e9\",\"image\":{\"@type\":\"ImageObject\",\"inLanguage\":\"de\",\"@id\":\"https:\\\/\\\/secure.gravatar.com\\\/avatar\\\/55eea2ec92cf331c72f122107a136da45b190ce89b28770aafc2f0a0788d2fd4?s=96&d=mm&r=g\",\"url\":\"https:\\\/\\\/secure.gravatar.com\\\/avatar\\\/55eea2ec92cf331c72f122107a136da45b190ce89b28770aafc2f0a0788d2fd4?s=96&d=mm&r=g\",\"contentUrl\":\"https:\\\/\\\/secure.gravatar.com\\\/avatar\\\/55eea2ec92cf331c72f122107a136da45b190ce89b28770aafc2f0a0788d2fd4?s=96&d=mm&r=g\",\"caption\":\"K\u00fchne, Ren\u00e9\"},\"url\":\"https:\\\/\\\/www.feuerwehr-halberstadt.de\\\/?author=8\"}]}<\/script>\n<!-- \/ Yoast SEO plugin. -->","yoast_head_json":{"title":"Wochenbericht - 04.09. bis 10.09.2023 - Feuerwehr Halberstadt","robots":{"index":"index","follow":"follow","max-snippet":"max-snippet:-1","max-image-preview":"max-image-preview:large","max-video-preview":"max-video-preview:-1"},"canonical":"https:\/\/www.feuerwehr-halberstadt.de\/?p=13862","og_locale":"de_DE","og_type":"article","og_title":"Wochenbericht - 04.09. bis 10.09.2023 - Feuerwehr Halberstadt","og_description":"04.09.2023 &#8211; 15:41 UhrBMA &#8211; ZAST &#8211; Friedrich-List-Stra\u00dfe &#8211; Einsatz 149\/2023In der ZAST l\u00f6ste die Brandmeldeanlage aufgrund angebrannten Essens aus. Der verrauchte Bereich wurde bel\u00fcftet. 04.09.2023 &#8211; 16:08 UhrTH2 &#8211; Gasausstr\u00f6mung &#8211; Harmoniestra\u00dfe &#8211; Einsatz 150\/2023Die Polizei meldete eine Gasausstr\u00f6mung in einem leerstehenden Objekt in der Harmoniestra\u00dfe. Die Gasleitung wurde abgeschiebert und der betroffene Bereich [&hellip;]","og_url":"https:\/\/www.feuerwehr-halberstadt.de\/?p=13862","og_site_name":"Feuerwehr Halberstadt","article_publisher":"https:\/\/www.facebook.com\/FeuerwehrHalberstadt\/","article_published_time":"2023-09-11T13:55:17+00:00","article_modified_time":"2023-09-11T13:55:18+00:00","og_image":[{"width":1920,"height":1080,"url":"https:\/\/www.feuerwehr-halberstadt.de\/wp-content\/uploads\/2023\/07\/Wochenbericht.png","type":"image\/png"}],"author":"K\u00fchne, Ren\u00e9","twitter_card":"summary_large_image","twitter_misc":{"Verfasst von":"K\u00fchne, Ren\u00e9","Gesch\u00e4tzte Lesezeit":"1\u00a0Minute"},"schema":{"@context":"https:\/\/schema.org","@graph":[{"@type":"Article","@id":"https:\/\/www.feuerwehr-halberstadt.de\/?p=13862#article","isPartOf":{"@id":"https:\/\/www.feuerwehr-halberstadt.de\/?p=13862"},"author":{"name":"K\u00fchne, Ren\u00e9","@id":"https:\/\/www.feuerwehr-halberstadt.de\/#\/schema\/person\/3025e717504caccf9120c148aa5dafc9"},"headline":"Wochenbericht &#8211; 04.09. bis 10.09.2023","datePublished":"2023-09-11T13:55:17+00:00","dateModified":"2023-09-11T13:55:18+00:00","mainEntityOfPage":{"@id":"https:\/\/www.feuerwehr-halberstadt.de\/?p=13862"},"wordCount":201,"publisher":{"@id":"https:\/\/www.feuerwehr-halberstadt.de\/#organization"},"image":{"@id":"https:\/\/www.feuerwehr-halberstadt.de\/?p=13862#primaryimage"},"thumbnailUrl":"https:\/\/www.feuerwehr-halberstadt.de\/wp-content\/uploads\/2023\/07\/Wochenbericht.png","inLanguage":"de"},{"@type":"WebPage","@id":"https:\/\/www.feuerwehr-halberstadt.de\/?p=13862","url":"https:\/\/www.feuerwehr-halberstadt.de\/?p=13862","name":"Wochenbericht - 04.09. bis 10.09.2023 - Feuerwehr Halberstadt","isPartOf":{"@id":"https:\/\/www.feuerwehr-halberstadt.de\/#website"},"primaryImageOfPage":{"@id":"https:\/\/www.feuerwehr-halberstadt.de\/?p=13862#primaryimage"},"image":{"@id":"https:\/\/www.feuerwehr-halberstadt.de\/?p=13862#primaryimage"},"thumbnailUrl":"https:\/\/www.feuerwehr-halberstadt.de\/wp-content\/uploads\/2023\/07\/Wochenbericht.png","datePublished":"2023-09-11T13:55:17+00:00","dateModified":"2023-09-11T13:55:18+00:00","breadcrumb":{"@id":"https:\/\/www.feuerwehr-halberstadt.de\/?p=13862#breadcrumb"},"inLanguage":"de","potentialAction":[{"@type":"ReadAction","target":["https:\/\/www.feuerwehr-halberstadt.de\/?p=13862"]}]},{"@type":"ImageObject","inLanguage":"de","@id":"https:\/\/www.feuerwehr-halberstadt.de\/?p=13862#primaryimage","url":"https:\/\/www.feuerwehr-halberstadt.de\/wp-content\/uploads\/2023\/07\/Wochenbericht.png","contentUrl":"https:\/\/www.feuerwehr-halberstadt.de\/wp-content\/uploads\/2023\/07\/Wochenbericht.png","width":1920,"height":1080},{"@type":"BreadcrumbList","@id":"https:\/\/www.feuerwehr-halberstadt.de\/?p=13862#breadcrumb","itemListElement":[{"@type":"ListItem","position":1,"name":"Startseite","item":"https:\/\/www.feuerwehr-halberstadt.de\/"},{"@type":"ListItem","position":2,"name":"Wochenbericht &#8211; 04.09. bis 10.09.2023"}]},{"@type":"WebSite","@id":"https:\/\/www.feuerwehr-halberstadt.de\/#website","url":"https:\/\/www.feuerwehr-halberstadt.de\/","name":"Feuerwehr Halberstadt","description":"#imEinsatzf\u00fcrHalberstadt","publisher":{"@id":"https:\/\/www.feuerwehr-halberstadt.de\/#organization"},"potentialAction":[{"@type":"SearchAction","target":{"@type":"EntryPoint","urlTemplate":"https:\/\/www.feuerwehr-halberstadt.de\/?s={search_term_string}"},"query-input":{"@type":"PropertyValueSpecification","valueRequired":true,"valueName":"search_term_string"}}],"inLanguage":"de"},{"@type":"Organization","@id":"https:\/\/www.feuerwehr-halberstadt.de\/#organization","name":"Feuerwehr Halberstadt","url":"https:\/\/www.feuerwehr-halberstadt.de\/","logo":{"@type":"ImageObject","inLanguage":"de","@id":"https:\/\/www.feuerwehr-halberstadt.de\/#\/schema\/logo\/image\/","url":"https:\/\/www.feuerwehr-halberstadt.de\/wp-content\/uploads\/2023\/10\/IMG_0126.png","contentUrl":"https:\/\/www.feuerwehr-halberstadt.de\/wp-content\/uploads\/2023\/10\/IMG_0126.png","width":1500,"height":399,"caption":"Feuerwehr Halberstadt"},"image":{"@id":"https:\/\/www.feuerwehr-halberstadt.de\/#\/schema\/logo\/image\/"},"sameAs":["https:\/\/www.facebook.com\/FeuerwehrHalberstadt\/"]},{"@type":"Person","@id":"https:\/\/www.feuerwehr-halberstadt.de\/#\/schema\/person\/3025e717504caccf9120c148aa5dafc9","name":"K\u00fchne, Ren\u00e9","image":{"@type":"ImageObject","inLanguage":"de","@id":"https:\/\/secure.gravatar.com\/avatar\/55eea2ec92cf331c72f122107a136da45b190ce89b28770aafc2f0a0788d2fd4?s=96&d=mm&r=g","url":"https:\/\/secure.gravatar.com\/avatar\/55eea2ec92cf331c72f122107a136da45b190ce89b28770aafc2f0a0788d2fd4?s=96&d=mm&r=g","contentUrl":"https:\/\/secure.gravatar.com\/avatar\/55eea2ec92cf331c72f122107a136da45b190ce89b28770aafc2f0a0788d2fd4?s=96&d=mm&r=g","caption":"K\u00fchne, Ren\u00e9"},"url":"https:\/\/www.feuerwehr-halberstadt.de\/?author=8"}]}},"_links":{"self":[{"href":"https:\/\/www.feuerwehr-halberstadt.de\/index.php?rest_route=\/wp\/v2\/posts\/13862","targetHints":{"allow":["GET"]}}],"collection":[{"href":"https:\/\/www.feuerwehr-halberstadt.de\/index.php?rest_route=\/wp\/v2\/posts"}],"about":[{"href":"https:\/\/www.feuerwehr-halberstadt.de\/index.php?rest_route=\/wp\/v2\/types\/post"}],"author":[{"embeddable":true,"href":"https:\/\/www.feuerwehr-halberstadt.de\/index.php?rest_route=\/wp\/v2\/users\/8"}],"replies":[{"embeddable":true,"href":"https:\/\/www.feuerwehr-halberstadt.de\/index.php?rest_route=%2Fwp%2Fv2%2Fcomments&post=13862"}],"version-history":[{"count":7,"href":"https:\/\/www.feuerwehr-halberstadt.de\/index.php?rest_route=\/wp\/v2\/posts\/13862\/revisions"}],"predecessor-version":[{"id":13901,"href":"https:\/\/www.feuerwehr-halberstadt.de\/index.php?rest_route=\/wp\/v2\/posts\/13862\/revisions\/13901"}],"wp:featuredmedia":[{"embeddable":true,"href":"https:\/\/www.feuerwehr-halberstadt.de\/index.php?rest_route=\/wp\/v2\/media\/13638"}],"wp:attachment":[{"href":"https:\/\/www.feuerwehr-halberstadt.de\/index.php?rest_route=%2Fwp%2Fv2%2Fmedia&parent=13862"}],"wp:term":[{"taxonomy":"category","embeddable":true,"href":"https:\/\/www.feuerwehr-halberstadt.de\/index.php?rest_route=%2Fwp%2Fv2%2Fcategories&post=13862"},{"taxonomy":"post_tag","embeddable":true,"href":"https:\/\/www.feuerwehr-halberstadt.de\/index.php?rest_route=%2Fwp%2Fv2%2Ftags&post=13862"}],"curies":[{"name":"wp","href":"https:\/\/api.w.org\/{rel}","templated":true}]}}