{"id":13627,"date":"2023-06-30T06:19:23","date_gmt":"2023-06-30T04:19:23","guid":{"rendered":"https:\/\/www.feuerwehr-halberstadt.de\/?p=13627"},"modified":"2023-06-30T06:26:29","modified_gmt":"2023-06-30T04:26:29","slug":"abberufung-und-ernennungen-im-stadtrat","status":"publish","type":"post","link":"https:\/\/www.feuerwehr-halberstadt.de\/?p=13627","title":{"rendered":"Abberufung und Ernennungen im Stadtrat"},"content":{"rendered":"\n<p>Am gestrigen 29. Juni tagte der Stadtrat der Stadt Halberstadt. Zu Beginn der Tagesordnung wurden Ehrenbeamte der Freiwilligen Feuerwehr ernannt und abberufen. <\/p>\n\n\n\n<p>Sebastian Rindert legte aus pers\u00f6nlichen Gr\u00fcnden sein Amt des Stadtausbildungsleiters nieder, weshalb er nun offiziell abberufen werden musste. Sebastian Rindert ist weiterhin als Ortswehrleiter der Ortsfeuerwehr Langenstein t\u00e4tig. Oberb\u00fcrgermeister Daniel Szarata und Stadtratspr\u00e4sident Dr. Volker B\u00fcrger bedankten sich f\u00fcr die gute Arbeit und das Engagement in den vergangenen Jahren.<\/p>\n\n\n\n<p>Lars Hartmann wurde mit Wirkung zum 01. Juli 2023 f\u00fcr die Dauer von 2 Jahren kommissarisch zum Stadtausbildungsleiter ernannt. Gl\u00fcckw\u00fcnsche \u00fcberbrachten neben Abteilungsleiter Ingo Wetzel und Stadtwehrleiter Martin Schulz auch Vertreter aus den Ortsfeuerwehren. <\/p>\n\n\n\n<p>Nico Hauptmann konnte vor dem Stadtrat ebenfalls in das Ehrenbeamtenverh\u00e4ltnis ernannt werden, da er f\u00fcr 6 Jahre die Funktion des Ortswehrleiters der Ortsfeuerwehr Aspenstedt \u00fcbernommen hat. Viel Erfolg und immer ein gl\u00fcckliches H\u00e4ndchen bei allen Entscheidungen!<\/p>\n\n\n\n<figure class=\"wp-block-gallery has-nested-images columns-default is-cropped wp-block-gallery-1 is-layout-flex wp-block-gallery-is-layout-flex\">\n<figure class=\"wp-block-image size-large\"><a href=\"https:\/\/www.feuerwehr-halberstadt.de\/wp-content\/uploads\/2023\/06\/PHOTO-2023-06-29-21-01-57-2.jpg\"><img loading=\"lazy\" decoding=\"async\" width=\"1024\" height=\"575\" data-id=\"13608\" src=\"https:\/\/www.feuerwehr-halberstadt.de\/wp-content\/uploads\/2023\/06\/PHOTO-2023-06-29-21-01-57-2.jpg\" alt=\"\" class=\"wp-image-13608\" srcset=\"https:\/\/www.feuerwehr-halberstadt.de\/wp-content\/uploads\/2023\/06\/PHOTO-2023-06-29-21-01-57-2.jpg 1024w, https:\/\/www.feuerwehr-halberstadt.de\/wp-content\/uploads\/2023\/06\/PHOTO-2023-06-29-21-01-57-2-300x168.jpg 300w, https:\/\/www.feuerwehr-halberstadt.de\/wp-content\/uploads\/2023\/06\/PHOTO-2023-06-29-21-01-57-2-768x431.jpg 768w\" sizes=\"auto, (max-width: 1024px) 100vw, 1024px\" \/><\/a><\/figure>\n\n\n\n<figure class=\"wp-block-image size-large\"><a href=\"https:\/\/www.feuerwehr-halberstadt.de\/wp-content\/uploads\/2023\/06\/PHOTO-2023-06-29-21-01-57-13.jpg\"><img loading=\"lazy\" decoding=\"async\" width=\"1024\" height=\"575\" data-id=\"13624\" src=\"https:\/\/www.feuerwehr-halberstadt.de\/wp-content\/uploads\/2023\/06\/PHOTO-2023-06-29-21-01-57-13.jpg\" alt=\"\" class=\"wp-image-13624\" srcset=\"https:\/\/www.feuerwehr-halberstadt.de\/wp-content\/uploads\/2023\/06\/PHOTO-2023-06-29-21-01-57-13.jpg 1024w, https:\/\/www.feuerwehr-halberstadt.de\/wp-content\/uploads\/2023\/06\/PHOTO-2023-06-29-21-01-57-13-300x168.jpg 300w, https:\/\/www.feuerwehr-halberstadt.de\/wp-content\/uploads\/2023\/06\/PHOTO-2023-06-29-21-01-57-13-768x431.jpg 768w\" sizes=\"auto, (max-width: 1024px) 100vw, 1024px\" \/><\/a><\/figure>\n\n\n\n<figure class=\"wp-block-image size-large\"><a href=\"https:\/\/www.feuerwehr-halberstadt.de\/wp-content\/uploads\/2023\/06\/PHOTO-2023-06-29-21-01-57-17.jpg\"><img loading=\"lazy\" decoding=\"async\" width=\"1024\" height=\"575\" data-id=\"13604\" src=\"https:\/\/www.feuerwehr-halberstadt.de\/wp-content\/uploads\/2023\/06\/PHOTO-2023-06-29-21-01-57-17.jpg\" alt=\"\" class=\"wp-image-13604\" srcset=\"https:\/\/www.feuerwehr-halberstadt.de\/wp-content\/uploads\/2023\/06\/PHOTO-2023-06-29-21-01-57-17.jpg 1024w, https:\/\/www.feuerwehr-halberstadt.de\/wp-content\/uploads\/2023\/06\/PHOTO-2023-06-29-21-01-57-17-300x168.jpg 300w, https:\/\/www.feuerwehr-halberstadt.de\/wp-content\/uploads\/2023\/06\/PHOTO-2023-06-29-21-01-57-17-768x431.jpg 768w\" sizes=\"auto, (max-width: 1024px) 100vw, 1024px\" \/><\/a><\/figure>\n\n\n\n<figure class=\"wp-block-image size-large\"><a href=\"https:\/\/www.feuerwehr-halberstadt.de\/wp-content\/uploads\/2023\/06\/PHOTO-2023-06-29-21-01-57-21.jpg\"><img loading=\"lazy\" decoding=\"async\" width=\"1024\" height=\"575\" data-id=\"13618\" src=\"https:\/\/www.feuerwehr-halberstadt.de\/wp-content\/uploads\/2023\/06\/PHOTO-2023-06-29-21-01-57-21.jpg\" alt=\"\" class=\"wp-image-13618\" srcset=\"https:\/\/www.feuerwehr-halberstadt.de\/wp-content\/uploads\/2023\/06\/PHOTO-2023-06-29-21-01-57-21.jpg 1024w, https:\/\/www.feuerwehr-halberstadt.de\/wp-content\/uploads\/2023\/06\/PHOTO-2023-06-29-21-01-57-21-300x168.jpg 300w, https:\/\/www.feuerwehr-halberstadt.de\/wp-content\/uploads\/2023\/06\/PHOTO-2023-06-29-21-01-57-21-768x431.jpg 768w\" sizes=\"auto, (max-width: 1024px) 100vw, 1024px\" \/><\/a><\/figure>\n\n\n\n<figure class=\"wp-block-image size-large\"><a href=\"https:\/\/www.feuerwehr-halberstadt.de\/wp-content\/uploads\/2023\/06\/PHOTO-2023-06-29-21-01-57-22.jpg\"><img loading=\"lazy\" decoding=\"async\" width=\"1024\" height=\"576\" data-id=\"13623\" src=\"https:\/\/www.feuerwehr-halberstadt.de\/wp-content\/uploads\/2023\/06\/PHOTO-2023-06-29-21-01-57-22.jpg\" alt=\"\" class=\"wp-image-13623\" srcset=\"https:\/\/www.feuerwehr-halberstadt.de\/wp-content\/uploads\/2023\/06\/PHOTO-2023-06-29-21-01-57-22.jpg 1024w, https:\/\/www.feuerwehr-halberstadt.de\/wp-content\/uploads\/2023\/06\/PHOTO-2023-06-29-21-01-57-22-300x169.jpg 300w, https:\/\/www.feuerwehr-halberstadt.de\/wp-content\/uploads\/2023\/06\/PHOTO-2023-06-29-21-01-57-22-768x432.jpg 768w\" sizes=\"auto, (max-width: 1024px) 100vw, 1024px\" \/><\/a><\/figure>\n\n\n\n<figure class=\"wp-block-image size-large\"><a href=\"https:\/\/www.feuerwehr-halberstadt.de\/wp-content\/uploads\/2023\/06\/PHOTO-2023-06-29-21-01-57-5.jpg\"><img loading=\"lazy\" decoding=\"async\" width=\"1024\" height=\"576\" data-id=\"13610\" src=\"https:\/\/www.feuerwehr-halberstadt.de\/wp-content\/uploads\/2023\/06\/PHOTO-2023-06-29-21-01-57-5.jpg\" alt=\"\" class=\"wp-image-13610\" srcset=\"https:\/\/www.feuerwehr-halberstadt.de\/wp-content\/uploads\/2023\/06\/PHOTO-2023-06-29-21-01-57-5.jpg 1024w, https:\/\/www.feuerwehr-halberstadt.de\/wp-content\/uploads\/2023\/06\/PHOTO-2023-06-29-21-01-57-5-300x169.jpg 300w, https:\/\/www.feuerwehr-halberstadt.de\/wp-content\/uploads\/2023\/06\/PHOTO-2023-06-29-21-01-57-5-768x432.jpg 768w\" sizes=\"auto, (max-width: 1024px) 100vw, 1024px\" \/><\/a><\/figure>\n\n\n\n<figure class=\"wp-block-image size-large\"><a href=\"https:\/\/www.feuerwehr-halberstadt.de\/wp-content\/uploads\/2023\/06\/PHOTO-2023-06-29-21-01-57-23.jpg\"><img loading=\"lazy\" decoding=\"async\" width=\"1024\" height=\"575\" data-id=\"13619\" src=\"https:\/\/www.feuerwehr-halberstadt.de\/wp-content\/uploads\/2023\/06\/PHOTO-2023-06-29-21-01-57-23.jpg\" alt=\"\" class=\"wp-image-13619\" srcset=\"https:\/\/www.feuerwehr-halberstadt.de\/wp-content\/uploads\/2023\/06\/PHOTO-2023-06-29-21-01-57-23.jpg 1024w, https:\/\/www.feuerwehr-halberstadt.de\/wp-content\/uploads\/2023\/06\/PHOTO-2023-06-29-21-01-57-23-300x168.jpg 300w, https:\/\/www.feuerwehr-halberstadt.de\/wp-content\/uploads\/2023\/06\/PHOTO-2023-06-29-21-01-57-23-768x431.jpg 768w\" sizes=\"auto, (max-width: 1024px) 100vw, 1024px\" \/><\/a><\/figure>\n<\/figure>\n","protected":false},"excerpt":{"rendered":"<p>Am gestrigen 29. Juni tagte der Stadtrat der Stadt Halberstadt. Zu Beginn der Tagesordnung wurden Ehrenbeamte der Freiwilligen Feuerwehr ernannt und abberufen. Sebastian Rindert legte aus pers\u00f6nlichen Gr\u00fcnden sein Amt des Stadtausbildungsleiters nieder, weshalb er nun offiziell abberufen werden musste. Sebastian Rindert ist weiterhin als Ortswehrleiter der Ortsfeuerwehr Langenstein t\u00e4tig. Oberb\u00fcrgermeister Daniel Szarata und Stadtratspr\u00e4sident [&hellip;]<\/p>\n","protected":false},"author":3,"featured_media":13620,"comment_status":"closed","ping_status":"closed","sticky":false,"template":"","format":"standard","meta":{"_acf_changed":false,"footnotes":""},"categories":[31],"tags":[],"class_list":["post-13627","post","type-post","status-publish","format-standard","has-post-thumbnail","hentry","category-information"],"acf":[],"yoast_head":"<!-- This site is optimized with the Yoast SEO plugin v27.5 - https:\/\/yoast.com\/product\/yoast-seo-wordpress\/ -->\n<title>Abberufung und Ernennungen im Stadtrat - Feuerwehr Halberstadt<\/title>\n<meta name=\"robots\" content=\"index, follow, max-snippet:-1, max-image-preview:large, max-video-preview:-1\" \/>\n<link rel=\"canonical\" href=\"https:\/\/www.feuerwehr-halberstadt.de\/?p=13627\" \/>\n<meta property=\"og:locale\" content=\"de_DE\" \/>\n<meta property=\"og:type\" content=\"article\" \/>\n<meta property=\"og:title\" content=\"Abberufung und Ernennungen im Stadtrat - Feuerwehr Halberstadt\" \/>\n<meta property=\"og:description\" content=\"Am gestrigen 29. Juni tagte der Stadtrat der Stadt Halberstadt. Zu Beginn der Tagesordnung wurden Ehrenbeamte der Freiwilligen Feuerwehr ernannt und abberufen. Sebastian Rindert legte aus pers\u00f6nlichen Gr\u00fcnden sein Amt des Stadtausbildungsleiters nieder, weshalb er nun offiziell abberufen werden musste. Sebastian Rindert ist weiterhin als Ortswehrleiter der Ortsfeuerwehr Langenstein t\u00e4tig. Oberb\u00fcrgermeister Daniel Szarata und Stadtratspr\u00e4sident [&hellip;]\" \/>\n<meta property=\"og:url\" content=\"https:\/\/www.feuerwehr-halberstadt.de\/?p=13627\" \/>\n<meta property=\"og:site_name\" content=\"Feuerwehr Halberstadt\" \/>\n<meta property=\"article:publisher\" content=\"https:\/\/www.facebook.com\/FeuerwehrHalberstadt\/\" \/>\n<meta property=\"article:published_time\" content=\"2023-06-30T04:19:23+00:00\" \/>\n<meta property=\"article:modified_time\" content=\"2023-06-30T04:26:29+00:00\" \/>\n<meta property=\"og:image\" content=\"https:\/\/www.feuerwehr-halberstadt.de\/wp-content\/uploads\/2023\/06\/PHOTO-2023-06-29-21-01-57-24.jpg\" \/>\n\t<meta property=\"og:image:width\" content=\"1024\" \/>\n\t<meta property=\"og:image:height\" content=\"575\" \/>\n\t<meta property=\"og:image:type\" content=\"image\/jpeg\" \/>\n<meta name=\"author\" content=\"Buchold, Chris\" \/>\n<meta name=\"twitter:card\" content=\"summary_large_image\" \/>\n<meta name=\"twitter:label1\" content=\"Verfasst von\" \/>\n\t<meta name=\"twitter:data1\" content=\"Buchold, Chris\" \/>\n\t<meta name=\"twitter:label2\" content=\"Gesch\u00e4tzte Lesezeit\" \/>\n\t<meta name=\"twitter:data2\" content=\"3\u00a0Minuten\" \/>\n<script type=\"application\/ld+json\" class=\"yoast-schema-graph\">{\"@context\":\"https:\\\/\\\/schema.org\",\"@graph\":[{\"@type\":\"Article\",\"@id\":\"https:\\\/\\\/www.feuerwehr-halberstadt.de\\\/?p=13627#article\",\"isPartOf\":{\"@id\":\"https:\\\/\\\/www.feuerwehr-halberstadt.de\\\/?p=13627\"},\"author\":{\"name\":\"Buchold, Chris\",\"@id\":\"https:\\\/\\\/www.feuerwehr-halberstadt.de\\\/#\\\/schema\\\/person\\\/55ce5d9b46008e58cd3d55d4116ec727\"},\"headline\":\"Abberufung und Ernennungen im Stadtrat\",\"datePublished\":\"2023-06-30T04:19:23+00:00\",\"dateModified\":\"2023-06-30T04:26:29+00:00\",\"mainEntityOfPage\":{\"@id\":\"https:\\\/\\\/www.feuerwehr-halberstadt.de\\\/?p=13627\"},\"wordCount\":155,\"publisher\":{\"@id\":\"https:\\\/\\\/www.feuerwehr-halberstadt.de\\\/#organization\"},\"image\":{\"@id\":\"https:\\\/\\\/www.feuerwehr-halberstadt.de\\\/?p=13627#primaryimage\"},\"thumbnailUrl\":\"https:\\\/\\\/www.feuerwehr-halberstadt.de\\\/wp-content\\\/uploads\\\/2023\\\/06\\\/PHOTO-2023-06-29-21-01-57-24.jpg\",\"articleSection\":[\"Information\"],\"inLanguage\":\"de\"},{\"@type\":\"WebPage\",\"@id\":\"https:\\\/\\\/www.feuerwehr-halberstadt.de\\\/?p=13627\",\"url\":\"https:\\\/\\\/www.feuerwehr-halberstadt.de\\\/?p=13627\",\"name\":\"Abberufung und Ernennungen im Stadtrat - Feuerwehr Halberstadt\",\"isPartOf\":{\"@id\":\"https:\\\/\\\/www.feuerwehr-halberstadt.de\\\/#website\"},\"primaryImageOfPage\":{\"@id\":\"https:\\\/\\\/www.feuerwehr-halberstadt.de\\\/?p=13627#primaryimage\"},\"image\":{\"@id\":\"https:\\\/\\\/www.feuerwehr-halberstadt.de\\\/?p=13627#primaryimage\"},\"thumbnailUrl\":\"https:\\\/\\\/www.feuerwehr-halberstadt.de\\\/wp-content\\\/uploads\\\/2023\\\/06\\\/PHOTO-2023-06-29-21-01-57-24.jpg\",\"datePublished\":\"2023-06-30T04:19:23+00:00\",\"dateModified\":\"2023-06-30T04:26:29+00:00\",\"breadcrumb\":{\"@id\":\"https:\\\/\\\/www.feuerwehr-halberstadt.de\\\/?p=13627#breadcrumb\"},\"inLanguage\":\"de\",\"potentialAction\":[{\"@type\":\"ReadAction\",\"target\":[\"https:\\\/\\\/www.feuerwehr-halberstadt.de\\\/?p=13627\"]}]},{\"@type\":\"ImageObject\",\"inLanguage\":\"de\",\"@id\":\"https:\\\/\\\/www.feuerwehr-halberstadt.de\\\/?p=13627#primaryimage\",\"url\":\"https:\\\/\\\/www.feuerwehr-halberstadt.de\\\/wp-content\\\/uploads\\\/2023\\\/06\\\/PHOTO-2023-06-29-21-01-57-24.jpg\",\"contentUrl\":\"https:\\\/\\\/www.feuerwehr-halberstadt.de\\\/wp-content\\\/uploads\\\/2023\\\/06\\\/PHOTO-2023-06-29-21-01-57-24.jpg\",\"width\":1024,\"height\":575},{\"@type\":\"BreadcrumbList\",\"@id\":\"https:\\\/\\\/www.feuerwehr-halberstadt.de\\\/?p=13627#breadcrumb\",\"itemListElement\":[{\"@type\":\"ListItem\",\"position\":1,\"name\":\"Startseite\",\"item\":\"https:\\\/\\\/www.feuerwehr-halberstadt.de\\\/\"},{\"@type\":\"ListItem\",\"position\":2,\"name\":\"Abberufung und Ernennungen im Stadtrat\"}]},{\"@type\":\"WebSite\",\"@id\":\"https:\\\/\\\/www.feuerwehr-halberstadt.de\\\/#website\",\"url\":\"https:\\\/\\\/www.feuerwehr-halberstadt.de\\\/\",\"name\":\"Feuerwehr Halberstadt\",\"description\":\"#imEinsatzf\u00fcrHalberstadt\",\"publisher\":{\"@id\":\"https:\\\/\\\/www.feuerwehr-halberstadt.de\\\/#organization\"},\"potentialAction\":[{\"@type\":\"SearchAction\",\"target\":{\"@type\":\"EntryPoint\",\"urlTemplate\":\"https:\\\/\\\/www.feuerwehr-halberstadt.de\\\/?s={search_term_string}\"},\"query-input\":{\"@type\":\"PropertyValueSpecification\",\"valueRequired\":true,\"valueName\":\"search_term_string\"}}],\"inLanguage\":\"de\"},{\"@type\":\"Organization\",\"@id\":\"https:\\\/\\\/www.feuerwehr-halberstadt.de\\\/#organization\",\"name\":\"Feuerwehr Halberstadt\",\"url\":\"https:\\\/\\\/www.feuerwehr-halberstadt.de\\\/\",\"logo\":{\"@type\":\"ImageObject\",\"inLanguage\":\"de\",\"@id\":\"https:\\\/\\\/www.feuerwehr-halberstadt.de\\\/#\\\/schema\\\/logo\\\/image\\\/\",\"url\":\"https:\\\/\\\/www.feuerwehr-halberstadt.de\\\/wp-content\\\/uploads\\\/2023\\\/10\\\/IMG_0126.png\",\"contentUrl\":\"https:\\\/\\\/www.feuerwehr-halberstadt.de\\\/wp-content\\\/uploads\\\/2023\\\/10\\\/IMG_0126.png\",\"width\":1500,\"height\":399,\"caption\":\"Feuerwehr Halberstadt\"},\"image\":{\"@id\":\"https:\\\/\\\/www.feuerwehr-halberstadt.de\\\/#\\\/schema\\\/logo\\\/image\\\/\"},\"sameAs\":[\"https:\\\/\\\/www.facebook.com\\\/FeuerwehrHalberstadt\\\/\"]},{\"@type\":\"Person\",\"@id\":\"https:\\\/\\\/www.feuerwehr-halberstadt.de\\\/#\\\/schema\\\/person\\\/55ce5d9b46008e58cd3d55d4116ec727\",\"name\":\"Buchold, Chris\",\"image\":{\"@type\":\"ImageObject\",\"inLanguage\":\"de\",\"@id\":\"https:\\\/\\\/secure.gravatar.com\\\/avatar\\\/bff08a084f0390bf8a93fc28c488452766ba521109cec244ac64210fdd500a49?s=96&d=mm&r=g\",\"url\":\"https:\\\/\\\/secure.gravatar.com\\\/avatar\\\/bff08a084f0390bf8a93fc28c488452766ba521109cec244ac64210fdd500a49?s=96&d=mm&r=g\",\"contentUrl\":\"https:\\\/\\\/secure.gravatar.com\\\/avatar\\\/bff08a084f0390bf8a93fc28c488452766ba521109cec244ac64210fdd500a49?s=96&d=mm&r=g\",\"caption\":\"Buchold, Chris\"},\"url\":\"https:\\\/\\\/www.feuerwehr-halberstadt.de\\\/?author=3\"}]}<\/script>\n<!-- \/ Yoast SEO plugin. -->","yoast_head_json":{"title":"Abberufung und Ernennungen im Stadtrat - Feuerwehr Halberstadt","robots":{"index":"index","follow":"follow","max-snippet":"max-snippet:-1","max-image-preview":"max-image-preview:large","max-video-preview":"max-video-preview:-1"},"canonical":"https:\/\/www.feuerwehr-halberstadt.de\/?p=13627","og_locale":"de_DE","og_type":"article","og_title":"Abberufung und Ernennungen im Stadtrat - Feuerwehr Halberstadt","og_description":"Am gestrigen 29. Juni tagte der Stadtrat der Stadt Halberstadt. Zu Beginn der Tagesordnung wurden Ehrenbeamte der Freiwilligen Feuerwehr ernannt und abberufen. Sebastian Rindert legte aus pers\u00f6nlichen Gr\u00fcnden sein Amt des Stadtausbildungsleiters nieder, weshalb er nun offiziell abberufen werden musste. Sebastian Rindert ist weiterhin als Ortswehrleiter der Ortsfeuerwehr Langenstein t\u00e4tig. Oberb\u00fcrgermeister Daniel Szarata und Stadtratspr\u00e4sident [&hellip;]","og_url":"https:\/\/www.feuerwehr-halberstadt.de\/?p=13627","og_site_name":"Feuerwehr Halberstadt","article_publisher":"https:\/\/www.facebook.com\/FeuerwehrHalberstadt\/","article_published_time":"2023-06-30T04:19:23+00:00","article_modified_time":"2023-06-30T04:26:29+00:00","og_image":[{"width":1024,"height":575,"url":"https:\/\/www.feuerwehr-halberstadt.de\/wp-content\/uploads\/2023\/06\/PHOTO-2023-06-29-21-01-57-24.jpg","type":"image\/jpeg"}],"author":"Buchold, Chris","twitter_card":"summary_large_image","twitter_misc":{"Verfasst von":"Buchold, Chris","Gesch\u00e4tzte Lesezeit":"3\u00a0Minuten"},"schema":{"@context":"https:\/\/schema.org","@graph":[{"@type":"Article","@id":"https:\/\/www.feuerwehr-halberstadt.de\/?p=13627#article","isPartOf":{"@id":"https:\/\/www.feuerwehr-halberstadt.de\/?p=13627"},"author":{"name":"Buchold, Chris","@id":"https:\/\/www.feuerwehr-halberstadt.de\/#\/schema\/person\/55ce5d9b46008e58cd3d55d4116ec727"},"headline":"Abberufung und Ernennungen im Stadtrat","datePublished":"2023-06-30T04:19:23+00:00","dateModified":"2023-06-30T04:26:29+00:00","mainEntityOfPage":{"@id":"https:\/\/www.feuerwehr-halberstadt.de\/?p=13627"},"wordCount":155,"publisher":{"@id":"https:\/\/www.feuerwehr-halberstadt.de\/#organization"},"image":{"@id":"https:\/\/www.feuerwehr-halberstadt.de\/?p=13627#primaryimage"},"thumbnailUrl":"https:\/\/www.feuerwehr-halberstadt.de\/wp-content\/uploads\/2023\/06\/PHOTO-2023-06-29-21-01-57-24.jpg","articleSection":["Information"],"inLanguage":"de"},{"@type":"WebPage","@id":"https:\/\/www.feuerwehr-halberstadt.de\/?p=13627","url":"https:\/\/www.feuerwehr-halberstadt.de\/?p=13627","name":"Abberufung und Ernennungen im Stadtrat - Feuerwehr Halberstadt","isPartOf":{"@id":"https:\/\/www.feuerwehr-halberstadt.de\/#website"},"primaryImageOfPage":{"@id":"https:\/\/www.feuerwehr-halberstadt.de\/?p=13627#primaryimage"},"image":{"@id":"https:\/\/www.feuerwehr-halberstadt.de\/?p=13627#primaryimage"},"thumbnailUrl":"https:\/\/www.feuerwehr-halberstadt.de\/wp-content\/uploads\/2023\/06\/PHOTO-2023-06-29-21-01-57-24.jpg","datePublished":"2023-06-30T04:19:23+00:00","dateModified":"2023-06-30T04:26:29+00:00","breadcrumb":{"@id":"https:\/\/www.feuerwehr-halberstadt.de\/?p=13627#breadcrumb"},"inLanguage":"de","potentialAction":[{"@type":"ReadAction","target":["https:\/\/www.feuerwehr-halberstadt.de\/?p=13627"]}]},{"@type":"ImageObject","inLanguage":"de","@id":"https:\/\/www.feuerwehr-halberstadt.de\/?p=13627#primaryimage","url":"https:\/\/www.feuerwehr-halberstadt.de\/wp-content\/uploads\/2023\/06\/PHOTO-2023-06-29-21-01-57-24.jpg","contentUrl":"https:\/\/www.feuerwehr-halberstadt.de\/wp-content\/uploads\/2023\/06\/PHOTO-2023-06-29-21-01-57-24.jpg","width":1024,"height":575},{"@type":"BreadcrumbList","@id":"https:\/\/www.feuerwehr-halberstadt.de\/?p=13627#breadcrumb","itemListElement":[{"@type":"ListItem","position":1,"name":"Startseite","item":"https:\/\/www.feuerwehr-halberstadt.de\/"},{"@type":"ListItem","position":2,"name":"Abberufung und Ernennungen im Stadtrat"}]},{"@type":"WebSite","@id":"https:\/\/www.feuerwehr-halberstadt.de\/#website","url":"https:\/\/www.feuerwehr-halberstadt.de\/","name":"Feuerwehr Halberstadt","description":"#imEinsatzf\u00fcrHalberstadt","publisher":{"@id":"https:\/\/www.feuerwehr-halberstadt.de\/#organization"},"potentialAction":[{"@type":"SearchAction","target":{"@type":"EntryPoint","urlTemplate":"https:\/\/www.feuerwehr-halberstadt.de\/?s={search_term_string}"},"query-input":{"@type":"PropertyValueSpecification","valueRequired":true,"valueName":"search_term_string"}}],"inLanguage":"de"},{"@type":"Organization","@id":"https:\/\/www.feuerwehr-halberstadt.de\/#organization","name":"Feuerwehr Halberstadt","url":"https:\/\/www.feuerwehr-halberstadt.de\/","logo":{"@type":"ImageObject","inLanguage":"de","@id":"https:\/\/www.feuerwehr-halberstadt.de\/#\/schema\/logo\/image\/","url":"https:\/\/www.feuerwehr-halberstadt.de\/wp-content\/uploads\/2023\/10\/IMG_0126.png","contentUrl":"https:\/\/www.feuerwehr-halberstadt.de\/wp-content\/uploads\/2023\/10\/IMG_0126.png","width":1500,"height":399,"caption":"Feuerwehr Halberstadt"},"image":{"@id":"https:\/\/www.feuerwehr-halberstadt.de\/#\/schema\/logo\/image\/"},"sameAs":["https:\/\/www.facebook.com\/FeuerwehrHalberstadt\/"]},{"@type":"Person","@id":"https:\/\/www.feuerwehr-halberstadt.de\/#\/schema\/person\/55ce5d9b46008e58cd3d55d4116ec727","name":"Buchold, Chris","image":{"@type":"ImageObject","inLanguage":"de","@id":"https:\/\/secure.gravatar.com\/avatar\/bff08a084f0390bf8a93fc28c488452766ba521109cec244ac64210fdd500a49?s=96&d=mm&r=g","url":"https:\/\/secure.gravatar.com\/avatar\/bff08a084f0390bf8a93fc28c488452766ba521109cec244ac64210fdd500a49?s=96&d=mm&r=g","contentUrl":"https:\/\/secure.gravatar.com\/avatar\/bff08a084f0390bf8a93fc28c488452766ba521109cec244ac64210fdd500a49?s=96&d=mm&r=g","caption":"Buchold, Chris"},"url":"https:\/\/www.feuerwehr-halberstadt.de\/?author=3"}]}},"_links":{"self":[{"href":"https:\/\/www.feuerwehr-halberstadt.de\/index.php?rest_route=\/wp\/v2\/posts\/13627","targetHints":{"allow":["GET"]}}],"collection":[{"href":"https:\/\/www.feuerwehr-halberstadt.de\/index.php?rest_route=\/wp\/v2\/posts"}],"about":[{"href":"https:\/\/www.feuerwehr-halberstadt.de\/index.php?rest_route=\/wp\/v2\/types\/post"}],"author":[{"embeddable":true,"href":"https:\/\/www.feuerwehr-halberstadt.de\/index.php?rest_route=\/wp\/v2\/users\/3"}],"replies":[{"embeddable":true,"href":"https:\/\/www.feuerwehr-halberstadt.de\/index.php?rest_route=%2Fwp%2Fv2%2Fcomments&post=13627"}],"version-history":[{"count":3,"href":"https:\/\/www.feuerwehr-halberstadt.de\/index.php?rest_route=\/wp\/v2\/posts\/13627\/revisions"}],"predecessor-version":[{"id":13631,"href":"https:\/\/www.feuerwehr-halberstadt.de\/index.php?rest_route=\/wp\/v2\/posts\/13627\/revisions\/13631"}],"wp:featuredmedia":[{"embeddable":true,"href":"https:\/\/www.feuerwehr-halberstadt.de\/index.php?rest_route=\/wp\/v2\/media\/13620"}],"wp:attachment":[{"href":"https:\/\/www.feuerwehr-halberstadt.de\/index.php?rest_route=%2Fwp%2Fv2%2Fmedia&parent=13627"}],"wp:term":[{"taxonomy":"category","embeddable":true,"href":"https:\/\/www.feuerwehr-halberstadt.de\/index.php?rest_route=%2Fwp%2Fv2%2Fcategories&post=13627"},{"taxonomy":"post_tag","embeddable":true,"href":"https:\/\/www.feuerwehr-halberstadt.de\/index.php?rest_route=%2Fwp%2Fv2%2Ftags&post=13627"}],"curies":[{"name":"wp","href":"https:\/\/api.w.org\/{rel}","templated":true}]}}