{"id":13390,"date":"2023-05-06T19:25:53","date_gmt":"2023-05-06T17:25:53","guid":{"rendered":"https:\/\/www.feuerwehr-halberstadt.de\/?p=13390"},"modified":"2023-05-06T20:55:06","modified_gmt":"2023-05-06T18:55:06","slug":"quad-offiziell-uebergeben-feuerwehrfest-in-langenstein","status":"publish","type":"post","link":"https:\/\/www.feuerwehr-halberstadt.de\/?p=13390","title":{"rendered":"Quad offiziell \u00fcbergeben &#8211; Feuerwehrfest in Langenstein"},"content":{"rendered":"\n<p>Ortswehrleiter Sebastian Rindert er\u00f6ffnete heute auf dem Langensteiner Sch\u00fctzenplatz das Feuerwehrfest anl\u00e4sslich der \u00dcbergabe des neuen Quads. Neben einf\u00fchrenden Worten, die den Weg der Idee und Beschaffung beschrieben, bedankte er sich nochmal stellvertretend f\u00fcr alle Kameradinnen und Kameraden bei den Sponsoren. Diese sind zum einen Privatpersonen, Vereine und Gewerbebetriebe. <br><br>&#8222;Wir haben das in Eigenleistung geschafft. Innerhalb weniger Wochen waren schon so viele Spenden eingegangen, dass der Beschaffung des Grundfahrzeugs nicht mehr im Wege stand&#8220; betonte Rindert. Insgesamt wurden 25.000 \u20ac an Spenden eingenommen.<br><br>Besuch hatten die Langensteiner Kameraden von einigen Ortsfeuerwehren, dem THW OV Halberstadt und den Barkas und Oldtimerfreunden Wernigerode. Nachdem das Quad aus dem Nebel fuhr, versammelten sich viele Anwesende um das Fahrzeug um Technik und Ausr\u00fcstung n\u00e4her anzusehen. Ortswehrleiter Sebastian Rindert und Stadtwehrleiter Martin Schulz beschrieben den Nutzen und die Einsatzm\u00f6glichkeiten dieses neuen Quads. Zugleich bedankten sich der stv. Ortsb\u00fcrgermeister und der Stadtwehrleiter bei den Langensteiner Kameraden f\u00fcr die gezeigte Initiative und Arbeit, ohne derer diese Anschaffung nicht m\u00f6glich gewesen w\u00e4re.<br><br>Weitere Programmpunkte waren dann mehrere Vorf\u00fchrungen an einem verunfallten PKW. Das THW nutzte Hebekissen zum Anheben und Unterbauen des Fahrzeugs, welches sp\u00e4ter von der Ortsfeuerwehr Halberstadt mit hydraulischem Rettungsger\u00e4ten zerschnitten wurde. Angenommen wurde ein Verkehrsunfall mit einer eingeklemmten Person, die von Oliver aus der Jugendfeuerwehr Langenstein gespielt wurde. Die Einsatzkr\u00e4fte sicherten das Fahrzeug, betreuten den Verletzten und schufen eine Seiten\u00f6ffnung um Oliver aus dem Fahrzeug zu retten. Abtransportiert wurde er mit einer Schleifkorbtrage, die auf dem Anh\u00e4nger des Quads verlastet ist.<br><br>Versorgt wurden alle G\u00e4ste und B\u00fcrger mit Getr\u00e4nken, Kuchen, W\u00fcrstchen vom Grill und Erbsensuppe aus der Gulaschkanone. <br><br>Ortswehrleiter Sebastian Rindert dankt nochmals allen Spendern, Helfern und Beteiligten der heutigen Veranstaltung!<\/p>\n\n\n\n<div class=\"wp-block-columns is-layout-flex wp-container-core-columns-is-layout-9d6595d7 wp-block-columns-is-layout-flex\">\n<div class=\"wp-block-column is-layout-flow wp-block-column-is-layout-flow\" style=\"flex-basis:100%\">\n<div class=\"wp-block-group\"><div class=\"wp-block-group__inner-container is-layout-constrained wp-block-group-is-layout-constrained\">\n<figure class=\"wp-block-gallery has-nested-images columns-default is-cropped wp-block-gallery-1 is-layout-flex wp-block-gallery-is-layout-flex\">\n<figure class=\"wp-block-image size-large\"><a href=\"https:\/\/www.feuerwehr-halberstadt.de\/wp-content\/uploads\/2023\/05\/IMG_9835.jpeg\"><img loading=\"lazy\" decoding=\"async\" width=\"1024\" height=\"683\" data-id=\"13377\" src=\"https:\/\/www.feuerwehr-halberstadt.de\/wp-content\/uploads\/2023\/05\/IMG_9835-1024x683.jpeg\" alt=\"\" class=\"wp-image-13377\" srcset=\"https:\/\/www.feuerwehr-halberstadt.de\/wp-content\/uploads\/2023\/05\/IMG_9835-1024x683.jpeg 1024w, https:\/\/www.feuerwehr-halberstadt.de\/wp-content\/uploads\/2023\/05\/IMG_9835-300x200.jpeg 300w, https:\/\/www.feuerwehr-halberstadt.de\/wp-content\/uploads\/2023\/05\/IMG_9835-768x512.jpeg 768w, https:\/\/www.feuerwehr-halberstadt.de\/wp-content\/uploads\/2023\/05\/IMG_9835-1536x1024.jpeg 1536w, https:\/\/www.feuerwehr-halberstadt.de\/wp-content\/uploads\/2023\/05\/IMG_9835.jpeg 1920w\" sizes=\"auto, (max-width: 1024px) 100vw, 1024px\" \/><\/a><\/figure>\n\n\n\n<figure class=\"wp-block-image size-large\"><a href=\"https:\/\/www.feuerwehr-halberstadt.de\/wp-content\/uploads\/2023\/05\/IMG_9822.jpeg\"><img loading=\"lazy\" decoding=\"async\" width=\"1024\" height=\"683\" data-id=\"13378\" src=\"https:\/\/www.feuerwehr-halberstadt.de\/wp-content\/uploads\/2023\/05\/IMG_9822-1024x683.jpeg\" alt=\"\" class=\"wp-image-13378\" srcset=\"https:\/\/www.feuerwehr-halberstadt.de\/wp-content\/uploads\/2023\/05\/IMG_9822-1024x683.jpeg 1024w, https:\/\/www.feuerwehr-halberstadt.de\/wp-content\/uploads\/2023\/05\/IMG_9822-300x200.jpeg 300w, https:\/\/www.feuerwehr-halberstadt.de\/wp-content\/uploads\/2023\/05\/IMG_9822-768x512.jpeg 768w, https:\/\/www.feuerwehr-halberstadt.de\/wp-content\/uploads\/2023\/05\/IMG_9822-1536x1024.jpeg 1536w, https:\/\/www.feuerwehr-halberstadt.de\/wp-content\/uploads\/2023\/05\/IMG_9822.jpeg 1920w\" sizes=\"auto, (max-width: 1024px) 100vw, 1024px\" \/><\/a><\/figure>\n\n\n\n<figure class=\"wp-block-image size-large\"><a href=\"https:\/\/www.feuerwehr-halberstadt.de\/wp-content\/uploads\/2023\/05\/IMG_9906.jpeg\"><img loading=\"lazy\" decoding=\"async\" width=\"1024\" height=\"683\" data-id=\"13379\" src=\"https:\/\/www.feuerwehr-halberstadt.de\/wp-content\/uploads\/2023\/05\/IMG_9906-1024x683.jpeg\" alt=\"\" class=\"wp-image-13379\" srcset=\"https:\/\/www.feuerwehr-halberstadt.de\/wp-content\/uploads\/2023\/05\/IMG_9906-1024x683.jpeg 1024w, https:\/\/www.feuerwehr-halberstadt.de\/wp-content\/uploads\/2023\/05\/IMG_9906-300x200.jpeg 300w, https:\/\/www.feuerwehr-halberstadt.de\/wp-content\/uploads\/2023\/05\/IMG_9906-768x512.jpeg 768w, https:\/\/www.feuerwehr-halberstadt.de\/wp-content\/uploads\/2023\/05\/IMG_9906-1536x1024.jpeg 1536w, https:\/\/www.feuerwehr-halberstadt.de\/wp-content\/uploads\/2023\/05\/IMG_9906.jpeg 1920w\" sizes=\"auto, (max-width: 1024px) 100vw, 1024px\" \/><\/a><\/figure>\n\n\n\n<figure class=\"wp-block-image size-large\"><a href=\"https:\/\/www.feuerwehr-halberstadt.de\/wp-content\/uploads\/2023\/05\/IMG_9823.jpeg\"><img loading=\"lazy\" decoding=\"async\" width=\"1024\" height=\"683\" data-id=\"13380\" src=\"https:\/\/www.feuerwehr-halberstadt.de\/wp-content\/uploads\/2023\/05\/IMG_9823-1024x683.jpeg\" alt=\"\" class=\"wp-image-13380\" srcset=\"https:\/\/www.feuerwehr-halberstadt.de\/wp-content\/uploads\/2023\/05\/IMG_9823-1024x683.jpeg 1024w, https:\/\/www.feuerwehr-halberstadt.de\/wp-content\/uploads\/2023\/05\/IMG_9823-300x200.jpeg 300w, https:\/\/www.feuerwehr-halberstadt.de\/wp-content\/uploads\/2023\/05\/IMG_9823-768x512.jpeg 768w, https:\/\/www.feuerwehr-halberstadt.de\/wp-content\/uploads\/2023\/05\/IMG_9823-1536x1024.jpeg 1536w, https:\/\/www.feuerwehr-halberstadt.de\/wp-content\/uploads\/2023\/05\/IMG_9823.jpeg 1920w\" sizes=\"auto, (max-width: 1024px) 100vw, 1024px\" \/><\/a><\/figure>\n\n\n\n<figure class=\"wp-block-image size-large\"><a href=\"https:\/\/www.feuerwehr-halberstadt.de\/wp-content\/uploads\/2023\/05\/IMG_9913.jpeg\"><img loading=\"lazy\" decoding=\"async\" width=\"1024\" height=\"683\" data-id=\"13381\" src=\"https:\/\/www.feuerwehr-halberstadt.de\/wp-content\/uploads\/2023\/05\/IMG_9913-1024x683.jpeg\" alt=\"\" class=\"wp-image-13381\" srcset=\"https:\/\/www.feuerwehr-halberstadt.de\/wp-content\/uploads\/2023\/05\/IMG_9913-1024x683.jpeg 1024w, https:\/\/www.feuerwehr-halberstadt.de\/wp-content\/uploads\/2023\/05\/IMG_9913-300x200.jpeg 300w, https:\/\/www.feuerwehr-halberstadt.de\/wp-content\/uploads\/2023\/05\/IMG_9913-768x512.jpeg 768w, https:\/\/www.feuerwehr-halberstadt.de\/wp-content\/uploads\/2023\/05\/IMG_9913-1536x1024.jpeg 1536w, https:\/\/www.feuerwehr-halberstadt.de\/wp-content\/uploads\/2023\/05\/IMG_9913.jpeg 1920w\" sizes=\"auto, (max-width: 1024px) 100vw, 1024px\" \/><\/a><\/figure>\n\n\n\n<figure class=\"wp-block-image size-large\"><a href=\"https:\/\/www.feuerwehr-halberstadt.de\/wp-content\/uploads\/2023\/05\/IMG_9970.jpeg\"><img loading=\"lazy\" decoding=\"async\" width=\"1024\" height=\"683\" data-id=\"13382\" src=\"https:\/\/www.feuerwehr-halberstadt.de\/wp-content\/uploads\/2023\/05\/IMG_9970-1024x683.jpeg\" alt=\"\" class=\"wp-image-13382\" srcset=\"https:\/\/www.feuerwehr-halberstadt.de\/wp-content\/uploads\/2023\/05\/IMG_9970-1024x683.jpeg 1024w, https:\/\/www.feuerwehr-halberstadt.de\/wp-content\/uploads\/2023\/05\/IMG_9970-300x200.jpeg 300w, https:\/\/www.feuerwehr-halberstadt.de\/wp-content\/uploads\/2023\/05\/IMG_9970-768x512.jpeg 768w, https:\/\/www.feuerwehr-halberstadt.de\/wp-content\/uploads\/2023\/05\/IMG_9970-1536x1024.jpeg 1536w, https:\/\/www.feuerwehr-halberstadt.de\/wp-content\/uploads\/2023\/05\/IMG_9970.jpeg 1920w\" sizes=\"auto, (max-width: 1024px) 100vw, 1024px\" \/><\/a><\/figure>\n\n\n\n<figure class=\"wp-block-image size-large\"><a href=\"https:\/\/www.feuerwehr-halberstadt.de\/wp-content\/uploads\/2023\/05\/IMG_9990.jpeg\"><img loading=\"lazy\" decoding=\"async\" width=\"1024\" height=\"683\" data-id=\"13383\" src=\"https:\/\/www.feuerwehr-halberstadt.de\/wp-content\/uploads\/2023\/05\/IMG_9990-1024x683.jpeg\" alt=\"\" class=\"wp-image-13383\" srcset=\"https:\/\/www.feuerwehr-halberstadt.de\/wp-content\/uploads\/2023\/05\/IMG_9990-1024x683.jpeg 1024w, https:\/\/www.feuerwehr-halberstadt.de\/wp-content\/uploads\/2023\/05\/IMG_9990-300x200.jpeg 300w, https:\/\/www.feuerwehr-halberstadt.de\/wp-content\/uploads\/2023\/05\/IMG_9990-768x512.jpeg 768w, https:\/\/www.feuerwehr-halberstadt.de\/wp-content\/uploads\/2023\/05\/IMG_9990-1536x1024.jpeg 1536w, https:\/\/www.feuerwehr-halberstadt.de\/wp-content\/uploads\/2023\/05\/IMG_9990.jpeg 1920w\" sizes=\"auto, (max-width: 1024px) 100vw, 1024px\" \/><\/a><\/figure>\n\n\n\n<figure class=\"wp-block-image size-large\"><a href=\"https:\/\/www.feuerwehr-halberstadt.de\/wp-content\/uploads\/2023\/05\/IMG_9987.jpeg\"><img loading=\"lazy\" decoding=\"async\" width=\"1024\" height=\"683\" data-id=\"13384\" src=\"https:\/\/www.feuerwehr-halberstadt.de\/wp-content\/uploads\/2023\/05\/IMG_9987-1024x683.jpeg\" alt=\"\" class=\"wp-image-13384\" srcset=\"https:\/\/www.feuerwehr-halberstadt.de\/wp-content\/uploads\/2023\/05\/IMG_9987-1024x683.jpeg 1024w, https:\/\/www.feuerwehr-halberstadt.de\/wp-content\/uploads\/2023\/05\/IMG_9987-300x200.jpeg 300w, https:\/\/www.feuerwehr-halberstadt.de\/wp-content\/uploads\/2023\/05\/IMG_9987-768x512.jpeg 768w, https:\/\/www.feuerwehr-halberstadt.de\/wp-content\/uploads\/2023\/05\/IMG_9987-1536x1024.jpeg 1536w, https:\/\/www.feuerwehr-halberstadt.de\/wp-content\/uploads\/2023\/05\/IMG_9987.jpeg 1920w\" sizes=\"auto, (max-width: 1024px) 100vw, 1024px\" \/><\/a><\/figure>\n\n\n\n<figure class=\"wp-block-image size-large\"><a href=\"https:\/\/www.feuerwehr-halberstadt.de\/wp-content\/uploads\/2023\/05\/IMG_0017.jpeg\"><img loading=\"lazy\" decoding=\"async\" width=\"1024\" height=\"683\" data-id=\"13385\" src=\"https:\/\/www.feuerwehr-halberstadt.de\/wp-content\/uploads\/2023\/05\/IMG_0017-1024x683.jpeg\" alt=\"\" class=\"wp-image-13385\" srcset=\"https:\/\/www.feuerwehr-halberstadt.de\/wp-content\/uploads\/2023\/05\/IMG_0017-1024x683.jpeg 1024w, https:\/\/www.feuerwehr-halberstadt.de\/wp-content\/uploads\/2023\/05\/IMG_0017-300x200.jpeg 300w, https:\/\/www.feuerwehr-halberstadt.de\/wp-content\/uploads\/2023\/05\/IMG_0017-768x512.jpeg 768w, https:\/\/www.feuerwehr-halberstadt.de\/wp-content\/uploads\/2023\/05\/IMG_0017-1536x1024.jpeg 1536w, https:\/\/www.feuerwehr-halberstadt.de\/wp-content\/uploads\/2023\/05\/IMG_0017.jpeg 1920w\" sizes=\"auto, (max-width: 1024px) 100vw, 1024px\" \/><\/a><\/figure>\n\n\n\n<figure class=\"wp-block-image size-large\"><a href=\"https:\/\/www.feuerwehr-halberstadt.de\/wp-content\/uploads\/2023\/05\/IMG_0003.jpeg\"><img loading=\"lazy\" decoding=\"async\" width=\"1024\" height=\"683\" data-id=\"13387\" src=\"https:\/\/www.feuerwehr-halberstadt.de\/wp-content\/uploads\/2023\/05\/IMG_0003-1024x683.jpeg\" alt=\"\" class=\"wp-image-13387\" srcset=\"https:\/\/www.feuerwehr-halberstadt.de\/wp-content\/uploads\/2023\/05\/IMG_0003-1024x683.jpeg 1024w, https:\/\/www.feuerwehr-halberstadt.de\/wp-content\/uploads\/2023\/05\/IMG_0003-300x200.jpeg 300w, https:\/\/www.feuerwehr-halberstadt.de\/wp-content\/uploads\/2023\/05\/IMG_0003-768x512.jpeg 768w, https:\/\/www.feuerwehr-halberstadt.de\/wp-content\/uploads\/2023\/05\/IMG_0003-1536x1024.jpeg 1536w, https:\/\/www.feuerwehr-halberstadt.de\/wp-content\/uploads\/2023\/05\/IMG_0003.jpeg 1920w\" sizes=\"auto, (max-width: 1024px) 100vw, 1024px\" \/><\/a><\/figure>\n\n\n\n<figure class=\"wp-block-image size-large\"><a href=\"https:\/\/www.feuerwehr-halberstadt.de\/wp-content\/uploads\/2023\/05\/IMG_9900.jpeg\"><img loading=\"lazy\" decoding=\"async\" width=\"1024\" height=\"683\" data-id=\"13388\" src=\"https:\/\/www.feuerwehr-halberstadt.de\/wp-content\/uploads\/2023\/05\/IMG_9900-1024x683.jpeg\" alt=\"\" class=\"wp-image-13388\" srcset=\"https:\/\/www.feuerwehr-halberstadt.de\/wp-content\/uploads\/2023\/05\/IMG_9900-1024x683.jpeg 1024w, https:\/\/www.feuerwehr-halberstadt.de\/wp-content\/uploads\/2023\/05\/IMG_9900-300x200.jpeg 300w, https:\/\/www.feuerwehr-halberstadt.de\/wp-content\/uploads\/2023\/05\/IMG_9900-768x512.jpeg 768w, https:\/\/www.feuerwehr-halberstadt.de\/wp-content\/uploads\/2023\/05\/IMG_9900-1536x1024.jpeg 1536w, https:\/\/www.feuerwehr-halberstadt.de\/wp-content\/uploads\/2023\/05\/IMG_9900.jpeg 1920w\" sizes=\"auto, (max-width: 1024px) 100vw, 1024px\" \/><\/a><\/figure>\n\n\n\n<figure class=\"wp-block-image size-large\"><a href=\"https:\/\/www.feuerwehr-halberstadt.de\/wp-content\/uploads\/2023\/05\/IMG_9836.jpeg\"><img loading=\"lazy\" decoding=\"async\" width=\"1024\" height=\"683\" data-id=\"13389\" src=\"https:\/\/www.feuerwehr-halberstadt.de\/wp-content\/uploads\/2023\/05\/IMG_9836-1024x683.jpeg\" alt=\"\" class=\"wp-image-13389\" srcset=\"https:\/\/www.feuerwehr-halberstadt.de\/wp-content\/uploads\/2023\/05\/IMG_9836-1024x683.jpeg 1024w, https:\/\/www.feuerwehr-halberstadt.de\/wp-content\/uploads\/2023\/05\/IMG_9836-300x200.jpeg 300w, https:\/\/www.feuerwehr-halberstadt.de\/wp-content\/uploads\/2023\/05\/IMG_9836-768x512.jpeg 768w, https:\/\/www.feuerwehr-halberstadt.de\/wp-content\/uploads\/2023\/05\/IMG_9836-1536x1024.jpeg 1536w, https:\/\/www.feuerwehr-halberstadt.de\/wp-content\/uploads\/2023\/05\/IMG_9836.jpeg 1920w\" sizes=\"auto, (max-width: 1024px) 100vw, 1024px\" \/><\/a><\/figure>\n\n\n\n<figure class=\"wp-block-image size-large\"><a href=\"https:\/\/www.feuerwehr-halberstadt.de\/wp-content\/uploads\/2023\/05\/IMG_0031.jpeg\"><img loading=\"lazy\" decoding=\"async\" width=\"1024\" height=\"683\" data-id=\"13386\" src=\"https:\/\/www.feuerwehr-halberstadt.de\/wp-content\/uploads\/2023\/05\/IMG_0031-1024x683.jpeg\" alt=\"\" class=\"wp-image-13386\" srcset=\"https:\/\/www.feuerwehr-halberstadt.de\/wp-content\/uploads\/2023\/05\/IMG_0031-1024x683.jpeg 1024w, https:\/\/www.feuerwehr-halberstadt.de\/wp-content\/uploads\/2023\/05\/IMG_0031-300x200.jpeg 300w, https:\/\/www.feuerwehr-halberstadt.de\/wp-content\/uploads\/2023\/05\/IMG_0031-768x512.jpeg 768w, https:\/\/www.feuerwehr-halberstadt.de\/wp-content\/uploads\/2023\/05\/IMG_0031-1536x1024.jpeg 1536w, https:\/\/www.feuerwehr-halberstadt.de\/wp-content\/uploads\/2023\/05\/IMG_0031.jpeg 1920w\" sizes=\"auto, (max-width: 1024px) 100vw, 1024px\" \/><\/a><\/figure>\n\n\n\n<figure class=\"wp-block-image size-large\"><a href=\"https:\/\/www.feuerwehr-halberstadt.de\/wp-content\/uploads\/2023\/05\/IMG_9850.jpeg\"><img loading=\"lazy\" decoding=\"async\" width=\"1024\" height=\"683\" data-id=\"13392\" src=\"https:\/\/www.feuerwehr-halberstadt.de\/wp-content\/uploads\/2023\/05\/IMG_9850-1024x683.jpeg\" alt=\"\" class=\"wp-image-13392\" srcset=\"https:\/\/www.feuerwehr-halberstadt.de\/wp-content\/uploads\/2023\/05\/IMG_9850-1024x683.jpeg 1024w, https:\/\/www.feuerwehr-halberstadt.de\/wp-content\/uploads\/2023\/05\/IMG_9850-300x200.jpeg 300w, https:\/\/www.feuerwehr-halberstadt.de\/wp-content\/uploads\/2023\/05\/IMG_9850-768x512.jpeg 768w, https:\/\/www.feuerwehr-halberstadt.de\/wp-content\/uploads\/2023\/05\/IMG_9850-1536x1024.jpeg 1536w, https:\/\/www.feuerwehr-halberstadt.de\/wp-content\/uploads\/2023\/05\/IMG_9850.jpeg 1920w\" sizes=\"auto, (max-width: 1024px) 100vw, 1024px\" \/><\/a><\/figure>\n\n\n\n<figure class=\"wp-block-image size-large\"><a href=\"https:\/\/www.feuerwehr-halberstadt.de\/wp-content\/uploads\/2023\/05\/IMG_9962.jpeg\"><img loading=\"lazy\" decoding=\"async\" width=\"1024\" height=\"683\" data-id=\"13393\" src=\"https:\/\/www.feuerwehr-halberstadt.de\/wp-content\/uploads\/2023\/05\/IMG_9962-1024x683.jpeg\" alt=\"\" class=\"wp-image-13393\" srcset=\"https:\/\/www.feuerwehr-halberstadt.de\/wp-content\/uploads\/2023\/05\/IMG_9962-1024x683.jpeg 1024w, https:\/\/www.feuerwehr-halberstadt.de\/wp-content\/uploads\/2023\/05\/IMG_9962-300x200.jpeg 300w, https:\/\/www.feuerwehr-halberstadt.de\/wp-content\/uploads\/2023\/05\/IMG_9962-768x512.jpeg 768w, https:\/\/www.feuerwehr-halberstadt.de\/wp-content\/uploads\/2023\/05\/IMG_9962-1536x1024.jpeg 1536w, https:\/\/www.feuerwehr-halberstadt.de\/wp-content\/uploads\/2023\/05\/IMG_9962.jpeg 1920w\" sizes=\"auto, (max-width: 1024px) 100vw, 1024px\" \/><\/a><\/figure>\n\n\n\n<figure class=\"wp-block-image size-large\"><a href=\"https:\/\/www.feuerwehr-halberstadt.de\/wp-content\/uploads\/2023\/05\/IMG_9884.jpeg\"><img loading=\"lazy\" decoding=\"async\" width=\"1024\" height=\"683\" data-id=\"13394\" src=\"https:\/\/www.feuerwehr-halberstadt.de\/wp-content\/uploads\/2023\/05\/IMG_9884-1024x683.jpeg\" alt=\"\" class=\"wp-image-13394\" srcset=\"https:\/\/www.feuerwehr-halberstadt.de\/wp-content\/uploads\/2023\/05\/IMG_9884-1024x683.jpeg 1024w, https:\/\/www.feuerwehr-halberstadt.de\/wp-content\/uploads\/2023\/05\/IMG_9884-300x200.jpeg 300w, https:\/\/www.feuerwehr-halberstadt.de\/wp-content\/uploads\/2023\/05\/IMG_9884-768x512.jpeg 768w, https:\/\/www.feuerwehr-halberstadt.de\/wp-content\/uploads\/2023\/05\/IMG_9884-1536x1024.jpeg 1536w, https:\/\/www.feuerwehr-halberstadt.de\/wp-content\/uploads\/2023\/05\/IMG_9884.jpeg 1920w\" sizes=\"auto, (max-width: 1024px) 100vw, 1024px\" \/><\/a><\/figure>\n\n\n\n<figure class=\"wp-block-image size-large\"><a href=\"https:\/\/www.feuerwehr-halberstadt.de\/wp-content\/uploads\/2023\/05\/IMG_9974.jpeg\"><img loading=\"lazy\" decoding=\"async\" width=\"1024\" height=\"683\" data-id=\"13395\" src=\"https:\/\/www.feuerwehr-halberstadt.de\/wp-content\/uploads\/2023\/05\/IMG_9974-1024x683.jpeg\" alt=\"\" class=\"wp-image-13395\" srcset=\"https:\/\/www.feuerwehr-halberstadt.de\/wp-content\/uploads\/2023\/05\/IMG_9974-1024x683.jpeg 1024w, https:\/\/www.feuerwehr-halberstadt.de\/wp-content\/uploads\/2023\/05\/IMG_9974-300x200.jpeg 300w, https:\/\/www.feuerwehr-halberstadt.de\/wp-content\/uploads\/2023\/05\/IMG_9974-768x512.jpeg 768w, https:\/\/www.feuerwehr-halberstadt.de\/wp-content\/uploads\/2023\/05\/IMG_9974-1536x1024.jpeg 1536w, https:\/\/www.feuerwehr-halberstadt.de\/wp-content\/uploads\/2023\/05\/IMG_9974.jpeg 1920w\" sizes=\"auto, (max-width: 1024px) 100vw, 1024px\" \/><\/a><\/figure>\n\n\n\n<figure class=\"wp-block-image size-large\"><a href=\"https:\/\/www.feuerwehr-halberstadt.de\/wp-content\/uploads\/2023\/05\/IMG_9879.jpeg\"><img loading=\"lazy\" decoding=\"async\" width=\"1024\" height=\"683\" data-id=\"13396\" src=\"https:\/\/www.feuerwehr-halberstadt.de\/wp-content\/uploads\/2023\/05\/IMG_9879-1024x683.jpeg\" alt=\"\" class=\"wp-image-13396\" srcset=\"https:\/\/www.feuerwehr-halberstadt.de\/wp-content\/uploads\/2023\/05\/IMG_9879-1024x683.jpeg 1024w, https:\/\/www.feuerwehr-halberstadt.de\/wp-content\/uploads\/2023\/05\/IMG_9879-300x200.jpeg 300w, https:\/\/www.feuerwehr-halberstadt.de\/wp-content\/uploads\/2023\/05\/IMG_9879-768x512.jpeg 768w, https:\/\/www.feuerwehr-halberstadt.de\/wp-content\/uploads\/2023\/05\/IMG_9879-1536x1024.jpeg 1536w, https:\/\/www.feuerwehr-halberstadt.de\/wp-content\/uploads\/2023\/05\/IMG_9879.jpeg 1920w\" sizes=\"auto, (max-width: 1024px) 100vw, 1024px\" \/><\/a><\/figure>\n<\/figure>\n<\/div><\/div>\n<\/div>\n<\/div>\n","protected":false},"excerpt":{"rendered":"<p>Ortswehrleiter Sebastian Rindert er\u00f6ffnete heute auf dem Langensteiner Sch\u00fctzenplatz das Feuerwehrfest anl\u00e4sslich der \u00dcbergabe des neuen Quads. Neben einf\u00fchrenden Worten, die den Weg der Idee und Beschaffung beschrieben, bedankte er sich nochmal stellvertretend f\u00fcr alle Kameradinnen und Kameraden bei den Sponsoren. Diese sind zum einen Privatpersonen, Vereine und Gewerbebetriebe. &#8222;Wir haben das in Eigenleistung geschafft. [&hellip;]<\/p>\n","protected":false},"author":3,"featured_media":13376,"comment_status":"closed","ping_status":"closed","sticky":false,"template":"","format":"standard","meta":{"_acf_changed":false,"footnotes":""},"categories":[9,31],"tags":[],"class_list":["post-13390","post","type-post","status-publish","format-standard","has-post-thumbnail","hentry","category-allgemein","category-information"],"acf":[],"yoast_head":"<!-- This site is optimized with the Yoast SEO plugin v27.5 - https:\/\/yoast.com\/product\/yoast-seo-wordpress\/ -->\n<title>Quad offiziell \u00fcbergeben - Feuerwehrfest in Langenstein - Feuerwehr Halberstadt<\/title>\n<meta name=\"robots\" content=\"index, follow, max-snippet:-1, max-image-preview:large, max-video-preview:-1\" \/>\n<link rel=\"canonical\" href=\"https:\/\/www.feuerwehr-halberstadt.de\/?p=13390\" \/>\n<meta property=\"og:locale\" content=\"de_DE\" \/>\n<meta property=\"og:type\" content=\"article\" \/>\n<meta property=\"og:title\" content=\"Quad offiziell \u00fcbergeben - Feuerwehrfest in Langenstein - Feuerwehr Halberstadt\" \/>\n<meta property=\"og:description\" content=\"Ortswehrleiter Sebastian Rindert er\u00f6ffnete heute auf dem Langensteiner Sch\u00fctzenplatz das Feuerwehrfest anl\u00e4sslich der \u00dcbergabe des neuen Quads. Neben einf\u00fchrenden Worten, die den Weg der Idee und Beschaffung beschrieben, bedankte er sich nochmal stellvertretend f\u00fcr alle Kameradinnen und Kameraden bei den Sponsoren. Diese sind zum einen Privatpersonen, Vereine und Gewerbebetriebe. &#8222;Wir haben das in Eigenleistung geschafft. [&hellip;]\" \/>\n<meta property=\"og:url\" content=\"https:\/\/www.feuerwehr-halberstadt.de\/?p=13390\" \/>\n<meta property=\"og:site_name\" content=\"Feuerwehr Halberstadt\" \/>\n<meta property=\"article:publisher\" content=\"https:\/\/www.facebook.com\/FeuerwehrHalberstadt\/\" \/>\n<meta property=\"article:published_time\" content=\"2023-05-06T17:25:53+00:00\" \/>\n<meta property=\"article:modified_time\" content=\"2023-05-06T18:55:06+00:00\" \/>\n<meta property=\"og:image\" content=\"https:\/\/www.feuerwehr-halberstadt.de\/wp-content\/uploads\/2023\/05\/IMG_9869.jpeg\" \/>\n\t<meta property=\"og:image:width\" content=\"1920\" \/>\n\t<meta property=\"og:image:height\" content=\"1280\" \/>\n\t<meta property=\"og:image:type\" content=\"image\/jpeg\" \/>\n<meta name=\"author\" content=\"Buchold, Chris\" \/>\n<meta name=\"twitter:card\" content=\"summary_large_image\" \/>\n<meta name=\"twitter:label1\" content=\"Verfasst von\" \/>\n\t<meta name=\"twitter:data1\" content=\"Buchold, Chris\" \/>\n\t<meta name=\"twitter:label2\" content=\"Gesch\u00e4tzte Lesezeit\" \/>\n\t<meta name=\"twitter:data2\" content=\"6\u00a0Minuten\" \/>\n<script type=\"application\/ld+json\" class=\"yoast-schema-graph\">{\"@context\":\"https:\\\/\\\/schema.org\",\"@graph\":[{\"@type\":\"Article\",\"@id\":\"https:\\\/\\\/www.feuerwehr-halberstadt.de\\\/?p=13390#article\",\"isPartOf\":{\"@id\":\"https:\\\/\\\/www.feuerwehr-halberstadt.de\\\/?p=13390\"},\"author\":{\"name\":\"Buchold, Chris\",\"@id\":\"https:\\\/\\\/www.feuerwehr-halberstadt.de\\\/#\\\/schema\\\/person\\\/55ce5d9b46008e58cd3d55d4116ec727\"},\"headline\":\"Quad offiziell \u00fcbergeben &#8211; Feuerwehrfest in Langenstein\",\"datePublished\":\"2023-05-06T17:25:53+00:00\",\"dateModified\":\"2023-05-06T18:55:06+00:00\",\"mainEntityOfPage\":{\"@id\":\"https:\\\/\\\/www.feuerwehr-halberstadt.de\\\/?p=13390\"},\"wordCount\":302,\"publisher\":{\"@id\":\"https:\\\/\\\/www.feuerwehr-halberstadt.de\\\/#organization\"},\"image\":{\"@id\":\"https:\\\/\\\/www.feuerwehr-halberstadt.de\\\/?p=13390#primaryimage\"},\"thumbnailUrl\":\"https:\\\/\\\/www.feuerwehr-halberstadt.de\\\/wp-content\\\/uploads\\\/2023\\\/05\\\/IMG_9869.jpeg\",\"articleSection\":{\"1\":\"Information\"},\"inLanguage\":\"de\"},{\"@type\":\"WebPage\",\"@id\":\"https:\\\/\\\/www.feuerwehr-halberstadt.de\\\/?p=13390\",\"url\":\"https:\\\/\\\/www.feuerwehr-halberstadt.de\\\/?p=13390\",\"name\":\"Quad offiziell \u00fcbergeben - Feuerwehrfest in Langenstein - Feuerwehr Halberstadt\",\"isPartOf\":{\"@id\":\"https:\\\/\\\/www.feuerwehr-halberstadt.de\\\/#website\"},\"primaryImageOfPage\":{\"@id\":\"https:\\\/\\\/www.feuerwehr-halberstadt.de\\\/?p=13390#primaryimage\"},\"image\":{\"@id\":\"https:\\\/\\\/www.feuerwehr-halberstadt.de\\\/?p=13390#primaryimage\"},\"thumbnailUrl\":\"https:\\\/\\\/www.feuerwehr-halberstadt.de\\\/wp-content\\\/uploads\\\/2023\\\/05\\\/IMG_9869.jpeg\",\"datePublished\":\"2023-05-06T17:25:53+00:00\",\"dateModified\":\"2023-05-06T18:55:06+00:00\",\"breadcrumb\":{\"@id\":\"https:\\\/\\\/www.feuerwehr-halberstadt.de\\\/?p=13390#breadcrumb\"},\"inLanguage\":\"de\",\"potentialAction\":[{\"@type\":\"ReadAction\",\"target\":[\"https:\\\/\\\/www.feuerwehr-halberstadt.de\\\/?p=13390\"]}]},{\"@type\":\"ImageObject\",\"inLanguage\":\"de\",\"@id\":\"https:\\\/\\\/www.feuerwehr-halberstadt.de\\\/?p=13390#primaryimage\",\"url\":\"https:\\\/\\\/www.feuerwehr-halberstadt.de\\\/wp-content\\\/uploads\\\/2023\\\/05\\\/IMG_9869.jpeg\",\"contentUrl\":\"https:\\\/\\\/www.feuerwehr-halberstadt.de\\\/wp-content\\\/uploads\\\/2023\\\/05\\\/IMG_9869.jpeg\",\"width\":1920,\"height\":1280},{\"@type\":\"BreadcrumbList\",\"@id\":\"https:\\\/\\\/www.feuerwehr-halberstadt.de\\\/?p=13390#breadcrumb\",\"itemListElement\":[{\"@type\":\"ListItem\",\"position\":1,\"name\":\"Startseite\",\"item\":\"https:\\\/\\\/www.feuerwehr-halberstadt.de\\\/\"},{\"@type\":\"ListItem\",\"position\":2,\"name\":\"Quad offiziell \u00fcbergeben &#8211; Feuerwehrfest in Langenstein\"}]},{\"@type\":\"WebSite\",\"@id\":\"https:\\\/\\\/www.feuerwehr-halberstadt.de\\\/#website\",\"url\":\"https:\\\/\\\/www.feuerwehr-halberstadt.de\\\/\",\"name\":\"Feuerwehr Halberstadt\",\"description\":\"#imEinsatzf\u00fcrHalberstadt\",\"publisher\":{\"@id\":\"https:\\\/\\\/www.feuerwehr-halberstadt.de\\\/#organization\"},\"potentialAction\":[{\"@type\":\"SearchAction\",\"target\":{\"@type\":\"EntryPoint\",\"urlTemplate\":\"https:\\\/\\\/www.feuerwehr-halberstadt.de\\\/?s={search_term_string}\"},\"query-input\":{\"@type\":\"PropertyValueSpecification\",\"valueRequired\":true,\"valueName\":\"search_term_string\"}}],\"inLanguage\":\"de\"},{\"@type\":\"Organization\",\"@id\":\"https:\\\/\\\/www.feuerwehr-halberstadt.de\\\/#organization\",\"name\":\"Feuerwehr Halberstadt\",\"url\":\"https:\\\/\\\/www.feuerwehr-halberstadt.de\\\/\",\"logo\":{\"@type\":\"ImageObject\",\"inLanguage\":\"de\",\"@id\":\"https:\\\/\\\/www.feuerwehr-halberstadt.de\\\/#\\\/schema\\\/logo\\\/image\\\/\",\"url\":\"https:\\\/\\\/www.feuerwehr-halberstadt.de\\\/wp-content\\\/uploads\\\/2023\\\/10\\\/IMG_0126.png\",\"contentUrl\":\"https:\\\/\\\/www.feuerwehr-halberstadt.de\\\/wp-content\\\/uploads\\\/2023\\\/10\\\/IMG_0126.png\",\"width\":1500,\"height\":399,\"caption\":\"Feuerwehr Halberstadt\"},\"image\":{\"@id\":\"https:\\\/\\\/www.feuerwehr-halberstadt.de\\\/#\\\/schema\\\/logo\\\/image\\\/\"},\"sameAs\":[\"https:\\\/\\\/www.facebook.com\\\/FeuerwehrHalberstadt\\\/\"]},{\"@type\":\"Person\",\"@id\":\"https:\\\/\\\/www.feuerwehr-halberstadt.de\\\/#\\\/schema\\\/person\\\/55ce5d9b46008e58cd3d55d4116ec727\",\"name\":\"Buchold, Chris\",\"image\":{\"@type\":\"ImageObject\",\"inLanguage\":\"de\",\"@id\":\"https:\\\/\\\/secure.gravatar.com\\\/avatar\\\/bff08a084f0390bf8a93fc28c488452766ba521109cec244ac64210fdd500a49?s=96&d=mm&r=g\",\"url\":\"https:\\\/\\\/secure.gravatar.com\\\/avatar\\\/bff08a084f0390bf8a93fc28c488452766ba521109cec244ac64210fdd500a49?s=96&d=mm&r=g\",\"contentUrl\":\"https:\\\/\\\/secure.gravatar.com\\\/avatar\\\/bff08a084f0390bf8a93fc28c488452766ba521109cec244ac64210fdd500a49?s=96&d=mm&r=g\",\"caption\":\"Buchold, Chris\"},\"url\":\"https:\\\/\\\/www.feuerwehr-halberstadt.de\\\/?author=3\"}]}<\/script>\n<!-- \/ Yoast SEO plugin. -->","yoast_head_json":{"title":"Quad offiziell \u00fcbergeben - Feuerwehrfest in Langenstein - Feuerwehr Halberstadt","robots":{"index":"index","follow":"follow","max-snippet":"max-snippet:-1","max-image-preview":"max-image-preview:large","max-video-preview":"max-video-preview:-1"},"canonical":"https:\/\/www.feuerwehr-halberstadt.de\/?p=13390","og_locale":"de_DE","og_type":"article","og_title":"Quad offiziell \u00fcbergeben - Feuerwehrfest in Langenstein - Feuerwehr Halberstadt","og_description":"Ortswehrleiter Sebastian Rindert er\u00f6ffnete heute auf dem Langensteiner Sch\u00fctzenplatz das Feuerwehrfest anl\u00e4sslich der \u00dcbergabe des neuen Quads. Neben einf\u00fchrenden Worten, die den Weg der Idee und Beschaffung beschrieben, bedankte er sich nochmal stellvertretend f\u00fcr alle Kameradinnen und Kameraden bei den Sponsoren. Diese sind zum einen Privatpersonen, Vereine und Gewerbebetriebe. &#8222;Wir haben das in Eigenleistung geschafft. [&hellip;]","og_url":"https:\/\/www.feuerwehr-halberstadt.de\/?p=13390","og_site_name":"Feuerwehr Halberstadt","article_publisher":"https:\/\/www.facebook.com\/FeuerwehrHalberstadt\/","article_published_time":"2023-05-06T17:25:53+00:00","article_modified_time":"2023-05-06T18:55:06+00:00","og_image":[{"width":1920,"height":1280,"url":"https:\/\/www.feuerwehr-halberstadt.de\/wp-content\/uploads\/2023\/05\/IMG_9869.jpeg","type":"image\/jpeg"}],"author":"Buchold, Chris","twitter_card":"summary_large_image","twitter_misc":{"Verfasst von":"Buchold, Chris","Gesch\u00e4tzte Lesezeit":"6\u00a0Minuten"},"schema":{"@context":"https:\/\/schema.org","@graph":[{"@type":"Article","@id":"https:\/\/www.feuerwehr-halberstadt.de\/?p=13390#article","isPartOf":{"@id":"https:\/\/www.feuerwehr-halberstadt.de\/?p=13390"},"author":{"name":"Buchold, Chris","@id":"https:\/\/www.feuerwehr-halberstadt.de\/#\/schema\/person\/55ce5d9b46008e58cd3d55d4116ec727"},"headline":"Quad offiziell \u00fcbergeben &#8211; Feuerwehrfest in Langenstein","datePublished":"2023-05-06T17:25:53+00:00","dateModified":"2023-05-06T18:55:06+00:00","mainEntityOfPage":{"@id":"https:\/\/www.feuerwehr-halberstadt.de\/?p=13390"},"wordCount":302,"publisher":{"@id":"https:\/\/www.feuerwehr-halberstadt.de\/#organization"},"image":{"@id":"https:\/\/www.feuerwehr-halberstadt.de\/?p=13390#primaryimage"},"thumbnailUrl":"https:\/\/www.feuerwehr-halberstadt.de\/wp-content\/uploads\/2023\/05\/IMG_9869.jpeg","articleSection":{"1":"Information"},"inLanguage":"de"},{"@type":"WebPage","@id":"https:\/\/www.feuerwehr-halberstadt.de\/?p=13390","url":"https:\/\/www.feuerwehr-halberstadt.de\/?p=13390","name":"Quad offiziell \u00fcbergeben - Feuerwehrfest in Langenstein - Feuerwehr Halberstadt","isPartOf":{"@id":"https:\/\/www.feuerwehr-halberstadt.de\/#website"},"primaryImageOfPage":{"@id":"https:\/\/www.feuerwehr-halberstadt.de\/?p=13390#primaryimage"},"image":{"@id":"https:\/\/www.feuerwehr-halberstadt.de\/?p=13390#primaryimage"},"thumbnailUrl":"https:\/\/www.feuerwehr-halberstadt.de\/wp-content\/uploads\/2023\/05\/IMG_9869.jpeg","datePublished":"2023-05-06T17:25:53+00:00","dateModified":"2023-05-06T18:55:06+00:00","breadcrumb":{"@id":"https:\/\/www.feuerwehr-halberstadt.de\/?p=13390#breadcrumb"},"inLanguage":"de","potentialAction":[{"@type":"ReadAction","target":["https:\/\/www.feuerwehr-halberstadt.de\/?p=13390"]}]},{"@type":"ImageObject","inLanguage":"de","@id":"https:\/\/www.feuerwehr-halberstadt.de\/?p=13390#primaryimage","url":"https:\/\/www.feuerwehr-halberstadt.de\/wp-content\/uploads\/2023\/05\/IMG_9869.jpeg","contentUrl":"https:\/\/www.feuerwehr-halberstadt.de\/wp-content\/uploads\/2023\/05\/IMG_9869.jpeg","width":1920,"height":1280},{"@type":"BreadcrumbList","@id":"https:\/\/www.feuerwehr-halberstadt.de\/?p=13390#breadcrumb","itemListElement":[{"@type":"ListItem","position":1,"name":"Startseite","item":"https:\/\/www.feuerwehr-halberstadt.de\/"},{"@type":"ListItem","position":2,"name":"Quad offiziell \u00fcbergeben &#8211; Feuerwehrfest in Langenstein"}]},{"@type":"WebSite","@id":"https:\/\/www.feuerwehr-halberstadt.de\/#website","url":"https:\/\/www.feuerwehr-halberstadt.de\/","name":"Feuerwehr Halberstadt","description":"#imEinsatzf\u00fcrHalberstadt","publisher":{"@id":"https:\/\/www.feuerwehr-halberstadt.de\/#organization"},"potentialAction":[{"@type":"SearchAction","target":{"@type":"EntryPoint","urlTemplate":"https:\/\/www.feuerwehr-halberstadt.de\/?s={search_term_string}"},"query-input":{"@type":"PropertyValueSpecification","valueRequired":true,"valueName":"search_term_string"}}],"inLanguage":"de"},{"@type":"Organization","@id":"https:\/\/www.feuerwehr-halberstadt.de\/#organization","name":"Feuerwehr Halberstadt","url":"https:\/\/www.feuerwehr-halberstadt.de\/","logo":{"@type":"ImageObject","inLanguage":"de","@id":"https:\/\/www.feuerwehr-halberstadt.de\/#\/schema\/logo\/image\/","url":"https:\/\/www.feuerwehr-halberstadt.de\/wp-content\/uploads\/2023\/10\/IMG_0126.png","contentUrl":"https:\/\/www.feuerwehr-halberstadt.de\/wp-content\/uploads\/2023\/10\/IMG_0126.png","width":1500,"height":399,"caption":"Feuerwehr Halberstadt"},"image":{"@id":"https:\/\/www.feuerwehr-halberstadt.de\/#\/schema\/logo\/image\/"},"sameAs":["https:\/\/www.facebook.com\/FeuerwehrHalberstadt\/"]},{"@type":"Person","@id":"https:\/\/www.feuerwehr-halberstadt.de\/#\/schema\/person\/55ce5d9b46008e58cd3d55d4116ec727","name":"Buchold, Chris","image":{"@type":"ImageObject","inLanguage":"de","@id":"https:\/\/secure.gravatar.com\/avatar\/bff08a084f0390bf8a93fc28c488452766ba521109cec244ac64210fdd500a49?s=96&d=mm&r=g","url":"https:\/\/secure.gravatar.com\/avatar\/bff08a084f0390bf8a93fc28c488452766ba521109cec244ac64210fdd500a49?s=96&d=mm&r=g","contentUrl":"https:\/\/secure.gravatar.com\/avatar\/bff08a084f0390bf8a93fc28c488452766ba521109cec244ac64210fdd500a49?s=96&d=mm&r=g","caption":"Buchold, Chris"},"url":"https:\/\/www.feuerwehr-halberstadt.de\/?author=3"}]}},"_links":{"self":[{"href":"https:\/\/www.feuerwehr-halberstadt.de\/index.php?rest_route=\/wp\/v2\/posts\/13390","targetHints":{"allow":["GET"]}}],"collection":[{"href":"https:\/\/www.feuerwehr-halberstadt.de\/index.php?rest_route=\/wp\/v2\/posts"}],"about":[{"href":"https:\/\/www.feuerwehr-halberstadt.de\/index.php?rest_route=\/wp\/v2\/types\/post"}],"author":[{"embeddable":true,"href":"https:\/\/www.feuerwehr-halberstadt.de\/index.php?rest_route=\/wp\/v2\/users\/3"}],"replies":[{"embeddable":true,"href":"https:\/\/www.feuerwehr-halberstadt.de\/index.php?rest_route=%2Fwp%2Fv2%2Fcomments&post=13390"}],"version-history":[{"count":7,"href":"https:\/\/www.feuerwehr-halberstadt.de\/index.php?rest_route=\/wp\/v2\/posts\/13390\/revisions"}],"predecessor-version":[{"id":13403,"href":"https:\/\/www.feuerwehr-halberstadt.de\/index.php?rest_route=\/wp\/v2\/posts\/13390\/revisions\/13403"}],"wp:featuredmedia":[{"embeddable":true,"href":"https:\/\/www.feuerwehr-halberstadt.de\/index.php?rest_route=\/wp\/v2\/media\/13376"}],"wp:attachment":[{"href":"https:\/\/www.feuerwehr-halberstadt.de\/index.php?rest_route=%2Fwp%2Fv2%2Fmedia&parent=13390"}],"wp:term":[{"taxonomy":"category","embeddable":true,"href":"https:\/\/www.feuerwehr-halberstadt.de\/index.php?rest_route=%2Fwp%2Fv2%2Fcategories&post=13390"},{"taxonomy":"post_tag","embeddable":true,"href":"https:\/\/www.feuerwehr-halberstadt.de\/index.php?rest_route=%2Fwp%2Fv2%2Ftags&post=13390"}],"curies":[{"name":"wp","href":"https:\/\/api.w.org\/{rel}","templated":true}]}}