{"id":13343,"date":"2023-04-26T19:25:49","date_gmt":"2023-04-26T17:25:49","guid":{"rendered":"https:\/\/www.feuerwehr-halberstadt.de\/?p=13343"},"modified":"2023-04-26T19:25:50","modified_gmt":"2023-04-26T17:25:50","slug":"jahreshauptversammlung-der-ortsfeuerwehr-schachdorf-stroebeck","status":"publish","type":"post","link":"https:\/\/www.feuerwehr-halberstadt.de\/?p=13343","title":{"rendered":"Jahreshauptversammlung der Ortsfeuerwehr Schachdorf Str\u00f6beck"},"content":{"rendered":"\n<p>Am Freitagabend, dem 21.04.2023, wurde in der Ortsfeuerwehr Str\u00f6beck die j\u00e4hrliche Jahreshauptversammlung im Ger\u00e4tehaus durchgef\u00fchrt. Ortswehrleiter Andre Loeffke er\u00f6ffnete die Sitzung mit der Begr\u00fc\u00dfung aller anwesenden G\u00e4ste, bevor er auf das vergangene Jahr zur\u00fcckblickte.<\/p>\n\n\n\n<p>Die Ortsfeuerwehr Str\u00f6beck z\u00e4hlte im Jahr 2022 insgesamt 21 Kameraden. Im letzten Jahr konnten an 25 Ausbildungen insgesamt 646 Stunden absolviert werden. Die Kameraden wurde im Jahr 2022 zu insgesamt 18 Eins\u00e4tzen alarmiert, welche sich in 10 technische Hilfeleistungs- und 8 Brandeins\u00e4tze aufteilen. Erw\u00e4hnenswert hierbei war der Gro\u00dfbrand einer Scheune im Sommer in der Ortslage. Im vergangenen Jahr wurden 358 Einsatzstunden durch die Kameraden geleistet. <\/p>\n\n\n\n<p>Weiterhin ist zu erw\u00e4hnen, dass die Feuerwehr am kulturellen Leben des Ortes ma\u00dfgeblich beteilligt war. Dazu z\u00e4hlen zum Beispiel das Absichern des Huy Burgen Laufes, die Absicherung des Osterfeuers, ein Tag der Verkehrserziehung, sowie ein Besuch der Kita zur Mitgliedergewinnung f\u00fcr die Kinder- und Jugendfeuerwehr.<\/p>\n\n\n\n<p>Die Ortsjugendwartin Jacqueline Loeffke blickte auf das Ausbildungsjahr der Kinder- und Jugendfeuerwehr zur\u00fcck. Die 3 Kinder leisteten im vergangenen Jahr 182 Ausbildungsstunden. Ein besonderer Dank gilt dabei allen Helfern, die die Jugendwarte mit ihrer Hilfe unterst\u00fctzt haben.<\/p>\n\n\n\n<p>Abteilungsleiter Ingo Wetzel, Stadtwehrleiter Martin Schulz und Oberb\u00fcrgermeister Daniel Szarata gaben einen Ausblick auf zuk\u00fcnftige Vorhaben und Neuerungen, beispielsweise das Ausstatten aller Ger\u00e4teh\u00e4user mit einer Notstromversorgung, sowie die Anschaffung eines neuen Fahrzeuges f\u00fcr die Ortsfeuerwehr, welches Ende des Jahres in Dienst gehen soll. Au\u00dferdem soll der Ausbildungsstand aller Ortsfeuerwehren weiterhin auf ein m\u00f6glichst gleiches Niveau kommen, wozu gemeinsame Ausbildungen und Dienstabende, aber auch eine \u201cstadtweite\u201d Atemschutzger\u00e4tetr\u00e4ger-Ausbildung dienen sollen.<\/p>\n\n\n\n<p><strong>Ehrungen \/ Bef\u00f6rderungen:<\/strong><br>Lene Schellbach, Feuerwehrfrau<\/p>\n\n\n\n<p>Clara Schellbach, Feuerwehrfrau<\/p>\n\n\n\n<p>Elsa Martens, Feuerwehrfrau<\/p>\n\n\n\n<p>Erik Greb, Feuerwehrmann<\/p>\n\n\n\n<p>Jasim Giesecke, Feuerwehrfrau<\/p>\n\n\n\n<figure class=\"wp-block-gallery has-nested-images columns-default is-cropped wp-block-gallery-1 is-layout-flex wp-block-gallery-is-layout-flex\">\n<figure class=\"wp-block-image size-large\"><img loading=\"lazy\" decoding=\"async\" width=\"1024\" height=\"684\" data-id=\"13350\" src=\"https:\/\/www.feuerwehr-halberstadt.de\/wp-content\/uploads\/2023\/04\/2D0C4AF4-B93E-41A7-8087-45A10BE6B6C3.jpeg\" alt=\"\" class=\"wp-image-13350\" srcset=\"https:\/\/www.feuerwehr-halberstadt.de\/wp-content\/uploads\/2023\/04\/2D0C4AF4-B93E-41A7-8087-45A10BE6B6C3.jpeg 1024w, https:\/\/www.feuerwehr-halberstadt.de\/wp-content\/uploads\/2023\/04\/2D0C4AF4-B93E-41A7-8087-45A10BE6B6C3-300x200.jpeg 300w, https:\/\/www.feuerwehr-halberstadt.de\/wp-content\/uploads\/2023\/04\/2D0C4AF4-B93E-41A7-8087-45A10BE6B6C3-768x513.jpeg 768w\" sizes=\"auto, (max-width: 1024px) 100vw, 1024px\" \/><\/figure>\n\n\n\n<figure class=\"wp-block-image size-large\"><img loading=\"lazy\" decoding=\"async\" width=\"1024\" height=\"684\" data-id=\"13353\" src=\"https:\/\/www.feuerwehr-halberstadt.de\/wp-content\/uploads\/2023\/04\/5127C55C-5F25-47B0-B476-3BCC82360529.jpeg\" alt=\"\" class=\"wp-image-13353\" srcset=\"https:\/\/www.feuerwehr-halberstadt.de\/wp-content\/uploads\/2023\/04\/5127C55C-5F25-47B0-B476-3BCC82360529.jpeg 1024w, https:\/\/www.feuerwehr-halberstadt.de\/wp-content\/uploads\/2023\/04\/5127C55C-5F25-47B0-B476-3BCC82360529-300x200.jpeg 300w, https:\/\/www.feuerwehr-halberstadt.de\/wp-content\/uploads\/2023\/04\/5127C55C-5F25-47B0-B476-3BCC82360529-768x513.jpeg 768w\" sizes=\"auto, (max-width: 1024px) 100vw, 1024px\" \/><\/figure>\n\n\n\n<figure class=\"wp-block-image size-large\"><img loading=\"lazy\" decoding=\"async\" width=\"1024\" height=\"684\" data-id=\"13351\" src=\"https:\/\/www.feuerwehr-halberstadt.de\/wp-content\/uploads\/2023\/04\/F90C5968-2E27-49E8-B518-B5F15AADD72A.jpeg\" alt=\"\" class=\"wp-image-13351\" srcset=\"https:\/\/www.feuerwehr-halberstadt.de\/wp-content\/uploads\/2023\/04\/F90C5968-2E27-49E8-B518-B5F15AADD72A.jpeg 1024w, https:\/\/www.feuerwehr-halberstadt.de\/wp-content\/uploads\/2023\/04\/F90C5968-2E27-49E8-B518-B5F15AADD72A-300x200.jpeg 300w, https:\/\/www.feuerwehr-halberstadt.de\/wp-content\/uploads\/2023\/04\/F90C5968-2E27-49E8-B518-B5F15AADD72A-768x513.jpeg 768w\" sizes=\"auto, (max-width: 1024px) 100vw, 1024px\" \/><\/figure>\n<\/figure>\n","protected":false},"excerpt":{"rendered":"<p>Am Freitagabend, dem 21.04.2023, wurde in der Ortsfeuerwehr Str\u00f6beck die j\u00e4hrliche Jahreshauptversammlung im Ger\u00e4tehaus durchgef\u00fchrt. Ortswehrleiter Andre Loeffke er\u00f6ffnete die Sitzung mit der Begr\u00fc\u00dfung aller anwesenden G\u00e4ste, bevor er auf das vergangene Jahr zur\u00fcckblickte. Die Ortsfeuerwehr Str\u00f6beck z\u00e4hlte im Jahr 2022 insgesamt 21 Kameraden. Im letzten Jahr konnten an 25 Ausbildungen insgesamt 646 Stunden absolviert [&hellip;]<\/p>\n","protected":false},"author":8,"featured_media":13349,"comment_status":"closed","ping_status":"closed","sticky":false,"template":"","format":"standard","meta":{"_acf_changed":false,"footnotes":""},"categories":[9],"tags":[],"class_list":["post-13343","post","type-post","status-publish","format-standard","has-post-thumbnail","hentry","category-allgemein"],"acf":[],"yoast_head":"<!-- This site is optimized with the Yoast SEO plugin v27.5 - https:\/\/yoast.com\/product\/yoast-seo-wordpress\/ -->\n<title>Jahreshauptversammlung der Ortsfeuerwehr Schachdorf Str\u00f6beck - Feuerwehr Halberstadt<\/title>\n<meta name=\"robots\" content=\"index, follow, max-snippet:-1, max-image-preview:large, max-video-preview:-1\" \/>\n<link rel=\"canonical\" href=\"https:\/\/www.feuerwehr-halberstadt.de\/?p=13343\" \/>\n<meta property=\"og:locale\" content=\"de_DE\" \/>\n<meta property=\"og:type\" content=\"article\" \/>\n<meta property=\"og:title\" content=\"Jahreshauptversammlung der Ortsfeuerwehr Schachdorf Str\u00f6beck - Feuerwehr Halberstadt\" \/>\n<meta property=\"og:description\" content=\"Am Freitagabend, dem 21.04.2023, wurde in der Ortsfeuerwehr Str\u00f6beck die j\u00e4hrliche Jahreshauptversammlung im Ger\u00e4tehaus durchgef\u00fchrt. Ortswehrleiter Andre Loeffke er\u00f6ffnete die Sitzung mit der Begr\u00fc\u00dfung aller anwesenden G\u00e4ste, bevor er auf das vergangene Jahr zur\u00fcckblickte. Die Ortsfeuerwehr Str\u00f6beck z\u00e4hlte im Jahr 2022 insgesamt 21 Kameraden. Im letzten Jahr konnten an 25 Ausbildungen insgesamt 646 Stunden absolviert [&hellip;]\" \/>\n<meta property=\"og:url\" content=\"https:\/\/www.feuerwehr-halberstadt.de\/?p=13343\" \/>\n<meta property=\"og:site_name\" content=\"Feuerwehr Halberstadt\" \/>\n<meta property=\"article:publisher\" content=\"https:\/\/www.facebook.com\/FeuerwehrHalberstadt\/\" \/>\n<meta property=\"article:published_time\" content=\"2023-04-26T17:25:49+00:00\" \/>\n<meta property=\"article:modified_time\" content=\"2023-04-26T17:25:50+00:00\" \/>\n<meta property=\"og:image\" content=\"https:\/\/www.feuerwehr-halberstadt.de\/wp-content\/uploads\/2023\/04\/A8BFF9D4-757D-482C-8A1B-ABDA8CA225F8.jpeg\" \/>\n\t<meta property=\"og:image:width\" content=\"1024\" \/>\n\t<meta property=\"og:image:height\" content=\"684\" \/>\n\t<meta property=\"og:image:type\" content=\"image\/jpeg\" \/>\n<meta name=\"author\" content=\"K\u00fchne, Ren\u00e9\" \/>\n<meta name=\"twitter:card\" content=\"summary_large_image\" \/>\n<meta name=\"twitter:label1\" content=\"Verfasst von\" \/>\n\t<meta name=\"twitter:data1\" content=\"K\u00fchne, Ren\u00e9\" \/>\n\t<meta name=\"twitter:label2\" content=\"Gesch\u00e4tzte Lesezeit\" \/>\n\t<meta name=\"twitter:data2\" content=\"3\u00a0Minuten\" \/>\n<script type=\"application\/ld+json\" class=\"yoast-schema-graph\">{\"@context\":\"https:\\\/\\\/schema.org\",\"@graph\":[{\"@type\":\"Article\",\"@id\":\"https:\\\/\\\/www.feuerwehr-halberstadt.de\\\/?p=13343#article\",\"isPartOf\":{\"@id\":\"https:\\\/\\\/www.feuerwehr-halberstadt.de\\\/?p=13343\"},\"author\":{\"name\":\"K\u00fchne, Ren\u00e9\",\"@id\":\"https:\\\/\\\/www.feuerwehr-halberstadt.de\\\/#\\\/schema\\\/person\\\/3025e717504caccf9120c148aa5dafc9\"},\"headline\":\"Jahreshauptversammlung der Ortsfeuerwehr Schachdorf Str\u00f6beck\",\"datePublished\":\"2023-04-26T17:25:49+00:00\",\"dateModified\":\"2023-04-26T17:25:50+00:00\",\"mainEntityOfPage\":{\"@id\":\"https:\\\/\\\/www.feuerwehr-halberstadt.de\\\/?p=13343\"},\"wordCount\":290,\"publisher\":{\"@id\":\"https:\\\/\\\/www.feuerwehr-halberstadt.de\\\/#organization\"},\"image\":{\"@id\":\"https:\\\/\\\/www.feuerwehr-halberstadt.de\\\/?p=13343#primaryimage\"},\"thumbnailUrl\":\"https:\\\/\\\/www.feuerwehr-halberstadt.de\\\/wp-content\\\/uploads\\\/2023\\\/04\\\/A8BFF9D4-757D-482C-8A1B-ABDA8CA225F8.jpeg\",\"inLanguage\":\"de\"},{\"@type\":\"WebPage\",\"@id\":\"https:\\\/\\\/www.feuerwehr-halberstadt.de\\\/?p=13343\",\"url\":\"https:\\\/\\\/www.feuerwehr-halberstadt.de\\\/?p=13343\",\"name\":\"Jahreshauptversammlung der Ortsfeuerwehr Schachdorf Str\u00f6beck - Feuerwehr Halberstadt\",\"isPartOf\":{\"@id\":\"https:\\\/\\\/www.feuerwehr-halberstadt.de\\\/#website\"},\"primaryImageOfPage\":{\"@id\":\"https:\\\/\\\/www.feuerwehr-halberstadt.de\\\/?p=13343#primaryimage\"},\"image\":{\"@id\":\"https:\\\/\\\/www.feuerwehr-halberstadt.de\\\/?p=13343#primaryimage\"},\"thumbnailUrl\":\"https:\\\/\\\/www.feuerwehr-halberstadt.de\\\/wp-content\\\/uploads\\\/2023\\\/04\\\/A8BFF9D4-757D-482C-8A1B-ABDA8CA225F8.jpeg\",\"datePublished\":\"2023-04-26T17:25:49+00:00\",\"dateModified\":\"2023-04-26T17:25:50+00:00\",\"breadcrumb\":{\"@id\":\"https:\\\/\\\/www.feuerwehr-halberstadt.de\\\/?p=13343#breadcrumb\"},\"inLanguage\":\"de\",\"potentialAction\":[{\"@type\":\"ReadAction\",\"target\":[\"https:\\\/\\\/www.feuerwehr-halberstadt.de\\\/?p=13343\"]}]},{\"@type\":\"ImageObject\",\"inLanguage\":\"de\",\"@id\":\"https:\\\/\\\/www.feuerwehr-halberstadt.de\\\/?p=13343#primaryimage\",\"url\":\"https:\\\/\\\/www.feuerwehr-halberstadt.de\\\/wp-content\\\/uploads\\\/2023\\\/04\\\/A8BFF9D4-757D-482C-8A1B-ABDA8CA225F8.jpeg\",\"contentUrl\":\"https:\\\/\\\/www.feuerwehr-halberstadt.de\\\/wp-content\\\/uploads\\\/2023\\\/04\\\/A8BFF9D4-757D-482C-8A1B-ABDA8CA225F8.jpeg\",\"width\":1024,\"height\":684},{\"@type\":\"BreadcrumbList\",\"@id\":\"https:\\\/\\\/www.feuerwehr-halberstadt.de\\\/?p=13343#breadcrumb\",\"itemListElement\":[{\"@type\":\"ListItem\",\"position\":1,\"name\":\"Startseite\",\"item\":\"https:\\\/\\\/www.feuerwehr-halberstadt.de\\\/\"},{\"@type\":\"ListItem\",\"position\":2,\"name\":\"Jahreshauptversammlung der Ortsfeuerwehr Schachdorf Str\u00f6beck\"}]},{\"@type\":\"WebSite\",\"@id\":\"https:\\\/\\\/www.feuerwehr-halberstadt.de\\\/#website\",\"url\":\"https:\\\/\\\/www.feuerwehr-halberstadt.de\\\/\",\"name\":\"Feuerwehr Halberstadt\",\"description\":\"#imEinsatzf\u00fcrHalberstadt\",\"publisher\":{\"@id\":\"https:\\\/\\\/www.feuerwehr-halberstadt.de\\\/#organization\"},\"potentialAction\":[{\"@type\":\"SearchAction\",\"target\":{\"@type\":\"EntryPoint\",\"urlTemplate\":\"https:\\\/\\\/www.feuerwehr-halberstadt.de\\\/?s={search_term_string}\"},\"query-input\":{\"@type\":\"PropertyValueSpecification\",\"valueRequired\":true,\"valueName\":\"search_term_string\"}}],\"inLanguage\":\"de\"},{\"@type\":\"Organization\",\"@id\":\"https:\\\/\\\/www.feuerwehr-halberstadt.de\\\/#organization\",\"name\":\"Feuerwehr Halberstadt\",\"url\":\"https:\\\/\\\/www.feuerwehr-halberstadt.de\\\/\",\"logo\":{\"@type\":\"ImageObject\",\"inLanguage\":\"de\",\"@id\":\"https:\\\/\\\/www.feuerwehr-halberstadt.de\\\/#\\\/schema\\\/logo\\\/image\\\/\",\"url\":\"https:\\\/\\\/www.feuerwehr-halberstadt.de\\\/wp-content\\\/uploads\\\/2023\\\/10\\\/IMG_0126.png\",\"contentUrl\":\"https:\\\/\\\/www.feuerwehr-halberstadt.de\\\/wp-content\\\/uploads\\\/2023\\\/10\\\/IMG_0126.png\",\"width\":1500,\"height\":399,\"caption\":\"Feuerwehr Halberstadt\"},\"image\":{\"@id\":\"https:\\\/\\\/www.feuerwehr-halberstadt.de\\\/#\\\/schema\\\/logo\\\/image\\\/\"},\"sameAs\":[\"https:\\\/\\\/www.facebook.com\\\/FeuerwehrHalberstadt\\\/\"]},{\"@type\":\"Person\",\"@id\":\"https:\\\/\\\/www.feuerwehr-halberstadt.de\\\/#\\\/schema\\\/person\\\/3025e717504caccf9120c148aa5dafc9\",\"name\":\"K\u00fchne, Ren\u00e9\",\"image\":{\"@type\":\"ImageObject\",\"inLanguage\":\"de\",\"@id\":\"https:\\\/\\\/secure.gravatar.com\\\/avatar\\\/55eea2ec92cf331c72f122107a136da45b190ce89b28770aafc2f0a0788d2fd4?s=96&d=mm&r=g\",\"url\":\"https:\\\/\\\/secure.gravatar.com\\\/avatar\\\/55eea2ec92cf331c72f122107a136da45b190ce89b28770aafc2f0a0788d2fd4?s=96&d=mm&r=g\",\"contentUrl\":\"https:\\\/\\\/secure.gravatar.com\\\/avatar\\\/55eea2ec92cf331c72f122107a136da45b190ce89b28770aafc2f0a0788d2fd4?s=96&d=mm&r=g\",\"caption\":\"K\u00fchne, Ren\u00e9\"},\"url\":\"https:\\\/\\\/www.feuerwehr-halberstadt.de\\\/?author=8\"}]}<\/script>\n<!-- \/ Yoast SEO plugin. -->","yoast_head_json":{"title":"Jahreshauptversammlung der Ortsfeuerwehr Schachdorf Str\u00f6beck - Feuerwehr Halberstadt","robots":{"index":"index","follow":"follow","max-snippet":"max-snippet:-1","max-image-preview":"max-image-preview:large","max-video-preview":"max-video-preview:-1"},"canonical":"https:\/\/www.feuerwehr-halberstadt.de\/?p=13343","og_locale":"de_DE","og_type":"article","og_title":"Jahreshauptversammlung der Ortsfeuerwehr Schachdorf Str\u00f6beck - Feuerwehr Halberstadt","og_description":"Am Freitagabend, dem 21.04.2023, wurde in der Ortsfeuerwehr Str\u00f6beck die j\u00e4hrliche Jahreshauptversammlung im Ger\u00e4tehaus durchgef\u00fchrt. Ortswehrleiter Andre Loeffke er\u00f6ffnete die Sitzung mit der Begr\u00fc\u00dfung aller anwesenden G\u00e4ste, bevor er auf das vergangene Jahr zur\u00fcckblickte. Die Ortsfeuerwehr Str\u00f6beck z\u00e4hlte im Jahr 2022 insgesamt 21 Kameraden. Im letzten Jahr konnten an 25 Ausbildungen insgesamt 646 Stunden absolviert [&hellip;]","og_url":"https:\/\/www.feuerwehr-halberstadt.de\/?p=13343","og_site_name":"Feuerwehr Halberstadt","article_publisher":"https:\/\/www.facebook.com\/FeuerwehrHalberstadt\/","article_published_time":"2023-04-26T17:25:49+00:00","article_modified_time":"2023-04-26T17:25:50+00:00","og_image":[{"width":1024,"height":684,"url":"https:\/\/www.feuerwehr-halberstadt.de\/wp-content\/uploads\/2023\/04\/A8BFF9D4-757D-482C-8A1B-ABDA8CA225F8.jpeg","type":"image\/jpeg"}],"author":"K\u00fchne, Ren\u00e9","twitter_card":"summary_large_image","twitter_misc":{"Verfasst von":"K\u00fchne, Ren\u00e9","Gesch\u00e4tzte Lesezeit":"3\u00a0Minuten"},"schema":{"@context":"https:\/\/schema.org","@graph":[{"@type":"Article","@id":"https:\/\/www.feuerwehr-halberstadt.de\/?p=13343#article","isPartOf":{"@id":"https:\/\/www.feuerwehr-halberstadt.de\/?p=13343"},"author":{"name":"K\u00fchne, Ren\u00e9","@id":"https:\/\/www.feuerwehr-halberstadt.de\/#\/schema\/person\/3025e717504caccf9120c148aa5dafc9"},"headline":"Jahreshauptversammlung der Ortsfeuerwehr Schachdorf Str\u00f6beck","datePublished":"2023-04-26T17:25:49+00:00","dateModified":"2023-04-26T17:25:50+00:00","mainEntityOfPage":{"@id":"https:\/\/www.feuerwehr-halberstadt.de\/?p=13343"},"wordCount":290,"publisher":{"@id":"https:\/\/www.feuerwehr-halberstadt.de\/#organization"},"image":{"@id":"https:\/\/www.feuerwehr-halberstadt.de\/?p=13343#primaryimage"},"thumbnailUrl":"https:\/\/www.feuerwehr-halberstadt.de\/wp-content\/uploads\/2023\/04\/A8BFF9D4-757D-482C-8A1B-ABDA8CA225F8.jpeg","inLanguage":"de"},{"@type":"WebPage","@id":"https:\/\/www.feuerwehr-halberstadt.de\/?p=13343","url":"https:\/\/www.feuerwehr-halberstadt.de\/?p=13343","name":"Jahreshauptversammlung der Ortsfeuerwehr Schachdorf Str\u00f6beck - Feuerwehr Halberstadt","isPartOf":{"@id":"https:\/\/www.feuerwehr-halberstadt.de\/#website"},"primaryImageOfPage":{"@id":"https:\/\/www.feuerwehr-halberstadt.de\/?p=13343#primaryimage"},"image":{"@id":"https:\/\/www.feuerwehr-halberstadt.de\/?p=13343#primaryimage"},"thumbnailUrl":"https:\/\/www.feuerwehr-halberstadt.de\/wp-content\/uploads\/2023\/04\/A8BFF9D4-757D-482C-8A1B-ABDA8CA225F8.jpeg","datePublished":"2023-04-26T17:25:49+00:00","dateModified":"2023-04-26T17:25:50+00:00","breadcrumb":{"@id":"https:\/\/www.feuerwehr-halberstadt.de\/?p=13343#breadcrumb"},"inLanguage":"de","potentialAction":[{"@type":"ReadAction","target":["https:\/\/www.feuerwehr-halberstadt.de\/?p=13343"]}]},{"@type":"ImageObject","inLanguage":"de","@id":"https:\/\/www.feuerwehr-halberstadt.de\/?p=13343#primaryimage","url":"https:\/\/www.feuerwehr-halberstadt.de\/wp-content\/uploads\/2023\/04\/A8BFF9D4-757D-482C-8A1B-ABDA8CA225F8.jpeg","contentUrl":"https:\/\/www.feuerwehr-halberstadt.de\/wp-content\/uploads\/2023\/04\/A8BFF9D4-757D-482C-8A1B-ABDA8CA225F8.jpeg","width":1024,"height":684},{"@type":"BreadcrumbList","@id":"https:\/\/www.feuerwehr-halberstadt.de\/?p=13343#breadcrumb","itemListElement":[{"@type":"ListItem","position":1,"name":"Startseite","item":"https:\/\/www.feuerwehr-halberstadt.de\/"},{"@type":"ListItem","position":2,"name":"Jahreshauptversammlung der Ortsfeuerwehr Schachdorf Str\u00f6beck"}]},{"@type":"WebSite","@id":"https:\/\/www.feuerwehr-halberstadt.de\/#website","url":"https:\/\/www.feuerwehr-halberstadt.de\/","name":"Feuerwehr Halberstadt","description":"#imEinsatzf\u00fcrHalberstadt","publisher":{"@id":"https:\/\/www.feuerwehr-halberstadt.de\/#organization"},"potentialAction":[{"@type":"SearchAction","target":{"@type":"EntryPoint","urlTemplate":"https:\/\/www.feuerwehr-halberstadt.de\/?s={search_term_string}"},"query-input":{"@type":"PropertyValueSpecification","valueRequired":true,"valueName":"search_term_string"}}],"inLanguage":"de"},{"@type":"Organization","@id":"https:\/\/www.feuerwehr-halberstadt.de\/#organization","name":"Feuerwehr Halberstadt","url":"https:\/\/www.feuerwehr-halberstadt.de\/","logo":{"@type":"ImageObject","inLanguage":"de","@id":"https:\/\/www.feuerwehr-halberstadt.de\/#\/schema\/logo\/image\/","url":"https:\/\/www.feuerwehr-halberstadt.de\/wp-content\/uploads\/2023\/10\/IMG_0126.png","contentUrl":"https:\/\/www.feuerwehr-halberstadt.de\/wp-content\/uploads\/2023\/10\/IMG_0126.png","width":1500,"height":399,"caption":"Feuerwehr Halberstadt"},"image":{"@id":"https:\/\/www.feuerwehr-halberstadt.de\/#\/schema\/logo\/image\/"},"sameAs":["https:\/\/www.facebook.com\/FeuerwehrHalberstadt\/"]},{"@type":"Person","@id":"https:\/\/www.feuerwehr-halberstadt.de\/#\/schema\/person\/3025e717504caccf9120c148aa5dafc9","name":"K\u00fchne, Ren\u00e9","image":{"@type":"ImageObject","inLanguage":"de","@id":"https:\/\/secure.gravatar.com\/avatar\/55eea2ec92cf331c72f122107a136da45b190ce89b28770aafc2f0a0788d2fd4?s=96&d=mm&r=g","url":"https:\/\/secure.gravatar.com\/avatar\/55eea2ec92cf331c72f122107a136da45b190ce89b28770aafc2f0a0788d2fd4?s=96&d=mm&r=g","contentUrl":"https:\/\/secure.gravatar.com\/avatar\/55eea2ec92cf331c72f122107a136da45b190ce89b28770aafc2f0a0788d2fd4?s=96&d=mm&r=g","caption":"K\u00fchne, Ren\u00e9"},"url":"https:\/\/www.feuerwehr-halberstadt.de\/?author=8"}]}},"_links":{"self":[{"href":"https:\/\/www.feuerwehr-halberstadt.de\/index.php?rest_route=\/wp\/v2\/posts\/13343","targetHints":{"allow":["GET"]}}],"collection":[{"href":"https:\/\/www.feuerwehr-halberstadt.de\/index.php?rest_route=\/wp\/v2\/posts"}],"about":[{"href":"https:\/\/www.feuerwehr-halberstadt.de\/index.php?rest_route=\/wp\/v2\/types\/post"}],"author":[{"embeddable":true,"href":"https:\/\/www.feuerwehr-halberstadt.de\/index.php?rest_route=\/wp\/v2\/users\/8"}],"replies":[{"embeddable":true,"href":"https:\/\/www.feuerwehr-halberstadt.de\/index.php?rest_route=%2Fwp%2Fv2%2Fcomments&post=13343"}],"version-history":[{"count":3,"href":"https:\/\/www.feuerwehr-halberstadt.de\/index.php?rest_route=\/wp\/v2\/posts\/13343\/revisions"}],"predecessor-version":[{"id":13356,"href":"https:\/\/www.feuerwehr-halberstadt.de\/index.php?rest_route=\/wp\/v2\/posts\/13343\/revisions\/13356"}],"wp:featuredmedia":[{"embeddable":true,"href":"https:\/\/www.feuerwehr-halberstadt.de\/index.php?rest_route=\/wp\/v2\/media\/13349"}],"wp:attachment":[{"href":"https:\/\/www.feuerwehr-halberstadt.de\/index.php?rest_route=%2Fwp%2Fv2%2Fmedia&parent=13343"}],"wp:term":[{"taxonomy":"category","embeddable":true,"href":"https:\/\/www.feuerwehr-halberstadt.de\/index.php?rest_route=%2Fwp%2Fv2%2Fcategories&post=13343"},{"taxonomy":"post_tag","embeddable":true,"href":"https:\/\/www.feuerwehr-halberstadt.de\/index.php?rest_route=%2Fwp%2Fv2%2Ftags&post=13343"}],"curies":[{"name":"wp","href":"https:\/\/api.w.org\/{rel}","templated":true}]}}