{"id":12850,"date":"2022-12-02T16:09:53","date_gmt":"2022-12-02T15:09:53","guid":{"rendered":"https:\/\/www.feuerwehr-halberstadt.de\/?p=12850"},"modified":"2022-12-02T16:09:54","modified_gmt":"2022-12-02T15:09:54","slug":"bundesweiter-warntag-am-08-dezember","status":"publish","type":"post","link":"https:\/\/www.feuerwehr-halberstadt.de\/?p=12850","title":{"rendered":"Bundesweiter Warntag am 08. Dezember"},"content":{"rendered":"\n<p>Der n\u00e4chste bundesweite Warntag findet am<strong>&nbsp;8. Dezember 2022<\/strong>&nbsp;statt. An diesem Aktionstag erproben&nbsp;<a href=\"https:\/\/warnung-der-bevoelkerung.de\/lokale-behoerden\/\">Bund und L\u00e4nder<\/a>&nbsp;sowie die teilnehmenden Kreise, kreisfreien St\u00e4dte und Gemeinden in einer gemeinsamen \u00dcbung ihre&nbsp;<a href=\"https:\/\/warnung-der-bevoelkerung.de\/faq\/#collapse-1-2238\">Warnmittel<\/a>.<\/p>\n\n\n\n<p>Ab 11:00 Uhr aktivieren die beteiligten Beh\u00f6rden und Einsatzkr\u00e4fte unterschiedliche Warnmittel wie z. B. Radio und Fernsehen, digitale Stadtanzeigetafeln oder&nbsp;<a href=\"https:\/\/www.bbk.bund.de\/DE\/Warnung-Vorsorge\/Warn-App-NINA\/warn-app-nina_node.html\" target=\"_blank\" rel=\"noreferrer noopener\">Warn-Apps<\/a>.&nbsp;Beim Warntag wird zudem Cell Broadcast zum ersten Mal getestet. Cell Broadcast ist eine Warnnachricht, die direkt aufs Handy geschickt wird. Mit keinem anderen Warnmittel k\u00f6nnen wir mehr Menschen erreichen. Damit m\u00f6glichst viele B\u00fcrgerinnen und B\u00fcrger die Nachricht erhalten, sind wir auf Ihre Mithilfe angewiesen.&nbsp;<a href=\"https:\/\/www.bbk.bund.de\/DE\/Warnung-Vorsorge\/Warnung-in-Deutschland\/So-werden-Sie-gewarnt\/Cell-Broadcast\/cell-broadcast_node.html\" target=\"_blank\" rel=\"noreferrer noopener\">Hier<\/a>&nbsp;finden Sie dazu mehr Informationen.<\/p>\n\n\n\n<p>Auf diese Weise werden die technischen Abl\u00e4ufe im Fall einer Warnung und auch die Warnmittel selber auf ihre Funktion und auf m\u00f6gliche Schwachstellen hin \u00fcberpr\u00fcft. Im Nachgang werden von den Verantwortlichen gegebenenfalls Verbesserungen vorgenommen und so das System der Bev\u00f6lkerungswarnung sicherer gemacht.<\/p>\n\n\n\n<p>Der bundesweite Warntag dient weiterhin dem Ziel, die Menschen in Deutschland \u00fcber die Warnung der Bev\u00f6lkerung zu informieren und sie damit f\u00fcr Warnungen zu sensibilisieren.<\/p>\n\n\n\n<p>Wir bitten Sie um Ihr Feedback zum bundesweiten Warntag 2022.\u00a0<a href=\"https:\/\/warntag-umfrage.de\/\">Hier<\/a>\u00a0k\u00f6nnen Sie uns am 8. Dezember 2022 ab 11:00 Uhr Ihre Erfahrungen und Wahrnehmungen zum Warntag mitteilen. Vielen Dank f\u00fcr Ihre Unterst\u00fctzung.<br><\/p>\n\n\n\n<figure class=\"wp-block-embed is-type-video is-provider-youtube wp-block-embed-youtube wp-embed-aspect-16-9 wp-has-aspect-ratio\"><div class=\"wp-block-embed__wrapper\">\n<iframe loading=\"lazy\" title=\"Warnmittelmix f\u00fcr Deutschland - Auf diesen Wegen wird gewarnt\" width=\"640\" height=\"360\" src=\"https:\/\/www.youtube.com\/embed\/iUBwwKFcsQU?feature=oembed\" frameborder=\"0\" allow=\"accelerometer; autoplay; clipboard-write; encrypted-media; gyroscope; picture-in-picture; web-share\" referrerpolicy=\"strict-origin-when-cross-origin\" allowfullscreen><\/iframe>\n<\/div><\/figure>\n","protected":false},"excerpt":{"rendered":"<p>Der n\u00e4chste bundesweite Warntag findet am&nbsp;8. Dezember 2022&nbsp;statt. An diesem Aktionstag erproben&nbsp;Bund und L\u00e4nder&nbsp;sowie die teilnehmenden Kreise, kreisfreien St\u00e4dte und Gemeinden in einer gemeinsamen \u00dcbung ihre&nbsp;Warnmittel. Ab 11:00 Uhr aktivieren die beteiligten Beh\u00f6rden und Einsatzkr\u00e4fte unterschiedliche Warnmittel wie z. B. Radio und Fernsehen, digitale Stadtanzeigetafeln oder&nbsp;Warn-Apps.&nbsp;Beim Warntag wird zudem Cell Broadcast zum ersten Mal getestet. [&hellip;]<\/p>\n","protected":false},"author":3,"featured_media":12852,"comment_status":"closed","ping_status":"closed","sticky":false,"template":"","format":"standard","meta":{"_acf_changed":false,"footnotes":""},"categories":[31],"tags":[],"class_list":["post-12850","post","type-post","status-publish","format-standard","has-post-thumbnail","hentry","category-information"],"acf":[],"yoast_head":"<!-- This site is optimized with the Yoast SEO plugin v27.4 - https:\/\/yoast.com\/product\/yoast-seo-wordpress\/ -->\n<title>Bundesweiter Warntag am 08. Dezember - Feuerwehr Halberstadt<\/title>\n<meta name=\"robots\" content=\"index, follow, max-snippet:-1, max-image-preview:large, max-video-preview:-1\" \/>\n<link rel=\"canonical\" href=\"https:\/\/www.feuerwehr-halberstadt.de\/?p=12850\" \/>\n<meta property=\"og:locale\" content=\"de_DE\" \/>\n<meta property=\"og:type\" content=\"article\" \/>\n<meta property=\"og:title\" content=\"Bundesweiter Warntag am 08. Dezember - Feuerwehr Halberstadt\" \/>\n<meta property=\"og:description\" content=\"Der n\u00e4chste bundesweite Warntag findet am&nbsp;8. Dezember 2022&nbsp;statt. An diesem Aktionstag erproben&nbsp;Bund und L\u00e4nder&nbsp;sowie die teilnehmenden Kreise, kreisfreien St\u00e4dte und Gemeinden in einer gemeinsamen \u00dcbung ihre&nbsp;Warnmittel. Ab 11:00 Uhr aktivieren die beteiligten Beh\u00f6rden und Einsatzkr\u00e4fte unterschiedliche Warnmittel wie z. B. Radio und Fernsehen, digitale Stadtanzeigetafeln oder&nbsp;Warn-Apps.&nbsp;Beim Warntag wird zudem Cell Broadcast zum ersten Mal getestet. [&hellip;]\" \/>\n<meta property=\"og:url\" content=\"https:\/\/www.feuerwehr-halberstadt.de\/?p=12850\" \/>\n<meta property=\"og:site_name\" content=\"Feuerwehr Halberstadt\" \/>\n<meta property=\"article:publisher\" content=\"https:\/\/www.facebook.com\/FeuerwehrHalberstadt\/\" \/>\n<meta property=\"article:published_time\" content=\"2022-12-02T15:09:53+00:00\" \/>\n<meta property=\"article:modified_time\" content=\"2022-12-02T15:09:54+00:00\" \/>\n<meta property=\"og:image\" content=\"https:\/\/www.feuerwehr-halberstadt.de\/wp-content\/uploads\/2022\/12\/csm_bundesweiter-warntag-2022_keyvisual-blau_freigestellt-1_b13c115830.png\" \/>\n\t<meta property=\"og:image:width\" content=\"800\" \/>\n\t<meta property=\"og:image:height\" content=\"400\" \/>\n\t<meta property=\"og:image:type\" content=\"image\/png\" \/>\n<meta name=\"author\" content=\"Buchold, Chris\" \/>\n<meta name=\"twitter:card\" content=\"summary_large_image\" \/>\n<meta name=\"twitter:label1\" content=\"Verfasst von\" \/>\n\t<meta name=\"twitter:data1\" content=\"Buchold, Chris\" \/>\n\t<meta name=\"twitter:label2\" content=\"Gesch\u00e4tzte Lesezeit\" \/>\n\t<meta name=\"twitter:data2\" content=\"2\u00a0Minuten\" \/>\n<script type=\"application\/ld+json\" class=\"yoast-schema-graph\">{\"@context\":\"https:\\\/\\\/schema.org\",\"@graph\":[{\"@type\":\"Article\",\"@id\":\"https:\\\/\\\/www.feuerwehr-halberstadt.de\\\/?p=12850#article\",\"isPartOf\":{\"@id\":\"https:\\\/\\\/www.feuerwehr-halberstadt.de\\\/?p=12850\"},\"author\":{\"name\":\"Buchold, Chris\",\"@id\":\"https:\\\/\\\/www.feuerwehr-halberstadt.de\\\/#\\\/schema\\\/person\\\/55ce5d9b46008e58cd3d55d4116ec727\"},\"headline\":\"Bundesweiter Warntag am 08. Dezember\",\"datePublished\":\"2022-12-02T15:09:53+00:00\",\"dateModified\":\"2022-12-02T15:09:54+00:00\",\"mainEntityOfPage\":{\"@id\":\"https:\\\/\\\/www.feuerwehr-halberstadt.de\\\/?p=12850\"},\"wordCount\":234,\"publisher\":{\"@id\":\"https:\\\/\\\/www.feuerwehr-halberstadt.de\\\/#organization\"},\"image\":{\"@id\":\"https:\\\/\\\/www.feuerwehr-halberstadt.de\\\/?p=12850#primaryimage\"},\"thumbnailUrl\":\"https:\\\/\\\/www.feuerwehr-halberstadt.de\\\/wp-content\\\/uploads\\\/2022\\\/12\\\/csm_bundesweiter-warntag-2022_keyvisual-blau_freigestellt-1_b13c115830.png\",\"articleSection\":[\"Information\"],\"inLanguage\":\"de\"},{\"@type\":\"WebPage\",\"@id\":\"https:\\\/\\\/www.feuerwehr-halberstadt.de\\\/?p=12850\",\"url\":\"https:\\\/\\\/www.feuerwehr-halberstadt.de\\\/?p=12850\",\"name\":\"Bundesweiter Warntag am 08. Dezember - Feuerwehr Halberstadt\",\"isPartOf\":{\"@id\":\"https:\\\/\\\/www.feuerwehr-halberstadt.de\\\/#website\"},\"primaryImageOfPage\":{\"@id\":\"https:\\\/\\\/www.feuerwehr-halberstadt.de\\\/?p=12850#primaryimage\"},\"image\":{\"@id\":\"https:\\\/\\\/www.feuerwehr-halberstadt.de\\\/?p=12850#primaryimage\"},\"thumbnailUrl\":\"https:\\\/\\\/www.feuerwehr-halberstadt.de\\\/wp-content\\\/uploads\\\/2022\\\/12\\\/csm_bundesweiter-warntag-2022_keyvisual-blau_freigestellt-1_b13c115830.png\",\"datePublished\":\"2022-12-02T15:09:53+00:00\",\"dateModified\":\"2022-12-02T15:09:54+00:00\",\"breadcrumb\":{\"@id\":\"https:\\\/\\\/www.feuerwehr-halberstadt.de\\\/?p=12850#breadcrumb\"},\"inLanguage\":\"de\",\"potentialAction\":[{\"@type\":\"ReadAction\",\"target\":[\"https:\\\/\\\/www.feuerwehr-halberstadt.de\\\/?p=12850\"]}]},{\"@type\":\"ImageObject\",\"inLanguage\":\"de\",\"@id\":\"https:\\\/\\\/www.feuerwehr-halberstadt.de\\\/?p=12850#primaryimage\",\"url\":\"https:\\\/\\\/www.feuerwehr-halberstadt.de\\\/wp-content\\\/uploads\\\/2022\\\/12\\\/csm_bundesweiter-warntag-2022_keyvisual-blau_freigestellt-1_b13c115830.png\",\"contentUrl\":\"https:\\\/\\\/www.feuerwehr-halberstadt.de\\\/wp-content\\\/uploads\\\/2022\\\/12\\\/csm_bundesweiter-warntag-2022_keyvisual-blau_freigestellt-1_b13c115830.png\",\"width\":800,\"height\":400},{\"@type\":\"BreadcrumbList\",\"@id\":\"https:\\\/\\\/www.feuerwehr-halberstadt.de\\\/?p=12850#breadcrumb\",\"itemListElement\":[{\"@type\":\"ListItem\",\"position\":1,\"name\":\"Startseite\",\"item\":\"https:\\\/\\\/www.feuerwehr-halberstadt.de\\\/\"},{\"@type\":\"ListItem\",\"position\":2,\"name\":\"Bundesweiter Warntag am 08. Dezember\"}]},{\"@type\":\"WebSite\",\"@id\":\"https:\\\/\\\/www.feuerwehr-halberstadt.de\\\/#website\",\"url\":\"https:\\\/\\\/www.feuerwehr-halberstadt.de\\\/\",\"name\":\"Feuerwehr Halberstadt\",\"description\":\"#imEinsatzf\u00fcrHalberstadt\",\"publisher\":{\"@id\":\"https:\\\/\\\/www.feuerwehr-halberstadt.de\\\/#organization\"},\"potentialAction\":[{\"@type\":\"SearchAction\",\"target\":{\"@type\":\"EntryPoint\",\"urlTemplate\":\"https:\\\/\\\/www.feuerwehr-halberstadt.de\\\/?s={search_term_string}\"},\"query-input\":{\"@type\":\"PropertyValueSpecification\",\"valueRequired\":true,\"valueName\":\"search_term_string\"}}],\"inLanguage\":\"de\"},{\"@type\":\"Organization\",\"@id\":\"https:\\\/\\\/www.feuerwehr-halberstadt.de\\\/#organization\",\"name\":\"Feuerwehr Halberstadt\",\"url\":\"https:\\\/\\\/www.feuerwehr-halberstadt.de\\\/\",\"logo\":{\"@type\":\"ImageObject\",\"inLanguage\":\"de\",\"@id\":\"https:\\\/\\\/www.feuerwehr-halberstadt.de\\\/#\\\/schema\\\/logo\\\/image\\\/\",\"url\":\"https:\\\/\\\/www.feuerwehr-halberstadt.de\\\/wp-content\\\/uploads\\\/2023\\\/10\\\/IMG_0126.png\",\"contentUrl\":\"https:\\\/\\\/www.feuerwehr-halberstadt.de\\\/wp-content\\\/uploads\\\/2023\\\/10\\\/IMG_0126.png\",\"width\":1500,\"height\":399,\"caption\":\"Feuerwehr Halberstadt\"},\"image\":{\"@id\":\"https:\\\/\\\/www.feuerwehr-halberstadt.de\\\/#\\\/schema\\\/logo\\\/image\\\/\"},\"sameAs\":[\"https:\\\/\\\/www.facebook.com\\\/FeuerwehrHalberstadt\\\/\"]},{\"@type\":\"Person\",\"@id\":\"https:\\\/\\\/www.feuerwehr-halberstadt.de\\\/#\\\/schema\\\/person\\\/55ce5d9b46008e58cd3d55d4116ec727\",\"name\":\"Buchold, Chris\",\"image\":{\"@type\":\"ImageObject\",\"inLanguage\":\"de\",\"@id\":\"https:\\\/\\\/secure.gravatar.com\\\/avatar\\\/bff08a084f0390bf8a93fc28c488452766ba521109cec244ac64210fdd500a49?s=96&d=mm&r=g\",\"url\":\"https:\\\/\\\/secure.gravatar.com\\\/avatar\\\/bff08a084f0390bf8a93fc28c488452766ba521109cec244ac64210fdd500a49?s=96&d=mm&r=g\",\"contentUrl\":\"https:\\\/\\\/secure.gravatar.com\\\/avatar\\\/bff08a084f0390bf8a93fc28c488452766ba521109cec244ac64210fdd500a49?s=96&d=mm&r=g\",\"caption\":\"Buchold, Chris\"},\"url\":\"https:\\\/\\\/www.feuerwehr-halberstadt.de\\\/?author=3\"}]}<\/script>\n<!-- \/ Yoast SEO plugin. -->","yoast_head_json":{"title":"Bundesweiter Warntag am 08. Dezember - Feuerwehr Halberstadt","robots":{"index":"index","follow":"follow","max-snippet":"max-snippet:-1","max-image-preview":"max-image-preview:large","max-video-preview":"max-video-preview:-1"},"canonical":"https:\/\/www.feuerwehr-halberstadt.de\/?p=12850","og_locale":"de_DE","og_type":"article","og_title":"Bundesweiter Warntag am 08. Dezember - Feuerwehr Halberstadt","og_description":"Der n\u00e4chste bundesweite Warntag findet am&nbsp;8. Dezember 2022&nbsp;statt. An diesem Aktionstag erproben&nbsp;Bund und L\u00e4nder&nbsp;sowie die teilnehmenden Kreise, kreisfreien St\u00e4dte und Gemeinden in einer gemeinsamen \u00dcbung ihre&nbsp;Warnmittel. Ab 11:00 Uhr aktivieren die beteiligten Beh\u00f6rden und Einsatzkr\u00e4fte unterschiedliche Warnmittel wie z. B. Radio und Fernsehen, digitale Stadtanzeigetafeln oder&nbsp;Warn-Apps.&nbsp;Beim Warntag wird zudem Cell Broadcast zum ersten Mal getestet. [&hellip;]","og_url":"https:\/\/www.feuerwehr-halberstadt.de\/?p=12850","og_site_name":"Feuerwehr Halberstadt","article_publisher":"https:\/\/www.facebook.com\/FeuerwehrHalberstadt\/","article_published_time":"2022-12-02T15:09:53+00:00","article_modified_time":"2022-12-02T15:09:54+00:00","og_image":[{"width":800,"height":400,"url":"https:\/\/www.feuerwehr-halberstadt.de\/wp-content\/uploads\/2022\/12\/csm_bundesweiter-warntag-2022_keyvisual-blau_freigestellt-1_b13c115830.png","type":"image\/png"}],"author":"Buchold, Chris","twitter_card":"summary_large_image","twitter_misc":{"Verfasst von":"Buchold, Chris","Gesch\u00e4tzte Lesezeit":"2\u00a0Minuten"},"schema":{"@context":"https:\/\/schema.org","@graph":[{"@type":"Article","@id":"https:\/\/www.feuerwehr-halberstadt.de\/?p=12850#article","isPartOf":{"@id":"https:\/\/www.feuerwehr-halberstadt.de\/?p=12850"},"author":{"name":"Buchold, Chris","@id":"https:\/\/www.feuerwehr-halberstadt.de\/#\/schema\/person\/55ce5d9b46008e58cd3d55d4116ec727"},"headline":"Bundesweiter Warntag am 08. Dezember","datePublished":"2022-12-02T15:09:53+00:00","dateModified":"2022-12-02T15:09:54+00:00","mainEntityOfPage":{"@id":"https:\/\/www.feuerwehr-halberstadt.de\/?p=12850"},"wordCount":234,"publisher":{"@id":"https:\/\/www.feuerwehr-halberstadt.de\/#organization"},"image":{"@id":"https:\/\/www.feuerwehr-halberstadt.de\/?p=12850#primaryimage"},"thumbnailUrl":"https:\/\/www.feuerwehr-halberstadt.de\/wp-content\/uploads\/2022\/12\/csm_bundesweiter-warntag-2022_keyvisual-blau_freigestellt-1_b13c115830.png","articleSection":["Information"],"inLanguage":"de"},{"@type":"WebPage","@id":"https:\/\/www.feuerwehr-halberstadt.de\/?p=12850","url":"https:\/\/www.feuerwehr-halberstadt.de\/?p=12850","name":"Bundesweiter Warntag am 08. Dezember - Feuerwehr Halberstadt","isPartOf":{"@id":"https:\/\/www.feuerwehr-halberstadt.de\/#website"},"primaryImageOfPage":{"@id":"https:\/\/www.feuerwehr-halberstadt.de\/?p=12850#primaryimage"},"image":{"@id":"https:\/\/www.feuerwehr-halberstadt.de\/?p=12850#primaryimage"},"thumbnailUrl":"https:\/\/www.feuerwehr-halberstadt.de\/wp-content\/uploads\/2022\/12\/csm_bundesweiter-warntag-2022_keyvisual-blau_freigestellt-1_b13c115830.png","datePublished":"2022-12-02T15:09:53+00:00","dateModified":"2022-12-02T15:09:54+00:00","breadcrumb":{"@id":"https:\/\/www.feuerwehr-halberstadt.de\/?p=12850#breadcrumb"},"inLanguage":"de","potentialAction":[{"@type":"ReadAction","target":["https:\/\/www.feuerwehr-halberstadt.de\/?p=12850"]}]},{"@type":"ImageObject","inLanguage":"de","@id":"https:\/\/www.feuerwehr-halberstadt.de\/?p=12850#primaryimage","url":"https:\/\/www.feuerwehr-halberstadt.de\/wp-content\/uploads\/2022\/12\/csm_bundesweiter-warntag-2022_keyvisual-blau_freigestellt-1_b13c115830.png","contentUrl":"https:\/\/www.feuerwehr-halberstadt.de\/wp-content\/uploads\/2022\/12\/csm_bundesweiter-warntag-2022_keyvisual-blau_freigestellt-1_b13c115830.png","width":800,"height":400},{"@type":"BreadcrumbList","@id":"https:\/\/www.feuerwehr-halberstadt.de\/?p=12850#breadcrumb","itemListElement":[{"@type":"ListItem","position":1,"name":"Startseite","item":"https:\/\/www.feuerwehr-halberstadt.de\/"},{"@type":"ListItem","position":2,"name":"Bundesweiter Warntag am 08. Dezember"}]},{"@type":"WebSite","@id":"https:\/\/www.feuerwehr-halberstadt.de\/#website","url":"https:\/\/www.feuerwehr-halberstadt.de\/","name":"Feuerwehr Halberstadt","description":"#imEinsatzf\u00fcrHalberstadt","publisher":{"@id":"https:\/\/www.feuerwehr-halberstadt.de\/#organization"},"potentialAction":[{"@type":"SearchAction","target":{"@type":"EntryPoint","urlTemplate":"https:\/\/www.feuerwehr-halberstadt.de\/?s={search_term_string}"},"query-input":{"@type":"PropertyValueSpecification","valueRequired":true,"valueName":"search_term_string"}}],"inLanguage":"de"},{"@type":"Organization","@id":"https:\/\/www.feuerwehr-halberstadt.de\/#organization","name":"Feuerwehr Halberstadt","url":"https:\/\/www.feuerwehr-halberstadt.de\/","logo":{"@type":"ImageObject","inLanguage":"de","@id":"https:\/\/www.feuerwehr-halberstadt.de\/#\/schema\/logo\/image\/","url":"https:\/\/www.feuerwehr-halberstadt.de\/wp-content\/uploads\/2023\/10\/IMG_0126.png","contentUrl":"https:\/\/www.feuerwehr-halberstadt.de\/wp-content\/uploads\/2023\/10\/IMG_0126.png","width":1500,"height":399,"caption":"Feuerwehr Halberstadt"},"image":{"@id":"https:\/\/www.feuerwehr-halberstadt.de\/#\/schema\/logo\/image\/"},"sameAs":["https:\/\/www.facebook.com\/FeuerwehrHalberstadt\/"]},{"@type":"Person","@id":"https:\/\/www.feuerwehr-halberstadt.de\/#\/schema\/person\/55ce5d9b46008e58cd3d55d4116ec727","name":"Buchold, Chris","image":{"@type":"ImageObject","inLanguage":"de","@id":"https:\/\/secure.gravatar.com\/avatar\/bff08a084f0390bf8a93fc28c488452766ba521109cec244ac64210fdd500a49?s=96&d=mm&r=g","url":"https:\/\/secure.gravatar.com\/avatar\/bff08a084f0390bf8a93fc28c488452766ba521109cec244ac64210fdd500a49?s=96&d=mm&r=g","contentUrl":"https:\/\/secure.gravatar.com\/avatar\/bff08a084f0390bf8a93fc28c488452766ba521109cec244ac64210fdd500a49?s=96&d=mm&r=g","caption":"Buchold, Chris"},"url":"https:\/\/www.feuerwehr-halberstadt.de\/?author=3"}]}},"_links":{"self":[{"href":"https:\/\/www.feuerwehr-halberstadt.de\/index.php?rest_route=\/wp\/v2\/posts\/12850","targetHints":{"allow":["GET"]}}],"collection":[{"href":"https:\/\/www.feuerwehr-halberstadt.de\/index.php?rest_route=\/wp\/v2\/posts"}],"about":[{"href":"https:\/\/www.feuerwehr-halberstadt.de\/index.php?rest_route=\/wp\/v2\/types\/post"}],"author":[{"embeddable":true,"href":"https:\/\/www.feuerwehr-halberstadt.de\/index.php?rest_route=\/wp\/v2\/users\/3"}],"replies":[{"embeddable":true,"href":"https:\/\/www.feuerwehr-halberstadt.de\/index.php?rest_route=%2Fwp%2Fv2%2Fcomments&post=12850"}],"version-history":[{"count":1,"href":"https:\/\/www.feuerwehr-halberstadt.de\/index.php?rest_route=\/wp\/v2\/posts\/12850\/revisions"}],"predecessor-version":[{"id":12851,"href":"https:\/\/www.feuerwehr-halberstadt.de\/index.php?rest_route=\/wp\/v2\/posts\/12850\/revisions\/12851"}],"wp:featuredmedia":[{"embeddable":true,"href":"https:\/\/www.feuerwehr-halberstadt.de\/index.php?rest_route=\/wp\/v2\/media\/12852"}],"wp:attachment":[{"href":"https:\/\/www.feuerwehr-halberstadt.de\/index.php?rest_route=%2Fwp%2Fv2%2Fmedia&parent=12850"}],"wp:term":[{"taxonomy":"category","embeddable":true,"href":"https:\/\/www.feuerwehr-halberstadt.de\/index.php?rest_route=%2Fwp%2Fv2%2Fcategories&post=12850"},{"taxonomy":"post_tag","embeddable":true,"href":"https:\/\/www.feuerwehr-halberstadt.de\/index.php?rest_route=%2Fwp%2Fv2%2Ftags&post=12850"}],"curies":[{"name":"wp","href":"https:\/\/api.w.org\/{rel}","templated":true}]}}