{"id":12585,"date":"2022-08-17T13:05:30","date_gmt":"2022-08-17T11:05:30","guid":{"rendered":"https:\/\/www.feuerwehr-halberstadt.de\/?p=12585"},"modified":"2022-08-17T13:23:08","modified_gmt":"2022-08-17T11:23:08","slug":"chris-buchold-wird-neuer-stellvertretender-ortswehrleiter","status":"publish","type":"post","link":"https:\/\/www.feuerwehr-halberstadt.de\/?p=12585","title":{"rendered":"Chris Buchold wird neuer stellvertretender Ortswehrleiter"},"content":{"rendered":"\n<p>Am Dienstag den 16. August, w\u00e4hlten die Kameraden der Freiwilligen Feuerwehr Halberstadt ihren neuen stellvertretenden Orstwehrleiter. Mit 25 abgegeben Stimmen wurde Chris Buchold mit einer eindeutigen Mehrheit gew\u00e4hlt.<\/p>\n\n\n\n<p>Bei der durchgef\u00fchrten Wahl handelt es sich um eine Vorschlagswahl, welche noch durch den Landkreis best\u00e4tigt werden muss.<\/p>\n\n\n\n<p>Chris Buchold nahm in der Vergangenheit bereits die Funktion als Pressesprecher der Feuerwehr Halberstadt war und leistete viel f\u00fcr die Feuerwehr und deren Mitglieder.<\/p>\n\n\n\n<p>Herzlichen Gl\u00fcckwunsch und gutes Gelingen bei den neuen Aufgaben.<\/p>\n","protected":false},"excerpt":{"rendered":"<p>Am Dienstag den 16. August, w\u00e4hlten die Kameraden der Freiwilligen Feuerwehr Halberstadt ihren neuen stellvertretenden Orstwehrleiter. Mit 25 abgegeben Stimmen wurde Chris Buchold mit einer eindeutigen Mehrheit gew\u00e4hlt. Bei der durchgef\u00fchrten Wahl handelt es sich um eine Vorschlagswahl, welche noch durch den Landkreis best\u00e4tigt werden muss. Chris Buchold nahm in der Vergangenheit bereits die Funktion [&hellip;]<\/p>\n","protected":false},"author":2,"featured_media":12398,"comment_status":"closed","ping_status":"closed","sticky":false,"template":"","format":"standard","meta":{"_acf_changed":false,"footnotes":""},"categories":[9,31],"tags":[],"class_list":["post-12585","post","type-post","status-publish","format-standard","has-post-thumbnail","hentry","category-allgemein","category-information"],"acf":[],"yoast_head":"<!-- This site is optimized with the Yoast SEO plugin v27.5 - https:\/\/yoast.com\/product\/yoast-seo-wordpress\/ -->\n<title>Chris Buchold wird neuer stellvertretender Ortswehrleiter - Feuerwehr Halberstadt<\/title>\n<meta name=\"robots\" content=\"index, follow, max-snippet:-1, max-image-preview:large, max-video-preview:-1\" \/>\n<link rel=\"canonical\" href=\"https:\/\/www.feuerwehr-halberstadt.de\/?p=12585\" \/>\n<meta property=\"og:locale\" content=\"de_DE\" \/>\n<meta property=\"og:type\" content=\"article\" \/>\n<meta property=\"og:title\" content=\"Chris Buchold wird neuer stellvertretender Ortswehrleiter - Feuerwehr Halberstadt\" \/>\n<meta property=\"og:description\" content=\"Am Dienstag den 16. August, w\u00e4hlten die Kameraden der Freiwilligen Feuerwehr Halberstadt ihren neuen stellvertretenden Orstwehrleiter. Mit 25 abgegeben Stimmen wurde Chris Buchold mit einer eindeutigen Mehrheit gew\u00e4hlt. Bei der durchgef\u00fchrten Wahl handelt es sich um eine Vorschlagswahl, welche noch durch den Landkreis best\u00e4tigt werden muss. Chris Buchold nahm in der Vergangenheit bereits die Funktion [&hellip;]\" \/>\n<meta property=\"og:url\" content=\"https:\/\/www.feuerwehr-halberstadt.de\/?p=12585\" \/>\n<meta property=\"og:site_name\" content=\"Feuerwehr Halberstadt\" \/>\n<meta property=\"article:publisher\" content=\"https:\/\/www.facebook.com\/FeuerwehrHalberstadt\/\" \/>\n<meta property=\"article:published_time\" content=\"2022-08-17T11:05:30+00:00\" \/>\n<meta property=\"article:modified_time\" content=\"2022-08-17T11:23:08+00:00\" \/>\n<meta property=\"og:image\" content=\"https:\/\/www.feuerwehr-halberstadt.de\/wp-content\/uploads\/2022\/05\/9FB527F3-338A-46BE-AB7A-0E6DDE063D60.jpeg\" \/>\n\t<meta property=\"og:image:width\" content=\"1920\" \/>\n\t<meta property=\"og:image:height\" content=\"1196\" \/>\n\t<meta property=\"og:image:type\" content=\"image\/jpeg\" \/>\n<meta name=\"author\" content=\"Scholz\" \/>\n<meta name=\"twitter:card\" content=\"summary_large_image\" \/>\n<meta name=\"twitter:label1\" content=\"Verfasst von\" \/>\n\t<meta name=\"twitter:data1\" content=\"Scholz\" \/>\n\t<meta name=\"twitter:label2\" content=\"Gesch\u00e4tzte Lesezeit\" \/>\n\t<meta name=\"twitter:data2\" content=\"1\u00a0Minute\" \/>\n<script type=\"application\/ld+json\" class=\"yoast-schema-graph\">{\"@context\":\"https:\\\/\\\/schema.org\",\"@graph\":[{\"@type\":\"Article\",\"@id\":\"https:\\\/\\\/www.feuerwehr-halberstadt.de\\\/?p=12585#article\",\"isPartOf\":{\"@id\":\"https:\\\/\\\/www.feuerwehr-halberstadt.de\\\/?p=12585\"},\"author\":{\"name\":\"Scholz\",\"@id\":\"https:\\\/\\\/www.feuerwehr-halberstadt.de\\\/#\\\/schema\\\/person\\\/fada6c562eed318e2d025151019ed8e6\"},\"headline\":\"Chris Buchold wird neuer stellvertretender Ortswehrleiter\",\"datePublished\":\"2022-08-17T11:05:30+00:00\",\"dateModified\":\"2022-08-17T11:23:08+00:00\",\"mainEntityOfPage\":{\"@id\":\"https:\\\/\\\/www.feuerwehr-halberstadt.de\\\/?p=12585\"},\"wordCount\":89,\"publisher\":{\"@id\":\"https:\\\/\\\/www.feuerwehr-halberstadt.de\\\/#organization\"},\"image\":{\"@id\":\"https:\\\/\\\/www.feuerwehr-halberstadt.de\\\/?p=12585#primaryimage\"},\"thumbnailUrl\":\"https:\\\/\\\/www.feuerwehr-halberstadt.de\\\/wp-content\\\/uploads\\\/2022\\\/05\\\/9FB527F3-338A-46BE-AB7A-0E6DDE063D60.jpeg\",\"articleSection\":{\"1\":\"Information\"},\"inLanguage\":\"de\"},{\"@type\":\"WebPage\",\"@id\":\"https:\\\/\\\/www.feuerwehr-halberstadt.de\\\/?p=12585\",\"url\":\"https:\\\/\\\/www.feuerwehr-halberstadt.de\\\/?p=12585\",\"name\":\"Chris Buchold wird neuer stellvertretender Ortswehrleiter - Feuerwehr Halberstadt\",\"isPartOf\":{\"@id\":\"https:\\\/\\\/www.feuerwehr-halberstadt.de\\\/#website\"},\"primaryImageOfPage\":{\"@id\":\"https:\\\/\\\/www.feuerwehr-halberstadt.de\\\/?p=12585#primaryimage\"},\"image\":{\"@id\":\"https:\\\/\\\/www.feuerwehr-halberstadt.de\\\/?p=12585#primaryimage\"},\"thumbnailUrl\":\"https:\\\/\\\/www.feuerwehr-halberstadt.de\\\/wp-content\\\/uploads\\\/2022\\\/05\\\/9FB527F3-338A-46BE-AB7A-0E6DDE063D60.jpeg\",\"datePublished\":\"2022-08-17T11:05:30+00:00\",\"dateModified\":\"2022-08-17T11:23:08+00:00\",\"breadcrumb\":{\"@id\":\"https:\\\/\\\/www.feuerwehr-halberstadt.de\\\/?p=12585#breadcrumb\"},\"inLanguage\":\"de\",\"potentialAction\":[{\"@type\":\"ReadAction\",\"target\":[\"https:\\\/\\\/www.feuerwehr-halberstadt.de\\\/?p=12585\"]}]},{\"@type\":\"ImageObject\",\"inLanguage\":\"de\",\"@id\":\"https:\\\/\\\/www.feuerwehr-halberstadt.de\\\/?p=12585#primaryimage\",\"url\":\"https:\\\/\\\/www.feuerwehr-halberstadt.de\\\/wp-content\\\/uploads\\\/2022\\\/05\\\/9FB527F3-338A-46BE-AB7A-0E6DDE063D60.jpeg\",\"contentUrl\":\"https:\\\/\\\/www.feuerwehr-halberstadt.de\\\/wp-content\\\/uploads\\\/2022\\\/05\\\/9FB527F3-338A-46BE-AB7A-0E6DDE063D60.jpeg\",\"width\":1920,\"height\":1196},{\"@type\":\"BreadcrumbList\",\"@id\":\"https:\\\/\\\/www.feuerwehr-halberstadt.de\\\/?p=12585#breadcrumb\",\"itemListElement\":[{\"@type\":\"ListItem\",\"position\":1,\"name\":\"Startseite\",\"item\":\"https:\\\/\\\/www.feuerwehr-halberstadt.de\\\/\"},{\"@type\":\"ListItem\",\"position\":2,\"name\":\"Chris Buchold wird neuer stellvertretender Ortswehrleiter\"}]},{\"@type\":\"WebSite\",\"@id\":\"https:\\\/\\\/www.feuerwehr-halberstadt.de\\\/#website\",\"url\":\"https:\\\/\\\/www.feuerwehr-halberstadt.de\\\/\",\"name\":\"Feuerwehr Halberstadt\",\"description\":\"#imEinsatzf\u00fcrHalberstadt\",\"publisher\":{\"@id\":\"https:\\\/\\\/www.feuerwehr-halberstadt.de\\\/#organization\"},\"potentialAction\":[{\"@type\":\"SearchAction\",\"target\":{\"@type\":\"EntryPoint\",\"urlTemplate\":\"https:\\\/\\\/www.feuerwehr-halberstadt.de\\\/?s={search_term_string}\"},\"query-input\":{\"@type\":\"PropertyValueSpecification\",\"valueRequired\":true,\"valueName\":\"search_term_string\"}}],\"inLanguage\":\"de\"},{\"@type\":\"Organization\",\"@id\":\"https:\\\/\\\/www.feuerwehr-halberstadt.de\\\/#organization\",\"name\":\"Feuerwehr Halberstadt\",\"url\":\"https:\\\/\\\/www.feuerwehr-halberstadt.de\\\/\",\"logo\":{\"@type\":\"ImageObject\",\"inLanguage\":\"de\",\"@id\":\"https:\\\/\\\/www.feuerwehr-halberstadt.de\\\/#\\\/schema\\\/logo\\\/image\\\/\",\"url\":\"https:\\\/\\\/www.feuerwehr-halberstadt.de\\\/wp-content\\\/uploads\\\/2023\\\/10\\\/IMG_0126.png\",\"contentUrl\":\"https:\\\/\\\/www.feuerwehr-halberstadt.de\\\/wp-content\\\/uploads\\\/2023\\\/10\\\/IMG_0126.png\",\"width\":1500,\"height\":399,\"caption\":\"Feuerwehr Halberstadt\"},\"image\":{\"@id\":\"https:\\\/\\\/www.feuerwehr-halberstadt.de\\\/#\\\/schema\\\/logo\\\/image\\\/\"},\"sameAs\":[\"https:\\\/\\\/www.facebook.com\\\/FeuerwehrHalberstadt\\\/\"]},{\"@type\":\"Person\",\"@id\":\"https:\\\/\\\/www.feuerwehr-halberstadt.de\\\/#\\\/schema\\\/person\\\/fada6c562eed318e2d025151019ed8e6\",\"name\":\"Scholz\",\"image\":{\"@type\":\"ImageObject\",\"inLanguage\":\"de\",\"@id\":\"https:\\\/\\\/secure.gravatar.com\\\/avatar\\\/d38b2c724b449489dfc96f3cc3020bee35a8cdd11c6758d86fe3c4887c53b022?s=96&d=mm&r=g\",\"url\":\"https:\\\/\\\/secure.gravatar.com\\\/avatar\\\/d38b2c724b449489dfc96f3cc3020bee35a8cdd11c6758d86fe3c4887c53b022?s=96&d=mm&r=g\",\"contentUrl\":\"https:\\\/\\\/secure.gravatar.com\\\/avatar\\\/d38b2c724b449489dfc96f3cc3020bee35a8cdd11c6758d86fe3c4887c53b022?s=96&d=mm&r=g\",\"caption\":\"Scholz\"},\"url\":\"https:\\\/\\\/www.feuerwehr-halberstadt.de\\\/?author=2\"}]}<\/script>\n<!-- \/ Yoast SEO plugin. -->","yoast_head_json":{"title":"Chris Buchold wird neuer stellvertretender Ortswehrleiter - Feuerwehr Halberstadt","robots":{"index":"index","follow":"follow","max-snippet":"max-snippet:-1","max-image-preview":"max-image-preview:large","max-video-preview":"max-video-preview:-1"},"canonical":"https:\/\/www.feuerwehr-halberstadt.de\/?p=12585","og_locale":"de_DE","og_type":"article","og_title":"Chris Buchold wird neuer stellvertretender Ortswehrleiter - Feuerwehr Halberstadt","og_description":"Am Dienstag den 16. August, w\u00e4hlten die Kameraden der Freiwilligen Feuerwehr Halberstadt ihren neuen stellvertretenden Orstwehrleiter. Mit 25 abgegeben Stimmen wurde Chris Buchold mit einer eindeutigen Mehrheit gew\u00e4hlt. Bei der durchgef\u00fchrten Wahl handelt es sich um eine Vorschlagswahl, welche noch durch den Landkreis best\u00e4tigt werden muss. Chris Buchold nahm in der Vergangenheit bereits die Funktion [&hellip;]","og_url":"https:\/\/www.feuerwehr-halberstadt.de\/?p=12585","og_site_name":"Feuerwehr Halberstadt","article_publisher":"https:\/\/www.facebook.com\/FeuerwehrHalberstadt\/","article_published_time":"2022-08-17T11:05:30+00:00","article_modified_time":"2022-08-17T11:23:08+00:00","og_image":[{"width":1920,"height":1196,"url":"https:\/\/www.feuerwehr-halberstadt.de\/wp-content\/uploads\/2022\/05\/9FB527F3-338A-46BE-AB7A-0E6DDE063D60.jpeg","type":"image\/jpeg"}],"author":"Scholz","twitter_card":"summary_large_image","twitter_misc":{"Verfasst von":"Scholz","Gesch\u00e4tzte Lesezeit":"1\u00a0Minute"},"schema":{"@context":"https:\/\/schema.org","@graph":[{"@type":"Article","@id":"https:\/\/www.feuerwehr-halberstadt.de\/?p=12585#article","isPartOf":{"@id":"https:\/\/www.feuerwehr-halberstadt.de\/?p=12585"},"author":{"name":"Scholz","@id":"https:\/\/www.feuerwehr-halberstadt.de\/#\/schema\/person\/fada6c562eed318e2d025151019ed8e6"},"headline":"Chris Buchold wird neuer stellvertretender Ortswehrleiter","datePublished":"2022-08-17T11:05:30+00:00","dateModified":"2022-08-17T11:23:08+00:00","mainEntityOfPage":{"@id":"https:\/\/www.feuerwehr-halberstadt.de\/?p=12585"},"wordCount":89,"publisher":{"@id":"https:\/\/www.feuerwehr-halberstadt.de\/#organization"},"image":{"@id":"https:\/\/www.feuerwehr-halberstadt.de\/?p=12585#primaryimage"},"thumbnailUrl":"https:\/\/www.feuerwehr-halberstadt.de\/wp-content\/uploads\/2022\/05\/9FB527F3-338A-46BE-AB7A-0E6DDE063D60.jpeg","articleSection":{"1":"Information"},"inLanguage":"de"},{"@type":"WebPage","@id":"https:\/\/www.feuerwehr-halberstadt.de\/?p=12585","url":"https:\/\/www.feuerwehr-halberstadt.de\/?p=12585","name":"Chris Buchold wird neuer stellvertretender Ortswehrleiter - Feuerwehr Halberstadt","isPartOf":{"@id":"https:\/\/www.feuerwehr-halberstadt.de\/#website"},"primaryImageOfPage":{"@id":"https:\/\/www.feuerwehr-halberstadt.de\/?p=12585#primaryimage"},"image":{"@id":"https:\/\/www.feuerwehr-halberstadt.de\/?p=12585#primaryimage"},"thumbnailUrl":"https:\/\/www.feuerwehr-halberstadt.de\/wp-content\/uploads\/2022\/05\/9FB527F3-338A-46BE-AB7A-0E6DDE063D60.jpeg","datePublished":"2022-08-17T11:05:30+00:00","dateModified":"2022-08-17T11:23:08+00:00","breadcrumb":{"@id":"https:\/\/www.feuerwehr-halberstadt.de\/?p=12585#breadcrumb"},"inLanguage":"de","potentialAction":[{"@type":"ReadAction","target":["https:\/\/www.feuerwehr-halberstadt.de\/?p=12585"]}]},{"@type":"ImageObject","inLanguage":"de","@id":"https:\/\/www.feuerwehr-halberstadt.de\/?p=12585#primaryimage","url":"https:\/\/www.feuerwehr-halberstadt.de\/wp-content\/uploads\/2022\/05\/9FB527F3-338A-46BE-AB7A-0E6DDE063D60.jpeg","contentUrl":"https:\/\/www.feuerwehr-halberstadt.de\/wp-content\/uploads\/2022\/05\/9FB527F3-338A-46BE-AB7A-0E6DDE063D60.jpeg","width":1920,"height":1196},{"@type":"BreadcrumbList","@id":"https:\/\/www.feuerwehr-halberstadt.de\/?p=12585#breadcrumb","itemListElement":[{"@type":"ListItem","position":1,"name":"Startseite","item":"https:\/\/www.feuerwehr-halberstadt.de\/"},{"@type":"ListItem","position":2,"name":"Chris Buchold wird neuer stellvertretender Ortswehrleiter"}]},{"@type":"WebSite","@id":"https:\/\/www.feuerwehr-halberstadt.de\/#website","url":"https:\/\/www.feuerwehr-halberstadt.de\/","name":"Feuerwehr Halberstadt","description":"#imEinsatzf\u00fcrHalberstadt","publisher":{"@id":"https:\/\/www.feuerwehr-halberstadt.de\/#organization"},"potentialAction":[{"@type":"SearchAction","target":{"@type":"EntryPoint","urlTemplate":"https:\/\/www.feuerwehr-halberstadt.de\/?s={search_term_string}"},"query-input":{"@type":"PropertyValueSpecification","valueRequired":true,"valueName":"search_term_string"}}],"inLanguage":"de"},{"@type":"Organization","@id":"https:\/\/www.feuerwehr-halberstadt.de\/#organization","name":"Feuerwehr Halberstadt","url":"https:\/\/www.feuerwehr-halberstadt.de\/","logo":{"@type":"ImageObject","inLanguage":"de","@id":"https:\/\/www.feuerwehr-halberstadt.de\/#\/schema\/logo\/image\/","url":"https:\/\/www.feuerwehr-halberstadt.de\/wp-content\/uploads\/2023\/10\/IMG_0126.png","contentUrl":"https:\/\/www.feuerwehr-halberstadt.de\/wp-content\/uploads\/2023\/10\/IMG_0126.png","width":1500,"height":399,"caption":"Feuerwehr Halberstadt"},"image":{"@id":"https:\/\/www.feuerwehr-halberstadt.de\/#\/schema\/logo\/image\/"},"sameAs":["https:\/\/www.facebook.com\/FeuerwehrHalberstadt\/"]},{"@type":"Person","@id":"https:\/\/www.feuerwehr-halberstadt.de\/#\/schema\/person\/fada6c562eed318e2d025151019ed8e6","name":"Scholz","image":{"@type":"ImageObject","inLanguage":"de","@id":"https:\/\/secure.gravatar.com\/avatar\/d38b2c724b449489dfc96f3cc3020bee35a8cdd11c6758d86fe3c4887c53b022?s=96&d=mm&r=g","url":"https:\/\/secure.gravatar.com\/avatar\/d38b2c724b449489dfc96f3cc3020bee35a8cdd11c6758d86fe3c4887c53b022?s=96&d=mm&r=g","contentUrl":"https:\/\/secure.gravatar.com\/avatar\/d38b2c724b449489dfc96f3cc3020bee35a8cdd11c6758d86fe3c4887c53b022?s=96&d=mm&r=g","caption":"Scholz"},"url":"https:\/\/www.feuerwehr-halberstadt.de\/?author=2"}]}},"_links":{"self":[{"href":"https:\/\/www.feuerwehr-halberstadt.de\/index.php?rest_route=\/wp\/v2\/posts\/12585","targetHints":{"allow":["GET"]}}],"collection":[{"href":"https:\/\/www.feuerwehr-halberstadt.de\/index.php?rest_route=\/wp\/v2\/posts"}],"about":[{"href":"https:\/\/www.feuerwehr-halberstadt.de\/index.php?rest_route=\/wp\/v2\/types\/post"}],"author":[{"embeddable":true,"href":"https:\/\/www.feuerwehr-halberstadt.de\/index.php?rest_route=\/wp\/v2\/users\/2"}],"replies":[{"embeddable":true,"href":"https:\/\/www.feuerwehr-halberstadt.de\/index.php?rest_route=%2Fwp%2Fv2%2Fcomments&post=12585"}],"version-history":[{"count":1,"href":"https:\/\/www.feuerwehr-halberstadt.de\/index.php?rest_route=\/wp\/v2\/posts\/12585\/revisions"}],"predecessor-version":[{"id":12586,"href":"https:\/\/www.feuerwehr-halberstadt.de\/index.php?rest_route=\/wp\/v2\/posts\/12585\/revisions\/12586"}],"wp:featuredmedia":[{"embeddable":true,"href":"https:\/\/www.feuerwehr-halberstadt.de\/index.php?rest_route=\/wp\/v2\/media\/12398"}],"wp:attachment":[{"href":"https:\/\/www.feuerwehr-halberstadt.de\/index.php?rest_route=%2Fwp%2Fv2%2Fmedia&parent=12585"}],"wp:term":[{"taxonomy":"category","embeddable":true,"href":"https:\/\/www.feuerwehr-halberstadt.de\/index.php?rest_route=%2Fwp%2Fv2%2Fcategories&post=12585"},{"taxonomy":"post_tag","embeddable":true,"href":"https:\/\/www.feuerwehr-halberstadt.de\/index.php?rest_route=%2Fwp%2Fv2%2Ftags&post=12585"}],"curies":[{"name":"wp","href":"https:\/\/api.w.org\/{rel}","templated":true}]}}