{"id":12378,"date":"2022-05-21T11:18:01","date_gmt":"2022-05-21T09:18:01","guid":{"rendered":"https:\/\/www.feuerwehr-halberstadt.de\/?p=12378"},"modified":"2022-05-21T11:18:02","modified_gmt":"2022-05-21T09:18:02","slug":"ortswehrleiter-neu-gewaehlt-jahreshauptversammlung-der-ortsfeuerwehr-sargstedt","status":"publish","type":"post","link":"https:\/\/www.feuerwehr-halberstadt.de\/?p=12378","title":{"rendered":"Ortswehrleiter neu gew\u00e4hlt &#8211; Jahreshauptversammlung der Ortsfeuerwehr Sargstedt"},"content":{"rendered":"\n<p>Am gestrigen Abend wurde in der Ortsfeuerwehr Sargstedt die j\u00e4hrliche Jahreshauptversammlung im Ger\u00e4tehaus durchgef\u00fchrt. Der stv. Ortswehrleiter Marcus Wegener er\u00f6ffnete die Sitzung mit der Begr\u00fc\u00dfung aller anwesenden G\u00e4ste, bevor er das Wort an Michael Festerling, stv. Abteilungsleiter, \u00fcbergab. Zu Beginn der Versammlung wurde die Vorschlagswahl des Ortswehrleiters durchgef\u00fchrt, zu der sich ein Kandidat beworben hatte. Jonas Pannier wurde mit der erforderlichen Mehrheit gew\u00e4hlt und tritt somit ab Juli in die Fu\u00dfstapfen von Thorsten Bache, welcher nicht nochmal zur Wahl antrat. Marcus Wegener bedankte sich ausdr\u00fccklich bei Thorsten Bache f\u00fcr die geleistete Arbeit und die gute F\u00fchrung in den vergangenen Jahren. &#8222;Jonas w\u00fcnsche ich viel Erfolg und immer gute Entscheidungen zum Wohle unserer Ortsfeuerwehr&#8220; erg\u00e4nzte Wegener.<br><br>Die Ortsfeuerwehr Sargstedt z\u00e4hlte im Jahr 2021 insgesamt 15 Aktive Kameraden, die durch 5 Gastkameraden unterst\u00fctzt werden. Wie in allen Ortsfeuerwehren durften im letzten Jahr auch in Sargstedt keine oder nur beschr\u00e4nkt \u00dcbungs- und Ausbildungsabende durchgef\u00fchrt werden. Allerdings konnten trotzdem 25 Dienstabende und 9 Lehrg\u00e4nge absolviert werden. Dazu z\u00e4hlen der Truppmann-, Funk-, Kettens\u00e4gen- und Truppf\u00fchrer-Lehrgang.<br><br>Zu den Highlights z\u00e4hlten das Martinsfeuer und das Erntedankfest, bei dem die Ortsfeuerwehr einen entscheidenen Beitrag zum Erfolg beigetragen hat. &#8222;Die Resonanz und das Feedback der Bev\u00f6lkerung waren enorm&#8220;<br><br>Vivien Michelsen blickte auf das Ausbildungsjahr der Kinder- und Jugendfeuerwehr zur\u00fcck, die im vergangenen Jahr 48 Ausbildungsstunden ableisteten. Ein besonderer Dank gilt dabei allen Helfern, die die Jugendwarte mit ihrer Hilfe unterst\u00fctzt haben.<br><br>Stadtwehrleiter Martin Schulz gab einen Ausblick auf zuk\u00fcnftige Vorhaben und Neuerungen. Der Ausbildungsstand aller Ortsfeuerwehren soll auf ein m\u00f6glichst gleiches Niveau kommen, wozu gemeinsame Ausbildungen und Dienstabende, aber auch eine &#8222;stadtweite&#8220; Atemschutzger\u00e4tetr\u00e4ger-Ausbildung dienen sollen. <br><br><strong>Ehrungen \/ Bef\u00f6rderungen:<\/strong><br>Olaf Koch, Feuerwehrmann<br>Katja K\u00f6sling, Feuerwehrfrau<br>Jonas Pannier, Oberfeuerwehrmann<br>Axel Sch\u00fcler, 10 Jahre<br>Jessica Bache, 10 Jahre<br>Vivien Michelsen, 10 Jahre<br>Armin Bache, 30 Jahre<br>Heiko Zimmermann, 40 Jahre<br>Karl Friedrich Saft, 60 Jahre<\/p>\n\n\n\n<figure class=\"wp-block-gallery columns-3 is-cropped wp-block-gallery-1 is-layout-flex wp-block-gallery-is-layout-flex\"><ul class=\"blocks-gallery-grid\"><li class=\"blocks-gallery-item\"><figure><img loading=\"lazy\" decoding=\"async\" width=\"1024\" height=\"683\" src=\"https:\/\/www.feuerwehr-halberstadt.de\/wp-content\/uploads\/2022\/05\/A4324CCD-AA97-47D7-9475-A55ADE4A1FFE-1024x683.jpeg\" alt=\"\" data-id=\"12390\" data-full-url=\"https:\/\/www.feuerwehr-halberstadt.de\/wp-content\/uploads\/2022\/05\/A4324CCD-AA97-47D7-9475-A55ADE4A1FFE.jpeg\" data-link=\"https:\/\/www.feuerwehr-halberstadt.de\/?attachment_id=12390\" class=\"wp-image-12390\" srcset=\"https:\/\/www.feuerwehr-halberstadt.de\/wp-content\/uploads\/2022\/05\/A4324CCD-AA97-47D7-9475-A55ADE4A1FFE-1024x683.jpeg 1024w, https:\/\/www.feuerwehr-halberstadt.de\/wp-content\/uploads\/2022\/05\/A4324CCD-AA97-47D7-9475-A55ADE4A1FFE-300x200.jpeg 300w, https:\/\/www.feuerwehr-halberstadt.de\/wp-content\/uploads\/2022\/05\/A4324CCD-AA97-47D7-9475-A55ADE4A1FFE-768x512.jpeg 768w, https:\/\/www.feuerwehr-halberstadt.de\/wp-content\/uploads\/2022\/05\/A4324CCD-AA97-47D7-9475-A55ADE4A1FFE-1536x1024.jpeg 1536w, https:\/\/www.feuerwehr-halberstadt.de\/wp-content\/uploads\/2022\/05\/A4324CCD-AA97-47D7-9475-A55ADE4A1FFE.jpeg 1920w\" sizes=\"auto, (max-width: 1024px) 100vw, 1024px\" \/><\/figure><\/li><li class=\"blocks-gallery-item\"><figure><img loading=\"lazy\" decoding=\"async\" width=\"1024\" height=\"683\" src=\"https:\/\/www.feuerwehr-halberstadt.de\/wp-content\/uploads\/2022\/05\/454768FE-D3AB-49A8-BB70-DF39DEACC699-1024x683.jpeg\" alt=\"\" data-id=\"12389\" data-full-url=\"https:\/\/www.feuerwehr-halberstadt.de\/wp-content\/uploads\/2022\/05\/454768FE-D3AB-49A8-BB70-DF39DEACC699.jpeg\" data-link=\"https:\/\/www.feuerwehr-halberstadt.de\/?attachment_id=12389\" class=\"wp-image-12389\" srcset=\"https:\/\/www.feuerwehr-halberstadt.de\/wp-content\/uploads\/2022\/05\/454768FE-D3AB-49A8-BB70-DF39DEACC699-1024x683.jpeg 1024w, https:\/\/www.feuerwehr-halberstadt.de\/wp-content\/uploads\/2022\/05\/454768FE-D3AB-49A8-BB70-DF39DEACC699-300x200.jpeg 300w, https:\/\/www.feuerwehr-halberstadt.de\/wp-content\/uploads\/2022\/05\/454768FE-D3AB-49A8-BB70-DF39DEACC699-768x512.jpeg 768w, https:\/\/www.feuerwehr-halberstadt.de\/wp-content\/uploads\/2022\/05\/454768FE-D3AB-49A8-BB70-DF39DEACC699-1536x1024.jpeg 1536w, https:\/\/www.feuerwehr-halberstadt.de\/wp-content\/uploads\/2022\/05\/454768FE-D3AB-49A8-BB70-DF39DEACC699.jpeg 1920w\" sizes=\"auto, (max-width: 1024px) 100vw, 1024px\" \/><\/figure><\/li><li class=\"blocks-gallery-item\"><figure><img loading=\"lazy\" decoding=\"async\" width=\"1024\" height=\"683\" src=\"https:\/\/www.feuerwehr-halberstadt.de\/wp-content\/uploads\/2022\/05\/A246FBC6-8B11-48B3-838B-9A7BC8A0DCE9-1024x683.jpeg\" alt=\"\" data-id=\"12388\" data-full-url=\"https:\/\/www.feuerwehr-halberstadt.de\/wp-content\/uploads\/2022\/05\/A246FBC6-8B11-48B3-838B-9A7BC8A0DCE9.jpeg\" data-link=\"https:\/\/www.feuerwehr-halberstadt.de\/?attachment_id=12388\" class=\"wp-image-12388\" srcset=\"https:\/\/www.feuerwehr-halberstadt.de\/wp-content\/uploads\/2022\/05\/A246FBC6-8B11-48B3-838B-9A7BC8A0DCE9-1024x683.jpeg 1024w, https:\/\/www.feuerwehr-halberstadt.de\/wp-content\/uploads\/2022\/05\/A246FBC6-8B11-48B3-838B-9A7BC8A0DCE9-300x200.jpeg 300w, https:\/\/www.feuerwehr-halberstadt.de\/wp-content\/uploads\/2022\/05\/A246FBC6-8B11-48B3-838B-9A7BC8A0DCE9-768x512.jpeg 768w, https:\/\/www.feuerwehr-halberstadt.de\/wp-content\/uploads\/2022\/05\/A246FBC6-8B11-48B3-838B-9A7BC8A0DCE9-1536x1024.jpeg 1536w, https:\/\/www.feuerwehr-halberstadt.de\/wp-content\/uploads\/2022\/05\/A246FBC6-8B11-48B3-838B-9A7BC8A0DCE9.jpeg 1920w\" sizes=\"auto, (max-width: 1024px) 100vw, 1024px\" \/><\/figure><\/li><li class=\"blocks-gallery-item\"><figure><img loading=\"lazy\" decoding=\"async\" width=\"1024\" height=\"683\" src=\"https:\/\/www.feuerwehr-halberstadt.de\/wp-content\/uploads\/2022\/05\/FDB020E8-A9CA-4FE2-9FBE-C415BFAA7467-1024x683.jpeg\" alt=\"\" data-id=\"12387\" data-full-url=\"https:\/\/www.feuerwehr-halberstadt.de\/wp-content\/uploads\/2022\/05\/FDB020E8-A9CA-4FE2-9FBE-C415BFAA7467.jpeg\" data-link=\"https:\/\/www.feuerwehr-halberstadt.de\/?attachment_id=12387\" class=\"wp-image-12387\" srcset=\"https:\/\/www.feuerwehr-halberstadt.de\/wp-content\/uploads\/2022\/05\/FDB020E8-A9CA-4FE2-9FBE-C415BFAA7467-1024x683.jpeg 1024w, https:\/\/www.feuerwehr-halberstadt.de\/wp-content\/uploads\/2022\/05\/FDB020E8-A9CA-4FE2-9FBE-C415BFAA7467-300x200.jpeg 300w, https:\/\/www.feuerwehr-halberstadt.de\/wp-content\/uploads\/2022\/05\/FDB020E8-A9CA-4FE2-9FBE-C415BFAA7467-768x512.jpeg 768w, https:\/\/www.feuerwehr-halberstadt.de\/wp-content\/uploads\/2022\/05\/FDB020E8-A9CA-4FE2-9FBE-C415BFAA7467-1536x1024.jpeg 1536w, https:\/\/www.feuerwehr-halberstadt.de\/wp-content\/uploads\/2022\/05\/FDB020E8-A9CA-4FE2-9FBE-C415BFAA7467.jpeg 1920w\" sizes=\"auto, (max-width: 1024px) 100vw, 1024px\" \/><\/figure><\/li><li class=\"blocks-gallery-item\"><figure><img loading=\"lazy\" decoding=\"async\" width=\"1024\" height=\"683\" src=\"https:\/\/www.feuerwehr-halberstadt.de\/wp-content\/uploads\/2022\/05\/1944BCC5-E44E-4EEB-B329-6BBE003087EA-1024x683.jpeg\" alt=\"\" data-id=\"12386\" data-full-url=\"https:\/\/www.feuerwehr-halberstadt.de\/wp-content\/uploads\/2022\/05\/1944BCC5-E44E-4EEB-B329-6BBE003087EA.jpeg\" data-link=\"https:\/\/www.feuerwehr-halberstadt.de\/?attachment_id=12386\" class=\"wp-image-12386\" srcset=\"https:\/\/www.feuerwehr-halberstadt.de\/wp-content\/uploads\/2022\/05\/1944BCC5-E44E-4EEB-B329-6BBE003087EA-1024x683.jpeg 1024w, https:\/\/www.feuerwehr-halberstadt.de\/wp-content\/uploads\/2022\/05\/1944BCC5-E44E-4EEB-B329-6BBE003087EA-300x200.jpeg 300w, https:\/\/www.feuerwehr-halberstadt.de\/wp-content\/uploads\/2022\/05\/1944BCC5-E44E-4EEB-B329-6BBE003087EA-768x512.jpeg 768w, https:\/\/www.feuerwehr-halberstadt.de\/wp-content\/uploads\/2022\/05\/1944BCC5-E44E-4EEB-B329-6BBE003087EA-1536x1024.jpeg 1536w, https:\/\/www.feuerwehr-halberstadt.de\/wp-content\/uploads\/2022\/05\/1944BCC5-E44E-4EEB-B329-6BBE003087EA.jpeg 1920w\" sizes=\"auto, (max-width: 1024px) 100vw, 1024px\" \/><\/figure><\/li><\/ul><\/figure>\n","protected":false},"excerpt":{"rendered":"<p>Am gestrigen Abend wurde in der Ortsfeuerwehr Sargstedt die j\u00e4hrliche Jahreshauptversammlung im Ger\u00e4tehaus durchgef\u00fchrt. Der stv. Ortswehrleiter Marcus Wegener er\u00f6ffnete die Sitzung mit der Begr\u00fc\u00dfung aller anwesenden G\u00e4ste, bevor er das Wort an Michael Festerling, stv. Abteilungsleiter, \u00fcbergab. Zu Beginn der Versammlung wurde die Vorschlagswahl des Ortswehrleiters durchgef\u00fchrt, zu der sich ein Kandidat beworben hatte. [&hellip;]<\/p>\n","protected":false},"author":3,"featured_media":12385,"comment_status":"closed","ping_status":"closed","sticky":false,"template":"","format":"standard","meta":{"_acf_changed":false,"footnotes":""},"categories":[9],"tags":[],"class_list":["post-12378","post","type-post","status-publish","format-standard","has-post-thumbnail","hentry","category-allgemein"],"acf":[],"yoast_head":"<!-- This site is optimized with the Yoast SEO plugin v27.5 - https:\/\/yoast.com\/product\/yoast-seo-wordpress\/ -->\n<title>Ortswehrleiter neu gew\u00e4hlt - Jahreshauptversammlung der Ortsfeuerwehr Sargstedt - Feuerwehr Halberstadt<\/title>\n<meta name=\"robots\" content=\"index, follow, max-snippet:-1, max-image-preview:large, max-video-preview:-1\" \/>\n<link rel=\"canonical\" href=\"https:\/\/www.feuerwehr-halberstadt.de\/?p=12378\" \/>\n<meta property=\"og:locale\" content=\"de_DE\" \/>\n<meta property=\"og:type\" content=\"article\" \/>\n<meta property=\"og:title\" content=\"Ortswehrleiter neu gew\u00e4hlt - Jahreshauptversammlung der Ortsfeuerwehr Sargstedt - Feuerwehr Halberstadt\" \/>\n<meta property=\"og:description\" content=\"Am gestrigen Abend wurde in der Ortsfeuerwehr Sargstedt die j\u00e4hrliche Jahreshauptversammlung im Ger\u00e4tehaus durchgef\u00fchrt. Der stv. Ortswehrleiter Marcus Wegener er\u00f6ffnete die Sitzung mit der Begr\u00fc\u00dfung aller anwesenden G\u00e4ste, bevor er das Wort an Michael Festerling, stv. Abteilungsleiter, \u00fcbergab. Zu Beginn der Versammlung wurde die Vorschlagswahl des Ortswehrleiters durchgef\u00fchrt, zu der sich ein Kandidat beworben hatte. [&hellip;]\" \/>\n<meta property=\"og:url\" content=\"https:\/\/www.feuerwehr-halberstadt.de\/?p=12378\" \/>\n<meta property=\"og:site_name\" content=\"Feuerwehr Halberstadt\" \/>\n<meta property=\"article:publisher\" content=\"https:\/\/www.facebook.com\/FeuerwehrHalberstadt\/\" \/>\n<meta property=\"article:published_time\" content=\"2022-05-21T09:18:01+00:00\" \/>\n<meta property=\"article:modified_time\" content=\"2022-05-21T09:18:02+00:00\" \/>\n<meta property=\"og:image\" content=\"https:\/\/www.feuerwehr-halberstadt.de\/wp-content\/uploads\/2022\/05\/5EF17C32-1B87-482E-8ABE-EB216264DC9B.jpeg\" \/>\n\t<meta property=\"og:image:width\" content=\"1920\" \/>\n\t<meta property=\"og:image:height\" content=\"1280\" \/>\n\t<meta property=\"og:image:type\" content=\"image\/jpeg\" \/>\n<meta name=\"author\" content=\"Buchold, Chris\" \/>\n<meta name=\"twitter:card\" content=\"summary_large_image\" \/>\n<meta name=\"twitter:label1\" content=\"Verfasst von\" \/>\n\t<meta name=\"twitter:data1\" content=\"Buchold, Chris\" \/>\n\t<meta name=\"twitter:label2\" content=\"Gesch\u00e4tzte Lesezeit\" \/>\n\t<meta name=\"twitter:data2\" content=\"3\u00a0Minuten\" \/>\n<script type=\"application\/ld+json\" class=\"yoast-schema-graph\">{\"@context\":\"https:\\\/\\\/schema.org\",\"@graph\":[{\"@type\":\"Article\",\"@id\":\"https:\\\/\\\/www.feuerwehr-halberstadt.de\\\/?p=12378#article\",\"isPartOf\":{\"@id\":\"https:\\\/\\\/www.feuerwehr-halberstadt.de\\\/?p=12378\"},\"author\":{\"name\":\"Buchold, Chris\",\"@id\":\"https:\\\/\\\/www.feuerwehr-halberstadt.de\\\/#\\\/schema\\\/person\\\/55ce5d9b46008e58cd3d55d4116ec727\"},\"headline\":\"Ortswehrleiter neu gew\u00e4hlt &#8211; Jahreshauptversammlung der Ortsfeuerwehr Sargstedt\",\"datePublished\":\"2022-05-21T09:18:01+00:00\",\"dateModified\":\"2022-05-21T09:18:02+00:00\",\"mainEntityOfPage\":{\"@id\":\"https:\\\/\\\/www.feuerwehr-halberstadt.de\\\/?p=12378\"},\"wordCount\":324,\"publisher\":{\"@id\":\"https:\\\/\\\/www.feuerwehr-halberstadt.de\\\/#organization\"},\"image\":{\"@id\":\"https:\\\/\\\/www.feuerwehr-halberstadt.de\\\/?p=12378#primaryimage\"},\"thumbnailUrl\":\"https:\\\/\\\/www.feuerwehr-halberstadt.de\\\/wp-content\\\/uploads\\\/2022\\\/05\\\/5EF17C32-1B87-482E-8ABE-EB216264DC9B.jpeg\",\"inLanguage\":\"de\"},{\"@type\":\"WebPage\",\"@id\":\"https:\\\/\\\/www.feuerwehr-halberstadt.de\\\/?p=12378\",\"url\":\"https:\\\/\\\/www.feuerwehr-halberstadt.de\\\/?p=12378\",\"name\":\"Ortswehrleiter neu gew\u00e4hlt - Jahreshauptversammlung der Ortsfeuerwehr Sargstedt - Feuerwehr Halberstadt\",\"isPartOf\":{\"@id\":\"https:\\\/\\\/www.feuerwehr-halberstadt.de\\\/#website\"},\"primaryImageOfPage\":{\"@id\":\"https:\\\/\\\/www.feuerwehr-halberstadt.de\\\/?p=12378#primaryimage\"},\"image\":{\"@id\":\"https:\\\/\\\/www.feuerwehr-halberstadt.de\\\/?p=12378#primaryimage\"},\"thumbnailUrl\":\"https:\\\/\\\/www.feuerwehr-halberstadt.de\\\/wp-content\\\/uploads\\\/2022\\\/05\\\/5EF17C32-1B87-482E-8ABE-EB216264DC9B.jpeg\",\"datePublished\":\"2022-05-21T09:18:01+00:00\",\"dateModified\":\"2022-05-21T09:18:02+00:00\",\"breadcrumb\":{\"@id\":\"https:\\\/\\\/www.feuerwehr-halberstadt.de\\\/?p=12378#breadcrumb\"},\"inLanguage\":\"de\",\"potentialAction\":[{\"@type\":\"ReadAction\",\"target\":[\"https:\\\/\\\/www.feuerwehr-halberstadt.de\\\/?p=12378\"]}]},{\"@type\":\"ImageObject\",\"inLanguage\":\"de\",\"@id\":\"https:\\\/\\\/www.feuerwehr-halberstadt.de\\\/?p=12378#primaryimage\",\"url\":\"https:\\\/\\\/www.feuerwehr-halberstadt.de\\\/wp-content\\\/uploads\\\/2022\\\/05\\\/5EF17C32-1B87-482E-8ABE-EB216264DC9B.jpeg\",\"contentUrl\":\"https:\\\/\\\/www.feuerwehr-halberstadt.de\\\/wp-content\\\/uploads\\\/2022\\\/05\\\/5EF17C32-1B87-482E-8ABE-EB216264DC9B.jpeg\",\"width\":1920,\"height\":1280},{\"@type\":\"BreadcrumbList\",\"@id\":\"https:\\\/\\\/www.feuerwehr-halberstadt.de\\\/?p=12378#breadcrumb\",\"itemListElement\":[{\"@type\":\"ListItem\",\"position\":1,\"name\":\"Startseite\",\"item\":\"https:\\\/\\\/www.feuerwehr-halberstadt.de\\\/\"},{\"@type\":\"ListItem\",\"position\":2,\"name\":\"Ortswehrleiter neu gew\u00e4hlt &#8211; Jahreshauptversammlung der Ortsfeuerwehr Sargstedt\"}]},{\"@type\":\"WebSite\",\"@id\":\"https:\\\/\\\/www.feuerwehr-halberstadt.de\\\/#website\",\"url\":\"https:\\\/\\\/www.feuerwehr-halberstadt.de\\\/\",\"name\":\"Feuerwehr Halberstadt\",\"description\":\"#imEinsatzf\u00fcrHalberstadt\",\"publisher\":{\"@id\":\"https:\\\/\\\/www.feuerwehr-halberstadt.de\\\/#organization\"},\"potentialAction\":[{\"@type\":\"SearchAction\",\"target\":{\"@type\":\"EntryPoint\",\"urlTemplate\":\"https:\\\/\\\/www.feuerwehr-halberstadt.de\\\/?s={search_term_string}\"},\"query-input\":{\"@type\":\"PropertyValueSpecification\",\"valueRequired\":true,\"valueName\":\"search_term_string\"}}],\"inLanguage\":\"de\"},{\"@type\":\"Organization\",\"@id\":\"https:\\\/\\\/www.feuerwehr-halberstadt.de\\\/#organization\",\"name\":\"Feuerwehr Halberstadt\",\"url\":\"https:\\\/\\\/www.feuerwehr-halberstadt.de\\\/\",\"logo\":{\"@type\":\"ImageObject\",\"inLanguage\":\"de\",\"@id\":\"https:\\\/\\\/www.feuerwehr-halberstadt.de\\\/#\\\/schema\\\/logo\\\/image\\\/\",\"url\":\"https:\\\/\\\/www.feuerwehr-halberstadt.de\\\/wp-content\\\/uploads\\\/2023\\\/10\\\/IMG_0126.png\",\"contentUrl\":\"https:\\\/\\\/www.feuerwehr-halberstadt.de\\\/wp-content\\\/uploads\\\/2023\\\/10\\\/IMG_0126.png\",\"width\":1500,\"height\":399,\"caption\":\"Feuerwehr Halberstadt\"},\"image\":{\"@id\":\"https:\\\/\\\/www.feuerwehr-halberstadt.de\\\/#\\\/schema\\\/logo\\\/image\\\/\"},\"sameAs\":[\"https:\\\/\\\/www.facebook.com\\\/FeuerwehrHalberstadt\\\/\"]},{\"@type\":\"Person\",\"@id\":\"https:\\\/\\\/www.feuerwehr-halberstadt.de\\\/#\\\/schema\\\/person\\\/55ce5d9b46008e58cd3d55d4116ec727\",\"name\":\"Buchold, Chris\",\"image\":{\"@type\":\"ImageObject\",\"inLanguage\":\"de\",\"@id\":\"https:\\\/\\\/secure.gravatar.com\\\/avatar\\\/bff08a084f0390bf8a93fc28c488452766ba521109cec244ac64210fdd500a49?s=96&d=mm&r=g\",\"url\":\"https:\\\/\\\/secure.gravatar.com\\\/avatar\\\/bff08a084f0390bf8a93fc28c488452766ba521109cec244ac64210fdd500a49?s=96&d=mm&r=g\",\"contentUrl\":\"https:\\\/\\\/secure.gravatar.com\\\/avatar\\\/bff08a084f0390bf8a93fc28c488452766ba521109cec244ac64210fdd500a49?s=96&d=mm&r=g\",\"caption\":\"Buchold, Chris\"},\"url\":\"https:\\\/\\\/www.feuerwehr-halberstadt.de\\\/?author=3\"}]}<\/script>\n<!-- \/ Yoast SEO plugin. -->","yoast_head_json":{"title":"Ortswehrleiter neu gew\u00e4hlt - Jahreshauptversammlung der Ortsfeuerwehr Sargstedt - Feuerwehr Halberstadt","robots":{"index":"index","follow":"follow","max-snippet":"max-snippet:-1","max-image-preview":"max-image-preview:large","max-video-preview":"max-video-preview:-1"},"canonical":"https:\/\/www.feuerwehr-halberstadt.de\/?p=12378","og_locale":"de_DE","og_type":"article","og_title":"Ortswehrleiter neu gew\u00e4hlt - Jahreshauptversammlung der Ortsfeuerwehr Sargstedt - Feuerwehr Halberstadt","og_description":"Am gestrigen Abend wurde in der Ortsfeuerwehr Sargstedt die j\u00e4hrliche Jahreshauptversammlung im Ger\u00e4tehaus durchgef\u00fchrt. Der stv. Ortswehrleiter Marcus Wegener er\u00f6ffnete die Sitzung mit der Begr\u00fc\u00dfung aller anwesenden G\u00e4ste, bevor er das Wort an Michael Festerling, stv. Abteilungsleiter, \u00fcbergab. Zu Beginn der Versammlung wurde die Vorschlagswahl des Ortswehrleiters durchgef\u00fchrt, zu der sich ein Kandidat beworben hatte. [&hellip;]","og_url":"https:\/\/www.feuerwehr-halberstadt.de\/?p=12378","og_site_name":"Feuerwehr Halberstadt","article_publisher":"https:\/\/www.facebook.com\/FeuerwehrHalberstadt\/","article_published_time":"2022-05-21T09:18:01+00:00","article_modified_time":"2022-05-21T09:18:02+00:00","og_image":[{"width":1920,"height":1280,"url":"https:\/\/www.feuerwehr-halberstadt.de\/wp-content\/uploads\/2022\/05\/5EF17C32-1B87-482E-8ABE-EB216264DC9B.jpeg","type":"image\/jpeg"}],"author":"Buchold, Chris","twitter_card":"summary_large_image","twitter_misc":{"Verfasst von":"Buchold, Chris","Gesch\u00e4tzte Lesezeit":"3\u00a0Minuten"},"schema":{"@context":"https:\/\/schema.org","@graph":[{"@type":"Article","@id":"https:\/\/www.feuerwehr-halberstadt.de\/?p=12378#article","isPartOf":{"@id":"https:\/\/www.feuerwehr-halberstadt.de\/?p=12378"},"author":{"name":"Buchold, Chris","@id":"https:\/\/www.feuerwehr-halberstadt.de\/#\/schema\/person\/55ce5d9b46008e58cd3d55d4116ec727"},"headline":"Ortswehrleiter neu gew\u00e4hlt &#8211; Jahreshauptversammlung der Ortsfeuerwehr Sargstedt","datePublished":"2022-05-21T09:18:01+00:00","dateModified":"2022-05-21T09:18:02+00:00","mainEntityOfPage":{"@id":"https:\/\/www.feuerwehr-halberstadt.de\/?p=12378"},"wordCount":324,"publisher":{"@id":"https:\/\/www.feuerwehr-halberstadt.de\/#organization"},"image":{"@id":"https:\/\/www.feuerwehr-halberstadt.de\/?p=12378#primaryimage"},"thumbnailUrl":"https:\/\/www.feuerwehr-halberstadt.de\/wp-content\/uploads\/2022\/05\/5EF17C32-1B87-482E-8ABE-EB216264DC9B.jpeg","inLanguage":"de"},{"@type":"WebPage","@id":"https:\/\/www.feuerwehr-halberstadt.de\/?p=12378","url":"https:\/\/www.feuerwehr-halberstadt.de\/?p=12378","name":"Ortswehrleiter neu gew\u00e4hlt - Jahreshauptversammlung der Ortsfeuerwehr Sargstedt - Feuerwehr Halberstadt","isPartOf":{"@id":"https:\/\/www.feuerwehr-halberstadt.de\/#website"},"primaryImageOfPage":{"@id":"https:\/\/www.feuerwehr-halberstadt.de\/?p=12378#primaryimage"},"image":{"@id":"https:\/\/www.feuerwehr-halberstadt.de\/?p=12378#primaryimage"},"thumbnailUrl":"https:\/\/www.feuerwehr-halberstadt.de\/wp-content\/uploads\/2022\/05\/5EF17C32-1B87-482E-8ABE-EB216264DC9B.jpeg","datePublished":"2022-05-21T09:18:01+00:00","dateModified":"2022-05-21T09:18:02+00:00","breadcrumb":{"@id":"https:\/\/www.feuerwehr-halberstadt.de\/?p=12378#breadcrumb"},"inLanguage":"de","potentialAction":[{"@type":"ReadAction","target":["https:\/\/www.feuerwehr-halberstadt.de\/?p=12378"]}]},{"@type":"ImageObject","inLanguage":"de","@id":"https:\/\/www.feuerwehr-halberstadt.de\/?p=12378#primaryimage","url":"https:\/\/www.feuerwehr-halberstadt.de\/wp-content\/uploads\/2022\/05\/5EF17C32-1B87-482E-8ABE-EB216264DC9B.jpeg","contentUrl":"https:\/\/www.feuerwehr-halberstadt.de\/wp-content\/uploads\/2022\/05\/5EF17C32-1B87-482E-8ABE-EB216264DC9B.jpeg","width":1920,"height":1280},{"@type":"BreadcrumbList","@id":"https:\/\/www.feuerwehr-halberstadt.de\/?p=12378#breadcrumb","itemListElement":[{"@type":"ListItem","position":1,"name":"Startseite","item":"https:\/\/www.feuerwehr-halberstadt.de\/"},{"@type":"ListItem","position":2,"name":"Ortswehrleiter neu gew\u00e4hlt &#8211; Jahreshauptversammlung der Ortsfeuerwehr Sargstedt"}]},{"@type":"WebSite","@id":"https:\/\/www.feuerwehr-halberstadt.de\/#website","url":"https:\/\/www.feuerwehr-halberstadt.de\/","name":"Feuerwehr Halberstadt","description":"#imEinsatzf\u00fcrHalberstadt","publisher":{"@id":"https:\/\/www.feuerwehr-halberstadt.de\/#organization"},"potentialAction":[{"@type":"SearchAction","target":{"@type":"EntryPoint","urlTemplate":"https:\/\/www.feuerwehr-halberstadt.de\/?s={search_term_string}"},"query-input":{"@type":"PropertyValueSpecification","valueRequired":true,"valueName":"search_term_string"}}],"inLanguage":"de"},{"@type":"Organization","@id":"https:\/\/www.feuerwehr-halberstadt.de\/#organization","name":"Feuerwehr Halberstadt","url":"https:\/\/www.feuerwehr-halberstadt.de\/","logo":{"@type":"ImageObject","inLanguage":"de","@id":"https:\/\/www.feuerwehr-halberstadt.de\/#\/schema\/logo\/image\/","url":"https:\/\/www.feuerwehr-halberstadt.de\/wp-content\/uploads\/2023\/10\/IMG_0126.png","contentUrl":"https:\/\/www.feuerwehr-halberstadt.de\/wp-content\/uploads\/2023\/10\/IMG_0126.png","width":1500,"height":399,"caption":"Feuerwehr Halberstadt"},"image":{"@id":"https:\/\/www.feuerwehr-halberstadt.de\/#\/schema\/logo\/image\/"},"sameAs":["https:\/\/www.facebook.com\/FeuerwehrHalberstadt\/"]},{"@type":"Person","@id":"https:\/\/www.feuerwehr-halberstadt.de\/#\/schema\/person\/55ce5d9b46008e58cd3d55d4116ec727","name":"Buchold, Chris","image":{"@type":"ImageObject","inLanguage":"de","@id":"https:\/\/secure.gravatar.com\/avatar\/bff08a084f0390bf8a93fc28c488452766ba521109cec244ac64210fdd500a49?s=96&d=mm&r=g","url":"https:\/\/secure.gravatar.com\/avatar\/bff08a084f0390bf8a93fc28c488452766ba521109cec244ac64210fdd500a49?s=96&d=mm&r=g","contentUrl":"https:\/\/secure.gravatar.com\/avatar\/bff08a084f0390bf8a93fc28c488452766ba521109cec244ac64210fdd500a49?s=96&d=mm&r=g","caption":"Buchold, Chris"},"url":"https:\/\/www.feuerwehr-halberstadt.de\/?author=3"}]}},"_links":{"self":[{"href":"https:\/\/www.feuerwehr-halberstadt.de\/index.php?rest_route=\/wp\/v2\/posts\/12378","targetHints":{"allow":["GET"]}}],"collection":[{"href":"https:\/\/www.feuerwehr-halberstadt.de\/index.php?rest_route=\/wp\/v2\/posts"}],"about":[{"href":"https:\/\/www.feuerwehr-halberstadt.de\/index.php?rest_route=\/wp\/v2\/types\/post"}],"author":[{"embeddable":true,"href":"https:\/\/www.feuerwehr-halberstadt.de\/index.php?rest_route=\/wp\/v2\/users\/3"}],"replies":[{"embeddable":true,"href":"https:\/\/www.feuerwehr-halberstadt.de\/index.php?rest_route=%2Fwp%2Fv2%2Fcomments&post=12378"}],"version-history":[{"count":8,"href":"https:\/\/www.feuerwehr-halberstadt.de\/index.php?rest_route=\/wp\/v2\/posts\/12378\/revisions"}],"predecessor-version":[{"id":12392,"href":"https:\/\/www.feuerwehr-halberstadt.de\/index.php?rest_route=\/wp\/v2\/posts\/12378\/revisions\/12392"}],"wp:featuredmedia":[{"embeddable":true,"href":"https:\/\/www.feuerwehr-halberstadt.de\/index.php?rest_route=\/wp\/v2\/media\/12385"}],"wp:attachment":[{"href":"https:\/\/www.feuerwehr-halberstadt.de\/index.php?rest_route=%2Fwp%2Fv2%2Fmedia&parent=12378"}],"wp:term":[{"taxonomy":"category","embeddable":true,"href":"https:\/\/www.feuerwehr-halberstadt.de\/index.php?rest_route=%2Fwp%2Fv2%2Fcategories&post=12378"},{"taxonomy":"post_tag","embeddable":true,"href":"https:\/\/www.feuerwehr-halberstadt.de\/index.php?rest_route=%2Fwp%2Fv2%2Ftags&post=12378"}],"curies":[{"name":"wp","href":"https:\/\/api.w.org\/{rel}","templated":true}]}}