{"id":12364,"date":"2022-05-14T12:09:39","date_gmt":"2022-05-14T10:09:39","guid":{"rendered":"https:\/\/www.feuerwehr-halberstadt.de\/?p=12364"},"modified":"2022-05-14T12:15:59","modified_gmt":"2022-05-14T10:15:59","slug":"ortswehrleiter-und-stellvertreter-neu-gewaehlt-jahreshauptversammlung-klein-quenstedt","status":"publish","type":"post","link":"https:\/\/www.feuerwehr-halberstadt.de\/?p=12364","title":{"rendered":"Ortswehrleiter und Stellvertreter neu gew\u00e4hlt &#8211; Jahreshauptversammlung Klein Quenstedt"},"content":{"rendered":"\n<p>Der 13. Mai stand in der Ortsfeuerwehr Klein Quenstedt f\u00fcr Abschied und Neuanfang zugleich. Ortswehrleiterin Elke Hoffmann leitete zum letzten Mal die Jahreshauptversammlung in ihrer Amtszeit, welche noch bis August diesen Jahres geht. Sie hatte bereits vor 6 Jahren angek\u00fcndigt bei der n\u00e4chsten Wahl nicht wieder antreten zu wollen.&nbsp;<\/p>\n\n\n\n<p>Zu Beginn der Versammlung stand die Wahl des neuen Ortswehrleiters und seines Stellvertreters auf der Tagesordnung. Wahlleiter Candy Eitz erkl\u00e4rte das weitere Vorgehen, bevor in geheimer Wahl abgestimmt wurde. Steffen Czaja wurde einstimmig zum neuen Ortswehrleiter und Thomas Tunsch zu seinem Stellvertreter gew\u00e4hlt. Die Ernennung der beiden neuen Funktionstr\u00e4ger soll in der Stadtratsitzung am 07. Juli erfolgen.&nbsp;<\/p>\n\n\n\n<p>Trotz Pandemie konnten im Jahr 2021 insgesamt 28 Ausbildungsdienste mit ca. 510 Stunden absolviert werden. Zu den Highlights geh\u00f6rten der Verkaufsstart der Stickerstars-Aktion, das Streichen der Fahrzeughalle in Eigenregie, sowie die Unterweisung in der Theaterwache und die Atemschutzstrecke in Thale. Mehrere Kameraden konnten sich bei Kreislehrg\u00e4ngen, wie dem Truppf\u00fchrer-, Atemschutzger\u00e4tetr\u00e4ger-, Truppmann-, Funk- und Kettens\u00e4genlehrgang, weiterbilden. Dabei wurden ca. 210 Stunden abgeleistet.&nbsp;<\/p>\n\n\n\n<p>\u201eEin gro\u00dfes Dankesch\u00f6n geht an die Firma Schl\u00fcssel Bert. Inhaber Matthias Budihn und sein Kollege David Will haben uns in die T\u00fcr\u00f6ffnung eingewiesen und uns ein T\u00fcr\u00f6ffnungsset kostenlos zur Verf\u00fcgung gestellt. Danke f\u00fcr den tollen Dienstabend.\u201c berichtet Elke Hoffmann.&nbsp;<\/p>\n\n\n\n<p>Steffen Czaja blickte auf die Aktivit\u00e4ten der Kinder- und Jugendfeuerwehr zur\u00fcck. Leider konnten auch hier nur wenige Dinge stattfinden, sodass nur 11 Dienstnachmittage im Jahr 2021 durchgef\u00fchrt werden konnten. F\u00fcr 2022 w\u00e4re das Aufleben des Zeltlagers in Klein Quenstedt, evtl. gemeinsam mit einer anderen Ortsfeuerwehr, w\u00fcnschenswert. Des Weiteren wird die Zusammenarbeit innerhalb der Stadtjugendfeuerwehr bem\u00e4ngelt. \u201eDie Durchf\u00fchrung eines Stadtzeltlagers mit allen Kinder- und Jugendfeuerwehren unserer Stadt w\u00fcrde das gegenseitige Kennenlernen der Kinder unterst\u00fctzen\u201c<\/p>\n\n\n\n<p>Harald B\u00f6er, Vorsitzender des Feuerwehr-F\u00f6rdervereins \u201eSt. Florian\u201c Halberstadt e.V., bedankte sich bei Elke Hoffmann auf sehr emotionale Weise: \u201eNach 30 Jahren als Stellvertreterin und 3 Jahren als Ortswehrleiterin endet eine \u00c4ra &#8211; die \u00c4ra Nose. Eddi und du &#8211; ihr habt die Feuerwehr gepr\u00e4gt und seid gemeinsam durch sch\u00f6ne und schwierige Zeiten gegangen. Danke f\u00fcr alles!\u201c&nbsp;<\/p>\n\n\n\n<p>Stadtwehrleiter Martin Schulz gab einen Ausblick auf zuk\u00fcnftige Vorhaben. Der Ausbildungsstand aller Ortsfeuerwehren soll auf ein m\u00f6glichst gleiches Niveau kommen, wozu gemeinsame Ausbildungen, wie die von Atemschutzger\u00e4tetr\u00e4gern, dienen sollen.&nbsp;<\/p>\n\n\n\n<p>Er blickte auch auf die gelungene Stickerstars-Aktion im vergangen Jahr zur\u00fcck, bei der sich lediglich die Ortsfeuerwehren Halberstadt und Klein Quenstedt beteiligt haben.&nbsp;<\/p>\n\n\n\n<p>\u201eIch w\u00fcnsche uns allen f\u00fcr das kommende Jahr viel Gesundheit und hoffe dass wir alle gesund von den Eins\u00e4tzen wiederkommen. Der am heutigen Tage neu gew\u00e4hlten Ortswehrleitung sage ich alles Gute. Sie m\u00f6gen immer besonnene und richtige Entscheidungen treffen\u201c sagte Elke Hoffmann und beendete damit die Versammlung.<\/p>\n\n\n\n<p><strong>Bef\u00f6rderungen<\/strong> <strong>\/ Ehrungen<\/strong>:<\/p>\n\n\n\n<p>Steffen Czaja, Oberl\u00f6schmeister <\/p>\n\n\n\n<p>Swen Neumann, Hauptfeuerwehrmann<\/p>\n\n\n\n<p>Wolfgang Kollhoff, Hauptfeuerwehrmann<\/p>\n\n\n\n<p>Claudia Winkler, \u00dcberreichung der Urkunde \u201eTruppmann Teil 2\u201c<\/p>\n\n\n\n<figure class=\"wp-block-gallery columns-3 is-cropped wp-block-gallery-1 is-layout-flex wp-block-gallery-is-layout-flex\"><ul class=\"blocks-gallery-grid\"><li class=\"blocks-gallery-item\"><figure><img loading=\"lazy\" decoding=\"async\" width=\"1024\" height=\"683\" src=\"https:\/\/www.feuerwehr-halberstadt.de\/wp-content\/uploads\/2022\/05\/D041B19D-EB48-415C-A7E1-DAEAB7599F04-1024x683.jpeg\" alt=\"\" data-id=\"12359\" data-full-url=\"https:\/\/www.feuerwehr-halberstadt.de\/wp-content\/uploads\/2022\/05\/D041B19D-EB48-415C-A7E1-DAEAB7599F04.jpeg\" data-link=\"https:\/\/www.feuerwehr-halberstadt.de\/?attachment_id=12359\" class=\"wp-image-12359\" srcset=\"https:\/\/www.feuerwehr-halberstadt.de\/wp-content\/uploads\/2022\/05\/D041B19D-EB48-415C-A7E1-DAEAB7599F04-1024x683.jpeg 1024w, https:\/\/www.feuerwehr-halberstadt.de\/wp-content\/uploads\/2022\/05\/D041B19D-EB48-415C-A7E1-DAEAB7599F04-300x200.jpeg 300w, https:\/\/www.feuerwehr-halberstadt.de\/wp-content\/uploads\/2022\/05\/D041B19D-EB48-415C-A7E1-DAEAB7599F04-768x512.jpeg 768w, https:\/\/www.feuerwehr-halberstadt.de\/wp-content\/uploads\/2022\/05\/D041B19D-EB48-415C-A7E1-DAEAB7599F04-1536x1024.jpeg 1536w, https:\/\/www.feuerwehr-halberstadt.de\/wp-content\/uploads\/2022\/05\/D041B19D-EB48-415C-A7E1-DAEAB7599F04.jpeg 1920w\" sizes=\"auto, (max-width: 1024px) 100vw, 1024px\" \/><\/figure><\/li><li class=\"blocks-gallery-item\"><figure><img loading=\"lazy\" decoding=\"async\" width=\"1024\" height=\"683\" src=\"https:\/\/www.feuerwehr-halberstadt.de\/wp-content\/uploads\/2022\/05\/6E22E54A-7638-49DF-BAC9-D1D2652D24AE-1024x683.jpeg\" alt=\"\" data-id=\"12358\" data-full-url=\"https:\/\/www.feuerwehr-halberstadt.de\/wp-content\/uploads\/2022\/05\/6E22E54A-7638-49DF-BAC9-D1D2652D24AE.jpeg\" data-link=\"https:\/\/www.feuerwehr-halberstadt.de\/?attachment_id=12358\" class=\"wp-image-12358\" srcset=\"https:\/\/www.feuerwehr-halberstadt.de\/wp-content\/uploads\/2022\/05\/6E22E54A-7638-49DF-BAC9-D1D2652D24AE-1024x683.jpeg 1024w, https:\/\/www.feuerwehr-halberstadt.de\/wp-content\/uploads\/2022\/05\/6E22E54A-7638-49DF-BAC9-D1D2652D24AE-300x200.jpeg 300w, https:\/\/www.feuerwehr-halberstadt.de\/wp-content\/uploads\/2022\/05\/6E22E54A-7638-49DF-BAC9-D1D2652D24AE-768x512.jpeg 768w, https:\/\/www.feuerwehr-halberstadt.de\/wp-content\/uploads\/2022\/05\/6E22E54A-7638-49DF-BAC9-D1D2652D24AE-1536x1024.jpeg 1536w, https:\/\/www.feuerwehr-halberstadt.de\/wp-content\/uploads\/2022\/05\/6E22E54A-7638-49DF-BAC9-D1D2652D24AE.jpeg 1920w\" sizes=\"auto, (max-width: 1024px) 100vw, 1024px\" \/><\/figure><\/li><li class=\"blocks-gallery-item\"><figure><img loading=\"lazy\" decoding=\"async\" width=\"1024\" height=\"683\" src=\"https:\/\/www.feuerwehr-halberstadt.de\/wp-content\/uploads\/2022\/05\/30C7D120-ED80-4657-9797-C27295FCD6E5-1024x683.jpeg\" alt=\"\" data-id=\"12360\" data-full-url=\"https:\/\/www.feuerwehr-halberstadt.de\/wp-content\/uploads\/2022\/05\/30C7D120-ED80-4657-9797-C27295FCD6E5.jpeg\" data-link=\"https:\/\/www.feuerwehr-halberstadt.de\/?attachment_id=12360\" class=\"wp-image-12360\" srcset=\"https:\/\/www.feuerwehr-halberstadt.de\/wp-content\/uploads\/2022\/05\/30C7D120-ED80-4657-9797-C27295FCD6E5-1024x683.jpeg 1024w, https:\/\/www.feuerwehr-halberstadt.de\/wp-content\/uploads\/2022\/05\/30C7D120-ED80-4657-9797-C27295FCD6E5-300x200.jpeg 300w, https:\/\/www.feuerwehr-halberstadt.de\/wp-content\/uploads\/2022\/05\/30C7D120-ED80-4657-9797-C27295FCD6E5-768x512.jpeg 768w, https:\/\/www.feuerwehr-halberstadt.de\/wp-content\/uploads\/2022\/05\/30C7D120-ED80-4657-9797-C27295FCD6E5-1536x1024.jpeg 1536w, https:\/\/www.feuerwehr-halberstadt.de\/wp-content\/uploads\/2022\/05\/30C7D120-ED80-4657-9797-C27295FCD6E5.jpeg 1920w\" sizes=\"auto, (max-width: 1024px) 100vw, 1024px\" \/><\/figure><\/li><li class=\"blocks-gallery-item\"><figure><img loading=\"lazy\" decoding=\"async\" width=\"1024\" height=\"683\" src=\"https:\/\/www.feuerwehr-halberstadt.de\/wp-content\/uploads\/2022\/05\/968B6231-F521-4196-8C31-4C4D3D102306-1024x683.jpeg\" alt=\"\" data-id=\"12363\" data-full-url=\"https:\/\/www.feuerwehr-halberstadt.de\/wp-content\/uploads\/2022\/05\/968B6231-F521-4196-8C31-4C4D3D102306.jpeg\" data-link=\"https:\/\/www.feuerwehr-halberstadt.de\/?attachment_id=12363\" class=\"wp-image-12363\" srcset=\"https:\/\/www.feuerwehr-halberstadt.de\/wp-content\/uploads\/2022\/05\/968B6231-F521-4196-8C31-4C4D3D102306-1024x683.jpeg 1024w, https:\/\/www.feuerwehr-halberstadt.de\/wp-content\/uploads\/2022\/05\/968B6231-F521-4196-8C31-4C4D3D102306-300x200.jpeg 300w, https:\/\/www.feuerwehr-halberstadt.de\/wp-content\/uploads\/2022\/05\/968B6231-F521-4196-8C31-4C4D3D102306-768x512.jpeg 768w, https:\/\/www.feuerwehr-halberstadt.de\/wp-content\/uploads\/2022\/05\/968B6231-F521-4196-8C31-4C4D3D102306-1536x1024.jpeg 1536w, https:\/\/www.feuerwehr-halberstadt.de\/wp-content\/uploads\/2022\/05\/968B6231-F521-4196-8C31-4C4D3D102306.jpeg 1920w\" sizes=\"auto, (max-width: 1024px) 100vw, 1024px\" \/><\/figure><\/li><li class=\"blocks-gallery-item\"><figure><img loading=\"lazy\" decoding=\"async\" width=\"1024\" height=\"683\" src=\"https:\/\/www.feuerwehr-halberstadt.de\/wp-content\/uploads\/2022\/05\/5F82C59D-A692-459B-9449-A754616818EB-1024x683.jpeg\" alt=\"\" data-id=\"12362\" data-full-url=\"https:\/\/www.feuerwehr-halberstadt.de\/wp-content\/uploads\/2022\/05\/5F82C59D-A692-459B-9449-A754616818EB.jpeg\" data-link=\"https:\/\/www.feuerwehr-halberstadt.de\/?attachment_id=12362\" class=\"wp-image-12362\" srcset=\"https:\/\/www.feuerwehr-halberstadt.de\/wp-content\/uploads\/2022\/05\/5F82C59D-A692-459B-9449-A754616818EB-1024x683.jpeg 1024w, https:\/\/www.feuerwehr-halberstadt.de\/wp-content\/uploads\/2022\/05\/5F82C59D-A692-459B-9449-A754616818EB-300x200.jpeg 300w, https:\/\/www.feuerwehr-halberstadt.de\/wp-content\/uploads\/2022\/05\/5F82C59D-A692-459B-9449-A754616818EB-768x512.jpeg 768w, https:\/\/www.feuerwehr-halberstadt.de\/wp-content\/uploads\/2022\/05\/5F82C59D-A692-459B-9449-A754616818EB-1536x1024.jpeg 1536w, https:\/\/www.feuerwehr-halberstadt.de\/wp-content\/uploads\/2022\/05\/5F82C59D-A692-459B-9449-A754616818EB.jpeg 1920w\" sizes=\"auto, (max-width: 1024px) 100vw, 1024px\" \/><\/figure><\/li><li class=\"blocks-gallery-item\"><figure><img loading=\"lazy\" decoding=\"async\" width=\"1024\" height=\"683\" src=\"https:\/\/www.feuerwehr-halberstadt.de\/wp-content\/uploads\/2022\/05\/BE8C470B-8013-436D-96D6-E9AC8FB69EDA-1024x683.jpeg\" alt=\"\" data-id=\"12361\" data-full-url=\"https:\/\/www.feuerwehr-halberstadt.de\/wp-content\/uploads\/2022\/05\/BE8C470B-8013-436D-96D6-E9AC8FB69EDA.jpeg\" data-link=\"https:\/\/www.feuerwehr-halberstadt.de\/?attachment_id=12361\" class=\"wp-image-12361\" srcset=\"https:\/\/www.feuerwehr-halberstadt.de\/wp-content\/uploads\/2022\/05\/BE8C470B-8013-436D-96D6-E9AC8FB69EDA-1024x683.jpeg 1024w, https:\/\/www.feuerwehr-halberstadt.de\/wp-content\/uploads\/2022\/05\/BE8C470B-8013-436D-96D6-E9AC8FB69EDA-300x200.jpeg 300w, https:\/\/www.feuerwehr-halberstadt.de\/wp-content\/uploads\/2022\/05\/BE8C470B-8013-436D-96D6-E9AC8FB69EDA-768x512.jpeg 768w, https:\/\/www.feuerwehr-halberstadt.de\/wp-content\/uploads\/2022\/05\/BE8C470B-8013-436D-96D6-E9AC8FB69EDA-1536x1024.jpeg 1536w, https:\/\/www.feuerwehr-halberstadt.de\/wp-content\/uploads\/2022\/05\/BE8C470B-8013-436D-96D6-E9AC8FB69EDA.jpeg 1920w\" sizes=\"auto, (max-width: 1024px) 100vw, 1024px\" \/><\/figure><\/li><\/ul><\/figure>\n","protected":false},"excerpt":{"rendered":"<p>Der 13. Mai stand in der Ortsfeuerwehr Klein Quenstedt f\u00fcr Abschied und Neuanfang zugleich. Ortswehrleiterin Elke Hoffmann leitete zum letzten Mal die Jahreshauptversammlung in ihrer Amtszeit, welche noch bis August diesen Jahres geht. Sie hatte bereits vor 6 Jahren angek\u00fcndigt bei der n\u00e4chsten Wahl nicht wieder antreten zu wollen.&nbsp; Zu Beginn der Versammlung stand die [&hellip;]<\/p>\n","protected":false},"author":3,"featured_media":12357,"comment_status":"closed","ping_status":"closed","sticky":false,"template":"","format":"standard","meta":{"_acf_changed":false,"footnotes":""},"categories":[9],"tags":[],"class_list":["post-12364","post","type-post","status-publish","format-standard","has-post-thumbnail","hentry","category-allgemein"],"acf":[],"yoast_head":"<!-- This site is optimized with the Yoast SEO plugin v27.4 - https:\/\/yoast.com\/product\/yoast-seo-wordpress\/ -->\n<title>Ortswehrleiter und Stellvertreter neu gew\u00e4hlt - Jahreshauptversammlung Klein Quenstedt - Feuerwehr Halberstadt<\/title>\n<meta name=\"robots\" content=\"index, follow, max-snippet:-1, max-image-preview:large, max-video-preview:-1\" \/>\n<link rel=\"canonical\" href=\"https:\/\/www.feuerwehr-halberstadt.de\/?p=12364\" \/>\n<meta property=\"og:locale\" content=\"de_DE\" \/>\n<meta property=\"og:type\" content=\"article\" \/>\n<meta property=\"og:title\" content=\"Ortswehrleiter und Stellvertreter neu gew\u00e4hlt - Jahreshauptversammlung Klein Quenstedt - Feuerwehr Halberstadt\" \/>\n<meta property=\"og:description\" content=\"Der 13. Mai stand in der Ortsfeuerwehr Klein Quenstedt f\u00fcr Abschied und Neuanfang zugleich. Ortswehrleiterin Elke Hoffmann leitete zum letzten Mal die Jahreshauptversammlung in ihrer Amtszeit, welche noch bis August diesen Jahres geht. Sie hatte bereits vor 6 Jahren angek\u00fcndigt bei der n\u00e4chsten Wahl nicht wieder antreten zu wollen.&nbsp; Zu Beginn der Versammlung stand die [&hellip;]\" \/>\n<meta property=\"og:url\" content=\"https:\/\/www.feuerwehr-halberstadt.de\/?p=12364\" \/>\n<meta property=\"og:site_name\" content=\"Feuerwehr Halberstadt\" \/>\n<meta property=\"article:publisher\" content=\"https:\/\/www.facebook.com\/FeuerwehrHalberstadt\/\" \/>\n<meta property=\"article:published_time\" content=\"2022-05-14T10:09:39+00:00\" \/>\n<meta property=\"article:modified_time\" content=\"2022-05-14T10:15:59+00:00\" \/>\n<meta property=\"og:image\" content=\"https:\/\/www.feuerwehr-halberstadt.de\/wp-content\/uploads\/2022\/05\/1E277A55-372E-4EA5-A58C-4A4D81160B0C.jpeg\" \/>\n\t<meta property=\"og:image:width\" content=\"1920\" \/>\n\t<meta property=\"og:image:height\" content=\"1280\" \/>\n\t<meta property=\"og:image:type\" content=\"image\/jpeg\" \/>\n<meta name=\"author\" content=\"Buchold, Chris\" \/>\n<meta name=\"twitter:card\" content=\"summary_large_image\" \/>\n<meta name=\"twitter:label1\" content=\"Verfasst von\" \/>\n\t<meta name=\"twitter:data1\" content=\"Buchold, Chris\" \/>\n\t<meta name=\"twitter:label2\" content=\"Gesch\u00e4tzte Lesezeit\" \/>\n\t<meta name=\"twitter:data2\" content=\"4\u00a0Minuten\" \/>\n<script type=\"application\/ld+json\" class=\"yoast-schema-graph\">{\"@context\":\"https:\\\/\\\/schema.org\",\"@graph\":[{\"@type\":\"Article\",\"@id\":\"https:\\\/\\\/www.feuerwehr-halberstadt.de\\\/?p=12364#article\",\"isPartOf\":{\"@id\":\"https:\\\/\\\/www.feuerwehr-halberstadt.de\\\/?p=12364\"},\"author\":{\"name\":\"Buchold, Chris\",\"@id\":\"https:\\\/\\\/www.feuerwehr-halberstadt.de\\\/#\\\/schema\\\/person\\\/55ce5d9b46008e58cd3d55d4116ec727\"},\"headline\":\"Ortswehrleiter und Stellvertreter neu gew\u00e4hlt &#8211; Jahreshauptversammlung Klein Quenstedt\",\"datePublished\":\"2022-05-14T10:09:39+00:00\",\"dateModified\":\"2022-05-14T10:15:59+00:00\",\"mainEntityOfPage\":{\"@id\":\"https:\\\/\\\/www.feuerwehr-halberstadt.de\\\/?p=12364\"},\"wordCount\":506,\"publisher\":{\"@id\":\"https:\\\/\\\/www.feuerwehr-halberstadt.de\\\/#organization\"},\"image\":{\"@id\":\"https:\\\/\\\/www.feuerwehr-halberstadt.de\\\/?p=12364#primaryimage\"},\"thumbnailUrl\":\"https:\\\/\\\/www.feuerwehr-halberstadt.de\\\/wp-content\\\/uploads\\\/2022\\\/05\\\/1E277A55-372E-4EA5-A58C-4A4D81160B0C.jpeg\",\"inLanguage\":\"de\"},{\"@type\":\"WebPage\",\"@id\":\"https:\\\/\\\/www.feuerwehr-halberstadt.de\\\/?p=12364\",\"url\":\"https:\\\/\\\/www.feuerwehr-halberstadt.de\\\/?p=12364\",\"name\":\"Ortswehrleiter und Stellvertreter neu gew\u00e4hlt - Jahreshauptversammlung Klein Quenstedt - Feuerwehr Halberstadt\",\"isPartOf\":{\"@id\":\"https:\\\/\\\/www.feuerwehr-halberstadt.de\\\/#website\"},\"primaryImageOfPage\":{\"@id\":\"https:\\\/\\\/www.feuerwehr-halberstadt.de\\\/?p=12364#primaryimage\"},\"image\":{\"@id\":\"https:\\\/\\\/www.feuerwehr-halberstadt.de\\\/?p=12364#primaryimage\"},\"thumbnailUrl\":\"https:\\\/\\\/www.feuerwehr-halberstadt.de\\\/wp-content\\\/uploads\\\/2022\\\/05\\\/1E277A55-372E-4EA5-A58C-4A4D81160B0C.jpeg\",\"datePublished\":\"2022-05-14T10:09:39+00:00\",\"dateModified\":\"2022-05-14T10:15:59+00:00\",\"breadcrumb\":{\"@id\":\"https:\\\/\\\/www.feuerwehr-halberstadt.de\\\/?p=12364#breadcrumb\"},\"inLanguage\":\"de\",\"potentialAction\":[{\"@type\":\"ReadAction\",\"target\":[\"https:\\\/\\\/www.feuerwehr-halberstadt.de\\\/?p=12364\"]}]},{\"@type\":\"ImageObject\",\"inLanguage\":\"de\",\"@id\":\"https:\\\/\\\/www.feuerwehr-halberstadt.de\\\/?p=12364#primaryimage\",\"url\":\"https:\\\/\\\/www.feuerwehr-halberstadt.de\\\/wp-content\\\/uploads\\\/2022\\\/05\\\/1E277A55-372E-4EA5-A58C-4A4D81160B0C.jpeg\",\"contentUrl\":\"https:\\\/\\\/www.feuerwehr-halberstadt.de\\\/wp-content\\\/uploads\\\/2022\\\/05\\\/1E277A55-372E-4EA5-A58C-4A4D81160B0C.jpeg\",\"width\":1920,\"height\":1280},{\"@type\":\"BreadcrumbList\",\"@id\":\"https:\\\/\\\/www.feuerwehr-halberstadt.de\\\/?p=12364#breadcrumb\",\"itemListElement\":[{\"@type\":\"ListItem\",\"position\":1,\"name\":\"Startseite\",\"item\":\"https:\\\/\\\/www.feuerwehr-halberstadt.de\\\/\"},{\"@type\":\"ListItem\",\"position\":2,\"name\":\"Ortswehrleiter und Stellvertreter neu gew\u00e4hlt &#8211; Jahreshauptversammlung Klein Quenstedt\"}]},{\"@type\":\"WebSite\",\"@id\":\"https:\\\/\\\/www.feuerwehr-halberstadt.de\\\/#website\",\"url\":\"https:\\\/\\\/www.feuerwehr-halberstadt.de\\\/\",\"name\":\"Feuerwehr Halberstadt\",\"description\":\"#imEinsatzf\u00fcrHalberstadt\",\"publisher\":{\"@id\":\"https:\\\/\\\/www.feuerwehr-halberstadt.de\\\/#organization\"},\"potentialAction\":[{\"@type\":\"SearchAction\",\"target\":{\"@type\":\"EntryPoint\",\"urlTemplate\":\"https:\\\/\\\/www.feuerwehr-halberstadt.de\\\/?s={search_term_string}\"},\"query-input\":{\"@type\":\"PropertyValueSpecification\",\"valueRequired\":true,\"valueName\":\"search_term_string\"}}],\"inLanguage\":\"de\"},{\"@type\":\"Organization\",\"@id\":\"https:\\\/\\\/www.feuerwehr-halberstadt.de\\\/#organization\",\"name\":\"Feuerwehr Halberstadt\",\"url\":\"https:\\\/\\\/www.feuerwehr-halberstadt.de\\\/\",\"logo\":{\"@type\":\"ImageObject\",\"inLanguage\":\"de\",\"@id\":\"https:\\\/\\\/www.feuerwehr-halberstadt.de\\\/#\\\/schema\\\/logo\\\/image\\\/\",\"url\":\"https:\\\/\\\/www.feuerwehr-halberstadt.de\\\/wp-content\\\/uploads\\\/2023\\\/10\\\/IMG_0126.png\",\"contentUrl\":\"https:\\\/\\\/www.feuerwehr-halberstadt.de\\\/wp-content\\\/uploads\\\/2023\\\/10\\\/IMG_0126.png\",\"width\":1500,\"height\":399,\"caption\":\"Feuerwehr Halberstadt\"},\"image\":{\"@id\":\"https:\\\/\\\/www.feuerwehr-halberstadt.de\\\/#\\\/schema\\\/logo\\\/image\\\/\"},\"sameAs\":[\"https:\\\/\\\/www.facebook.com\\\/FeuerwehrHalberstadt\\\/\"]},{\"@type\":\"Person\",\"@id\":\"https:\\\/\\\/www.feuerwehr-halberstadt.de\\\/#\\\/schema\\\/person\\\/55ce5d9b46008e58cd3d55d4116ec727\",\"name\":\"Buchold, Chris\",\"image\":{\"@type\":\"ImageObject\",\"inLanguage\":\"de\",\"@id\":\"https:\\\/\\\/secure.gravatar.com\\\/avatar\\\/bff08a084f0390bf8a93fc28c488452766ba521109cec244ac64210fdd500a49?s=96&d=mm&r=g\",\"url\":\"https:\\\/\\\/secure.gravatar.com\\\/avatar\\\/bff08a084f0390bf8a93fc28c488452766ba521109cec244ac64210fdd500a49?s=96&d=mm&r=g\",\"contentUrl\":\"https:\\\/\\\/secure.gravatar.com\\\/avatar\\\/bff08a084f0390bf8a93fc28c488452766ba521109cec244ac64210fdd500a49?s=96&d=mm&r=g\",\"caption\":\"Buchold, Chris\"},\"url\":\"https:\\\/\\\/www.feuerwehr-halberstadt.de\\\/?author=3\"}]}<\/script>\n<!-- \/ Yoast SEO plugin. -->","yoast_head_json":{"title":"Ortswehrleiter und Stellvertreter neu gew\u00e4hlt - Jahreshauptversammlung Klein Quenstedt - Feuerwehr Halberstadt","robots":{"index":"index","follow":"follow","max-snippet":"max-snippet:-1","max-image-preview":"max-image-preview:large","max-video-preview":"max-video-preview:-1"},"canonical":"https:\/\/www.feuerwehr-halberstadt.de\/?p=12364","og_locale":"de_DE","og_type":"article","og_title":"Ortswehrleiter und Stellvertreter neu gew\u00e4hlt - Jahreshauptversammlung Klein Quenstedt - Feuerwehr Halberstadt","og_description":"Der 13. Mai stand in der Ortsfeuerwehr Klein Quenstedt f\u00fcr Abschied und Neuanfang zugleich. Ortswehrleiterin Elke Hoffmann leitete zum letzten Mal die Jahreshauptversammlung in ihrer Amtszeit, welche noch bis August diesen Jahres geht. Sie hatte bereits vor 6 Jahren angek\u00fcndigt bei der n\u00e4chsten Wahl nicht wieder antreten zu wollen.&nbsp; Zu Beginn der Versammlung stand die [&hellip;]","og_url":"https:\/\/www.feuerwehr-halberstadt.de\/?p=12364","og_site_name":"Feuerwehr Halberstadt","article_publisher":"https:\/\/www.facebook.com\/FeuerwehrHalberstadt\/","article_published_time":"2022-05-14T10:09:39+00:00","article_modified_time":"2022-05-14T10:15:59+00:00","og_image":[{"width":1920,"height":1280,"url":"https:\/\/www.feuerwehr-halberstadt.de\/wp-content\/uploads\/2022\/05\/1E277A55-372E-4EA5-A58C-4A4D81160B0C.jpeg","type":"image\/jpeg"}],"author":"Buchold, Chris","twitter_card":"summary_large_image","twitter_misc":{"Verfasst von":"Buchold, Chris","Gesch\u00e4tzte Lesezeit":"4\u00a0Minuten"},"schema":{"@context":"https:\/\/schema.org","@graph":[{"@type":"Article","@id":"https:\/\/www.feuerwehr-halberstadt.de\/?p=12364#article","isPartOf":{"@id":"https:\/\/www.feuerwehr-halberstadt.de\/?p=12364"},"author":{"name":"Buchold, Chris","@id":"https:\/\/www.feuerwehr-halberstadt.de\/#\/schema\/person\/55ce5d9b46008e58cd3d55d4116ec727"},"headline":"Ortswehrleiter und Stellvertreter neu gew\u00e4hlt &#8211; Jahreshauptversammlung Klein Quenstedt","datePublished":"2022-05-14T10:09:39+00:00","dateModified":"2022-05-14T10:15:59+00:00","mainEntityOfPage":{"@id":"https:\/\/www.feuerwehr-halberstadt.de\/?p=12364"},"wordCount":506,"publisher":{"@id":"https:\/\/www.feuerwehr-halberstadt.de\/#organization"},"image":{"@id":"https:\/\/www.feuerwehr-halberstadt.de\/?p=12364#primaryimage"},"thumbnailUrl":"https:\/\/www.feuerwehr-halberstadt.de\/wp-content\/uploads\/2022\/05\/1E277A55-372E-4EA5-A58C-4A4D81160B0C.jpeg","inLanguage":"de"},{"@type":"WebPage","@id":"https:\/\/www.feuerwehr-halberstadt.de\/?p=12364","url":"https:\/\/www.feuerwehr-halberstadt.de\/?p=12364","name":"Ortswehrleiter und Stellvertreter neu gew\u00e4hlt - Jahreshauptversammlung Klein Quenstedt - Feuerwehr Halberstadt","isPartOf":{"@id":"https:\/\/www.feuerwehr-halberstadt.de\/#website"},"primaryImageOfPage":{"@id":"https:\/\/www.feuerwehr-halberstadt.de\/?p=12364#primaryimage"},"image":{"@id":"https:\/\/www.feuerwehr-halberstadt.de\/?p=12364#primaryimage"},"thumbnailUrl":"https:\/\/www.feuerwehr-halberstadt.de\/wp-content\/uploads\/2022\/05\/1E277A55-372E-4EA5-A58C-4A4D81160B0C.jpeg","datePublished":"2022-05-14T10:09:39+00:00","dateModified":"2022-05-14T10:15:59+00:00","breadcrumb":{"@id":"https:\/\/www.feuerwehr-halberstadt.de\/?p=12364#breadcrumb"},"inLanguage":"de","potentialAction":[{"@type":"ReadAction","target":["https:\/\/www.feuerwehr-halberstadt.de\/?p=12364"]}]},{"@type":"ImageObject","inLanguage":"de","@id":"https:\/\/www.feuerwehr-halberstadt.de\/?p=12364#primaryimage","url":"https:\/\/www.feuerwehr-halberstadt.de\/wp-content\/uploads\/2022\/05\/1E277A55-372E-4EA5-A58C-4A4D81160B0C.jpeg","contentUrl":"https:\/\/www.feuerwehr-halberstadt.de\/wp-content\/uploads\/2022\/05\/1E277A55-372E-4EA5-A58C-4A4D81160B0C.jpeg","width":1920,"height":1280},{"@type":"BreadcrumbList","@id":"https:\/\/www.feuerwehr-halberstadt.de\/?p=12364#breadcrumb","itemListElement":[{"@type":"ListItem","position":1,"name":"Startseite","item":"https:\/\/www.feuerwehr-halberstadt.de\/"},{"@type":"ListItem","position":2,"name":"Ortswehrleiter und Stellvertreter neu gew\u00e4hlt &#8211; Jahreshauptversammlung Klein Quenstedt"}]},{"@type":"WebSite","@id":"https:\/\/www.feuerwehr-halberstadt.de\/#website","url":"https:\/\/www.feuerwehr-halberstadt.de\/","name":"Feuerwehr Halberstadt","description":"#imEinsatzf\u00fcrHalberstadt","publisher":{"@id":"https:\/\/www.feuerwehr-halberstadt.de\/#organization"},"potentialAction":[{"@type":"SearchAction","target":{"@type":"EntryPoint","urlTemplate":"https:\/\/www.feuerwehr-halberstadt.de\/?s={search_term_string}"},"query-input":{"@type":"PropertyValueSpecification","valueRequired":true,"valueName":"search_term_string"}}],"inLanguage":"de"},{"@type":"Organization","@id":"https:\/\/www.feuerwehr-halberstadt.de\/#organization","name":"Feuerwehr Halberstadt","url":"https:\/\/www.feuerwehr-halberstadt.de\/","logo":{"@type":"ImageObject","inLanguage":"de","@id":"https:\/\/www.feuerwehr-halberstadt.de\/#\/schema\/logo\/image\/","url":"https:\/\/www.feuerwehr-halberstadt.de\/wp-content\/uploads\/2023\/10\/IMG_0126.png","contentUrl":"https:\/\/www.feuerwehr-halberstadt.de\/wp-content\/uploads\/2023\/10\/IMG_0126.png","width":1500,"height":399,"caption":"Feuerwehr Halberstadt"},"image":{"@id":"https:\/\/www.feuerwehr-halberstadt.de\/#\/schema\/logo\/image\/"},"sameAs":["https:\/\/www.facebook.com\/FeuerwehrHalberstadt\/"]},{"@type":"Person","@id":"https:\/\/www.feuerwehr-halberstadt.de\/#\/schema\/person\/55ce5d9b46008e58cd3d55d4116ec727","name":"Buchold, Chris","image":{"@type":"ImageObject","inLanguage":"de","@id":"https:\/\/secure.gravatar.com\/avatar\/bff08a084f0390bf8a93fc28c488452766ba521109cec244ac64210fdd500a49?s=96&d=mm&r=g","url":"https:\/\/secure.gravatar.com\/avatar\/bff08a084f0390bf8a93fc28c488452766ba521109cec244ac64210fdd500a49?s=96&d=mm&r=g","contentUrl":"https:\/\/secure.gravatar.com\/avatar\/bff08a084f0390bf8a93fc28c488452766ba521109cec244ac64210fdd500a49?s=96&d=mm&r=g","caption":"Buchold, Chris"},"url":"https:\/\/www.feuerwehr-halberstadt.de\/?author=3"}]}},"_links":{"self":[{"href":"https:\/\/www.feuerwehr-halberstadt.de\/index.php?rest_route=\/wp\/v2\/posts\/12364","targetHints":{"allow":["GET"]}}],"collection":[{"href":"https:\/\/www.feuerwehr-halberstadt.de\/index.php?rest_route=\/wp\/v2\/posts"}],"about":[{"href":"https:\/\/www.feuerwehr-halberstadt.de\/index.php?rest_route=\/wp\/v2\/types\/post"}],"author":[{"embeddable":true,"href":"https:\/\/www.feuerwehr-halberstadt.de\/index.php?rest_route=\/wp\/v2\/users\/3"}],"replies":[{"embeddable":true,"href":"https:\/\/www.feuerwehr-halberstadt.de\/index.php?rest_route=%2Fwp%2Fv2%2Fcomments&post=12364"}],"version-history":[{"count":4,"href":"https:\/\/www.feuerwehr-halberstadt.de\/index.php?rest_route=\/wp\/v2\/posts\/12364\/revisions"}],"predecessor-version":[{"id":12369,"href":"https:\/\/www.feuerwehr-halberstadt.de\/index.php?rest_route=\/wp\/v2\/posts\/12364\/revisions\/12369"}],"wp:featuredmedia":[{"embeddable":true,"href":"https:\/\/www.feuerwehr-halberstadt.de\/index.php?rest_route=\/wp\/v2\/media\/12357"}],"wp:attachment":[{"href":"https:\/\/www.feuerwehr-halberstadt.de\/index.php?rest_route=%2Fwp%2Fv2%2Fmedia&parent=12364"}],"wp:term":[{"taxonomy":"category","embeddable":true,"href":"https:\/\/www.feuerwehr-halberstadt.de\/index.php?rest_route=%2Fwp%2Fv2%2Fcategories&post=12364"},{"taxonomy":"post_tag","embeddable":true,"href":"https:\/\/www.feuerwehr-halberstadt.de\/index.php?rest_route=%2Fwp%2Fv2%2Ftags&post=12364"}],"curies":[{"name":"wp","href":"https:\/\/api.w.org\/{rel}","templated":true}]}}