{"id":12293,"date":"2022-05-02T20:53:37","date_gmt":"2022-05-02T18:53:37","guid":{"rendered":"https:\/\/www.feuerwehr-halberstadt.de\/?p=12293"},"modified":"2022-05-02T20:53:38","modified_gmt":"2022-05-02T18:53:38","slug":"grundlehrgang-2022-erfolgreich-beendet","status":"publish","type":"post","link":"https:\/\/www.feuerwehr-halberstadt.de\/?p=12293","title":{"rendered":"Grundlehrgang 2022 erfolgreich beendet"},"content":{"rendered":"\n<p>Am Montag, dem 02.05.2022, beendeten acht Teilnehmer aus den Feuerwehren Halberstadt, Klein Quenstedt, Hedersleben und Gro\u00df Quenstedt erfolgreich ihren Grundlehrgang, welcher \u00fcber mehrere Wochen in der Feuer- und Umweltwache Halberstadt durchgef\u00fchrt wurde.<\/p>\n\n\n\n<p>Neben den Rechtsgrundlagen, den Unfallverh\u00fctungsvorschriften, Ger\u00e4tekunde, Fahrzeugkunde, Erste-Hilfe und Verhalten bei Gefahren, waren auch einige weitere theoretische und praktische Ausbildungsstunden abzuleisten, so auch das Training eines L\u00f6scheinsatzes sowie die Technische Hilfeleistung.<\/p>\n\n\n\n<p>Jedes aktive Mitglied einer Freiwilligen Feuerwehr muss, bevor es das erste Mal an einem Einsatz teilnimmt, einen 70-st\u00fcndigen Grundausbildungslehrgang absolvieren. Von erfahrenen Ausbildern werden den Teilnehmern Basiswissen und grundlegende T\u00e4tigkeiten einer Truppfrau \/ eines Truppmannes vermittelt, sodass sie bef\u00e4higt sind an Eins\u00e4tzen unter Anleitung teilzunehmen.<\/p>\n\n\n\n<p>Den Ausbildern gilt ein besonders herzliches Dankesch\u00f6n, denn Diese vermittelten den Lehrstoff der Ausbildung auch in ihrer Freizeit und gestalteten die unterschiedlichen Themen sehr interessant und abwechslungsreich.<\/p>\n\n\n\n<div class=\"wp-block-columns are-vertically-aligned-center is-layout-flex wp-container-core-columns-is-layout-9d6595d7 wp-block-columns-is-layout-flex\">\n<div class=\"wp-block-column is-vertically-aligned-center is-layout-flow wp-block-column-is-layout-flow\" style=\"flex-basis:100%\">\n<div class=\"wp-block-group\"><div class=\"wp-block-group__inner-container is-layout-flow wp-block-group-is-layout-flow\">\n<figure class=\"wp-block-gallery columns-3 is-cropped wp-block-gallery-1 is-layout-flex wp-block-gallery-is-layout-flex\"><ul class=\"blocks-gallery-grid\"><li class=\"blocks-gallery-item\"><figure><img loading=\"lazy\" decoding=\"async\" width=\"1024\" height=\"683\" src=\"https:\/\/www.feuerwehr-halberstadt.de\/wp-content\/uploads\/2022\/05\/6CA7FEE7-D541-4EEE-AAB3-48FAC61D363A-1024x683.jpeg\" alt=\"\" data-id=\"12287\" data-full-url=\"https:\/\/www.feuerwehr-halberstadt.de\/wp-content\/uploads\/2022\/05\/6CA7FEE7-D541-4EEE-AAB3-48FAC61D363A.jpeg\" data-link=\"https:\/\/www.feuerwehr-halberstadt.de\/?attachment_id=12287\" class=\"wp-image-12287\" srcset=\"https:\/\/www.feuerwehr-halberstadt.de\/wp-content\/uploads\/2022\/05\/6CA7FEE7-D541-4EEE-AAB3-48FAC61D363A-1024x683.jpeg 1024w, https:\/\/www.feuerwehr-halberstadt.de\/wp-content\/uploads\/2022\/05\/6CA7FEE7-D541-4EEE-AAB3-48FAC61D363A-300x200.jpeg 300w, https:\/\/www.feuerwehr-halberstadt.de\/wp-content\/uploads\/2022\/05\/6CA7FEE7-D541-4EEE-AAB3-48FAC61D363A-768x512.jpeg 768w, https:\/\/www.feuerwehr-halberstadt.de\/wp-content\/uploads\/2022\/05\/6CA7FEE7-D541-4EEE-AAB3-48FAC61D363A-1536x1024.jpeg 1536w, https:\/\/www.feuerwehr-halberstadt.de\/wp-content\/uploads\/2022\/05\/6CA7FEE7-D541-4EEE-AAB3-48FAC61D363A.jpeg 1920w\" sizes=\"auto, (max-width: 1024px) 100vw, 1024px\" \/><\/figure><\/li><li class=\"blocks-gallery-item\"><figure><img loading=\"lazy\" decoding=\"async\" width=\"1024\" height=\"683\" src=\"https:\/\/www.feuerwehr-halberstadt.de\/wp-content\/uploads\/2022\/05\/A7CB6141-7D0E-403E-BFE8-D9DB3CF10CFD-1024x683.jpeg\" alt=\"\" data-id=\"12289\" data-full-url=\"https:\/\/www.feuerwehr-halberstadt.de\/wp-content\/uploads\/2022\/05\/A7CB6141-7D0E-403E-BFE8-D9DB3CF10CFD.jpeg\" data-link=\"https:\/\/www.feuerwehr-halberstadt.de\/?attachment_id=12289\" class=\"wp-image-12289\" srcset=\"https:\/\/www.feuerwehr-halberstadt.de\/wp-content\/uploads\/2022\/05\/A7CB6141-7D0E-403E-BFE8-D9DB3CF10CFD-1024x683.jpeg 1024w, https:\/\/www.feuerwehr-halberstadt.de\/wp-content\/uploads\/2022\/05\/A7CB6141-7D0E-403E-BFE8-D9DB3CF10CFD-300x200.jpeg 300w, https:\/\/www.feuerwehr-halberstadt.de\/wp-content\/uploads\/2022\/05\/A7CB6141-7D0E-403E-BFE8-D9DB3CF10CFD-768x512.jpeg 768w, https:\/\/www.feuerwehr-halberstadt.de\/wp-content\/uploads\/2022\/05\/A7CB6141-7D0E-403E-BFE8-D9DB3CF10CFD-1536x1024.jpeg 1536w, https:\/\/www.feuerwehr-halberstadt.de\/wp-content\/uploads\/2022\/05\/A7CB6141-7D0E-403E-BFE8-D9DB3CF10CFD.jpeg 1920w\" sizes=\"auto, (max-width: 1024px) 100vw, 1024px\" \/><\/figure><\/li><li class=\"blocks-gallery-item\"><figure><img loading=\"lazy\" decoding=\"async\" width=\"1024\" height=\"683\" src=\"https:\/\/www.feuerwehr-halberstadt.de\/wp-content\/uploads\/2022\/05\/4AAD4FCB-06E0-4074-B3E3-EBD2C5ED63F4-1024x683.jpeg\" alt=\"\" data-id=\"12291\" data-full-url=\"https:\/\/www.feuerwehr-halberstadt.de\/wp-content\/uploads\/2022\/05\/4AAD4FCB-06E0-4074-B3E3-EBD2C5ED63F4.jpeg\" data-link=\"https:\/\/www.feuerwehr-halberstadt.de\/?attachment_id=12291\" class=\"wp-image-12291\" srcset=\"https:\/\/www.feuerwehr-halberstadt.de\/wp-content\/uploads\/2022\/05\/4AAD4FCB-06E0-4074-B3E3-EBD2C5ED63F4-1024x683.jpeg 1024w, https:\/\/www.feuerwehr-halberstadt.de\/wp-content\/uploads\/2022\/05\/4AAD4FCB-06E0-4074-B3E3-EBD2C5ED63F4-300x200.jpeg 300w, https:\/\/www.feuerwehr-halberstadt.de\/wp-content\/uploads\/2022\/05\/4AAD4FCB-06E0-4074-B3E3-EBD2C5ED63F4-768x512.jpeg 768w, https:\/\/www.feuerwehr-halberstadt.de\/wp-content\/uploads\/2022\/05\/4AAD4FCB-06E0-4074-B3E3-EBD2C5ED63F4-1536x1024.jpeg 1536w, https:\/\/www.feuerwehr-halberstadt.de\/wp-content\/uploads\/2022\/05\/4AAD4FCB-06E0-4074-B3E3-EBD2C5ED63F4.jpeg 1920w\" sizes=\"auto, (max-width: 1024px) 100vw, 1024px\" \/><\/figure><\/li><li class=\"blocks-gallery-item\"><figure><img loading=\"lazy\" decoding=\"async\" width=\"1024\" height=\"572\" src=\"https:\/\/www.feuerwehr-halberstadt.de\/wp-content\/uploads\/2022\/05\/174B680A-EE65-458B-9E25-6BF9C636EFFA-1024x572.jpeg\" alt=\"\" data-id=\"12292\" data-full-url=\"https:\/\/www.feuerwehr-halberstadt.de\/wp-content\/uploads\/2022\/05\/174B680A-EE65-458B-9E25-6BF9C636EFFA.jpeg\" data-link=\"https:\/\/www.feuerwehr-halberstadt.de\/?attachment_id=12292\" class=\"wp-image-12292\" srcset=\"https:\/\/www.feuerwehr-halberstadt.de\/wp-content\/uploads\/2022\/05\/174B680A-EE65-458B-9E25-6BF9C636EFFA-1024x572.jpeg 1024w, https:\/\/www.feuerwehr-halberstadt.de\/wp-content\/uploads\/2022\/05\/174B680A-EE65-458B-9E25-6BF9C636EFFA-300x168.jpeg 300w, https:\/\/www.feuerwehr-halberstadt.de\/wp-content\/uploads\/2022\/05\/174B680A-EE65-458B-9E25-6BF9C636EFFA-768x429.jpeg 768w, https:\/\/www.feuerwehr-halberstadt.de\/wp-content\/uploads\/2022\/05\/174B680A-EE65-458B-9E25-6BF9C636EFFA-1536x859.jpeg 1536w, https:\/\/www.feuerwehr-halberstadt.de\/wp-content\/uploads\/2022\/05\/174B680A-EE65-458B-9E25-6BF9C636EFFA.jpeg 1662w\" sizes=\"auto, (max-width: 1024px) 100vw, 1024px\" \/><\/figure><\/li><li class=\"blocks-gallery-item\"><figure><img loading=\"lazy\" decoding=\"async\" width=\"1024\" height=\"683\" src=\"https:\/\/www.feuerwehr-halberstadt.de\/wp-content\/uploads\/2022\/05\/68D1C242-4E1D-433C-8CA5-E9F29450C684-1024x683.jpeg\" alt=\"\" data-id=\"12290\" data-full-url=\"https:\/\/www.feuerwehr-halberstadt.de\/wp-content\/uploads\/2022\/05\/68D1C242-4E1D-433C-8CA5-E9F29450C684.jpeg\" data-link=\"https:\/\/www.feuerwehr-halberstadt.de\/?attachment_id=12290\" class=\"wp-image-12290\" srcset=\"https:\/\/www.feuerwehr-halberstadt.de\/wp-content\/uploads\/2022\/05\/68D1C242-4E1D-433C-8CA5-E9F29450C684-1024x683.jpeg 1024w, https:\/\/www.feuerwehr-halberstadt.de\/wp-content\/uploads\/2022\/05\/68D1C242-4E1D-433C-8CA5-E9F29450C684-300x200.jpeg 300w, https:\/\/www.feuerwehr-halberstadt.de\/wp-content\/uploads\/2022\/05\/68D1C242-4E1D-433C-8CA5-E9F29450C684-768x512.jpeg 768w, https:\/\/www.feuerwehr-halberstadt.de\/wp-content\/uploads\/2022\/05\/68D1C242-4E1D-433C-8CA5-E9F29450C684-1536x1024.jpeg 1536w, https:\/\/www.feuerwehr-halberstadt.de\/wp-content\/uploads\/2022\/05\/68D1C242-4E1D-433C-8CA5-E9F29450C684.jpeg 1920w\" sizes=\"auto, (max-width: 1024px) 100vw, 1024px\" \/><\/figure><\/li><\/ul><\/figure>\n<\/div><\/div>\n<\/div>\n<\/div>\n","protected":false},"excerpt":{"rendered":"<p>Am Montag, dem 02.05.2022, beendeten acht Teilnehmer aus den Feuerwehren Halberstadt, Klein Quenstedt, Hedersleben und Gro\u00df Quenstedt erfolgreich ihren Grundlehrgang, welcher \u00fcber mehrere Wochen in der Feuer- und Umweltwache Halberstadt durchgef\u00fchrt wurde. Neben den Rechtsgrundlagen, den Unfallverh\u00fctungsvorschriften, Ger\u00e4tekunde, Fahrzeugkunde, Erste-Hilfe und Verhalten bei Gefahren, waren auch einige weitere theoretische und praktische Ausbildungsstunden abzuleisten, so auch [&hellip;]<\/p>\n","protected":false},"author":3,"featured_media":12288,"comment_status":"closed","ping_status":"closed","sticky":false,"template":"","format":"standard","meta":{"_acf_changed":false,"footnotes":""},"categories":[24],"tags":[],"class_list":["post-12293","post","type-post","status-publish","format-standard","has-post-thumbnail","hentry","category-ausbildung"],"acf":[],"yoast_head":"<!-- This site is optimized with the Yoast SEO plugin v27.4 - https:\/\/yoast.com\/product\/yoast-seo-wordpress\/ -->\n<title>Grundlehrgang 2022 erfolgreich beendet - Feuerwehr Halberstadt<\/title>\n<meta name=\"robots\" content=\"index, follow, max-snippet:-1, max-image-preview:large, max-video-preview:-1\" \/>\n<link rel=\"canonical\" href=\"https:\/\/www.feuerwehr-halberstadt.de\/?p=12293\" \/>\n<meta property=\"og:locale\" content=\"de_DE\" \/>\n<meta property=\"og:type\" content=\"article\" \/>\n<meta property=\"og:title\" content=\"Grundlehrgang 2022 erfolgreich beendet - Feuerwehr Halberstadt\" \/>\n<meta property=\"og:description\" content=\"Am Montag, dem 02.05.2022, beendeten acht Teilnehmer aus den Feuerwehren Halberstadt, Klein Quenstedt, Hedersleben und Gro\u00df Quenstedt erfolgreich ihren Grundlehrgang, welcher \u00fcber mehrere Wochen in der Feuer- und Umweltwache Halberstadt durchgef\u00fchrt wurde. Neben den Rechtsgrundlagen, den Unfallverh\u00fctungsvorschriften, Ger\u00e4tekunde, Fahrzeugkunde, Erste-Hilfe und Verhalten bei Gefahren, waren auch einige weitere theoretische und praktische Ausbildungsstunden abzuleisten, so auch [&hellip;]\" \/>\n<meta property=\"og:url\" content=\"https:\/\/www.feuerwehr-halberstadt.de\/?p=12293\" \/>\n<meta property=\"og:site_name\" content=\"Feuerwehr Halberstadt\" \/>\n<meta property=\"article:publisher\" content=\"https:\/\/www.facebook.com\/FeuerwehrHalberstadt\/\" \/>\n<meta property=\"article:published_time\" content=\"2022-05-02T18:53:37+00:00\" \/>\n<meta property=\"article:modified_time\" content=\"2022-05-02T18:53:38+00:00\" \/>\n<meta property=\"og:image\" content=\"https:\/\/www.feuerwehr-halberstadt.de\/wp-content\/uploads\/2022\/05\/3AF2FF89-FAAE-4C3E-ABE4-27DAB56D9280.jpeg\" \/>\n\t<meta property=\"og:image:width\" content=\"1920\" \/>\n\t<meta property=\"og:image:height\" content=\"1080\" \/>\n\t<meta property=\"og:image:type\" content=\"image\/jpeg\" \/>\n<meta name=\"author\" content=\"Buchold, Chris\" \/>\n<meta name=\"twitter:card\" content=\"summary_large_image\" \/>\n<meta name=\"twitter:label1\" content=\"Verfasst von\" \/>\n\t<meta name=\"twitter:data1\" content=\"Buchold, Chris\" \/>\n\t<meta name=\"twitter:label2\" content=\"Gesch\u00e4tzte Lesezeit\" \/>\n\t<meta name=\"twitter:data2\" content=\"2\u00a0Minuten\" \/>\n<script type=\"application\/ld+json\" class=\"yoast-schema-graph\">{\"@context\":\"https:\\\/\\\/schema.org\",\"@graph\":[{\"@type\":\"Article\",\"@id\":\"https:\\\/\\\/www.feuerwehr-halberstadt.de\\\/?p=12293#article\",\"isPartOf\":{\"@id\":\"https:\\\/\\\/www.feuerwehr-halberstadt.de\\\/?p=12293\"},\"author\":{\"name\":\"Buchold, Chris\",\"@id\":\"https:\\\/\\\/www.feuerwehr-halberstadt.de\\\/#\\\/schema\\\/person\\\/55ce5d9b46008e58cd3d55d4116ec727\"},\"headline\":\"Grundlehrgang 2022 erfolgreich beendet\",\"datePublished\":\"2022-05-02T18:53:37+00:00\",\"dateModified\":\"2022-05-02T18:53:38+00:00\",\"mainEntityOfPage\":{\"@id\":\"https:\\\/\\\/www.feuerwehr-halberstadt.de\\\/?p=12293\"},\"wordCount\":145,\"publisher\":{\"@id\":\"https:\\\/\\\/www.feuerwehr-halberstadt.de\\\/#organization\"},\"image\":{\"@id\":\"https:\\\/\\\/www.feuerwehr-halberstadt.de\\\/?p=12293#primaryimage\"},\"thumbnailUrl\":\"https:\\\/\\\/www.feuerwehr-halberstadt.de\\\/wp-content\\\/uploads\\\/2022\\\/05\\\/3AF2FF89-FAAE-4C3E-ABE4-27DAB56D9280.jpeg\",\"articleSection\":[\"Ausbildung\"],\"inLanguage\":\"de\"},{\"@type\":\"WebPage\",\"@id\":\"https:\\\/\\\/www.feuerwehr-halberstadt.de\\\/?p=12293\",\"url\":\"https:\\\/\\\/www.feuerwehr-halberstadt.de\\\/?p=12293\",\"name\":\"Grundlehrgang 2022 erfolgreich beendet - Feuerwehr Halberstadt\",\"isPartOf\":{\"@id\":\"https:\\\/\\\/www.feuerwehr-halberstadt.de\\\/#website\"},\"primaryImageOfPage\":{\"@id\":\"https:\\\/\\\/www.feuerwehr-halberstadt.de\\\/?p=12293#primaryimage\"},\"image\":{\"@id\":\"https:\\\/\\\/www.feuerwehr-halberstadt.de\\\/?p=12293#primaryimage\"},\"thumbnailUrl\":\"https:\\\/\\\/www.feuerwehr-halberstadt.de\\\/wp-content\\\/uploads\\\/2022\\\/05\\\/3AF2FF89-FAAE-4C3E-ABE4-27DAB56D9280.jpeg\",\"datePublished\":\"2022-05-02T18:53:37+00:00\",\"dateModified\":\"2022-05-02T18:53:38+00:00\",\"breadcrumb\":{\"@id\":\"https:\\\/\\\/www.feuerwehr-halberstadt.de\\\/?p=12293#breadcrumb\"},\"inLanguage\":\"de\",\"potentialAction\":[{\"@type\":\"ReadAction\",\"target\":[\"https:\\\/\\\/www.feuerwehr-halberstadt.de\\\/?p=12293\"]}]},{\"@type\":\"ImageObject\",\"inLanguage\":\"de\",\"@id\":\"https:\\\/\\\/www.feuerwehr-halberstadt.de\\\/?p=12293#primaryimage\",\"url\":\"https:\\\/\\\/www.feuerwehr-halberstadt.de\\\/wp-content\\\/uploads\\\/2022\\\/05\\\/3AF2FF89-FAAE-4C3E-ABE4-27DAB56D9280.jpeg\",\"contentUrl\":\"https:\\\/\\\/www.feuerwehr-halberstadt.de\\\/wp-content\\\/uploads\\\/2022\\\/05\\\/3AF2FF89-FAAE-4C3E-ABE4-27DAB56D9280.jpeg\",\"width\":1920,\"height\":1080},{\"@type\":\"BreadcrumbList\",\"@id\":\"https:\\\/\\\/www.feuerwehr-halberstadt.de\\\/?p=12293#breadcrumb\",\"itemListElement\":[{\"@type\":\"ListItem\",\"position\":1,\"name\":\"Startseite\",\"item\":\"https:\\\/\\\/www.feuerwehr-halberstadt.de\\\/\"},{\"@type\":\"ListItem\",\"position\":2,\"name\":\"Grundlehrgang 2022 erfolgreich beendet\"}]},{\"@type\":\"WebSite\",\"@id\":\"https:\\\/\\\/www.feuerwehr-halberstadt.de\\\/#website\",\"url\":\"https:\\\/\\\/www.feuerwehr-halberstadt.de\\\/\",\"name\":\"Feuerwehr Halberstadt\",\"description\":\"#imEinsatzf\u00fcrHalberstadt\",\"publisher\":{\"@id\":\"https:\\\/\\\/www.feuerwehr-halberstadt.de\\\/#organization\"},\"potentialAction\":[{\"@type\":\"SearchAction\",\"target\":{\"@type\":\"EntryPoint\",\"urlTemplate\":\"https:\\\/\\\/www.feuerwehr-halberstadt.de\\\/?s={search_term_string}\"},\"query-input\":{\"@type\":\"PropertyValueSpecification\",\"valueRequired\":true,\"valueName\":\"search_term_string\"}}],\"inLanguage\":\"de\"},{\"@type\":\"Organization\",\"@id\":\"https:\\\/\\\/www.feuerwehr-halberstadt.de\\\/#organization\",\"name\":\"Feuerwehr Halberstadt\",\"url\":\"https:\\\/\\\/www.feuerwehr-halberstadt.de\\\/\",\"logo\":{\"@type\":\"ImageObject\",\"inLanguage\":\"de\",\"@id\":\"https:\\\/\\\/www.feuerwehr-halberstadt.de\\\/#\\\/schema\\\/logo\\\/image\\\/\",\"url\":\"https:\\\/\\\/www.feuerwehr-halberstadt.de\\\/wp-content\\\/uploads\\\/2023\\\/10\\\/IMG_0126.png\",\"contentUrl\":\"https:\\\/\\\/www.feuerwehr-halberstadt.de\\\/wp-content\\\/uploads\\\/2023\\\/10\\\/IMG_0126.png\",\"width\":1500,\"height\":399,\"caption\":\"Feuerwehr Halberstadt\"},\"image\":{\"@id\":\"https:\\\/\\\/www.feuerwehr-halberstadt.de\\\/#\\\/schema\\\/logo\\\/image\\\/\"},\"sameAs\":[\"https:\\\/\\\/www.facebook.com\\\/FeuerwehrHalberstadt\\\/\"]},{\"@type\":\"Person\",\"@id\":\"https:\\\/\\\/www.feuerwehr-halberstadt.de\\\/#\\\/schema\\\/person\\\/55ce5d9b46008e58cd3d55d4116ec727\",\"name\":\"Buchold, Chris\",\"image\":{\"@type\":\"ImageObject\",\"inLanguage\":\"de\",\"@id\":\"https:\\\/\\\/secure.gravatar.com\\\/avatar\\\/bff08a084f0390bf8a93fc28c488452766ba521109cec244ac64210fdd500a49?s=96&d=mm&r=g\",\"url\":\"https:\\\/\\\/secure.gravatar.com\\\/avatar\\\/bff08a084f0390bf8a93fc28c488452766ba521109cec244ac64210fdd500a49?s=96&d=mm&r=g\",\"contentUrl\":\"https:\\\/\\\/secure.gravatar.com\\\/avatar\\\/bff08a084f0390bf8a93fc28c488452766ba521109cec244ac64210fdd500a49?s=96&d=mm&r=g\",\"caption\":\"Buchold, Chris\"},\"url\":\"https:\\\/\\\/www.feuerwehr-halberstadt.de\\\/?author=3\"}]}<\/script>\n<!-- \/ Yoast SEO plugin. -->","yoast_head_json":{"title":"Grundlehrgang 2022 erfolgreich beendet - Feuerwehr Halberstadt","robots":{"index":"index","follow":"follow","max-snippet":"max-snippet:-1","max-image-preview":"max-image-preview:large","max-video-preview":"max-video-preview:-1"},"canonical":"https:\/\/www.feuerwehr-halberstadt.de\/?p=12293","og_locale":"de_DE","og_type":"article","og_title":"Grundlehrgang 2022 erfolgreich beendet - Feuerwehr Halberstadt","og_description":"Am Montag, dem 02.05.2022, beendeten acht Teilnehmer aus den Feuerwehren Halberstadt, Klein Quenstedt, Hedersleben und Gro\u00df Quenstedt erfolgreich ihren Grundlehrgang, welcher \u00fcber mehrere Wochen in der Feuer- und Umweltwache Halberstadt durchgef\u00fchrt wurde. Neben den Rechtsgrundlagen, den Unfallverh\u00fctungsvorschriften, Ger\u00e4tekunde, Fahrzeugkunde, Erste-Hilfe und Verhalten bei Gefahren, waren auch einige weitere theoretische und praktische Ausbildungsstunden abzuleisten, so auch [&hellip;]","og_url":"https:\/\/www.feuerwehr-halberstadt.de\/?p=12293","og_site_name":"Feuerwehr Halberstadt","article_publisher":"https:\/\/www.facebook.com\/FeuerwehrHalberstadt\/","article_published_time":"2022-05-02T18:53:37+00:00","article_modified_time":"2022-05-02T18:53:38+00:00","og_image":[{"width":1920,"height":1080,"url":"https:\/\/www.feuerwehr-halberstadt.de\/wp-content\/uploads\/2022\/05\/3AF2FF89-FAAE-4C3E-ABE4-27DAB56D9280.jpeg","type":"image\/jpeg"}],"author":"Buchold, Chris","twitter_card":"summary_large_image","twitter_misc":{"Verfasst von":"Buchold, Chris","Gesch\u00e4tzte Lesezeit":"2\u00a0Minuten"},"schema":{"@context":"https:\/\/schema.org","@graph":[{"@type":"Article","@id":"https:\/\/www.feuerwehr-halberstadt.de\/?p=12293#article","isPartOf":{"@id":"https:\/\/www.feuerwehr-halberstadt.de\/?p=12293"},"author":{"name":"Buchold, Chris","@id":"https:\/\/www.feuerwehr-halberstadt.de\/#\/schema\/person\/55ce5d9b46008e58cd3d55d4116ec727"},"headline":"Grundlehrgang 2022 erfolgreich beendet","datePublished":"2022-05-02T18:53:37+00:00","dateModified":"2022-05-02T18:53:38+00:00","mainEntityOfPage":{"@id":"https:\/\/www.feuerwehr-halberstadt.de\/?p=12293"},"wordCount":145,"publisher":{"@id":"https:\/\/www.feuerwehr-halberstadt.de\/#organization"},"image":{"@id":"https:\/\/www.feuerwehr-halberstadt.de\/?p=12293#primaryimage"},"thumbnailUrl":"https:\/\/www.feuerwehr-halberstadt.de\/wp-content\/uploads\/2022\/05\/3AF2FF89-FAAE-4C3E-ABE4-27DAB56D9280.jpeg","articleSection":["Ausbildung"],"inLanguage":"de"},{"@type":"WebPage","@id":"https:\/\/www.feuerwehr-halberstadt.de\/?p=12293","url":"https:\/\/www.feuerwehr-halberstadt.de\/?p=12293","name":"Grundlehrgang 2022 erfolgreich beendet - Feuerwehr Halberstadt","isPartOf":{"@id":"https:\/\/www.feuerwehr-halberstadt.de\/#website"},"primaryImageOfPage":{"@id":"https:\/\/www.feuerwehr-halberstadt.de\/?p=12293#primaryimage"},"image":{"@id":"https:\/\/www.feuerwehr-halberstadt.de\/?p=12293#primaryimage"},"thumbnailUrl":"https:\/\/www.feuerwehr-halberstadt.de\/wp-content\/uploads\/2022\/05\/3AF2FF89-FAAE-4C3E-ABE4-27DAB56D9280.jpeg","datePublished":"2022-05-02T18:53:37+00:00","dateModified":"2022-05-02T18:53:38+00:00","breadcrumb":{"@id":"https:\/\/www.feuerwehr-halberstadt.de\/?p=12293#breadcrumb"},"inLanguage":"de","potentialAction":[{"@type":"ReadAction","target":["https:\/\/www.feuerwehr-halberstadt.de\/?p=12293"]}]},{"@type":"ImageObject","inLanguage":"de","@id":"https:\/\/www.feuerwehr-halberstadt.de\/?p=12293#primaryimage","url":"https:\/\/www.feuerwehr-halberstadt.de\/wp-content\/uploads\/2022\/05\/3AF2FF89-FAAE-4C3E-ABE4-27DAB56D9280.jpeg","contentUrl":"https:\/\/www.feuerwehr-halberstadt.de\/wp-content\/uploads\/2022\/05\/3AF2FF89-FAAE-4C3E-ABE4-27DAB56D9280.jpeg","width":1920,"height":1080},{"@type":"BreadcrumbList","@id":"https:\/\/www.feuerwehr-halberstadt.de\/?p=12293#breadcrumb","itemListElement":[{"@type":"ListItem","position":1,"name":"Startseite","item":"https:\/\/www.feuerwehr-halberstadt.de\/"},{"@type":"ListItem","position":2,"name":"Grundlehrgang 2022 erfolgreich beendet"}]},{"@type":"WebSite","@id":"https:\/\/www.feuerwehr-halberstadt.de\/#website","url":"https:\/\/www.feuerwehr-halberstadt.de\/","name":"Feuerwehr Halberstadt","description":"#imEinsatzf\u00fcrHalberstadt","publisher":{"@id":"https:\/\/www.feuerwehr-halberstadt.de\/#organization"},"potentialAction":[{"@type":"SearchAction","target":{"@type":"EntryPoint","urlTemplate":"https:\/\/www.feuerwehr-halberstadt.de\/?s={search_term_string}"},"query-input":{"@type":"PropertyValueSpecification","valueRequired":true,"valueName":"search_term_string"}}],"inLanguage":"de"},{"@type":"Organization","@id":"https:\/\/www.feuerwehr-halberstadt.de\/#organization","name":"Feuerwehr Halberstadt","url":"https:\/\/www.feuerwehr-halberstadt.de\/","logo":{"@type":"ImageObject","inLanguage":"de","@id":"https:\/\/www.feuerwehr-halberstadt.de\/#\/schema\/logo\/image\/","url":"https:\/\/www.feuerwehr-halberstadt.de\/wp-content\/uploads\/2023\/10\/IMG_0126.png","contentUrl":"https:\/\/www.feuerwehr-halberstadt.de\/wp-content\/uploads\/2023\/10\/IMG_0126.png","width":1500,"height":399,"caption":"Feuerwehr Halberstadt"},"image":{"@id":"https:\/\/www.feuerwehr-halberstadt.de\/#\/schema\/logo\/image\/"},"sameAs":["https:\/\/www.facebook.com\/FeuerwehrHalberstadt\/"]},{"@type":"Person","@id":"https:\/\/www.feuerwehr-halberstadt.de\/#\/schema\/person\/55ce5d9b46008e58cd3d55d4116ec727","name":"Buchold, Chris","image":{"@type":"ImageObject","inLanguage":"de","@id":"https:\/\/secure.gravatar.com\/avatar\/bff08a084f0390bf8a93fc28c488452766ba521109cec244ac64210fdd500a49?s=96&d=mm&r=g","url":"https:\/\/secure.gravatar.com\/avatar\/bff08a084f0390bf8a93fc28c488452766ba521109cec244ac64210fdd500a49?s=96&d=mm&r=g","contentUrl":"https:\/\/secure.gravatar.com\/avatar\/bff08a084f0390bf8a93fc28c488452766ba521109cec244ac64210fdd500a49?s=96&d=mm&r=g","caption":"Buchold, Chris"},"url":"https:\/\/www.feuerwehr-halberstadt.de\/?author=3"}]}},"_links":{"self":[{"href":"https:\/\/www.feuerwehr-halberstadt.de\/index.php?rest_route=\/wp\/v2\/posts\/12293","targetHints":{"allow":["GET"]}}],"collection":[{"href":"https:\/\/www.feuerwehr-halberstadt.de\/index.php?rest_route=\/wp\/v2\/posts"}],"about":[{"href":"https:\/\/www.feuerwehr-halberstadt.de\/index.php?rest_route=\/wp\/v2\/types\/post"}],"author":[{"embeddable":true,"href":"https:\/\/www.feuerwehr-halberstadt.de\/index.php?rest_route=\/wp\/v2\/users\/3"}],"replies":[{"embeddable":true,"href":"https:\/\/www.feuerwehr-halberstadt.de\/index.php?rest_route=%2Fwp%2Fv2%2Fcomments&post=12293"}],"version-history":[{"count":3,"href":"https:\/\/www.feuerwehr-halberstadt.de\/index.php?rest_route=\/wp\/v2\/posts\/12293\/revisions"}],"predecessor-version":[{"id":12397,"href":"https:\/\/www.feuerwehr-halberstadt.de\/index.php?rest_route=\/wp\/v2\/posts\/12293\/revisions\/12397"}],"wp:featuredmedia":[{"embeddable":true,"href":"https:\/\/www.feuerwehr-halberstadt.de\/index.php?rest_route=\/wp\/v2\/media\/12288"}],"wp:attachment":[{"href":"https:\/\/www.feuerwehr-halberstadt.de\/index.php?rest_route=%2Fwp%2Fv2%2Fmedia&parent=12293"}],"wp:term":[{"taxonomy":"category","embeddable":true,"href":"https:\/\/www.feuerwehr-halberstadt.de\/index.php?rest_route=%2Fwp%2Fv2%2Fcategories&post=12293"},{"taxonomy":"post_tag","embeddable":true,"href":"https:\/\/www.feuerwehr-halberstadt.de\/index.php?rest_route=%2Fwp%2Fv2%2Ftags&post=12293"}],"curies":[{"name":"wp","href":"https:\/\/api.w.org\/{rel}","templated":true}]}}