{"id":12256,"date":"2022-04-21T18:10:40","date_gmt":"2022-04-21T16:10:40","guid":{"rendered":"https:\/\/www.feuerwehr-halberstadt.de\/?p=12256"},"modified":"2022-04-21T18:10:55","modified_gmt":"2022-04-21T16:10:55","slug":"feuerwehr-foerderverein-als-verein-des-jahres-2022-ausgezeichnet","status":"publish","type":"post","link":"https:\/\/www.feuerwehr-halberstadt.de\/?p=12256","title":{"rendered":"Feuerwehr F\u00f6rderverein als \u201cVerein des Jahres 2022\u201d ausgezeichnet"},"content":{"rendered":"\n<p>Der Feuerwehr F\u00f6rderverein &#8222;St. Florian&#8220; Halberstadt e. V. ist \u201eVerein des Jahres 2022\u201c! Dies haben die Mitglieder des Kultur- und Sportausschusses bereits in ihrer Sitzung am 17.11.2021 entschieden. (Dar\u00fcber haben wir bereits berichtet.)<\/p>\n\n\n\n<p>Die Auszeichnung \u201eVerein des Jahres 2022\u201c ist eine Anerkennung f\u00fcr die geleistete Vereinsarbeit und eine Motivation f\u00fcr weiteres Engagement.<\/p>\n\n\n\n<p>Der Verein wurde am 25. Mai 1998 von 20 engagierten B\u00fcrgern gegr\u00fcndet. Im 23. Jahr seines Bestehens z\u00e4hlt er \u00fcber 200 Mitglieder. Schwerpunkte seiner Arbeit sind die Unterst\u00fctzung der Kinder- und Jugendarbeit in den Feuerwehren, F\u00f6rderung des Brandschutzgedankens in der Bev\u00f6lkerung und die Pflege der Geschichte der Feuerwehr, um nur einige zu nennen. Im Jahr 2020 j\u00e4hrte sich zum 30. Mal die Unterzeichnung der Partnerschaftsbeziehungen zur F\u00f6rderung des Feuerl\u00f6schwesens, im Erfahrungsaustausch und der Kameradschaft zwischen den Feuerwehren Halberstadt und Wolfsburg.<br><br>Die Stadtr\u00e4te haben mit einer Beschlussfassung im April 2018 zur Verleihung von Ehrenbezeichnungen der Stadt entschieden, dass die Vorank\u00fcndigung \u00fcber die Verleihung der Ehrenurkunden \u201eVerein des Jahres\u201c und \u201ePers\u00f6nlichkeit des Jahres\u201c zum Tag des Ehrenamtes am 5. Dezember in Form einer Presseinformation erfolgt. Die feierliche Auszeichnung findet f\u00fcr gew\u00f6hnlich beim j\u00e4hrlichen Neujahrsempfang der Stadt Halberstadt statt. Da dieser auch in diesem Jahr aufgrund des Pandemiegeschehens nicht stattfinden konnte, wurde die Auszeichnung im Rahmen der heutigen Stadtratssitzung vorgenommen. Dazu hat der Vorsitzende des Feuerwehr F\u00f6rdervereins, Harald B\u00f6er, die Urkunde von Stadtratspr\u00e4sident Dr. Volker B\u00fcrger und einen Zuschuss in H\u00f6he von 250 \u20ac von Oberb\u00fcrgermeister Daniel Szarata entgegen genommen.<\/p>\n\n\n\n<figure class=\"wp-block-image size-large\"><img loading=\"lazy\" decoding=\"async\" width=\"640\" height=\"427\" src=\"https:\/\/www.feuerwehr-halberstadt.de\/wp-content\/uploads\/2022\/04\/3B3898F5-8C26-4AEA-8F2A-48F1D1CFD25F.jpeg\" alt=\"\" class=\"wp-image-12267\" srcset=\"https:\/\/www.feuerwehr-halberstadt.de\/wp-content\/uploads\/2022\/04\/3B3898F5-8C26-4AEA-8F2A-48F1D1CFD25F.jpeg 640w, https:\/\/www.feuerwehr-halberstadt.de\/wp-content\/uploads\/2022\/04\/3B3898F5-8C26-4AEA-8F2A-48F1D1CFD25F-300x200.jpeg 300w\" sizes=\"auto, (max-width: 640px) 100vw, 640px\" \/><\/figure>\n","protected":false},"excerpt":{"rendered":"<p>Der Feuerwehr F\u00f6rderverein &#8222;St. Florian&#8220; Halberstadt e. V. ist \u201eVerein des Jahres 2022\u201c! Dies haben die Mitglieder des Kultur- und Sportausschusses bereits in ihrer Sitzung am 17.11.2021 entschieden. (Dar\u00fcber haben wir bereits berichtet.) Die Auszeichnung \u201eVerein des Jahres 2022\u201c ist eine Anerkennung f\u00fcr die geleistete Vereinsarbeit und eine Motivation f\u00fcr weiteres Engagement. Der Verein wurde [&hellip;]<\/p>\n","protected":false},"author":3,"featured_media":12268,"comment_status":"closed","ping_status":"closed","sticky":false,"template":"","format":"standard","meta":{"_acf_changed":false,"footnotes":""},"categories":[10],"tags":[],"class_list":["post-12256","post","type-post","status-publish","format-standard","has-post-thumbnail","hentry","category-foerderverein"],"acf":[],"yoast_head":"<!-- This site is optimized with the Yoast SEO plugin v27.4 - https:\/\/yoast.com\/product\/yoast-seo-wordpress\/ -->\n<title>Feuerwehr F\u00f6rderverein als \u201cVerein des Jahres 2022\u201d ausgezeichnet - Feuerwehr Halberstadt<\/title>\n<meta name=\"robots\" content=\"index, follow, max-snippet:-1, max-image-preview:large, max-video-preview:-1\" \/>\n<link rel=\"canonical\" href=\"https:\/\/www.feuerwehr-halberstadt.de\/?p=12256\" \/>\n<meta property=\"og:locale\" content=\"de_DE\" \/>\n<meta property=\"og:type\" content=\"article\" \/>\n<meta property=\"og:title\" content=\"Feuerwehr F\u00f6rderverein als \u201cVerein des Jahres 2022\u201d ausgezeichnet - Feuerwehr Halberstadt\" \/>\n<meta property=\"og:description\" content=\"Der Feuerwehr F\u00f6rderverein &#8222;St. Florian&#8220; Halberstadt e. V. ist \u201eVerein des Jahres 2022\u201c! Dies haben die Mitglieder des Kultur- und Sportausschusses bereits in ihrer Sitzung am 17.11.2021 entschieden. (Dar\u00fcber haben wir bereits berichtet.) Die Auszeichnung \u201eVerein des Jahres 2022\u201c ist eine Anerkennung f\u00fcr die geleistete Vereinsarbeit und eine Motivation f\u00fcr weiteres Engagement. Der Verein wurde [&hellip;]\" \/>\n<meta property=\"og:url\" content=\"https:\/\/www.feuerwehr-halberstadt.de\/?p=12256\" \/>\n<meta property=\"og:site_name\" content=\"Feuerwehr Halberstadt\" \/>\n<meta property=\"article:publisher\" content=\"https:\/\/www.facebook.com\/FeuerwehrHalberstadt\/\" \/>\n<meta property=\"article:published_time\" content=\"2022-04-21T16:10:40+00:00\" \/>\n<meta property=\"article:modified_time\" content=\"2022-04-21T16:10:55+00:00\" \/>\n<meta property=\"og:image\" content=\"https:\/\/www.feuerwehr-halberstadt.de\/wp-content\/uploads\/2022\/04\/7D876325-F052-4307-B51C-82E9F04C46BD.jpeg\" \/>\n\t<meta property=\"og:image:width\" content=\"640\" \/>\n\t<meta property=\"og:image:height\" content=\"427\" \/>\n\t<meta property=\"og:image:type\" content=\"image\/jpeg\" \/>\n<meta name=\"author\" content=\"Buchold, Chris\" \/>\n<meta name=\"twitter:card\" content=\"summary_large_image\" \/>\n<meta name=\"twitter:label1\" content=\"Verfasst von\" \/>\n\t<meta name=\"twitter:data1\" content=\"Buchold, Chris\" \/>\n\t<meta name=\"twitter:label2\" content=\"Gesch\u00e4tzte Lesezeit\" \/>\n\t<meta name=\"twitter:data2\" content=\"2\u00a0Minuten\" \/>\n<script type=\"application\/ld+json\" class=\"yoast-schema-graph\">{\"@context\":\"https:\\\/\\\/schema.org\",\"@graph\":[{\"@type\":\"Article\",\"@id\":\"https:\\\/\\\/www.feuerwehr-halberstadt.de\\\/?p=12256#article\",\"isPartOf\":{\"@id\":\"https:\\\/\\\/www.feuerwehr-halberstadt.de\\\/?p=12256\"},\"author\":{\"name\":\"Buchold, Chris\",\"@id\":\"https:\\\/\\\/www.feuerwehr-halberstadt.de\\\/#\\\/schema\\\/person\\\/55ce5d9b46008e58cd3d55d4116ec727\"},\"headline\":\"Feuerwehr F\u00f6rderverein als \u201cVerein des Jahres 2022\u201d ausgezeichnet\",\"datePublished\":\"2022-04-21T16:10:40+00:00\",\"dateModified\":\"2022-04-21T16:10:55+00:00\",\"mainEntityOfPage\":{\"@id\":\"https:\\\/\\\/www.feuerwehr-halberstadt.de\\\/?p=12256\"},\"wordCount\":258,\"publisher\":{\"@id\":\"https:\\\/\\\/www.feuerwehr-halberstadt.de\\\/#organization\"},\"image\":{\"@id\":\"https:\\\/\\\/www.feuerwehr-halberstadt.de\\\/?p=12256#primaryimage\"},\"thumbnailUrl\":\"https:\\\/\\\/www.feuerwehr-halberstadt.de\\\/wp-content\\\/uploads\\\/2022\\\/04\\\/7D876325-F052-4307-B51C-82E9F04C46BD.jpeg\",\"articleSection\":[\"F\u00f6rderverein\"],\"inLanguage\":\"de\"},{\"@type\":\"WebPage\",\"@id\":\"https:\\\/\\\/www.feuerwehr-halberstadt.de\\\/?p=12256\",\"url\":\"https:\\\/\\\/www.feuerwehr-halberstadt.de\\\/?p=12256\",\"name\":\"Feuerwehr F\u00f6rderverein als \u201cVerein des Jahres 2022\u201d ausgezeichnet - Feuerwehr Halberstadt\",\"isPartOf\":{\"@id\":\"https:\\\/\\\/www.feuerwehr-halberstadt.de\\\/#website\"},\"primaryImageOfPage\":{\"@id\":\"https:\\\/\\\/www.feuerwehr-halberstadt.de\\\/?p=12256#primaryimage\"},\"image\":{\"@id\":\"https:\\\/\\\/www.feuerwehr-halberstadt.de\\\/?p=12256#primaryimage\"},\"thumbnailUrl\":\"https:\\\/\\\/www.feuerwehr-halberstadt.de\\\/wp-content\\\/uploads\\\/2022\\\/04\\\/7D876325-F052-4307-B51C-82E9F04C46BD.jpeg\",\"datePublished\":\"2022-04-21T16:10:40+00:00\",\"dateModified\":\"2022-04-21T16:10:55+00:00\",\"breadcrumb\":{\"@id\":\"https:\\\/\\\/www.feuerwehr-halberstadt.de\\\/?p=12256#breadcrumb\"},\"inLanguage\":\"de\",\"potentialAction\":[{\"@type\":\"ReadAction\",\"target\":[\"https:\\\/\\\/www.feuerwehr-halberstadt.de\\\/?p=12256\"]}]},{\"@type\":\"ImageObject\",\"inLanguage\":\"de\",\"@id\":\"https:\\\/\\\/www.feuerwehr-halberstadt.de\\\/?p=12256#primaryimage\",\"url\":\"https:\\\/\\\/www.feuerwehr-halberstadt.de\\\/wp-content\\\/uploads\\\/2022\\\/04\\\/7D876325-F052-4307-B51C-82E9F04C46BD.jpeg\",\"contentUrl\":\"https:\\\/\\\/www.feuerwehr-halberstadt.de\\\/wp-content\\\/uploads\\\/2022\\\/04\\\/7D876325-F052-4307-B51C-82E9F04C46BD.jpeg\",\"width\":640,\"height\":427},{\"@type\":\"BreadcrumbList\",\"@id\":\"https:\\\/\\\/www.feuerwehr-halberstadt.de\\\/?p=12256#breadcrumb\",\"itemListElement\":[{\"@type\":\"ListItem\",\"position\":1,\"name\":\"Startseite\",\"item\":\"https:\\\/\\\/www.feuerwehr-halberstadt.de\\\/\"},{\"@type\":\"ListItem\",\"position\":2,\"name\":\"Feuerwehr F\u00f6rderverein als \u201cVerein des Jahres 2022\u201d ausgezeichnet\"}]},{\"@type\":\"WebSite\",\"@id\":\"https:\\\/\\\/www.feuerwehr-halberstadt.de\\\/#website\",\"url\":\"https:\\\/\\\/www.feuerwehr-halberstadt.de\\\/\",\"name\":\"Feuerwehr Halberstadt\",\"description\":\"#imEinsatzf\u00fcrHalberstadt\",\"publisher\":{\"@id\":\"https:\\\/\\\/www.feuerwehr-halberstadt.de\\\/#organization\"},\"potentialAction\":[{\"@type\":\"SearchAction\",\"target\":{\"@type\":\"EntryPoint\",\"urlTemplate\":\"https:\\\/\\\/www.feuerwehr-halberstadt.de\\\/?s={search_term_string}\"},\"query-input\":{\"@type\":\"PropertyValueSpecification\",\"valueRequired\":true,\"valueName\":\"search_term_string\"}}],\"inLanguage\":\"de\"},{\"@type\":\"Organization\",\"@id\":\"https:\\\/\\\/www.feuerwehr-halberstadt.de\\\/#organization\",\"name\":\"Feuerwehr Halberstadt\",\"url\":\"https:\\\/\\\/www.feuerwehr-halberstadt.de\\\/\",\"logo\":{\"@type\":\"ImageObject\",\"inLanguage\":\"de\",\"@id\":\"https:\\\/\\\/www.feuerwehr-halberstadt.de\\\/#\\\/schema\\\/logo\\\/image\\\/\",\"url\":\"https:\\\/\\\/www.feuerwehr-halberstadt.de\\\/wp-content\\\/uploads\\\/2023\\\/10\\\/IMG_0126.png\",\"contentUrl\":\"https:\\\/\\\/www.feuerwehr-halberstadt.de\\\/wp-content\\\/uploads\\\/2023\\\/10\\\/IMG_0126.png\",\"width\":1500,\"height\":399,\"caption\":\"Feuerwehr Halberstadt\"},\"image\":{\"@id\":\"https:\\\/\\\/www.feuerwehr-halberstadt.de\\\/#\\\/schema\\\/logo\\\/image\\\/\"},\"sameAs\":[\"https:\\\/\\\/www.facebook.com\\\/FeuerwehrHalberstadt\\\/\"]},{\"@type\":\"Person\",\"@id\":\"https:\\\/\\\/www.feuerwehr-halberstadt.de\\\/#\\\/schema\\\/person\\\/55ce5d9b46008e58cd3d55d4116ec727\",\"name\":\"Buchold, Chris\",\"image\":{\"@type\":\"ImageObject\",\"inLanguage\":\"de\",\"@id\":\"https:\\\/\\\/secure.gravatar.com\\\/avatar\\\/bff08a084f0390bf8a93fc28c488452766ba521109cec244ac64210fdd500a49?s=96&d=mm&r=g\",\"url\":\"https:\\\/\\\/secure.gravatar.com\\\/avatar\\\/bff08a084f0390bf8a93fc28c488452766ba521109cec244ac64210fdd500a49?s=96&d=mm&r=g\",\"contentUrl\":\"https:\\\/\\\/secure.gravatar.com\\\/avatar\\\/bff08a084f0390bf8a93fc28c488452766ba521109cec244ac64210fdd500a49?s=96&d=mm&r=g\",\"caption\":\"Buchold, Chris\"},\"url\":\"https:\\\/\\\/www.feuerwehr-halberstadt.de\\\/?author=3\"}]}<\/script>\n<!-- \/ Yoast SEO plugin. -->","yoast_head_json":{"title":"Feuerwehr F\u00f6rderverein als \u201cVerein des Jahres 2022\u201d ausgezeichnet - Feuerwehr Halberstadt","robots":{"index":"index","follow":"follow","max-snippet":"max-snippet:-1","max-image-preview":"max-image-preview:large","max-video-preview":"max-video-preview:-1"},"canonical":"https:\/\/www.feuerwehr-halberstadt.de\/?p=12256","og_locale":"de_DE","og_type":"article","og_title":"Feuerwehr F\u00f6rderverein als \u201cVerein des Jahres 2022\u201d ausgezeichnet - Feuerwehr Halberstadt","og_description":"Der Feuerwehr F\u00f6rderverein &#8222;St. Florian&#8220; Halberstadt e. V. ist \u201eVerein des Jahres 2022\u201c! Dies haben die Mitglieder des Kultur- und Sportausschusses bereits in ihrer Sitzung am 17.11.2021 entschieden. (Dar\u00fcber haben wir bereits berichtet.) Die Auszeichnung \u201eVerein des Jahres 2022\u201c ist eine Anerkennung f\u00fcr die geleistete Vereinsarbeit und eine Motivation f\u00fcr weiteres Engagement. Der Verein wurde [&hellip;]","og_url":"https:\/\/www.feuerwehr-halberstadt.de\/?p=12256","og_site_name":"Feuerwehr Halberstadt","article_publisher":"https:\/\/www.facebook.com\/FeuerwehrHalberstadt\/","article_published_time":"2022-04-21T16:10:40+00:00","article_modified_time":"2022-04-21T16:10:55+00:00","og_image":[{"width":640,"height":427,"url":"https:\/\/www.feuerwehr-halberstadt.de\/wp-content\/uploads\/2022\/04\/7D876325-F052-4307-B51C-82E9F04C46BD.jpeg","type":"image\/jpeg"}],"author":"Buchold, Chris","twitter_card":"summary_large_image","twitter_misc":{"Verfasst von":"Buchold, Chris","Gesch\u00e4tzte Lesezeit":"2\u00a0Minuten"},"schema":{"@context":"https:\/\/schema.org","@graph":[{"@type":"Article","@id":"https:\/\/www.feuerwehr-halberstadt.de\/?p=12256#article","isPartOf":{"@id":"https:\/\/www.feuerwehr-halberstadt.de\/?p=12256"},"author":{"name":"Buchold, Chris","@id":"https:\/\/www.feuerwehr-halberstadt.de\/#\/schema\/person\/55ce5d9b46008e58cd3d55d4116ec727"},"headline":"Feuerwehr F\u00f6rderverein als \u201cVerein des Jahres 2022\u201d ausgezeichnet","datePublished":"2022-04-21T16:10:40+00:00","dateModified":"2022-04-21T16:10:55+00:00","mainEntityOfPage":{"@id":"https:\/\/www.feuerwehr-halberstadt.de\/?p=12256"},"wordCount":258,"publisher":{"@id":"https:\/\/www.feuerwehr-halberstadt.de\/#organization"},"image":{"@id":"https:\/\/www.feuerwehr-halberstadt.de\/?p=12256#primaryimage"},"thumbnailUrl":"https:\/\/www.feuerwehr-halberstadt.de\/wp-content\/uploads\/2022\/04\/7D876325-F052-4307-B51C-82E9F04C46BD.jpeg","articleSection":["F\u00f6rderverein"],"inLanguage":"de"},{"@type":"WebPage","@id":"https:\/\/www.feuerwehr-halberstadt.de\/?p=12256","url":"https:\/\/www.feuerwehr-halberstadt.de\/?p=12256","name":"Feuerwehr F\u00f6rderverein als \u201cVerein des Jahres 2022\u201d ausgezeichnet - Feuerwehr Halberstadt","isPartOf":{"@id":"https:\/\/www.feuerwehr-halberstadt.de\/#website"},"primaryImageOfPage":{"@id":"https:\/\/www.feuerwehr-halberstadt.de\/?p=12256#primaryimage"},"image":{"@id":"https:\/\/www.feuerwehr-halberstadt.de\/?p=12256#primaryimage"},"thumbnailUrl":"https:\/\/www.feuerwehr-halberstadt.de\/wp-content\/uploads\/2022\/04\/7D876325-F052-4307-B51C-82E9F04C46BD.jpeg","datePublished":"2022-04-21T16:10:40+00:00","dateModified":"2022-04-21T16:10:55+00:00","breadcrumb":{"@id":"https:\/\/www.feuerwehr-halberstadt.de\/?p=12256#breadcrumb"},"inLanguage":"de","potentialAction":[{"@type":"ReadAction","target":["https:\/\/www.feuerwehr-halberstadt.de\/?p=12256"]}]},{"@type":"ImageObject","inLanguage":"de","@id":"https:\/\/www.feuerwehr-halberstadt.de\/?p=12256#primaryimage","url":"https:\/\/www.feuerwehr-halberstadt.de\/wp-content\/uploads\/2022\/04\/7D876325-F052-4307-B51C-82E9F04C46BD.jpeg","contentUrl":"https:\/\/www.feuerwehr-halberstadt.de\/wp-content\/uploads\/2022\/04\/7D876325-F052-4307-B51C-82E9F04C46BD.jpeg","width":640,"height":427},{"@type":"BreadcrumbList","@id":"https:\/\/www.feuerwehr-halberstadt.de\/?p=12256#breadcrumb","itemListElement":[{"@type":"ListItem","position":1,"name":"Startseite","item":"https:\/\/www.feuerwehr-halberstadt.de\/"},{"@type":"ListItem","position":2,"name":"Feuerwehr F\u00f6rderverein als \u201cVerein des Jahres 2022\u201d ausgezeichnet"}]},{"@type":"WebSite","@id":"https:\/\/www.feuerwehr-halberstadt.de\/#website","url":"https:\/\/www.feuerwehr-halberstadt.de\/","name":"Feuerwehr Halberstadt","description":"#imEinsatzf\u00fcrHalberstadt","publisher":{"@id":"https:\/\/www.feuerwehr-halberstadt.de\/#organization"},"potentialAction":[{"@type":"SearchAction","target":{"@type":"EntryPoint","urlTemplate":"https:\/\/www.feuerwehr-halberstadt.de\/?s={search_term_string}"},"query-input":{"@type":"PropertyValueSpecification","valueRequired":true,"valueName":"search_term_string"}}],"inLanguage":"de"},{"@type":"Organization","@id":"https:\/\/www.feuerwehr-halberstadt.de\/#organization","name":"Feuerwehr Halberstadt","url":"https:\/\/www.feuerwehr-halberstadt.de\/","logo":{"@type":"ImageObject","inLanguage":"de","@id":"https:\/\/www.feuerwehr-halberstadt.de\/#\/schema\/logo\/image\/","url":"https:\/\/www.feuerwehr-halberstadt.de\/wp-content\/uploads\/2023\/10\/IMG_0126.png","contentUrl":"https:\/\/www.feuerwehr-halberstadt.de\/wp-content\/uploads\/2023\/10\/IMG_0126.png","width":1500,"height":399,"caption":"Feuerwehr Halberstadt"},"image":{"@id":"https:\/\/www.feuerwehr-halberstadt.de\/#\/schema\/logo\/image\/"},"sameAs":["https:\/\/www.facebook.com\/FeuerwehrHalberstadt\/"]},{"@type":"Person","@id":"https:\/\/www.feuerwehr-halberstadt.de\/#\/schema\/person\/55ce5d9b46008e58cd3d55d4116ec727","name":"Buchold, Chris","image":{"@type":"ImageObject","inLanguage":"de","@id":"https:\/\/secure.gravatar.com\/avatar\/bff08a084f0390bf8a93fc28c488452766ba521109cec244ac64210fdd500a49?s=96&d=mm&r=g","url":"https:\/\/secure.gravatar.com\/avatar\/bff08a084f0390bf8a93fc28c488452766ba521109cec244ac64210fdd500a49?s=96&d=mm&r=g","contentUrl":"https:\/\/secure.gravatar.com\/avatar\/bff08a084f0390bf8a93fc28c488452766ba521109cec244ac64210fdd500a49?s=96&d=mm&r=g","caption":"Buchold, Chris"},"url":"https:\/\/www.feuerwehr-halberstadt.de\/?author=3"}]}},"_links":{"self":[{"href":"https:\/\/www.feuerwehr-halberstadt.de\/index.php?rest_route=\/wp\/v2\/posts\/12256","targetHints":{"allow":["GET"]}}],"collection":[{"href":"https:\/\/www.feuerwehr-halberstadt.de\/index.php?rest_route=\/wp\/v2\/posts"}],"about":[{"href":"https:\/\/www.feuerwehr-halberstadt.de\/index.php?rest_route=\/wp\/v2\/types\/post"}],"author":[{"embeddable":true,"href":"https:\/\/www.feuerwehr-halberstadt.de\/index.php?rest_route=\/wp\/v2\/users\/3"}],"replies":[{"embeddable":true,"href":"https:\/\/www.feuerwehr-halberstadt.de\/index.php?rest_route=%2Fwp%2Fv2%2Fcomments&post=12256"}],"version-history":[{"count":3,"href":"https:\/\/www.feuerwehr-halberstadt.de\/index.php?rest_route=\/wp\/v2\/posts\/12256\/revisions"}],"predecessor-version":[{"id":12270,"href":"https:\/\/www.feuerwehr-halberstadt.de\/index.php?rest_route=\/wp\/v2\/posts\/12256\/revisions\/12270"}],"wp:featuredmedia":[{"embeddable":true,"href":"https:\/\/www.feuerwehr-halberstadt.de\/index.php?rest_route=\/wp\/v2\/media\/12268"}],"wp:attachment":[{"href":"https:\/\/www.feuerwehr-halberstadt.de\/index.php?rest_route=%2Fwp%2Fv2%2Fmedia&parent=12256"}],"wp:term":[{"taxonomy":"category","embeddable":true,"href":"https:\/\/www.feuerwehr-halberstadt.de\/index.php?rest_route=%2Fwp%2Fv2%2Fcategories&post=12256"},{"taxonomy":"post_tag","embeddable":true,"href":"https:\/\/www.feuerwehr-halberstadt.de\/index.php?rest_route=%2Fwp%2Fv2%2Ftags&post=12256"}],"curies":[{"name":"wp","href":"https:\/\/api.w.org\/{rel}","templated":true}]}}