{"id":12058,"date":"2021-12-23T20:07:58","date_gmt":"2021-12-23T19:07:58","guid":{"rendered":"https:\/\/www.feuerwehr-halberstadt.de\/?p=12058"},"modified":"2021-12-23T20:07:58","modified_gmt":"2021-12-23T19:07:58","slug":"foerderverein-uebergibt-tagesdienstschuhe-an-jugendwarte","status":"publish","type":"post","link":"https:\/\/www.feuerwehr-halberstadt.de\/?p=12058","title":{"rendered":"F\u00f6rderverein \u00fcbergibt Tagesdienstschuhe an Jugendwarte"},"content":{"rendered":"\n<p>Kurz vor Weihnachten konnte der Vorstand des Feuerwehrf\u00f6rdervereins \u201eSankt Florian\u201c Halberstadt e.V. den Jugend- und Kinderfeuerwehrwarten einen lang gehegten Wunsch erf\u00fcllen \u2013 die Ausstattung mit Tagesdienstschuhen. Diese Tagesdienstschuhe haben alle Sicherheitsanforderungen f\u00fcr den Ausbildungsdienst in der Jugendfeuerwehr, sind aber wesentlich leichter als die Einsatzstiefel und haben einen h\u00f6heren Tragekomfort.<\/p>\n\n\n\n<p>Vereinsvorsitzender Harald B\u00f6er sagte bei der \u00dcbergabe: \u201eDas ist kein Weihnachtsgeschenk sondern eine Anerkennung f\u00fcr die gro\u00dfartige Arbeit die in den Nachwuchsabteilungen der Feuerwehr geleistet wird. Die Jugendwarte m\u00fcssen neben dem normalen Ausbildungs- und Einsatzdienst als Aktive auch noch die Ausbildung der Kinder- und Jugendfeuerwehren organisieren und durchf\u00fchren. Der zeitliche Aufwand ist dabei erheblich. &nbsp;Die Jugendwarte leisten dabei sowohl eine wertvolle soziale Arbeit mit den Kindern und Jugendlichen, wenn sie ihnen eine sinnvolle Freizeitbesch\u00e4ftigung bieten und dar\u00fcber hinaus sorgen sie daf\u00fcr, dass der so dringend ben\u00f6tigte Nachwuchs bei den aktiven Feuerwehrkameraden gewonnen werden kann. Die Schuhe sollen dabei eine Hilfe sein um den Dienst f\u00fcr die Kinder- und Jugendwarte etwas leichter und angenehmer zu gestalten.\u201c<\/p>\n\n\n\n<p>Der stellvertretende Stadtjugendfeuerwehrwart Stefan Gebauer bedankte sich beim F\u00f6rderverein f\u00fcr die Unterst\u00fctzung.<\/p>\n\n\n\n<p>Im Anschluss wurden die Schuhe von den anwesenden Jugendwarten anprobiert. Die Freude \u00fcber das Geschenk vom F\u00f6rderverein war den Kameraden dann auch im Gesicht anzusehen.<\/p>\n\n\n\n<p><\/p>\n\n\n\n<p>Text: Thomas Dittmer \/ F\u00f6rderverein<\/p>\n\n\n\n<figure class=\"wp-block-image size-large\"><img loading=\"lazy\" decoding=\"async\" width=\"1024\" height=\"768\" src=\"https:\/\/www.feuerwehr-halberstadt.de\/wp-content\/uploads\/2021\/12\/2A9B117A-5DB3-49A7-9797-5096AF54A673-1024x768.jpeg\" alt=\"\" class=\"wp-image-12056\" srcset=\"https:\/\/www.feuerwehr-halberstadt.de\/wp-content\/uploads\/2021\/12\/2A9B117A-5DB3-49A7-9797-5096AF54A673-1024x768.jpeg 1024w, https:\/\/www.feuerwehr-halberstadt.de\/wp-content\/uploads\/2021\/12\/2A9B117A-5DB3-49A7-9797-5096AF54A673-300x225.jpeg 300w, https:\/\/www.feuerwehr-halberstadt.de\/wp-content\/uploads\/2021\/12\/2A9B117A-5DB3-49A7-9797-5096AF54A673-768x576.jpeg 768w, https:\/\/www.feuerwehr-halberstadt.de\/wp-content\/uploads\/2021\/12\/2A9B117A-5DB3-49A7-9797-5096AF54A673-1536x1152.jpeg 1536w, https:\/\/www.feuerwehr-halberstadt.de\/wp-content\/uploads\/2021\/12\/2A9B117A-5DB3-49A7-9797-5096AF54A673.jpeg 2016w\" sizes=\"auto, (max-width: 1024px) 100vw, 1024px\" \/><\/figure>\n","protected":false},"excerpt":{"rendered":"<p>Kurz vor Weihnachten konnte der Vorstand des Feuerwehrf\u00f6rdervereins \u201eSankt Florian\u201c Halberstadt e.V. den Jugend- und Kinderfeuerwehrwarten einen lang gehegten Wunsch erf\u00fcllen \u2013 die Ausstattung mit Tagesdienstschuhen. Diese Tagesdienstschuhe haben alle Sicherheitsanforderungen f\u00fcr den Ausbildungsdienst in der Jugendfeuerwehr, sind aber wesentlich leichter als die Einsatzstiefel und haben einen h\u00f6heren Tragekomfort. Vereinsvorsitzender Harald B\u00f6er sagte bei der [&hellip;]<\/p>\n","protected":false},"author":3,"featured_media":12057,"comment_status":"closed","ping_status":"closed","sticky":false,"template":"","format":"standard","meta":{"_acf_changed":false,"footnotes":""},"categories":[9],"tags":[],"class_list":["post-12058","post","type-post","status-publish","format-standard","has-post-thumbnail","hentry","category-allgemein"],"acf":[],"yoast_head":"<!-- This site is optimized with the Yoast SEO plugin v27.4 - https:\/\/yoast.com\/product\/yoast-seo-wordpress\/ -->\n<title>F\u00f6rderverein \u00fcbergibt Tagesdienstschuhe an Jugendwarte - Feuerwehr Halberstadt<\/title>\n<meta name=\"robots\" content=\"index, follow, max-snippet:-1, max-image-preview:large, max-video-preview:-1\" \/>\n<link rel=\"canonical\" href=\"https:\/\/www.feuerwehr-halberstadt.de\/?p=12058\" \/>\n<meta property=\"og:locale\" content=\"de_DE\" \/>\n<meta property=\"og:type\" content=\"article\" \/>\n<meta property=\"og:title\" content=\"F\u00f6rderverein \u00fcbergibt Tagesdienstschuhe an Jugendwarte - Feuerwehr Halberstadt\" \/>\n<meta property=\"og:description\" content=\"Kurz vor Weihnachten konnte der Vorstand des Feuerwehrf\u00f6rdervereins \u201eSankt Florian\u201c Halberstadt e.V. den Jugend- und Kinderfeuerwehrwarten einen lang gehegten Wunsch erf\u00fcllen \u2013 die Ausstattung mit Tagesdienstschuhen. Diese Tagesdienstschuhe haben alle Sicherheitsanforderungen f\u00fcr den Ausbildungsdienst in der Jugendfeuerwehr, sind aber wesentlich leichter als die Einsatzstiefel und haben einen h\u00f6heren Tragekomfort. Vereinsvorsitzender Harald B\u00f6er sagte bei der [&hellip;]\" \/>\n<meta property=\"og:url\" content=\"https:\/\/www.feuerwehr-halberstadt.de\/?p=12058\" \/>\n<meta property=\"og:site_name\" content=\"Feuerwehr Halberstadt\" \/>\n<meta property=\"article:publisher\" content=\"https:\/\/www.facebook.com\/FeuerwehrHalberstadt\/\" \/>\n<meta property=\"article:published_time\" content=\"2021-12-23T19:07:58+00:00\" \/>\n<meta property=\"og:image\" content=\"https:\/\/www.feuerwehr-halberstadt.de\/wp-content\/uploads\/2021\/12\/B27A2C8A-10C8-47E9-9274-0271F2528FE5.jpeg\" \/>\n\t<meta property=\"og:image:width\" content=\"2015\" \/>\n\t<meta property=\"og:image:height\" content=\"1133\" \/>\n\t<meta property=\"og:image:type\" content=\"image\/jpeg\" \/>\n<meta name=\"author\" content=\"Buchold, Chris\" \/>\n<meta name=\"twitter:card\" content=\"summary_large_image\" \/>\n<meta name=\"twitter:label1\" content=\"Verfasst von\" \/>\n\t<meta name=\"twitter:data1\" content=\"Buchold, Chris\" \/>\n\t<meta name=\"twitter:label2\" content=\"Gesch\u00e4tzte Lesezeit\" \/>\n\t<meta name=\"twitter:data2\" content=\"2\u00a0Minuten\" \/>\n<script type=\"application\/ld+json\" class=\"yoast-schema-graph\">{\"@context\":\"https:\\\/\\\/schema.org\",\"@graph\":[{\"@type\":\"Article\",\"@id\":\"https:\\\/\\\/www.feuerwehr-halberstadt.de\\\/?p=12058#article\",\"isPartOf\":{\"@id\":\"https:\\\/\\\/www.feuerwehr-halberstadt.de\\\/?p=12058\"},\"author\":{\"name\":\"Buchold, Chris\",\"@id\":\"https:\\\/\\\/www.feuerwehr-halberstadt.de\\\/#\\\/schema\\\/person\\\/55ce5d9b46008e58cd3d55d4116ec727\"},\"headline\":\"F\u00f6rderverein \u00fcbergibt Tagesdienstschuhe an Jugendwarte\",\"datePublished\":\"2021-12-23T19:07:58+00:00\",\"mainEntityOfPage\":{\"@id\":\"https:\\\/\\\/www.feuerwehr-halberstadt.de\\\/?p=12058\"},\"wordCount\":231,\"publisher\":{\"@id\":\"https:\\\/\\\/www.feuerwehr-halberstadt.de\\\/#organization\"},\"image\":{\"@id\":\"https:\\\/\\\/www.feuerwehr-halberstadt.de\\\/?p=12058#primaryimage\"},\"thumbnailUrl\":\"https:\\\/\\\/www.feuerwehr-halberstadt.de\\\/wp-content\\\/uploads\\\/2021\\\/12\\\/B27A2C8A-10C8-47E9-9274-0271F2528FE5.jpeg\",\"inLanguage\":\"de\"},{\"@type\":\"WebPage\",\"@id\":\"https:\\\/\\\/www.feuerwehr-halberstadt.de\\\/?p=12058\",\"url\":\"https:\\\/\\\/www.feuerwehr-halberstadt.de\\\/?p=12058\",\"name\":\"F\u00f6rderverein \u00fcbergibt Tagesdienstschuhe an Jugendwarte - Feuerwehr Halberstadt\",\"isPartOf\":{\"@id\":\"https:\\\/\\\/www.feuerwehr-halberstadt.de\\\/#website\"},\"primaryImageOfPage\":{\"@id\":\"https:\\\/\\\/www.feuerwehr-halberstadt.de\\\/?p=12058#primaryimage\"},\"image\":{\"@id\":\"https:\\\/\\\/www.feuerwehr-halberstadt.de\\\/?p=12058#primaryimage\"},\"thumbnailUrl\":\"https:\\\/\\\/www.feuerwehr-halberstadt.de\\\/wp-content\\\/uploads\\\/2021\\\/12\\\/B27A2C8A-10C8-47E9-9274-0271F2528FE5.jpeg\",\"datePublished\":\"2021-12-23T19:07:58+00:00\",\"breadcrumb\":{\"@id\":\"https:\\\/\\\/www.feuerwehr-halberstadt.de\\\/?p=12058#breadcrumb\"},\"inLanguage\":\"de\",\"potentialAction\":[{\"@type\":\"ReadAction\",\"target\":[\"https:\\\/\\\/www.feuerwehr-halberstadt.de\\\/?p=12058\"]}]},{\"@type\":\"ImageObject\",\"inLanguage\":\"de\",\"@id\":\"https:\\\/\\\/www.feuerwehr-halberstadt.de\\\/?p=12058#primaryimage\",\"url\":\"https:\\\/\\\/www.feuerwehr-halberstadt.de\\\/wp-content\\\/uploads\\\/2021\\\/12\\\/B27A2C8A-10C8-47E9-9274-0271F2528FE5.jpeg\",\"contentUrl\":\"https:\\\/\\\/www.feuerwehr-halberstadt.de\\\/wp-content\\\/uploads\\\/2021\\\/12\\\/B27A2C8A-10C8-47E9-9274-0271F2528FE5.jpeg\",\"width\":2015,\"height\":1133},{\"@type\":\"BreadcrumbList\",\"@id\":\"https:\\\/\\\/www.feuerwehr-halberstadt.de\\\/?p=12058#breadcrumb\",\"itemListElement\":[{\"@type\":\"ListItem\",\"position\":1,\"name\":\"Startseite\",\"item\":\"https:\\\/\\\/www.feuerwehr-halberstadt.de\\\/\"},{\"@type\":\"ListItem\",\"position\":2,\"name\":\"F\u00f6rderverein \u00fcbergibt Tagesdienstschuhe an Jugendwarte\"}]},{\"@type\":\"WebSite\",\"@id\":\"https:\\\/\\\/www.feuerwehr-halberstadt.de\\\/#website\",\"url\":\"https:\\\/\\\/www.feuerwehr-halberstadt.de\\\/\",\"name\":\"Feuerwehr Halberstadt\",\"description\":\"#imEinsatzf\u00fcrHalberstadt\",\"publisher\":{\"@id\":\"https:\\\/\\\/www.feuerwehr-halberstadt.de\\\/#organization\"},\"potentialAction\":[{\"@type\":\"SearchAction\",\"target\":{\"@type\":\"EntryPoint\",\"urlTemplate\":\"https:\\\/\\\/www.feuerwehr-halberstadt.de\\\/?s={search_term_string}\"},\"query-input\":{\"@type\":\"PropertyValueSpecification\",\"valueRequired\":true,\"valueName\":\"search_term_string\"}}],\"inLanguage\":\"de\"},{\"@type\":\"Organization\",\"@id\":\"https:\\\/\\\/www.feuerwehr-halberstadt.de\\\/#organization\",\"name\":\"Feuerwehr Halberstadt\",\"url\":\"https:\\\/\\\/www.feuerwehr-halberstadt.de\\\/\",\"logo\":{\"@type\":\"ImageObject\",\"inLanguage\":\"de\",\"@id\":\"https:\\\/\\\/www.feuerwehr-halberstadt.de\\\/#\\\/schema\\\/logo\\\/image\\\/\",\"url\":\"https:\\\/\\\/www.feuerwehr-halberstadt.de\\\/wp-content\\\/uploads\\\/2023\\\/10\\\/IMG_0126.png\",\"contentUrl\":\"https:\\\/\\\/www.feuerwehr-halberstadt.de\\\/wp-content\\\/uploads\\\/2023\\\/10\\\/IMG_0126.png\",\"width\":1500,\"height\":399,\"caption\":\"Feuerwehr Halberstadt\"},\"image\":{\"@id\":\"https:\\\/\\\/www.feuerwehr-halberstadt.de\\\/#\\\/schema\\\/logo\\\/image\\\/\"},\"sameAs\":[\"https:\\\/\\\/www.facebook.com\\\/FeuerwehrHalberstadt\\\/\"]},{\"@type\":\"Person\",\"@id\":\"https:\\\/\\\/www.feuerwehr-halberstadt.de\\\/#\\\/schema\\\/person\\\/55ce5d9b46008e58cd3d55d4116ec727\",\"name\":\"Buchold, Chris\",\"image\":{\"@type\":\"ImageObject\",\"inLanguage\":\"de\",\"@id\":\"https:\\\/\\\/secure.gravatar.com\\\/avatar\\\/bff08a084f0390bf8a93fc28c488452766ba521109cec244ac64210fdd500a49?s=96&d=mm&r=g\",\"url\":\"https:\\\/\\\/secure.gravatar.com\\\/avatar\\\/bff08a084f0390bf8a93fc28c488452766ba521109cec244ac64210fdd500a49?s=96&d=mm&r=g\",\"contentUrl\":\"https:\\\/\\\/secure.gravatar.com\\\/avatar\\\/bff08a084f0390bf8a93fc28c488452766ba521109cec244ac64210fdd500a49?s=96&d=mm&r=g\",\"caption\":\"Buchold, Chris\"},\"url\":\"https:\\\/\\\/www.feuerwehr-halberstadt.de\\\/?author=3\"}]}<\/script>\n<!-- \/ Yoast SEO plugin. -->","yoast_head_json":{"title":"F\u00f6rderverein \u00fcbergibt Tagesdienstschuhe an Jugendwarte - Feuerwehr Halberstadt","robots":{"index":"index","follow":"follow","max-snippet":"max-snippet:-1","max-image-preview":"max-image-preview:large","max-video-preview":"max-video-preview:-1"},"canonical":"https:\/\/www.feuerwehr-halberstadt.de\/?p=12058","og_locale":"de_DE","og_type":"article","og_title":"F\u00f6rderverein \u00fcbergibt Tagesdienstschuhe an Jugendwarte - Feuerwehr Halberstadt","og_description":"Kurz vor Weihnachten konnte der Vorstand des Feuerwehrf\u00f6rdervereins \u201eSankt Florian\u201c Halberstadt e.V. den Jugend- und Kinderfeuerwehrwarten einen lang gehegten Wunsch erf\u00fcllen \u2013 die Ausstattung mit Tagesdienstschuhen. Diese Tagesdienstschuhe haben alle Sicherheitsanforderungen f\u00fcr den Ausbildungsdienst in der Jugendfeuerwehr, sind aber wesentlich leichter als die Einsatzstiefel und haben einen h\u00f6heren Tragekomfort. Vereinsvorsitzender Harald B\u00f6er sagte bei der [&hellip;]","og_url":"https:\/\/www.feuerwehr-halberstadt.de\/?p=12058","og_site_name":"Feuerwehr Halberstadt","article_publisher":"https:\/\/www.facebook.com\/FeuerwehrHalberstadt\/","article_published_time":"2021-12-23T19:07:58+00:00","og_image":[{"width":2015,"height":1133,"url":"https:\/\/www.feuerwehr-halberstadt.de\/wp-content\/uploads\/2021\/12\/B27A2C8A-10C8-47E9-9274-0271F2528FE5.jpeg","type":"image\/jpeg"}],"author":"Buchold, Chris","twitter_card":"summary_large_image","twitter_misc":{"Verfasst von":"Buchold, Chris","Gesch\u00e4tzte Lesezeit":"2\u00a0Minuten"},"schema":{"@context":"https:\/\/schema.org","@graph":[{"@type":"Article","@id":"https:\/\/www.feuerwehr-halberstadt.de\/?p=12058#article","isPartOf":{"@id":"https:\/\/www.feuerwehr-halberstadt.de\/?p=12058"},"author":{"name":"Buchold, Chris","@id":"https:\/\/www.feuerwehr-halberstadt.de\/#\/schema\/person\/55ce5d9b46008e58cd3d55d4116ec727"},"headline":"F\u00f6rderverein \u00fcbergibt Tagesdienstschuhe an Jugendwarte","datePublished":"2021-12-23T19:07:58+00:00","mainEntityOfPage":{"@id":"https:\/\/www.feuerwehr-halberstadt.de\/?p=12058"},"wordCount":231,"publisher":{"@id":"https:\/\/www.feuerwehr-halberstadt.de\/#organization"},"image":{"@id":"https:\/\/www.feuerwehr-halberstadt.de\/?p=12058#primaryimage"},"thumbnailUrl":"https:\/\/www.feuerwehr-halberstadt.de\/wp-content\/uploads\/2021\/12\/B27A2C8A-10C8-47E9-9274-0271F2528FE5.jpeg","inLanguage":"de"},{"@type":"WebPage","@id":"https:\/\/www.feuerwehr-halberstadt.de\/?p=12058","url":"https:\/\/www.feuerwehr-halberstadt.de\/?p=12058","name":"F\u00f6rderverein \u00fcbergibt Tagesdienstschuhe an Jugendwarte - Feuerwehr Halberstadt","isPartOf":{"@id":"https:\/\/www.feuerwehr-halberstadt.de\/#website"},"primaryImageOfPage":{"@id":"https:\/\/www.feuerwehr-halberstadt.de\/?p=12058#primaryimage"},"image":{"@id":"https:\/\/www.feuerwehr-halberstadt.de\/?p=12058#primaryimage"},"thumbnailUrl":"https:\/\/www.feuerwehr-halberstadt.de\/wp-content\/uploads\/2021\/12\/B27A2C8A-10C8-47E9-9274-0271F2528FE5.jpeg","datePublished":"2021-12-23T19:07:58+00:00","breadcrumb":{"@id":"https:\/\/www.feuerwehr-halberstadt.de\/?p=12058#breadcrumb"},"inLanguage":"de","potentialAction":[{"@type":"ReadAction","target":["https:\/\/www.feuerwehr-halberstadt.de\/?p=12058"]}]},{"@type":"ImageObject","inLanguage":"de","@id":"https:\/\/www.feuerwehr-halberstadt.de\/?p=12058#primaryimage","url":"https:\/\/www.feuerwehr-halberstadt.de\/wp-content\/uploads\/2021\/12\/B27A2C8A-10C8-47E9-9274-0271F2528FE5.jpeg","contentUrl":"https:\/\/www.feuerwehr-halberstadt.de\/wp-content\/uploads\/2021\/12\/B27A2C8A-10C8-47E9-9274-0271F2528FE5.jpeg","width":2015,"height":1133},{"@type":"BreadcrumbList","@id":"https:\/\/www.feuerwehr-halberstadt.de\/?p=12058#breadcrumb","itemListElement":[{"@type":"ListItem","position":1,"name":"Startseite","item":"https:\/\/www.feuerwehr-halberstadt.de\/"},{"@type":"ListItem","position":2,"name":"F\u00f6rderverein \u00fcbergibt Tagesdienstschuhe an Jugendwarte"}]},{"@type":"WebSite","@id":"https:\/\/www.feuerwehr-halberstadt.de\/#website","url":"https:\/\/www.feuerwehr-halberstadt.de\/","name":"Feuerwehr Halberstadt","description":"#imEinsatzf\u00fcrHalberstadt","publisher":{"@id":"https:\/\/www.feuerwehr-halberstadt.de\/#organization"},"potentialAction":[{"@type":"SearchAction","target":{"@type":"EntryPoint","urlTemplate":"https:\/\/www.feuerwehr-halberstadt.de\/?s={search_term_string}"},"query-input":{"@type":"PropertyValueSpecification","valueRequired":true,"valueName":"search_term_string"}}],"inLanguage":"de"},{"@type":"Organization","@id":"https:\/\/www.feuerwehr-halberstadt.de\/#organization","name":"Feuerwehr Halberstadt","url":"https:\/\/www.feuerwehr-halberstadt.de\/","logo":{"@type":"ImageObject","inLanguage":"de","@id":"https:\/\/www.feuerwehr-halberstadt.de\/#\/schema\/logo\/image\/","url":"https:\/\/www.feuerwehr-halberstadt.de\/wp-content\/uploads\/2023\/10\/IMG_0126.png","contentUrl":"https:\/\/www.feuerwehr-halberstadt.de\/wp-content\/uploads\/2023\/10\/IMG_0126.png","width":1500,"height":399,"caption":"Feuerwehr Halberstadt"},"image":{"@id":"https:\/\/www.feuerwehr-halberstadt.de\/#\/schema\/logo\/image\/"},"sameAs":["https:\/\/www.facebook.com\/FeuerwehrHalberstadt\/"]},{"@type":"Person","@id":"https:\/\/www.feuerwehr-halberstadt.de\/#\/schema\/person\/55ce5d9b46008e58cd3d55d4116ec727","name":"Buchold, Chris","image":{"@type":"ImageObject","inLanguage":"de","@id":"https:\/\/secure.gravatar.com\/avatar\/bff08a084f0390bf8a93fc28c488452766ba521109cec244ac64210fdd500a49?s=96&d=mm&r=g","url":"https:\/\/secure.gravatar.com\/avatar\/bff08a084f0390bf8a93fc28c488452766ba521109cec244ac64210fdd500a49?s=96&d=mm&r=g","contentUrl":"https:\/\/secure.gravatar.com\/avatar\/bff08a084f0390bf8a93fc28c488452766ba521109cec244ac64210fdd500a49?s=96&d=mm&r=g","caption":"Buchold, Chris"},"url":"https:\/\/www.feuerwehr-halberstadt.de\/?author=3"}]}},"_links":{"self":[{"href":"https:\/\/www.feuerwehr-halberstadt.de\/index.php?rest_route=\/wp\/v2\/posts\/12058","targetHints":{"allow":["GET"]}}],"collection":[{"href":"https:\/\/www.feuerwehr-halberstadt.de\/index.php?rest_route=\/wp\/v2\/posts"}],"about":[{"href":"https:\/\/www.feuerwehr-halberstadt.de\/index.php?rest_route=\/wp\/v2\/types\/post"}],"author":[{"embeddable":true,"href":"https:\/\/www.feuerwehr-halberstadt.de\/index.php?rest_route=\/wp\/v2\/users\/3"}],"replies":[{"embeddable":true,"href":"https:\/\/www.feuerwehr-halberstadt.de\/index.php?rest_route=%2Fwp%2Fv2%2Fcomments&post=12058"}],"version-history":[{"count":2,"href":"https:\/\/www.feuerwehr-halberstadt.de\/index.php?rest_route=\/wp\/v2\/posts\/12058\/revisions"}],"predecessor-version":[{"id":12060,"href":"https:\/\/www.feuerwehr-halberstadt.de\/index.php?rest_route=\/wp\/v2\/posts\/12058\/revisions\/12060"}],"wp:featuredmedia":[{"embeddable":true,"href":"https:\/\/www.feuerwehr-halberstadt.de\/index.php?rest_route=\/wp\/v2\/media\/12057"}],"wp:attachment":[{"href":"https:\/\/www.feuerwehr-halberstadt.de\/index.php?rest_route=%2Fwp%2Fv2%2Fmedia&parent=12058"}],"wp:term":[{"taxonomy":"category","embeddable":true,"href":"https:\/\/www.feuerwehr-halberstadt.de\/index.php?rest_route=%2Fwp%2Fv2%2Fcategories&post=12058"},{"taxonomy":"post_tag","embeddable":true,"href":"https:\/\/www.feuerwehr-halberstadt.de\/index.php?rest_route=%2Fwp%2Fv2%2Ftags&post=12058"}],"curies":[{"name":"wp","href":"https:\/\/api.w.org\/{rel}","templated":true}]}}