{"id":12038,"date":"2021-12-16T13:21:03","date_gmt":"2021-12-16T12:21:03","guid":{"rendered":"https:\/\/www.feuerwehr-halberstadt.de\/?p=12038"},"modified":"2021-12-16T13:21:04","modified_gmt":"2021-12-16T12:21:04","slug":"7-neue-truppfuehrer-fuer-unsere-freiwilligen-feuerwehren","status":"publish","type":"post","link":"https:\/\/www.feuerwehr-halberstadt.de\/?p=12038","title":{"rendered":"7 neue Truppf\u00fchrer f\u00fcr unsere Freiwilligen Feuerwehren"},"content":{"rendered":"\n<p>Stadtwehrleiter Thomas Dittmer hat gestern die Teilnehmer des diesj\u00e4hrigen Truppf\u00fchrer-Lehrgangs gepr\u00fcft. Nach insgesamt 6 Ausbildungstagen konnten 7 Teilnehmer die Pr\u00fcfung erfolgreich bestehen. Ziel der Ausbildung ist die Bef\u00e4higung zum F\u00fchren eines Trupps nach Auftrag innerhalb einer Gruppe oder Staffel. Zu den Themen geh\u00f6rten unter anderem Fahrzeugkunde, Rechtsgrundlagen, L\u00f6schwirkungen, Verhalten bei Gefahren, sowie das selbst\u00e4ndige und fachlich richtige ausf\u00fchren von Einsatzbefehlen. W\u00e4hrend der praktischen Ausbildungseinheiten wurde besonders auf die Kommunikation im Trupp und die Sicherheit an der Einsatzstelle geachtet.<br><br>Die Teilnehmer kamen aus den Ortsfeuerwehren Halberstadt, Langenstein, Athenstedt und Sargstedt. Herzlichen Gl\u00fcckwunsch!<\/p>\n\n\n\n<figure class=\"wp-block-gallery columns-3 is-cropped wp-block-gallery-1 is-layout-flex wp-block-gallery-is-layout-flex\"><ul class=\"blocks-gallery-grid\"><li class=\"blocks-gallery-item\"><figure><img loading=\"lazy\" decoding=\"async\" width=\"1024\" height=\"766\" src=\"https:\/\/www.feuerwehr-halberstadt.de\/wp-content\/uploads\/2021\/12\/F4A9BCF3-8FAB-45BD-A1CF-46335D7BFE46-1024x766.jpeg\" alt=\"\" data-id=\"12037\" data-full-url=\"https:\/\/www.feuerwehr-halberstadt.de\/wp-content\/uploads\/2021\/12\/F4A9BCF3-8FAB-45BD-A1CF-46335D7BFE46.jpeg\" data-link=\"https:\/\/www.feuerwehr-halberstadt.de\/?attachment_id=12037\" class=\"wp-image-12037\" srcset=\"https:\/\/www.feuerwehr-halberstadt.de\/wp-content\/uploads\/2021\/12\/F4A9BCF3-8FAB-45BD-A1CF-46335D7BFE46-1024x766.jpeg 1024w, https:\/\/www.feuerwehr-halberstadt.de\/wp-content\/uploads\/2021\/12\/F4A9BCF3-8FAB-45BD-A1CF-46335D7BFE46-300x225.jpeg 300w, https:\/\/www.feuerwehr-halberstadt.de\/wp-content\/uploads\/2021\/12\/F4A9BCF3-8FAB-45BD-A1CF-46335D7BFE46-768x575.jpeg 768w, https:\/\/www.feuerwehr-halberstadt.de\/wp-content\/uploads\/2021\/12\/F4A9BCF3-8FAB-45BD-A1CF-46335D7BFE46.jpeg 1280w\" sizes=\"auto, (max-width: 1024px) 100vw, 1024px\" \/><\/figure><\/li><li class=\"blocks-gallery-item\"><figure><img loading=\"lazy\" decoding=\"async\" width=\"1024\" height=\"766\" src=\"https:\/\/www.feuerwehr-halberstadt.de\/wp-content\/uploads\/2021\/12\/504301A7-6E39-47C0-B38D-3300502E0DDA-1024x766.jpeg\" alt=\"\" data-id=\"12036\" data-full-url=\"https:\/\/www.feuerwehr-halberstadt.de\/wp-content\/uploads\/2021\/12\/504301A7-6E39-47C0-B38D-3300502E0DDA.jpeg\" data-link=\"https:\/\/www.feuerwehr-halberstadt.de\/?attachment_id=12036\" class=\"wp-image-12036\" srcset=\"https:\/\/www.feuerwehr-halberstadt.de\/wp-content\/uploads\/2021\/12\/504301A7-6E39-47C0-B38D-3300502E0DDA-1024x766.jpeg 1024w, https:\/\/www.feuerwehr-halberstadt.de\/wp-content\/uploads\/2021\/12\/504301A7-6E39-47C0-B38D-3300502E0DDA-300x225.jpeg 300w, https:\/\/www.feuerwehr-halberstadt.de\/wp-content\/uploads\/2021\/12\/504301A7-6E39-47C0-B38D-3300502E0DDA-768x575.jpeg 768w, https:\/\/www.feuerwehr-halberstadt.de\/wp-content\/uploads\/2021\/12\/504301A7-6E39-47C0-B38D-3300502E0DDA.jpeg 1280w\" sizes=\"auto, (max-width: 1024px) 100vw, 1024px\" \/><\/figure><\/li><li class=\"blocks-gallery-item\"><figure><img loading=\"lazy\" decoding=\"async\" width=\"1024\" height=\"766\" src=\"https:\/\/www.feuerwehr-halberstadt.de\/wp-content\/uploads\/2021\/12\/AED808A3-C5A5-4005-B568-86697FBD9647-1024x766.jpeg\" alt=\"\" data-id=\"12034\" data-full-url=\"https:\/\/www.feuerwehr-halberstadt.de\/wp-content\/uploads\/2021\/12\/AED808A3-C5A5-4005-B568-86697FBD9647.jpeg\" data-link=\"https:\/\/www.feuerwehr-halberstadt.de\/?attachment_id=12034\" class=\"wp-image-12034\" srcset=\"https:\/\/www.feuerwehr-halberstadt.de\/wp-content\/uploads\/2021\/12\/AED808A3-C5A5-4005-B568-86697FBD9647-1024x766.jpeg 1024w, https:\/\/www.feuerwehr-halberstadt.de\/wp-content\/uploads\/2021\/12\/AED808A3-C5A5-4005-B568-86697FBD9647-300x225.jpeg 300w, https:\/\/www.feuerwehr-halberstadt.de\/wp-content\/uploads\/2021\/12\/AED808A3-C5A5-4005-B568-86697FBD9647-768x575.jpeg 768w, https:\/\/www.feuerwehr-halberstadt.de\/wp-content\/uploads\/2021\/12\/AED808A3-C5A5-4005-B568-86697FBD9647.jpeg 1280w\" sizes=\"auto, (max-width: 1024px) 100vw, 1024px\" \/><\/figure><\/li><\/ul><\/figure>\n","protected":false},"excerpt":{"rendered":"<p>Stadtwehrleiter Thomas Dittmer hat gestern die Teilnehmer des diesj\u00e4hrigen Truppf\u00fchrer-Lehrgangs gepr\u00fcft. Nach insgesamt 6 Ausbildungstagen konnten 7 Teilnehmer die Pr\u00fcfung erfolgreich bestehen. Ziel der Ausbildung ist die Bef\u00e4higung zum F\u00fchren eines Trupps nach Auftrag innerhalb einer Gruppe oder Staffel. Zu den Themen geh\u00f6rten unter anderem Fahrzeugkunde, Rechtsgrundlagen, L\u00f6schwirkungen, Verhalten bei Gefahren, sowie das selbst\u00e4ndige und [&hellip;]<\/p>\n","protected":false},"author":3,"featured_media":12035,"comment_status":"closed","ping_status":"closed","sticky":false,"template":"","format":"standard","meta":{"_acf_changed":false,"footnotes":""},"categories":[9,24],"tags":[],"class_list":["post-12038","post","type-post","status-publish","format-standard","has-post-thumbnail","hentry","category-allgemein","category-ausbildung"],"acf":[],"yoast_head":"<!-- This site is optimized with the Yoast SEO plugin v27.5 - https:\/\/yoast.com\/product\/yoast-seo-wordpress\/ -->\n<title>7 neue Truppf\u00fchrer f\u00fcr unsere Freiwilligen Feuerwehren - Feuerwehr Halberstadt<\/title>\n<meta name=\"robots\" content=\"index, follow, max-snippet:-1, max-image-preview:large, max-video-preview:-1\" \/>\n<link rel=\"canonical\" href=\"https:\/\/www.feuerwehr-halberstadt.de\/?p=12038\" \/>\n<meta property=\"og:locale\" content=\"de_DE\" \/>\n<meta property=\"og:type\" content=\"article\" \/>\n<meta property=\"og:title\" content=\"7 neue Truppf\u00fchrer f\u00fcr unsere Freiwilligen Feuerwehren - Feuerwehr Halberstadt\" \/>\n<meta property=\"og:description\" content=\"Stadtwehrleiter Thomas Dittmer hat gestern die Teilnehmer des diesj\u00e4hrigen Truppf\u00fchrer-Lehrgangs gepr\u00fcft. Nach insgesamt 6 Ausbildungstagen konnten 7 Teilnehmer die Pr\u00fcfung erfolgreich bestehen. Ziel der Ausbildung ist die Bef\u00e4higung zum F\u00fchren eines Trupps nach Auftrag innerhalb einer Gruppe oder Staffel. Zu den Themen geh\u00f6rten unter anderem Fahrzeugkunde, Rechtsgrundlagen, L\u00f6schwirkungen, Verhalten bei Gefahren, sowie das selbst\u00e4ndige und [&hellip;]\" \/>\n<meta property=\"og:url\" content=\"https:\/\/www.feuerwehr-halberstadt.de\/?p=12038\" \/>\n<meta property=\"og:site_name\" content=\"Feuerwehr Halberstadt\" \/>\n<meta property=\"article:publisher\" content=\"https:\/\/www.facebook.com\/FeuerwehrHalberstadt\/\" \/>\n<meta property=\"article:published_time\" content=\"2021-12-16T12:21:03+00:00\" \/>\n<meta property=\"article:modified_time\" content=\"2021-12-16T12:21:04+00:00\" \/>\n<meta property=\"og:image\" content=\"https:\/\/www.feuerwehr-halberstadt.de\/wp-content\/uploads\/2021\/12\/E9B131EE-B1FC-4C2F-A8F1-58A98ED116B0.jpeg\" \/>\n\t<meta property=\"og:image:width\" content=\"1280\" \/>\n\t<meta property=\"og:image:height\" content=\"958\" \/>\n\t<meta property=\"og:image:type\" content=\"image\/jpeg\" \/>\n<meta name=\"author\" content=\"Buchold, Chris\" \/>\n<meta name=\"twitter:card\" content=\"summary_large_image\" \/>\n<meta name=\"twitter:label1\" content=\"Verfasst von\" \/>\n\t<meta name=\"twitter:data1\" content=\"Buchold, Chris\" \/>\n\t<meta name=\"twitter:label2\" content=\"Gesch\u00e4tzte Lesezeit\" \/>\n\t<meta name=\"twitter:data2\" content=\"1\u00a0Minute\" \/>\n<script type=\"application\/ld+json\" class=\"yoast-schema-graph\">{\"@context\":\"https:\\\/\\\/schema.org\",\"@graph\":[{\"@type\":\"Article\",\"@id\":\"https:\\\/\\\/www.feuerwehr-halberstadt.de\\\/?p=12038#article\",\"isPartOf\":{\"@id\":\"https:\\\/\\\/www.feuerwehr-halberstadt.de\\\/?p=12038\"},\"author\":{\"name\":\"Buchold, Chris\",\"@id\":\"https:\\\/\\\/www.feuerwehr-halberstadt.de\\\/#\\\/schema\\\/person\\\/55ce5d9b46008e58cd3d55d4116ec727\"},\"headline\":\"7 neue Truppf\u00fchrer f\u00fcr unsere Freiwilligen Feuerwehren\",\"datePublished\":\"2021-12-16T12:21:03+00:00\",\"dateModified\":\"2021-12-16T12:21:04+00:00\",\"mainEntityOfPage\":{\"@id\":\"https:\\\/\\\/www.feuerwehr-halberstadt.de\\\/?p=12038\"},\"wordCount\":109,\"publisher\":{\"@id\":\"https:\\\/\\\/www.feuerwehr-halberstadt.de\\\/#organization\"},\"image\":{\"@id\":\"https:\\\/\\\/www.feuerwehr-halberstadt.de\\\/?p=12038#primaryimage\"},\"thumbnailUrl\":\"https:\\\/\\\/www.feuerwehr-halberstadt.de\\\/wp-content\\\/uploads\\\/2021\\\/12\\\/E9B131EE-B1FC-4C2F-A8F1-58A98ED116B0.jpeg\",\"articleSection\":{\"1\":\"Ausbildung\"},\"inLanguage\":\"de\"},{\"@type\":\"WebPage\",\"@id\":\"https:\\\/\\\/www.feuerwehr-halberstadt.de\\\/?p=12038\",\"url\":\"https:\\\/\\\/www.feuerwehr-halberstadt.de\\\/?p=12038\",\"name\":\"7 neue Truppf\u00fchrer f\u00fcr unsere Freiwilligen Feuerwehren - Feuerwehr Halberstadt\",\"isPartOf\":{\"@id\":\"https:\\\/\\\/www.feuerwehr-halberstadt.de\\\/#website\"},\"primaryImageOfPage\":{\"@id\":\"https:\\\/\\\/www.feuerwehr-halberstadt.de\\\/?p=12038#primaryimage\"},\"image\":{\"@id\":\"https:\\\/\\\/www.feuerwehr-halberstadt.de\\\/?p=12038#primaryimage\"},\"thumbnailUrl\":\"https:\\\/\\\/www.feuerwehr-halberstadt.de\\\/wp-content\\\/uploads\\\/2021\\\/12\\\/E9B131EE-B1FC-4C2F-A8F1-58A98ED116B0.jpeg\",\"datePublished\":\"2021-12-16T12:21:03+00:00\",\"dateModified\":\"2021-12-16T12:21:04+00:00\",\"breadcrumb\":{\"@id\":\"https:\\\/\\\/www.feuerwehr-halberstadt.de\\\/?p=12038#breadcrumb\"},\"inLanguage\":\"de\",\"potentialAction\":[{\"@type\":\"ReadAction\",\"target\":[\"https:\\\/\\\/www.feuerwehr-halberstadt.de\\\/?p=12038\"]}]},{\"@type\":\"ImageObject\",\"inLanguage\":\"de\",\"@id\":\"https:\\\/\\\/www.feuerwehr-halberstadt.de\\\/?p=12038#primaryimage\",\"url\":\"https:\\\/\\\/www.feuerwehr-halberstadt.de\\\/wp-content\\\/uploads\\\/2021\\\/12\\\/E9B131EE-B1FC-4C2F-A8F1-58A98ED116B0.jpeg\",\"contentUrl\":\"https:\\\/\\\/www.feuerwehr-halberstadt.de\\\/wp-content\\\/uploads\\\/2021\\\/12\\\/E9B131EE-B1FC-4C2F-A8F1-58A98ED116B0.jpeg\",\"width\":1280,\"height\":958},{\"@type\":\"BreadcrumbList\",\"@id\":\"https:\\\/\\\/www.feuerwehr-halberstadt.de\\\/?p=12038#breadcrumb\",\"itemListElement\":[{\"@type\":\"ListItem\",\"position\":1,\"name\":\"Startseite\",\"item\":\"https:\\\/\\\/www.feuerwehr-halberstadt.de\\\/\"},{\"@type\":\"ListItem\",\"position\":2,\"name\":\"7 neue Truppf\u00fchrer f\u00fcr unsere Freiwilligen Feuerwehren\"}]},{\"@type\":\"WebSite\",\"@id\":\"https:\\\/\\\/www.feuerwehr-halberstadt.de\\\/#website\",\"url\":\"https:\\\/\\\/www.feuerwehr-halberstadt.de\\\/\",\"name\":\"Feuerwehr Halberstadt\",\"description\":\"#imEinsatzf\u00fcrHalberstadt\",\"publisher\":{\"@id\":\"https:\\\/\\\/www.feuerwehr-halberstadt.de\\\/#organization\"},\"potentialAction\":[{\"@type\":\"SearchAction\",\"target\":{\"@type\":\"EntryPoint\",\"urlTemplate\":\"https:\\\/\\\/www.feuerwehr-halberstadt.de\\\/?s={search_term_string}\"},\"query-input\":{\"@type\":\"PropertyValueSpecification\",\"valueRequired\":true,\"valueName\":\"search_term_string\"}}],\"inLanguage\":\"de\"},{\"@type\":\"Organization\",\"@id\":\"https:\\\/\\\/www.feuerwehr-halberstadt.de\\\/#organization\",\"name\":\"Feuerwehr Halberstadt\",\"url\":\"https:\\\/\\\/www.feuerwehr-halberstadt.de\\\/\",\"logo\":{\"@type\":\"ImageObject\",\"inLanguage\":\"de\",\"@id\":\"https:\\\/\\\/www.feuerwehr-halberstadt.de\\\/#\\\/schema\\\/logo\\\/image\\\/\",\"url\":\"https:\\\/\\\/www.feuerwehr-halberstadt.de\\\/wp-content\\\/uploads\\\/2023\\\/10\\\/IMG_0126.png\",\"contentUrl\":\"https:\\\/\\\/www.feuerwehr-halberstadt.de\\\/wp-content\\\/uploads\\\/2023\\\/10\\\/IMG_0126.png\",\"width\":1500,\"height\":399,\"caption\":\"Feuerwehr Halberstadt\"},\"image\":{\"@id\":\"https:\\\/\\\/www.feuerwehr-halberstadt.de\\\/#\\\/schema\\\/logo\\\/image\\\/\"},\"sameAs\":[\"https:\\\/\\\/www.facebook.com\\\/FeuerwehrHalberstadt\\\/\"]},{\"@type\":\"Person\",\"@id\":\"https:\\\/\\\/www.feuerwehr-halberstadt.de\\\/#\\\/schema\\\/person\\\/55ce5d9b46008e58cd3d55d4116ec727\",\"name\":\"Buchold, Chris\",\"image\":{\"@type\":\"ImageObject\",\"inLanguage\":\"de\",\"@id\":\"https:\\\/\\\/secure.gravatar.com\\\/avatar\\\/bff08a084f0390bf8a93fc28c488452766ba521109cec244ac64210fdd500a49?s=96&d=mm&r=g\",\"url\":\"https:\\\/\\\/secure.gravatar.com\\\/avatar\\\/bff08a084f0390bf8a93fc28c488452766ba521109cec244ac64210fdd500a49?s=96&d=mm&r=g\",\"contentUrl\":\"https:\\\/\\\/secure.gravatar.com\\\/avatar\\\/bff08a084f0390bf8a93fc28c488452766ba521109cec244ac64210fdd500a49?s=96&d=mm&r=g\",\"caption\":\"Buchold, Chris\"},\"url\":\"https:\\\/\\\/www.feuerwehr-halberstadt.de\\\/?author=3\"}]}<\/script>\n<!-- \/ Yoast SEO plugin. -->","yoast_head_json":{"title":"7 neue Truppf\u00fchrer f\u00fcr unsere Freiwilligen Feuerwehren - Feuerwehr Halberstadt","robots":{"index":"index","follow":"follow","max-snippet":"max-snippet:-1","max-image-preview":"max-image-preview:large","max-video-preview":"max-video-preview:-1"},"canonical":"https:\/\/www.feuerwehr-halberstadt.de\/?p=12038","og_locale":"de_DE","og_type":"article","og_title":"7 neue Truppf\u00fchrer f\u00fcr unsere Freiwilligen Feuerwehren - Feuerwehr Halberstadt","og_description":"Stadtwehrleiter Thomas Dittmer hat gestern die Teilnehmer des diesj\u00e4hrigen Truppf\u00fchrer-Lehrgangs gepr\u00fcft. Nach insgesamt 6 Ausbildungstagen konnten 7 Teilnehmer die Pr\u00fcfung erfolgreich bestehen. Ziel der Ausbildung ist die Bef\u00e4higung zum F\u00fchren eines Trupps nach Auftrag innerhalb einer Gruppe oder Staffel. Zu den Themen geh\u00f6rten unter anderem Fahrzeugkunde, Rechtsgrundlagen, L\u00f6schwirkungen, Verhalten bei Gefahren, sowie das selbst\u00e4ndige und [&hellip;]","og_url":"https:\/\/www.feuerwehr-halberstadt.de\/?p=12038","og_site_name":"Feuerwehr Halberstadt","article_publisher":"https:\/\/www.facebook.com\/FeuerwehrHalberstadt\/","article_published_time":"2021-12-16T12:21:03+00:00","article_modified_time":"2021-12-16T12:21:04+00:00","og_image":[{"width":1280,"height":958,"url":"https:\/\/www.feuerwehr-halberstadt.de\/wp-content\/uploads\/2021\/12\/E9B131EE-B1FC-4C2F-A8F1-58A98ED116B0.jpeg","type":"image\/jpeg"}],"author":"Buchold, Chris","twitter_card":"summary_large_image","twitter_misc":{"Verfasst von":"Buchold, Chris","Gesch\u00e4tzte Lesezeit":"1\u00a0Minute"},"schema":{"@context":"https:\/\/schema.org","@graph":[{"@type":"Article","@id":"https:\/\/www.feuerwehr-halberstadt.de\/?p=12038#article","isPartOf":{"@id":"https:\/\/www.feuerwehr-halberstadt.de\/?p=12038"},"author":{"name":"Buchold, Chris","@id":"https:\/\/www.feuerwehr-halberstadt.de\/#\/schema\/person\/55ce5d9b46008e58cd3d55d4116ec727"},"headline":"7 neue Truppf\u00fchrer f\u00fcr unsere Freiwilligen Feuerwehren","datePublished":"2021-12-16T12:21:03+00:00","dateModified":"2021-12-16T12:21:04+00:00","mainEntityOfPage":{"@id":"https:\/\/www.feuerwehr-halberstadt.de\/?p=12038"},"wordCount":109,"publisher":{"@id":"https:\/\/www.feuerwehr-halberstadt.de\/#organization"},"image":{"@id":"https:\/\/www.feuerwehr-halberstadt.de\/?p=12038#primaryimage"},"thumbnailUrl":"https:\/\/www.feuerwehr-halberstadt.de\/wp-content\/uploads\/2021\/12\/E9B131EE-B1FC-4C2F-A8F1-58A98ED116B0.jpeg","articleSection":{"1":"Ausbildung"},"inLanguage":"de"},{"@type":"WebPage","@id":"https:\/\/www.feuerwehr-halberstadt.de\/?p=12038","url":"https:\/\/www.feuerwehr-halberstadt.de\/?p=12038","name":"7 neue Truppf\u00fchrer f\u00fcr unsere Freiwilligen Feuerwehren - Feuerwehr Halberstadt","isPartOf":{"@id":"https:\/\/www.feuerwehr-halberstadt.de\/#website"},"primaryImageOfPage":{"@id":"https:\/\/www.feuerwehr-halberstadt.de\/?p=12038#primaryimage"},"image":{"@id":"https:\/\/www.feuerwehr-halberstadt.de\/?p=12038#primaryimage"},"thumbnailUrl":"https:\/\/www.feuerwehr-halberstadt.de\/wp-content\/uploads\/2021\/12\/E9B131EE-B1FC-4C2F-A8F1-58A98ED116B0.jpeg","datePublished":"2021-12-16T12:21:03+00:00","dateModified":"2021-12-16T12:21:04+00:00","breadcrumb":{"@id":"https:\/\/www.feuerwehr-halberstadt.de\/?p=12038#breadcrumb"},"inLanguage":"de","potentialAction":[{"@type":"ReadAction","target":["https:\/\/www.feuerwehr-halberstadt.de\/?p=12038"]}]},{"@type":"ImageObject","inLanguage":"de","@id":"https:\/\/www.feuerwehr-halberstadt.de\/?p=12038#primaryimage","url":"https:\/\/www.feuerwehr-halberstadt.de\/wp-content\/uploads\/2021\/12\/E9B131EE-B1FC-4C2F-A8F1-58A98ED116B0.jpeg","contentUrl":"https:\/\/www.feuerwehr-halberstadt.de\/wp-content\/uploads\/2021\/12\/E9B131EE-B1FC-4C2F-A8F1-58A98ED116B0.jpeg","width":1280,"height":958},{"@type":"BreadcrumbList","@id":"https:\/\/www.feuerwehr-halberstadt.de\/?p=12038#breadcrumb","itemListElement":[{"@type":"ListItem","position":1,"name":"Startseite","item":"https:\/\/www.feuerwehr-halberstadt.de\/"},{"@type":"ListItem","position":2,"name":"7 neue Truppf\u00fchrer f\u00fcr unsere Freiwilligen Feuerwehren"}]},{"@type":"WebSite","@id":"https:\/\/www.feuerwehr-halberstadt.de\/#website","url":"https:\/\/www.feuerwehr-halberstadt.de\/","name":"Feuerwehr Halberstadt","description":"#imEinsatzf\u00fcrHalberstadt","publisher":{"@id":"https:\/\/www.feuerwehr-halberstadt.de\/#organization"},"potentialAction":[{"@type":"SearchAction","target":{"@type":"EntryPoint","urlTemplate":"https:\/\/www.feuerwehr-halberstadt.de\/?s={search_term_string}"},"query-input":{"@type":"PropertyValueSpecification","valueRequired":true,"valueName":"search_term_string"}}],"inLanguage":"de"},{"@type":"Organization","@id":"https:\/\/www.feuerwehr-halberstadt.de\/#organization","name":"Feuerwehr Halberstadt","url":"https:\/\/www.feuerwehr-halberstadt.de\/","logo":{"@type":"ImageObject","inLanguage":"de","@id":"https:\/\/www.feuerwehr-halberstadt.de\/#\/schema\/logo\/image\/","url":"https:\/\/www.feuerwehr-halberstadt.de\/wp-content\/uploads\/2023\/10\/IMG_0126.png","contentUrl":"https:\/\/www.feuerwehr-halberstadt.de\/wp-content\/uploads\/2023\/10\/IMG_0126.png","width":1500,"height":399,"caption":"Feuerwehr Halberstadt"},"image":{"@id":"https:\/\/www.feuerwehr-halberstadt.de\/#\/schema\/logo\/image\/"},"sameAs":["https:\/\/www.facebook.com\/FeuerwehrHalberstadt\/"]},{"@type":"Person","@id":"https:\/\/www.feuerwehr-halberstadt.de\/#\/schema\/person\/55ce5d9b46008e58cd3d55d4116ec727","name":"Buchold, Chris","image":{"@type":"ImageObject","inLanguage":"de","@id":"https:\/\/secure.gravatar.com\/avatar\/bff08a084f0390bf8a93fc28c488452766ba521109cec244ac64210fdd500a49?s=96&d=mm&r=g","url":"https:\/\/secure.gravatar.com\/avatar\/bff08a084f0390bf8a93fc28c488452766ba521109cec244ac64210fdd500a49?s=96&d=mm&r=g","contentUrl":"https:\/\/secure.gravatar.com\/avatar\/bff08a084f0390bf8a93fc28c488452766ba521109cec244ac64210fdd500a49?s=96&d=mm&r=g","caption":"Buchold, Chris"},"url":"https:\/\/www.feuerwehr-halberstadt.de\/?author=3"}]}},"_links":{"self":[{"href":"https:\/\/www.feuerwehr-halberstadt.de\/index.php?rest_route=\/wp\/v2\/posts\/12038","targetHints":{"allow":["GET"]}}],"collection":[{"href":"https:\/\/www.feuerwehr-halberstadt.de\/index.php?rest_route=\/wp\/v2\/posts"}],"about":[{"href":"https:\/\/www.feuerwehr-halberstadt.de\/index.php?rest_route=\/wp\/v2\/types\/post"}],"author":[{"embeddable":true,"href":"https:\/\/www.feuerwehr-halberstadt.de\/index.php?rest_route=\/wp\/v2\/users\/3"}],"replies":[{"embeddable":true,"href":"https:\/\/www.feuerwehr-halberstadt.de\/index.php?rest_route=%2Fwp%2Fv2%2Fcomments&post=12038"}],"version-history":[{"count":1,"href":"https:\/\/www.feuerwehr-halberstadt.de\/index.php?rest_route=\/wp\/v2\/posts\/12038\/revisions"}],"predecessor-version":[{"id":12039,"href":"https:\/\/www.feuerwehr-halberstadt.de\/index.php?rest_route=\/wp\/v2\/posts\/12038\/revisions\/12039"}],"wp:featuredmedia":[{"embeddable":true,"href":"https:\/\/www.feuerwehr-halberstadt.de\/index.php?rest_route=\/wp\/v2\/media\/12035"}],"wp:attachment":[{"href":"https:\/\/www.feuerwehr-halberstadt.de\/index.php?rest_route=%2Fwp%2Fv2%2Fmedia&parent=12038"}],"wp:term":[{"taxonomy":"category","embeddable":true,"href":"https:\/\/www.feuerwehr-halberstadt.de\/index.php?rest_route=%2Fwp%2Fv2%2Fcategories&post=12038"},{"taxonomy":"post_tag","embeddable":true,"href":"https:\/\/www.feuerwehr-halberstadt.de\/index.php?rest_route=%2Fwp%2Fv2%2Ftags&post=12038"}],"curies":[{"name":"wp","href":"https:\/\/api.w.org\/{rel}","templated":true}]}}