{"id":12023,"date":"2021-12-09T09:03:02","date_gmt":"2021-12-09T08:03:02","guid":{"rendered":"https:\/\/www.feuerwehr-halberstadt.de\/?p=12023"},"modified":"2021-12-09T09:03:02","modified_gmt":"2021-12-09T08:03:02","slug":"candy-eitz-zum-brandamtmann-befoerdert","status":"publish","type":"post","link":"https:\/\/www.feuerwehr-halberstadt.de\/?p=12023","title":{"rendered":"Candy Eitz zum Brandamtmann bef\u00f6rdert"},"content":{"rendered":"\n<p>Die Ernennungsurkunde wurde in Anwesenheit des Leiters der Halberst\u00e4dter Feuerwehr, Ingo Wetzel, im&nbsp;Rathaus&nbsp;der Stadt Halberstadt \u00fcbergeben.&nbsp;<\/p>\n\n\n\n<p>Mit Abschluss der ben\u00f6tigten Ausbildung f\u00fcr Beamte in der Laufbahngruppe 2 im feuerwehrtechnischen Dienst und einem internen Auswahlverfahren, wurde&nbsp;Candy&nbsp;Eitz&nbsp;die Stelle des neuen Sachgebietsleiters&nbsp;Technik \/ Einsatzvorbereitung&nbsp;zum 01.07.2021 \u00fcbertragen.<\/p>\n\n\n\n<p>Mit Ablauf einer 6-monatigen Probe- und Bew\u00e4hrungszeit wurde&nbsp;nun&nbsp;Brandoberinspektor Candy&nbsp;Eitz&nbsp;mit Wirkung zum 01.01.2022 durch den Oberb\u00fcrgermeister zum Brandamtmann bef\u00f6rdert. Er \u00fcbernimmt damit die Nachfolge von Brandamtsrat&nbsp;Ingo Wetzel, welcher als neuer Abteilungsleiter die&nbsp;Stelle als Sachgebietsleiter&nbsp;abgegeben hat.<\/p>\n\n\n\n<p>Daniel Szarata w\u00fcnschte dem Feuerwehrkameraden alles Gute, Gesundheit und viel Erfolg bei seiner weiteren beruflichen Laufbahn.<\/p>\n\n\n\n<p>Text: Stadt Halberstadt<\/p>\n","protected":false},"excerpt":{"rendered":"<p>Die Ernennungsurkunde wurde in Anwesenheit des Leiters der Halberst\u00e4dter Feuerwehr, Ingo Wetzel, im&nbsp;Rathaus&nbsp;der Stadt Halberstadt \u00fcbergeben.&nbsp; Mit Abschluss der ben\u00f6tigten Ausbildung f\u00fcr Beamte in der Laufbahngruppe 2 im feuerwehrtechnischen Dienst und einem internen Auswahlverfahren, wurde&nbsp;Candy&nbsp;Eitz&nbsp;die Stelle des neuen Sachgebietsleiters&nbsp;Technik \/ Einsatzvorbereitung&nbsp;zum 01.07.2021 \u00fcbertragen. Mit Ablauf einer 6-monatigen Probe- und Bew\u00e4hrungszeit wurde&nbsp;nun&nbsp;Brandoberinspektor Candy&nbsp;Eitz&nbsp;mit Wirkung zum 01.01.2022 [&hellip;]<\/p>\n","protected":false},"author":3,"featured_media":12025,"comment_status":"closed","ping_status":"closed","sticky":false,"template":"","format":"standard","meta":{"_acf_changed":false,"footnotes":""},"categories":[9,11],"tags":[],"class_list":["post-12023","post","type-post","status-publish","format-standard","has-post-thumbnail","hentry","category-allgemein","category-wache"],"acf":[],"yoast_head":"<!-- This site is optimized with the Yoast SEO plugin v27.5 - https:\/\/yoast.com\/product\/yoast-seo-wordpress\/ -->\n<title>Candy Eitz zum Brandamtmann bef\u00f6rdert - Feuerwehr Halberstadt<\/title>\n<meta name=\"robots\" content=\"index, follow, max-snippet:-1, max-image-preview:large, max-video-preview:-1\" \/>\n<link rel=\"canonical\" href=\"https:\/\/www.feuerwehr-halberstadt.de\/?p=12023\" \/>\n<meta property=\"og:locale\" content=\"de_DE\" \/>\n<meta property=\"og:type\" content=\"article\" \/>\n<meta property=\"og:title\" content=\"Candy Eitz zum Brandamtmann bef\u00f6rdert - Feuerwehr Halberstadt\" \/>\n<meta property=\"og:description\" content=\"Die Ernennungsurkunde wurde in Anwesenheit des Leiters der Halberst\u00e4dter Feuerwehr, Ingo Wetzel, im&nbsp;Rathaus&nbsp;der Stadt Halberstadt \u00fcbergeben.&nbsp; Mit Abschluss der ben\u00f6tigten Ausbildung f\u00fcr Beamte in der Laufbahngruppe 2 im feuerwehrtechnischen Dienst und einem internen Auswahlverfahren, wurde&nbsp;Candy&nbsp;Eitz&nbsp;die Stelle des neuen Sachgebietsleiters&nbsp;Technik \/ Einsatzvorbereitung&nbsp;zum 01.07.2021 \u00fcbertragen. Mit Ablauf einer 6-monatigen Probe- und Bew\u00e4hrungszeit wurde&nbsp;nun&nbsp;Brandoberinspektor Candy&nbsp;Eitz&nbsp;mit Wirkung zum 01.01.2022 [&hellip;]\" \/>\n<meta property=\"og:url\" content=\"https:\/\/www.feuerwehr-halberstadt.de\/?p=12023\" \/>\n<meta property=\"og:site_name\" content=\"Feuerwehr Halberstadt\" \/>\n<meta property=\"article:publisher\" content=\"https:\/\/www.facebook.com\/FeuerwehrHalberstadt\/\" \/>\n<meta property=\"article:published_time\" content=\"2021-12-09T08:03:02+00:00\" \/>\n<meta property=\"og:image\" content=\"https:\/\/www.feuerwehr-halberstadt.de\/wp-content\/uploads\/2021\/12\/2F16F945-E855-4760-9872-3676F14BFFC0.jpeg\" \/>\n\t<meta property=\"og:image:width\" content=\"1697\" \/>\n\t<meta property=\"og:image:height\" content=\"1341\" \/>\n\t<meta property=\"og:image:type\" content=\"image\/jpeg\" \/>\n<meta name=\"author\" content=\"Buchold, Chris\" \/>\n<meta name=\"twitter:card\" content=\"summary_large_image\" \/>\n<meta name=\"twitter:label1\" content=\"Verfasst von\" \/>\n\t<meta name=\"twitter:data1\" content=\"Buchold, Chris\" \/>\n\t<meta name=\"twitter:label2\" content=\"Gesch\u00e4tzte Lesezeit\" \/>\n\t<meta name=\"twitter:data2\" content=\"1\u00a0Minute\" \/>\n<script type=\"application\/ld+json\" class=\"yoast-schema-graph\">{\"@context\":\"https:\\\/\\\/schema.org\",\"@graph\":[{\"@type\":\"Article\",\"@id\":\"https:\\\/\\\/www.feuerwehr-halberstadt.de\\\/?p=12023#article\",\"isPartOf\":{\"@id\":\"https:\\\/\\\/www.feuerwehr-halberstadt.de\\\/?p=12023\"},\"author\":{\"name\":\"Buchold, Chris\",\"@id\":\"https:\\\/\\\/www.feuerwehr-halberstadt.de\\\/#\\\/schema\\\/person\\\/55ce5d9b46008e58cd3d55d4116ec727\"},\"headline\":\"Candy Eitz zum Brandamtmann bef\u00f6rdert\",\"datePublished\":\"2021-12-09T08:03:02+00:00\",\"mainEntityOfPage\":{\"@id\":\"https:\\\/\\\/www.feuerwehr-halberstadt.de\\\/?p=12023\"},\"wordCount\":134,\"publisher\":{\"@id\":\"https:\\\/\\\/www.feuerwehr-halberstadt.de\\\/#organization\"},\"image\":{\"@id\":\"https:\\\/\\\/www.feuerwehr-halberstadt.de\\\/?p=12023#primaryimage\"},\"thumbnailUrl\":\"https:\\\/\\\/www.feuerwehr-halberstadt.de\\\/wp-content\\\/uploads\\\/2021\\\/12\\\/2F16F945-E855-4760-9872-3676F14BFFC0.jpeg\",\"articleSection\":{\"1\":\"Wache\"},\"inLanguage\":\"de\"},{\"@type\":\"WebPage\",\"@id\":\"https:\\\/\\\/www.feuerwehr-halberstadt.de\\\/?p=12023\",\"url\":\"https:\\\/\\\/www.feuerwehr-halberstadt.de\\\/?p=12023\",\"name\":\"Candy Eitz zum Brandamtmann bef\u00f6rdert - Feuerwehr Halberstadt\",\"isPartOf\":{\"@id\":\"https:\\\/\\\/www.feuerwehr-halberstadt.de\\\/#website\"},\"primaryImageOfPage\":{\"@id\":\"https:\\\/\\\/www.feuerwehr-halberstadt.de\\\/?p=12023#primaryimage\"},\"image\":{\"@id\":\"https:\\\/\\\/www.feuerwehr-halberstadt.de\\\/?p=12023#primaryimage\"},\"thumbnailUrl\":\"https:\\\/\\\/www.feuerwehr-halberstadt.de\\\/wp-content\\\/uploads\\\/2021\\\/12\\\/2F16F945-E855-4760-9872-3676F14BFFC0.jpeg\",\"datePublished\":\"2021-12-09T08:03:02+00:00\",\"breadcrumb\":{\"@id\":\"https:\\\/\\\/www.feuerwehr-halberstadt.de\\\/?p=12023#breadcrumb\"},\"inLanguage\":\"de\",\"potentialAction\":[{\"@type\":\"ReadAction\",\"target\":[\"https:\\\/\\\/www.feuerwehr-halberstadt.de\\\/?p=12023\"]}]},{\"@type\":\"ImageObject\",\"inLanguage\":\"de\",\"@id\":\"https:\\\/\\\/www.feuerwehr-halberstadt.de\\\/?p=12023#primaryimage\",\"url\":\"https:\\\/\\\/www.feuerwehr-halberstadt.de\\\/wp-content\\\/uploads\\\/2021\\\/12\\\/2F16F945-E855-4760-9872-3676F14BFFC0.jpeg\",\"contentUrl\":\"https:\\\/\\\/www.feuerwehr-halberstadt.de\\\/wp-content\\\/uploads\\\/2021\\\/12\\\/2F16F945-E855-4760-9872-3676F14BFFC0.jpeg\",\"width\":1697,\"height\":1341},{\"@type\":\"BreadcrumbList\",\"@id\":\"https:\\\/\\\/www.feuerwehr-halberstadt.de\\\/?p=12023#breadcrumb\",\"itemListElement\":[{\"@type\":\"ListItem\",\"position\":1,\"name\":\"Startseite\",\"item\":\"https:\\\/\\\/www.feuerwehr-halberstadt.de\\\/\"},{\"@type\":\"ListItem\",\"position\":2,\"name\":\"Candy Eitz zum Brandamtmann bef\u00f6rdert\"}]},{\"@type\":\"WebSite\",\"@id\":\"https:\\\/\\\/www.feuerwehr-halberstadt.de\\\/#website\",\"url\":\"https:\\\/\\\/www.feuerwehr-halberstadt.de\\\/\",\"name\":\"Feuerwehr Halberstadt\",\"description\":\"#imEinsatzf\u00fcrHalberstadt\",\"publisher\":{\"@id\":\"https:\\\/\\\/www.feuerwehr-halberstadt.de\\\/#organization\"},\"potentialAction\":[{\"@type\":\"SearchAction\",\"target\":{\"@type\":\"EntryPoint\",\"urlTemplate\":\"https:\\\/\\\/www.feuerwehr-halberstadt.de\\\/?s={search_term_string}\"},\"query-input\":{\"@type\":\"PropertyValueSpecification\",\"valueRequired\":true,\"valueName\":\"search_term_string\"}}],\"inLanguage\":\"de\"},{\"@type\":\"Organization\",\"@id\":\"https:\\\/\\\/www.feuerwehr-halberstadt.de\\\/#organization\",\"name\":\"Feuerwehr Halberstadt\",\"url\":\"https:\\\/\\\/www.feuerwehr-halberstadt.de\\\/\",\"logo\":{\"@type\":\"ImageObject\",\"inLanguage\":\"de\",\"@id\":\"https:\\\/\\\/www.feuerwehr-halberstadt.de\\\/#\\\/schema\\\/logo\\\/image\\\/\",\"url\":\"https:\\\/\\\/www.feuerwehr-halberstadt.de\\\/wp-content\\\/uploads\\\/2023\\\/10\\\/IMG_0126.png\",\"contentUrl\":\"https:\\\/\\\/www.feuerwehr-halberstadt.de\\\/wp-content\\\/uploads\\\/2023\\\/10\\\/IMG_0126.png\",\"width\":1500,\"height\":399,\"caption\":\"Feuerwehr Halberstadt\"},\"image\":{\"@id\":\"https:\\\/\\\/www.feuerwehr-halberstadt.de\\\/#\\\/schema\\\/logo\\\/image\\\/\"},\"sameAs\":[\"https:\\\/\\\/www.facebook.com\\\/FeuerwehrHalberstadt\\\/\"]},{\"@type\":\"Person\",\"@id\":\"https:\\\/\\\/www.feuerwehr-halberstadt.de\\\/#\\\/schema\\\/person\\\/55ce5d9b46008e58cd3d55d4116ec727\",\"name\":\"Buchold, Chris\",\"image\":{\"@type\":\"ImageObject\",\"inLanguage\":\"de\",\"@id\":\"https:\\\/\\\/secure.gravatar.com\\\/avatar\\\/bff08a084f0390bf8a93fc28c488452766ba521109cec244ac64210fdd500a49?s=96&d=mm&r=g\",\"url\":\"https:\\\/\\\/secure.gravatar.com\\\/avatar\\\/bff08a084f0390bf8a93fc28c488452766ba521109cec244ac64210fdd500a49?s=96&d=mm&r=g\",\"contentUrl\":\"https:\\\/\\\/secure.gravatar.com\\\/avatar\\\/bff08a084f0390bf8a93fc28c488452766ba521109cec244ac64210fdd500a49?s=96&d=mm&r=g\",\"caption\":\"Buchold, Chris\"},\"url\":\"https:\\\/\\\/www.feuerwehr-halberstadt.de\\\/?author=3\"}]}<\/script>\n<!-- \/ Yoast SEO plugin. -->","yoast_head_json":{"title":"Candy Eitz zum Brandamtmann bef\u00f6rdert - Feuerwehr Halberstadt","robots":{"index":"index","follow":"follow","max-snippet":"max-snippet:-1","max-image-preview":"max-image-preview:large","max-video-preview":"max-video-preview:-1"},"canonical":"https:\/\/www.feuerwehr-halberstadt.de\/?p=12023","og_locale":"de_DE","og_type":"article","og_title":"Candy Eitz zum Brandamtmann bef\u00f6rdert - Feuerwehr Halberstadt","og_description":"Die Ernennungsurkunde wurde in Anwesenheit des Leiters der Halberst\u00e4dter Feuerwehr, Ingo Wetzel, im&nbsp;Rathaus&nbsp;der Stadt Halberstadt \u00fcbergeben.&nbsp; Mit Abschluss der ben\u00f6tigten Ausbildung f\u00fcr Beamte in der Laufbahngruppe 2 im feuerwehrtechnischen Dienst und einem internen Auswahlverfahren, wurde&nbsp;Candy&nbsp;Eitz&nbsp;die Stelle des neuen Sachgebietsleiters&nbsp;Technik \/ Einsatzvorbereitung&nbsp;zum 01.07.2021 \u00fcbertragen. Mit Ablauf einer 6-monatigen Probe- und Bew\u00e4hrungszeit wurde&nbsp;nun&nbsp;Brandoberinspektor Candy&nbsp;Eitz&nbsp;mit Wirkung zum 01.01.2022 [&hellip;]","og_url":"https:\/\/www.feuerwehr-halberstadt.de\/?p=12023","og_site_name":"Feuerwehr Halberstadt","article_publisher":"https:\/\/www.facebook.com\/FeuerwehrHalberstadt\/","article_published_time":"2021-12-09T08:03:02+00:00","og_image":[{"width":1697,"height":1341,"url":"https:\/\/www.feuerwehr-halberstadt.de\/wp-content\/uploads\/2021\/12\/2F16F945-E855-4760-9872-3676F14BFFC0.jpeg","type":"image\/jpeg"}],"author":"Buchold, Chris","twitter_card":"summary_large_image","twitter_misc":{"Verfasst von":"Buchold, Chris","Gesch\u00e4tzte Lesezeit":"1\u00a0Minute"},"schema":{"@context":"https:\/\/schema.org","@graph":[{"@type":"Article","@id":"https:\/\/www.feuerwehr-halberstadt.de\/?p=12023#article","isPartOf":{"@id":"https:\/\/www.feuerwehr-halberstadt.de\/?p=12023"},"author":{"name":"Buchold, Chris","@id":"https:\/\/www.feuerwehr-halberstadt.de\/#\/schema\/person\/55ce5d9b46008e58cd3d55d4116ec727"},"headline":"Candy Eitz zum Brandamtmann bef\u00f6rdert","datePublished":"2021-12-09T08:03:02+00:00","mainEntityOfPage":{"@id":"https:\/\/www.feuerwehr-halberstadt.de\/?p=12023"},"wordCount":134,"publisher":{"@id":"https:\/\/www.feuerwehr-halberstadt.de\/#organization"},"image":{"@id":"https:\/\/www.feuerwehr-halberstadt.de\/?p=12023#primaryimage"},"thumbnailUrl":"https:\/\/www.feuerwehr-halberstadt.de\/wp-content\/uploads\/2021\/12\/2F16F945-E855-4760-9872-3676F14BFFC0.jpeg","articleSection":{"1":"Wache"},"inLanguage":"de"},{"@type":"WebPage","@id":"https:\/\/www.feuerwehr-halberstadt.de\/?p=12023","url":"https:\/\/www.feuerwehr-halberstadt.de\/?p=12023","name":"Candy Eitz zum Brandamtmann bef\u00f6rdert - Feuerwehr Halberstadt","isPartOf":{"@id":"https:\/\/www.feuerwehr-halberstadt.de\/#website"},"primaryImageOfPage":{"@id":"https:\/\/www.feuerwehr-halberstadt.de\/?p=12023#primaryimage"},"image":{"@id":"https:\/\/www.feuerwehr-halberstadt.de\/?p=12023#primaryimage"},"thumbnailUrl":"https:\/\/www.feuerwehr-halberstadt.de\/wp-content\/uploads\/2021\/12\/2F16F945-E855-4760-9872-3676F14BFFC0.jpeg","datePublished":"2021-12-09T08:03:02+00:00","breadcrumb":{"@id":"https:\/\/www.feuerwehr-halberstadt.de\/?p=12023#breadcrumb"},"inLanguage":"de","potentialAction":[{"@type":"ReadAction","target":["https:\/\/www.feuerwehr-halberstadt.de\/?p=12023"]}]},{"@type":"ImageObject","inLanguage":"de","@id":"https:\/\/www.feuerwehr-halberstadt.de\/?p=12023#primaryimage","url":"https:\/\/www.feuerwehr-halberstadt.de\/wp-content\/uploads\/2021\/12\/2F16F945-E855-4760-9872-3676F14BFFC0.jpeg","contentUrl":"https:\/\/www.feuerwehr-halberstadt.de\/wp-content\/uploads\/2021\/12\/2F16F945-E855-4760-9872-3676F14BFFC0.jpeg","width":1697,"height":1341},{"@type":"BreadcrumbList","@id":"https:\/\/www.feuerwehr-halberstadt.de\/?p=12023#breadcrumb","itemListElement":[{"@type":"ListItem","position":1,"name":"Startseite","item":"https:\/\/www.feuerwehr-halberstadt.de\/"},{"@type":"ListItem","position":2,"name":"Candy Eitz zum Brandamtmann bef\u00f6rdert"}]},{"@type":"WebSite","@id":"https:\/\/www.feuerwehr-halberstadt.de\/#website","url":"https:\/\/www.feuerwehr-halberstadt.de\/","name":"Feuerwehr Halberstadt","description":"#imEinsatzf\u00fcrHalberstadt","publisher":{"@id":"https:\/\/www.feuerwehr-halberstadt.de\/#organization"},"potentialAction":[{"@type":"SearchAction","target":{"@type":"EntryPoint","urlTemplate":"https:\/\/www.feuerwehr-halberstadt.de\/?s={search_term_string}"},"query-input":{"@type":"PropertyValueSpecification","valueRequired":true,"valueName":"search_term_string"}}],"inLanguage":"de"},{"@type":"Organization","@id":"https:\/\/www.feuerwehr-halberstadt.de\/#organization","name":"Feuerwehr Halberstadt","url":"https:\/\/www.feuerwehr-halberstadt.de\/","logo":{"@type":"ImageObject","inLanguage":"de","@id":"https:\/\/www.feuerwehr-halberstadt.de\/#\/schema\/logo\/image\/","url":"https:\/\/www.feuerwehr-halberstadt.de\/wp-content\/uploads\/2023\/10\/IMG_0126.png","contentUrl":"https:\/\/www.feuerwehr-halberstadt.de\/wp-content\/uploads\/2023\/10\/IMG_0126.png","width":1500,"height":399,"caption":"Feuerwehr Halberstadt"},"image":{"@id":"https:\/\/www.feuerwehr-halberstadt.de\/#\/schema\/logo\/image\/"},"sameAs":["https:\/\/www.facebook.com\/FeuerwehrHalberstadt\/"]},{"@type":"Person","@id":"https:\/\/www.feuerwehr-halberstadt.de\/#\/schema\/person\/55ce5d9b46008e58cd3d55d4116ec727","name":"Buchold, Chris","image":{"@type":"ImageObject","inLanguage":"de","@id":"https:\/\/secure.gravatar.com\/avatar\/bff08a084f0390bf8a93fc28c488452766ba521109cec244ac64210fdd500a49?s=96&d=mm&r=g","url":"https:\/\/secure.gravatar.com\/avatar\/bff08a084f0390bf8a93fc28c488452766ba521109cec244ac64210fdd500a49?s=96&d=mm&r=g","contentUrl":"https:\/\/secure.gravatar.com\/avatar\/bff08a084f0390bf8a93fc28c488452766ba521109cec244ac64210fdd500a49?s=96&d=mm&r=g","caption":"Buchold, Chris"},"url":"https:\/\/www.feuerwehr-halberstadt.de\/?author=3"}]}},"_links":{"self":[{"href":"https:\/\/www.feuerwehr-halberstadt.de\/index.php?rest_route=\/wp\/v2\/posts\/12023","targetHints":{"allow":["GET"]}}],"collection":[{"href":"https:\/\/www.feuerwehr-halberstadt.de\/index.php?rest_route=\/wp\/v2\/posts"}],"about":[{"href":"https:\/\/www.feuerwehr-halberstadt.de\/index.php?rest_route=\/wp\/v2\/types\/post"}],"author":[{"embeddable":true,"href":"https:\/\/www.feuerwehr-halberstadt.de\/index.php?rest_route=\/wp\/v2\/users\/3"}],"replies":[{"embeddable":true,"href":"https:\/\/www.feuerwehr-halberstadt.de\/index.php?rest_route=%2Fwp%2Fv2%2Fcomments&post=12023"}],"version-history":[{"count":2,"href":"https:\/\/www.feuerwehr-halberstadt.de\/index.php?rest_route=\/wp\/v2\/posts\/12023\/revisions"}],"predecessor-version":[{"id":12026,"href":"https:\/\/www.feuerwehr-halberstadt.de\/index.php?rest_route=\/wp\/v2\/posts\/12023\/revisions\/12026"}],"wp:featuredmedia":[{"embeddable":true,"href":"https:\/\/www.feuerwehr-halberstadt.de\/index.php?rest_route=\/wp\/v2\/media\/12025"}],"wp:attachment":[{"href":"https:\/\/www.feuerwehr-halberstadt.de\/index.php?rest_route=%2Fwp%2Fv2%2Fmedia&parent=12023"}],"wp:term":[{"taxonomy":"category","embeddable":true,"href":"https:\/\/www.feuerwehr-halberstadt.de\/index.php?rest_route=%2Fwp%2Fv2%2Fcategories&post=12023"},{"taxonomy":"post_tag","embeddable":true,"href":"https:\/\/www.feuerwehr-halberstadt.de\/index.php?rest_route=%2Fwp%2Fv2%2Ftags&post=12023"}],"curies":[{"name":"wp","href":"https:\/\/api.w.org\/{rel}","templated":true}]}}