{"id":12019,"date":"2021-12-06T11:29:27","date_gmt":"2021-12-06T10:29:27","guid":{"rendered":"https:\/\/www.feuerwehr-halberstadt.de\/?p=12019"},"modified":"2021-12-06T11:29:28","modified_gmt":"2021-12-06T10:29:28","slug":"feuerwehr-foerderverein-ist-verein-des-jahres-2022","status":"publish","type":"post","link":"https:\/\/www.feuerwehr-halberstadt.de\/?p=12019","title":{"rendered":"Feuerwehr F\u00f6rderverein ist &#8222;Verein des Jahres 2022&#8220;"},"content":{"rendered":"\n<p>Der Feuerwehr F\u00f6rderverein St. Florian Halberstadt e. V. ist \u201eVerein des Jahres 2022\u201c! Dies haben die Mitglieder des Kultur- und Sportausschusses in ihrer Sitzung am 17.11.2021 entschieden.<\/p>\n\n\n\n<p>Die Auszeichnung \u201eVerein des Jahres 2022\u201c ist eine Anerkennung f\u00fcr die geleistete Vereinsarbeit und eine Motivation f\u00fcr weiteres Engagement.<\/p>\n\n\n\n<p>Der Verein wurde am 25. Mai 1998 von 20 engagierten B\u00fcrgern gegr\u00fcndet. Im 23. Jahr seines Bestehens z\u00e4hlt er \u00fcber 200 Mitglieder. Schwerpunkte seiner Arbeit sind die Unterst\u00fctzung der Kinder- und Jugendarbeit in den Feuerwehren, F\u00f6rderung des Brandschutzgedankens in der Bev\u00f6lkerung und die Pflege der Geschichte der Feuerwehr, um nur einige zu nennen. Im Jahr 2020 j\u00e4hrte sich zum 30. Mal die Unterzeichnung der Partnerschaftsbeziehungen zur F\u00f6rderung des Feuerl\u00f6schwesens, im Erfahrungsaustausch und der Kameradschaft zwischen den Feuerwehren Halberstadt und Wolfsburg.<br><br>Die Stadtr\u00e4te haben mit einer Beschlussfassung im April 2018 zur Verleihung von Ehrenbezeichnungen der Stadt entschieden, dass die Vorank\u00fcndigung \u00fcber die Verleihung der Ehrenurkunden \u201eVerein des Jahres\u201c und \u201ePers\u00f6nlichkeit des Jahres\u201c zum Tag des Ehrenamtes am 5. Dezember in Form einer Presseinformation erfolgt. Die feierliche Auszeichnung findet f\u00fcr gew\u00f6hnlich beim j\u00e4hrlichen Neujahrsempfang der Stadt Halberstadt statt. Da dieser erneut aufgrund des aktuellen Pandemiegeschehens nicht stattfinden kann, wird die Auszeichnung im Rahmen einer der kommenden Stadtratssitzungen vorgenommen. \u00dcber den Termin wird die Stadt rechtzeitig informieren.<br><br>Text: Pressemitteilung Stadt Halberstadt vom 01.12.2021<\/p>\n","protected":false},"excerpt":{"rendered":"<p>Der Feuerwehr F\u00f6rderverein St. Florian Halberstadt e. V. ist \u201eVerein des Jahres 2022\u201c! Dies haben die Mitglieder des Kultur- und Sportausschusses in ihrer Sitzung am 17.11.2021 entschieden. Die Auszeichnung \u201eVerein des Jahres 2022\u201c ist eine Anerkennung f\u00fcr die geleistete Vereinsarbeit und eine Motivation f\u00fcr weiteres Engagement. Der Verein wurde am 25. Mai 1998 von 20 [&hellip;]<\/p>\n","protected":false},"author":3,"featured_media":11245,"comment_status":"closed","ping_status":"closed","sticky":false,"template":"","format":"standard","meta":{"_acf_changed":false,"footnotes":""},"categories":[10],"tags":[],"class_list":["post-12019","post","type-post","status-publish","format-standard","has-post-thumbnail","hentry","category-foerderverein"],"acf":[],"yoast_head":"<!-- This site is optimized with the Yoast SEO plugin v27.5 - https:\/\/yoast.com\/product\/yoast-seo-wordpress\/ -->\n<title>Feuerwehr F\u00f6rderverein ist &quot;Verein des Jahres 2022&quot; - Feuerwehr Halberstadt<\/title>\n<meta name=\"robots\" content=\"index, follow, max-snippet:-1, max-image-preview:large, max-video-preview:-1\" \/>\n<link rel=\"canonical\" href=\"https:\/\/www.feuerwehr-halberstadt.de\/?p=12019\" \/>\n<meta property=\"og:locale\" content=\"de_DE\" \/>\n<meta property=\"og:type\" content=\"article\" \/>\n<meta property=\"og:title\" content=\"Feuerwehr F\u00f6rderverein ist &quot;Verein des Jahres 2022&quot; - Feuerwehr Halberstadt\" \/>\n<meta property=\"og:description\" content=\"Der Feuerwehr F\u00f6rderverein St. Florian Halberstadt e. V. ist \u201eVerein des Jahres 2022\u201c! Dies haben die Mitglieder des Kultur- und Sportausschusses in ihrer Sitzung am 17.11.2021 entschieden. Die Auszeichnung \u201eVerein des Jahres 2022\u201c ist eine Anerkennung f\u00fcr die geleistete Vereinsarbeit und eine Motivation f\u00fcr weiteres Engagement. Der Verein wurde am 25. Mai 1998 von 20 [&hellip;]\" \/>\n<meta property=\"og:url\" content=\"https:\/\/www.feuerwehr-halberstadt.de\/?p=12019\" \/>\n<meta property=\"og:site_name\" content=\"Feuerwehr Halberstadt\" \/>\n<meta property=\"article:publisher\" content=\"https:\/\/www.facebook.com\/FeuerwehrHalberstadt\/\" \/>\n<meta property=\"article:published_time\" content=\"2021-12-06T10:29:27+00:00\" \/>\n<meta property=\"article:modified_time\" content=\"2021-12-06T10:29:28+00:00\" \/>\n<meta property=\"og:image\" content=\"https:\/\/www.feuerwehr-halberstadt.de\/wp-content\/uploads\/2020\/09\/D23993C7-38F7-4C4D-9F5C-E9D573EDBD49.png\" \/>\n\t<meta property=\"og:image:width\" content=\"1200\" \/>\n\t<meta property=\"og:image:height\" content=\"630\" \/>\n\t<meta property=\"og:image:type\" content=\"image\/png\" \/>\n<meta name=\"author\" content=\"Buchold, Chris\" \/>\n<meta name=\"twitter:card\" content=\"summary_large_image\" \/>\n<meta name=\"twitter:label1\" content=\"Verfasst von\" \/>\n\t<meta name=\"twitter:data1\" content=\"Buchold, Chris\" \/>\n\t<meta name=\"twitter:label2\" content=\"Gesch\u00e4tzte Lesezeit\" \/>\n\t<meta name=\"twitter:data2\" content=\"1\u00a0Minute\" \/>\n<script type=\"application\/ld+json\" class=\"yoast-schema-graph\">{\"@context\":\"https:\\\/\\\/schema.org\",\"@graph\":[{\"@type\":\"Article\",\"@id\":\"https:\\\/\\\/www.feuerwehr-halberstadt.de\\\/?p=12019#article\",\"isPartOf\":{\"@id\":\"https:\\\/\\\/www.feuerwehr-halberstadt.de\\\/?p=12019\"},\"author\":{\"name\":\"Buchold, Chris\",\"@id\":\"https:\\\/\\\/www.feuerwehr-halberstadt.de\\\/#\\\/schema\\\/person\\\/55ce5d9b46008e58cd3d55d4116ec727\"},\"headline\":\"Feuerwehr F\u00f6rderverein ist &#8222;Verein des Jahres 2022&#8220;\",\"datePublished\":\"2021-12-06T10:29:27+00:00\",\"dateModified\":\"2021-12-06T10:29:28+00:00\",\"mainEntityOfPage\":{\"@id\":\"https:\\\/\\\/www.feuerwehr-halberstadt.de\\\/?p=12019\"},\"wordCount\":228,\"publisher\":{\"@id\":\"https:\\\/\\\/www.feuerwehr-halberstadt.de\\\/#organization\"},\"image\":{\"@id\":\"https:\\\/\\\/www.feuerwehr-halberstadt.de\\\/?p=12019#primaryimage\"},\"thumbnailUrl\":\"https:\\\/\\\/www.feuerwehr-halberstadt.de\\\/wp-content\\\/uploads\\\/2020\\\/09\\\/D23993C7-38F7-4C4D-9F5C-E9D573EDBD49.png\",\"articleSection\":[\"F\u00f6rderverein\"],\"inLanguage\":\"de\"},{\"@type\":\"WebPage\",\"@id\":\"https:\\\/\\\/www.feuerwehr-halberstadt.de\\\/?p=12019\",\"url\":\"https:\\\/\\\/www.feuerwehr-halberstadt.de\\\/?p=12019\",\"name\":\"Feuerwehr F\u00f6rderverein ist \\\"Verein des Jahres 2022\\\" - Feuerwehr Halberstadt\",\"isPartOf\":{\"@id\":\"https:\\\/\\\/www.feuerwehr-halberstadt.de\\\/#website\"},\"primaryImageOfPage\":{\"@id\":\"https:\\\/\\\/www.feuerwehr-halberstadt.de\\\/?p=12019#primaryimage\"},\"image\":{\"@id\":\"https:\\\/\\\/www.feuerwehr-halberstadt.de\\\/?p=12019#primaryimage\"},\"thumbnailUrl\":\"https:\\\/\\\/www.feuerwehr-halberstadt.de\\\/wp-content\\\/uploads\\\/2020\\\/09\\\/D23993C7-38F7-4C4D-9F5C-E9D573EDBD49.png\",\"datePublished\":\"2021-12-06T10:29:27+00:00\",\"dateModified\":\"2021-12-06T10:29:28+00:00\",\"breadcrumb\":{\"@id\":\"https:\\\/\\\/www.feuerwehr-halberstadt.de\\\/?p=12019#breadcrumb\"},\"inLanguage\":\"de\",\"potentialAction\":[{\"@type\":\"ReadAction\",\"target\":[\"https:\\\/\\\/www.feuerwehr-halberstadt.de\\\/?p=12019\"]}]},{\"@type\":\"ImageObject\",\"inLanguage\":\"de\",\"@id\":\"https:\\\/\\\/www.feuerwehr-halberstadt.de\\\/?p=12019#primaryimage\",\"url\":\"https:\\\/\\\/www.feuerwehr-halberstadt.de\\\/wp-content\\\/uploads\\\/2020\\\/09\\\/D23993C7-38F7-4C4D-9F5C-E9D573EDBD49.png\",\"contentUrl\":\"https:\\\/\\\/www.feuerwehr-halberstadt.de\\\/wp-content\\\/uploads\\\/2020\\\/09\\\/D23993C7-38F7-4C4D-9F5C-E9D573EDBD49.png\",\"width\":1200,\"height\":630},{\"@type\":\"BreadcrumbList\",\"@id\":\"https:\\\/\\\/www.feuerwehr-halberstadt.de\\\/?p=12019#breadcrumb\",\"itemListElement\":[{\"@type\":\"ListItem\",\"position\":1,\"name\":\"Startseite\",\"item\":\"https:\\\/\\\/www.feuerwehr-halberstadt.de\\\/\"},{\"@type\":\"ListItem\",\"position\":2,\"name\":\"Feuerwehr F\u00f6rderverein ist &#8220;Verein des Jahres 2022&#8221;\"}]},{\"@type\":\"WebSite\",\"@id\":\"https:\\\/\\\/www.feuerwehr-halberstadt.de\\\/#website\",\"url\":\"https:\\\/\\\/www.feuerwehr-halberstadt.de\\\/\",\"name\":\"Feuerwehr Halberstadt\",\"description\":\"#imEinsatzf\u00fcrHalberstadt\",\"publisher\":{\"@id\":\"https:\\\/\\\/www.feuerwehr-halberstadt.de\\\/#organization\"},\"potentialAction\":[{\"@type\":\"SearchAction\",\"target\":{\"@type\":\"EntryPoint\",\"urlTemplate\":\"https:\\\/\\\/www.feuerwehr-halberstadt.de\\\/?s={search_term_string}\"},\"query-input\":{\"@type\":\"PropertyValueSpecification\",\"valueRequired\":true,\"valueName\":\"search_term_string\"}}],\"inLanguage\":\"de\"},{\"@type\":\"Organization\",\"@id\":\"https:\\\/\\\/www.feuerwehr-halberstadt.de\\\/#organization\",\"name\":\"Feuerwehr Halberstadt\",\"url\":\"https:\\\/\\\/www.feuerwehr-halberstadt.de\\\/\",\"logo\":{\"@type\":\"ImageObject\",\"inLanguage\":\"de\",\"@id\":\"https:\\\/\\\/www.feuerwehr-halberstadt.de\\\/#\\\/schema\\\/logo\\\/image\\\/\",\"url\":\"https:\\\/\\\/www.feuerwehr-halberstadt.de\\\/wp-content\\\/uploads\\\/2023\\\/10\\\/IMG_0126.png\",\"contentUrl\":\"https:\\\/\\\/www.feuerwehr-halberstadt.de\\\/wp-content\\\/uploads\\\/2023\\\/10\\\/IMG_0126.png\",\"width\":1500,\"height\":399,\"caption\":\"Feuerwehr Halberstadt\"},\"image\":{\"@id\":\"https:\\\/\\\/www.feuerwehr-halberstadt.de\\\/#\\\/schema\\\/logo\\\/image\\\/\"},\"sameAs\":[\"https:\\\/\\\/www.facebook.com\\\/FeuerwehrHalberstadt\\\/\"]},{\"@type\":\"Person\",\"@id\":\"https:\\\/\\\/www.feuerwehr-halberstadt.de\\\/#\\\/schema\\\/person\\\/55ce5d9b46008e58cd3d55d4116ec727\",\"name\":\"Buchold, Chris\",\"image\":{\"@type\":\"ImageObject\",\"inLanguage\":\"de\",\"@id\":\"https:\\\/\\\/secure.gravatar.com\\\/avatar\\\/bff08a084f0390bf8a93fc28c488452766ba521109cec244ac64210fdd500a49?s=96&d=mm&r=g\",\"url\":\"https:\\\/\\\/secure.gravatar.com\\\/avatar\\\/bff08a084f0390bf8a93fc28c488452766ba521109cec244ac64210fdd500a49?s=96&d=mm&r=g\",\"contentUrl\":\"https:\\\/\\\/secure.gravatar.com\\\/avatar\\\/bff08a084f0390bf8a93fc28c488452766ba521109cec244ac64210fdd500a49?s=96&d=mm&r=g\",\"caption\":\"Buchold, Chris\"},\"url\":\"https:\\\/\\\/www.feuerwehr-halberstadt.de\\\/?author=3\"}]}<\/script>\n<!-- \/ Yoast SEO plugin. -->","yoast_head_json":{"title":"Feuerwehr F\u00f6rderverein ist \"Verein des Jahres 2022\" - Feuerwehr Halberstadt","robots":{"index":"index","follow":"follow","max-snippet":"max-snippet:-1","max-image-preview":"max-image-preview:large","max-video-preview":"max-video-preview:-1"},"canonical":"https:\/\/www.feuerwehr-halberstadt.de\/?p=12019","og_locale":"de_DE","og_type":"article","og_title":"Feuerwehr F\u00f6rderverein ist \"Verein des Jahres 2022\" - Feuerwehr Halberstadt","og_description":"Der Feuerwehr F\u00f6rderverein St. Florian Halberstadt e. V. ist \u201eVerein des Jahres 2022\u201c! Dies haben die Mitglieder des Kultur- und Sportausschusses in ihrer Sitzung am 17.11.2021 entschieden. Die Auszeichnung \u201eVerein des Jahres 2022\u201c ist eine Anerkennung f\u00fcr die geleistete Vereinsarbeit und eine Motivation f\u00fcr weiteres Engagement. Der Verein wurde am 25. Mai 1998 von 20 [&hellip;]","og_url":"https:\/\/www.feuerwehr-halberstadt.de\/?p=12019","og_site_name":"Feuerwehr Halberstadt","article_publisher":"https:\/\/www.facebook.com\/FeuerwehrHalberstadt\/","article_published_time":"2021-12-06T10:29:27+00:00","article_modified_time":"2021-12-06T10:29:28+00:00","og_image":[{"width":1200,"height":630,"url":"https:\/\/www.feuerwehr-halberstadt.de\/wp-content\/uploads\/2020\/09\/D23993C7-38F7-4C4D-9F5C-E9D573EDBD49.png","type":"image\/png"}],"author":"Buchold, Chris","twitter_card":"summary_large_image","twitter_misc":{"Verfasst von":"Buchold, Chris","Gesch\u00e4tzte Lesezeit":"1\u00a0Minute"},"schema":{"@context":"https:\/\/schema.org","@graph":[{"@type":"Article","@id":"https:\/\/www.feuerwehr-halberstadt.de\/?p=12019#article","isPartOf":{"@id":"https:\/\/www.feuerwehr-halberstadt.de\/?p=12019"},"author":{"name":"Buchold, Chris","@id":"https:\/\/www.feuerwehr-halberstadt.de\/#\/schema\/person\/55ce5d9b46008e58cd3d55d4116ec727"},"headline":"Feuerwehr F\u00f6rderverein ist &#8222;Verein des Jahres 2022&#8220;","datePublished":"2021-12-06T10:29:27+00:00","dateModified":"2021-12-06T10:29:28+00:00","mainEntityOfPage":{"@id":"https:\/\/www.feuerwehr-halberstadt.de\/?p=12019"},"wordCount":228,"publisher":{"@id":"https:\/\/www.feuerwehr-halberstadt.de\/#organization"},"image":{"@id":"https:\/\/www.feuerwehr-halberstadt.de\/?p=12019#primaryimage"},"thumbnailUrl":"https:\/\/www.feuerwehr-halberstadt.de\/wp-content\/uploads\/2020\/09\/D23993C7-38F7-4C4D-9F5C-E9D573EDBD49.png","articleSection":["F\u00f6rderverein"],"inLanguage":"de"},{"@type":"WebPage","@id":"https:\/\/www.feuerwehr-halberstadt.de\/?p=12019","url":"https:\/\/www.feuerwehr-halberstadt.de\/?p=12019","name":"Feuerwehr F\u00f6rderverein ist \"Verein des Jahres 2022\" - Feuerwehr Halberstadt","isPartOf":{"@id":"https:\/\/www.feuerwehr-halberstadt.de\/#website"},"primaryImageOfPage":{"@id":"https:\/\/www.feuerwehr-halberstadt.de\/?p=12019#primaryimage"},"image":{"@id":"https:\/\/www.feuerwehr-halberstadt.de\/?p=12019#primaryimage"},"thumbnailUrl":"https:\/\/www.feuerwehr-halberstadt.de\/wp-content\/uploads\/2020\/09\/D23993C7-38F7-4C4D-9F5C-E9D573EDBD49.png","datePublished":"2021-12-06T10:29:27+00:00","dateModified":"2021-12-06T10:29:28+00:00","breadcrumb":{"@id":"https:\/\/www.feuerwehr-halberstadt.de\/?p=12019#breadcrumb"},"inLanguage":"de","potentialAction":[{"@type":"ReadAction","target":["https:\/\/www.feuerwehr-halberstadt.de\/?p=12019"]}]},{"@type":"ImageObject","inLanguage":"de","@id":"https:\/\/www.feuerwehr-halberstadt.de\/?p=12019#primaryimage","url":"https:\/\/www.feuerwehr-halberstadt.de\/wp-content\/uploads\/2020\/09\/D23993C7-38F7-4C4D-9F5C-E9D573EDBD49.png","contentUrl":"https:\/\/www.feuerwehr-halberstadt.de\/wp-content\/uploads\/2020\/09\/D23993C7-38F7-4C4D-9F5C-E9D573EDBD49.png","width":1200,"height":630},{"@type":"BreadcrumbList","@id":"https:\/\/www.feuerwehr-halberstadt.de\/?p=12019#breadcrumb","itemListElement":[{"@type":"ListItem","position":1,"name":"Startseite","item":"https:\/\/www.feuerwehr-halberstadt.de\/"},{"@type":"ListItem","position":2,"name":"Feuerwehr F\u00f6rderverein ist &#8220;Verein des Jahres 2022&#8221;"}]},{"@type":"WebSite","@id":"https:\/\/www.feuerwehr-halberstadt.de\/#website","url":"https:\/\/www.feuerwehr-halberstadt.de\/","name":"Feuerwehr Halberstadt","description":"#imEinsatzf\u00fcrHalberstadt","publisher":{"@id":"https:\/\/www.feuerwehr-halberstadt.de\/#organization"},"potentialAction":[{"@type":"SearchAction","target":{"@type":"EntryPoint","urlTemplate":"https:\/\/www.feuerwehr-halberstadt.de\/?s={search_term_string}"},"query-input":{"@type":"PropertyValueSpecification","valueRequired":true,"valueName":"search_term_string"}}],"inLanguage":"de"},{"@type":"Organization","@id":"https:\/\/www.feuerwehr-halberstadt.de\/#organization","name":"Feuerwehr Halberstadt","url":"https:\/\/www.feuerwehr-halberstadt.de\/","logo":{"@type":"ImageObject","inLanguage":"de","@id":"https:\/\/www.feuerwehr-halberstadt.de\/#\/schema\/logo\/image\/","url":"https:\/\/www.feuerwehr-halberstadt.de\/wp-content\/uploads\/2023\/10\/IMG_0126.png","contentUrl":"https:\/\/www.feuerwehr-halberstadt.de\/wp-content\/uploads\/2023\/10\/IMG_0126.png","width":1500,"height":399,"caption":"Feuerwehr Halberstadt"},"image":{"@id":"https:\/\/www.feuerwehr-halberstadt.de\/#\/schema\/logo\/image\/"},"sameAs":["https:\/\/www.facebook.com\/FeuerwehrHalberstadt\/"]},{"@type":"Person","@id":"https:\/\/www.feuerwehr-halberstadt.de\/#\/schema\/person\/55ce5d9b46008e58cd3d55d4116ec727","name":"Buchold, Chris","image":{"@type":"ImageObject","inLanguage":"de","@id":"https:\/\/secure.gravatar.com\/avatar\/bff08a084f0390bf8a93fc28c488452766ba521109cec244ac64210fdd500a49?s=96&d=mm&r=g","url":"https:\/\/secure.gravatar.com\/avatar\/bff08a084f0390bf8a93fc28c488452766ba521109cec244ac64210fdd500a49?s=96&d=mm&r=g","contentUrl":"https:\/\/secure.gravatar.com\/avatar\/bff08a084f0390bf8a93fc28c488452766ba521109cec244ac64210fdd500a49?s=96&d=mm&r=g","caption":"Buchold, Chris"},"url":"https:\/\/www.feuerwehr-halberstadt.de\/?author=3"}]}},"_links":{"self":[{"href":"https:\/\/www.feuerwehr-halberstadt.de\/index.php?rest_route=\/wp\/v2\/posts\/12019","targetHints":{"allow":["GET"]}}],"collection":[{"href":"https:\/\/www.feuerwehr-halberstadt.de\/index.php?rest_route=\/wp\/v2\/posts"}],"about":[{"href":"https:\/\/www.feuerwehr-halberstadt.de\/index.php?rest_route=\/wp\/v2\/types\/post"}],"author":[{"embeddable":true,"href":"https:\/\/www.feuerwehr-halberstadt.de\/index.php?rest_route=\/wp\/v2\/users\/3"}],"replies":[{"embeddable":true,"href":"https:\/\/www.feuerwehr-halberstadt.de\/index.php?rest_route=%2Fwp%2Fv2%2Fcomments&post=12019"}],"version-history":[{"count":1,"href":"https:\/\/www.feuerwehr-halberstadt.de\/index.php?rest_route=\/wp\/v2\/posts\/12019\/revisions"}],"predecessor-version":[{"id":12020,"href":"https:\/\/www.feuerwehr-halberstadt.de\/index.php?rest_route=\/wp\/v2\/posts\/12019\/revisions\/12020"}],"wp:featuredmedia":[{"embeddable":true,"href":"https:\/\/www.feuerwehr-halberstadt.de\/index.php?rest_route=\/wp\/v2\/media\/11245"}],"wp:attachment":[{"href":"https:\/\/www.feuerwehr-halberstadt.de\/index.php?rest_route=%2Fwp%2Fv2%2Fmedia&parent=12019"}],"wp:term":[{"taxonomy":"category","embeddable":true,"href":"https:\/\/www.feuerwehr-halberstadt.de\/index.php?rest_route=%2Fwp%2Fv2%2Fcategories&post=12019"},{"taxonomy":"post_tag","embeddable":true,"href":"https:\/\/www.feuerwehr-halberstadt.de\/index.php?rest_route=%2Fwp%2Fv2%2Ftags&post=12019"}],"curies":[{"name":"wp","href":"https:\/\/api.w.org\/{rel}","templated":true}]}}