{"id":11975,"date":"2021-11-10T22:39:18","date_gmt":"2021-11-10T21:39:18","guid":{"rendered":"https:\/\/www.feuerwehr-halberstadt.de\/?p=11975"},"modified":"2021-11-10T22:44:08","modified_gmt":"2021-11-10T21:44:08","slug":"neuer-geraetewagen-offiziell-in-dienst-gestellt","status":"publish","type":"post","link":"https:\/\/www.feuerwehr-halberstadt.de\/?p=11975","title":{"rendered":"Neuer Ger\u00e4tewagen offiziell in Dienst gestellt"},"content":{"rendered":"\n<p>Der neue Ger\u00e4tewagen Umwelt (GW-U) wurde heute durch Oberb\u00fcrgermeister Daniel Szarata an die Hauptberufliche Wachbereitschaft \u00fcbergeben. \u201eFlorian Halberstadt 59\u201c ist ab sofort f\u00fcr Technische Hilfeleistungen, Umwelt-, Unwetter- und Tierrettungseins\u00e4tze in Dienst gestellt. OB Daniel Szarata lie\u00df sich von Candy Eitz (Sachgebietsleiter Technik) \u00fcber die technische Ausstattung, den Prozess der Beschaffung und die Einsatzm\u00f6glichkeiten des Fahrzeugs aufkl\u00e4ren.<br><br>Der alte Ger\u00e4tewagen (Baujahr 2009) war das Fahrzeug mit der h\u00f6chsten Einsatzfrequenz im Jahr, was ein Kilometerstand von ca. 104.000 km verdeutlicht. Der hohe Verschlei\u00df und die steigenden Reparaturkosten f\u00fchrten dazu, dass das Fahrzeug bereits im Juli dieses Jahres aus wirtschaftlichen Gr\u00fcnden au\u00dfer Dienst genommen werden musste.<br><br>Bei dem neuen Fahrzeug handelt es sich um eine planm\u00e4\u00dfige Ersatzbeschaffung laut Brandschutzbedarfsplan. Das Vergabeverfahren wurde bereits 2019 begonnen und das Fahrzeug sollte im Oktober 2020 in Dienst gestellt werden. Auf Grund von Produktionsschwierigkeiten beim Fahrzeughersteller, Lieferschwierigkeiten vom Zulieferer der Ausbaufirma und Probleme bei der Zulassung kann das Fahrzeug erst heute, mit \u00fcber einem Jahr Versp\u00e4tung, in Dienst gestellt werden.<br><br>F\u00fcr das neue Fahrzeug investierte die Stadt Halberstadt ca. 97.000 \u20ac aus eigenen Mitteln, da keine F\u00f6rdermittel zur Verf\u00fcgung standen. Wie das Vorg\u00e4ngerfahrzeug auch, wird das Fahrzeug haupts\u00e4chlich durch die Einsatzkr\u00e4fte der Hauptberuflichen Wachbereitschaft zum Einsatz gebracht. <br><br><strong>Fahrzeug-Daten:<\/strong> <br><em>Fahrgestell: MERCEDES-BENZ \/ Sprinter \/ 516 CDI \/ Allrad <br>Motor: 120 KW (163 PS) <br>Getriebe: Automatik \/ 7G-Tronic plus <br>Zul. Gesamtgewicht: 5 t <br>Ausbaufirma: Kfz-Ackmann aus Dr\u00fcbeck (Funk \/ Sondersignal \/ Fahrzeugeinbauten) <br>Lackierung \/ Beschriftung: design112 im einheitlichen Design der Feuerwehr Halberstadt <\/em><\/p>\n\n\n\n<figure class=\"wp-block-gallery columns-3 is-cropped wp-block-gallery-1 is-layout-flex wp-block-gallery-is-layout-flex\"><ul class=\"blocks-gallery-grid\"><li class=\"blocks-gallery-item\"><figure><img loading=\"lazy\" decoding=\"async\" width=\"1024\" height=\"575\" src=\"https:\/\/www.feuerwehr-halberstadt.de\/wp-content\/uploads\/2021\/11\/DSC05156-1024x575.jpg\" alt=\"\" data-id=\"11994\" data-full-url=\"https:\/\/www.feuerwehr-halberstadt.de\/wp-content\/uploads\/2021\/11\/DSC05156-scaled.jpg\" data-link=\"https:\/\/www.feuerwehr-halberstadt.de\/?attachment_id=11994\" class=\"wp-image-11994\" srcset=\"https:\/\/www.feuerwehr-halberstadt.de\/wp-content\/uploads\/2021\/11\/DSC05156-1024x575.jpg 1024w, https:\/\/www.feuerwehr-halberstadt.de\/wp-content\/uploads\/2021\/11\/DSC05156-300x169.jpg 300w, https:\/\/www.feuerwehr-halberstadt.de\/wp-content\/uploads\/2021\/11\/DSC05156-768x431.jpg 768w, https:\/\/www.feuerwehr-halberstadt.de\/wp-content\/uploads\/2021\/11\/DSC05156-1536x863.jpg 1536w, https:\/\/www.feuerwehr-halberstadt.de\/wp-content\/uploads\/2021\/11\/DSC05156-2048x1150.jpg 2048w\" sizes=\"auto, (max-width: 1024px) 100vw, 1024px\" \/><\/figure><\/li><li class=\"blocks-gallery-item\"><figure><img loading=\"lazy\" decoding=\"async\" width=\"1024\" height=\"575\" src=\"https:\/\/www.feuerwehr-halberstadt.de\/wp-content\/uploads\/2021\/11\/IMG_9841-1024x575.jpg\" alt=\"\" data-id=\"11993\" data-full-url=\"https:\/\/www.feuerwehr-halberstadt.de\/wp-content\/uploads\/2021\/11\/IMG_9841-scaled.jpg\" data-link=\"https:\/\/www.feuerwehr-halberstadt.de\/?attachment_id=11993\" class=\"wp-image-11993\" srcset=\"https:\/\/www.feuerwehr-halberstadt.de\/wp-content\/uploads\/2021\/11\/IMG_9841-1024x575.jpg 1024w, https:\/\/www.feuerwehr-halberstadt.de\/wp-content\/uploads\/2021\/11\/IMG_9841-300x168.jpg 300w, https:\/\/www.feuerwehr-halberstadt.de\/wp-content\/uploads\/2021\/11\/IMG_9841-768x431.jpg 768w, https:\/\/www.feuerwehr-halberstadt.de\/wp-content\/uploads\/2021\/11\/IMG_9841-1536x862.jpg 1536w, https:\/\/www.feuerwehr-halberstadt.de\/wp-content\/uploads\/2021\/11\/IMG_9841-2048x1150.jpg 2048w\" sizes=\"auto, (max-width: 1024px) 100vw, 1024px\" \/><\/figure><\/li><li class=\"blocks-gallery-item\"><figure><img loading=\"lazy\" decoding=\"async\" width=\"1024\" height=\"682\" src=\"https:\/\/www.feuerwehr-halberstadt.de\/wp-content\/uploads\/2021\/11\/IMG_9817-1024x682.jpg\" alt=\"\" data-id=\"11991\" data-full-url=\"https:\/\/www.feuerwehr-halberstadt.de\/wp-content\/uploads\/2021\/11\/IMG_9817-scaled.jpg\" data-link=\"https:\/\/www.feuerwehr-halberstadt.de\/?attachment_id=11991\" class=\"wp-image-11991\" srcset=\"https:\/\/www.feuerwehr-halberstadt.de\/wp-content\/uploads\/2021\/11\/IMG_9817-1024x682.jpg 1024w, https:\/\/www.feuerwehr-halberstadt.de\/wp-content\/uploads\/2021\/11\/IMG_9817-300x200.jpg 300w, https:\/\/www.feuerwehr-halberstadt.de\/wp-content\/uploads\/2021\/11\/IMG_9817-768x512.jpg 768w, https:\/\/www.feuerwehr-halberstadt.de\/wp-content\/uploads\/2021\/11\/IMG_9817-1536x1024.jpg 1536w, https:\/\/www.feuerwehr-halberstadt.de\/wp-content\/uploads\/2021\/11\/IMG_9817-2048x1365.jpg 2048w\" sizes=\"auto, (max-width: 1024px) 100vw, 1024px\" \/><\/figure><\/li><li class=\"blocks-gallery-item\"><figure><img loading=\"lazy\" decoding=\"async\" width=\"1024\" height=\"682\" src=\"https:\/\/www.feuerwehr-halberstadt.de\/wp-content\/uploads\/2021\/11\/IMG_9816-1024x682.jpg\" alt=\"\" data-id=\"11990\" data-full-url=\"https:\/\/www.feuerwehr-halberstadt.de\/wp-content\/uploads\/2021\/11\/IMG_9816-scaled.jpg\" data-link=\"https:\/\/www.feuerwehr-halberstadt.de\/?attachment_id=11990\" class=\"wp-image-11990\" srcset=\"https:\/\/www.feuerwehr-halberstadt.de\/wp-content\/uploads\/2021\/11\/IMG_9816-1024x682.jpg 1024w, https:\/\/www.feuerwehr-halberstadt.de\/wp-content\/uploads\/2021\/11\/IMG_9816-300x200.jpg 300w, https:\/\/www.feuerwehr-halberstadt.de\/wp-content\/uploads\/2021\/11\/IMG_9816-768x512.jpg 768w, https:\/\/www.feuerwehr-halberstadt.de\/wp-content\/uploads\/2021\/11\/IMG_9816-1536x1024.jpg 1536w, https:\/\/www.feuerwehr-halberstadt.de\/wp-content\/uploads\/2021\/11\/IMG_9816-2048x1365.jpg 2048w\" sizes=\"auto, (max-width: 1024px) 100vw, 1024px\" \/><\/figure><\/li><li class=\"blocks-gallery-item\"><figure><img loading=\"lazy\" decoding=\"async\" width=\"1024\" height=\"683\" src=\"https:\/\/www.feuerwehr-halberstadt.de\/wp-content\/uploads\/2021\/11\/IMG_9812-1024x683.jpg\" alt=\"\" data-id=\"11989\" data-full-url=\"https:\/\/www.feuerwehr-halberstadt.de\/wp-content\/uploads\/2021\/11\/IMG_9812-scaled.jpg\" data-link=\"https:\/\/www.feuerwehr-halberstadt.de\/?attachment_id=11989\" class=\"wp-image-11989\" srcset=\"https:\/\/www.feuerwehr-halberstadt.de\/wp-content\/uploads\/2021\/11\/IMG_9812-1024x683.jpg 1024w, https:\/\/www.feuerwehr-halberstadt.de\/wp-content\/uploads\/2021\/11\/IMG_9812-300x200.jpg 300w, https:\/\/www.feuerwehr-halberstadt.de\/wp-content\/uploads\/2021\/11\/IMG_9812-768x512.jpg 768w, https:\/\/www.feuerwehr-halberstadt.de\/wp-content\/uploads\/2021\/11\/IMG_9812-1536x1024.jpg 1536w, https:\/\/www.feuerwehr-halberstadt.de\/wp-content\/uploads\/2021\/11\/IMG_9812-2048x1365.jpg 2048w\" sizes=\"auto, (max-width: 1024px) 100vw, 1024px\" \/><\/figure><\/li><li class=\"blocks-gallery-item\"><figure><img loading=\"lazy\" decoding=\"async\" width=\"1024\" height=\"683\" src=\"https:\/\/www.feuerwehr-halberstadt.de\/wp-content\/uploads\/2021\/11\/IMG_9811-1024x683.jpg\" alt=\"\" data-id=\"11988\" data-full-url=\"https:\/\/www.feuerwehr-halberstadt.de\/wp-content\/uploads\/2021\/11\/IMG_9811-scaled.jpg\" data-link=\"https:\/\/www.feuerwehr-halberstadt.de\/?attachment_id=11988\" class=\"wp-image-11988\" srcset=\"https:\/\/www.feuerwehr-halberstadt.de\/wp-content\/uploads\/2021\/11\/IMG_9811-1024x683.jpg 1024w, https:\/\/www.feuerwehr-halberstadt.de\/wp-content\/uploads\/2021\/11\/IMG_9811-300x200.jpg 300w, https:\/\/www.feuerwehr-halberstadt.de\/wp-content\/uploads\/2021\/11\/IMG_9811-768x512.jpg 768w, https:\/\/www.feuerwehr-halberstadt.de\/wp-content\/uploads\/2021\/11\/IMG_9811-1536x1024.jpg 1536w, https:\/\/www.feuerwehr-halberstadt.de\/wp-content\/uploads\/2021\/11\/IMG_9811-2048x1365.jpg 2048w\" sizes=\"auto, (max-width: 1024px) 100vw, 1024px\" \/><\/figure><\/li><li class=\"blocks-gallery-item\"><figure><img loading=\"lazy\" decoding=\"async\" width=\"1024\" height=\"682\" src=\"https:\/\/www.feuerwehr-halberstadt.de\/wp-content\/uploads\/2021\/11\/IMG_9810-1024x682.jpg\" alt=\"\" data-id=\"11987\" data-full-url=\"https:\/\/www.feuerwehr-halberstadt.de\/wp-content\/uploads\/2021\/11\/IMG_9810-scaled.jpg\" data-link=\"https:\/\/www.feuerwehr-halberstadt.de\/?attachment_id=11987\" class=\"wp-image-11987\" srcset=\"https:\/\/www.feuerwehr-halberstadt.de\/wp-content\/uploads\/2021\/11\/IMG_9810-1024x682.jpg 1024w, https:\/\/www.feuerwehr-halberstadt.de\/wp-content\/uploads\/2021\/11\/IMG_9810-300x200.jpg 300w, https:\/\/www.feuerwehr-halberstadt.de\/wp-content\/uploads\/2021\/11\/IMG_9810-768x512.jpg 768w, https:\/\/www.feuerwehr-halberstadt.de\/wp-content\/uploads\/2021\/11\/IMG_9810-1536x1024.jpg 1536w, https:\/\/www.feuerwehr-halberstadt.de\/wp-content\/uploads\/2021\/11\/IMG_9810-2048x1365.jpg 2048w\" sizes=\"auto, (max-width: 1024px) 100vw, 1024px\" \/><\/figure><\/li><li class=\"blocks-gallery-item\"><figure><img loading=\"lazy\" decoding=\"async\" width=\"1024\" height=\"576\" src=\"https:\/\/www.feuerwehr-halberstadt.de\/wp-content\/uploads\/2021\/11\/DSC05187-1024x576.jpg\" alt=\"\" data-id=\"11986\" data-full-url=\"https:\/\/www.feuerwehr-halberstadt.de\/wp-content\/uploads\/2021\/11\/DSC05187-scaled.jpg\" data-link=\"https:\/\/www.feuerwehr-halberstadt.de\/?attachment_id=11986\" class=\"wp-image-11986\" srcset=\"https:\/\/www.feuerwehr-halberstadt.de\/wp-content\/uploads\/2021\/11\/DSC05187-1024x576.jpg 1024w, https:\/\/www.feuerwehr-halberstadt.de\/wp-content\/uploads\/2021\/11\/DSC05187-300x169.jpg 300w, https:\/\/www.feuerwehr-halberstadt.de\/wp-content\/uploads\/2021\/11\/DSC05187-768x432.jpg 768w, https:\/\/www.feuerwehr-halberstadt.de\/wp-content\/uploads\/2021\/11\/DSC05187-1536x864.jpg 1536w, https:\/\/www.feuerwehr-halberstadt.de\/wp-content\/uploads\/2021\/11\/DSC05187-2048x1151.jpg 2048w\" sizes=\"auto, (max-width: 1024px) 100vw, 1024px\" \/><\/figure><\/li><\/ul><\/figure>\n","protected":false},"excerpt":{"rendered":"<p>Der neue Ger\u00e4tewagen Umwelt (GW-U) wurde heute durch Oberb\u00fcrgermeister Daniel Szarata an die Hauptberufliche Wachbereitschaft \u00fcbergeben. \u201eFlorian Halberstadt 59\u201c ist ab sofort f\u00fcr Technische Hilfeleistungen, Umwelt-, Unwetter- und Tierrettungseins\u00e4tze in Dienst gestellt. OB Daniel Szarata lie\u00df sich von Candy Eitz (Sachgebietsleiter Technik) \u00fcber die technische Ausstattung, den Prozess der Beschaffung und die Einsatzm\u00f6glichkeiten des Fahrzeugs [&hellip;]<\/p>\n","protected":false},"author":3,"featured_media":11992,"comment_status":"closed","ping_status":"closed","sticky":false,"template":"","format":"standard","meta":{"_acf_changed":false,"footnotes":""},"categories":[9,11],"tags":[],"class_list":["post-11975","post","type-post","status-publish","format-standard","has-post-thumbnail","hentry","category-allgemein","category-wache"],"acf":[],"yoast_head":"<!-- This site is optimized with the Yoast SEO plugin v27.5 - https:\/\/yoast.com\/product\/yoast-seo-wordpress\/ -->\n<title>Neuer Ger\u00e4tewagen offiziell in Dienst gestellt - Feuerwehr Halberstadt<\/title>\n<meta name=\"robots\" content=\"index, follow, max-snippet:-1, max-image-preview:large, max-video-preview:-1\" \/>\n<link rel=\"canonical\" href=\"https:\/\/www.feuerwehr-halberstadt.de\/?p=11975\" \/>\n<meta property=\"og:locale\" content=\"de_DE\" \/>\n<meta property=\"og:type\" content=\"article\" \/>\n<meta property=\"og:title\" content=\"Neuer Ger\u00e4tewagen offiziell in Dienst gestellt - Feuerwehr Halberstadt\" \/>\n<meta property=\"og:description\" content=\"Der neue Ger\u00e4tewagen Umwelt (GW-U) wurde heute durch Oberb\u00fcrgermeister Daniel Szarata an die Hauptberufliche Wachbereitschaft \u00fcbergeben. \u201eFlorian Halberstadt 59\u201c ist ab sofort f\u00fcr Technische Hilfeleistungen, Umwelt-, Unwetter- und Tierrettungseins\u00e4tze in Dienst gestellt. OB Daniel Szarata lie\u00df sich von Candy Eitz (Sachgebietsleiter Technik) \u00fcber die technische Ausstattung, den Prozess der Beschaffung und die Einsatzm\u00f6glichkeiten des Fahrzeugs [&hellip;]\" \/>\n<meta property=\"og:url\" content=\"https:\/\/www.feuerwehr-halberstadt.de\/?p=11975\" \/>\n<meta property=\"og:site_name\" content=\"Feuerwehr Halberstadt\" \/>\n<meta property=\"article:publisher\" content=\"https:\/\/www.facebook.com\/FeuerwehrHalberstadt\/\" \/>\n<meta property=\"article:published_time\" content=\"2021-11-10T21:39:18+00:00\" \/>\n<meta property=\"article:modified_time\" content=\"2021-11-10T21:44:08+00:00\" \/>\n<meta property=\"og:image\" content=\"https:\/\/www.feuerwehr-halberstadt.de\/wp-content\/uploads\/2021\/11\/IMG_9825-scaled-e1636580626643.jpg\" \/>\n\t<meta property=\"og:image:width\" content=\"2560\" \/>\n\t<meta property=\"og:image:height\" content=\"1438\" \/>\n\t<meta property=\"og:image:type\" content=\"image\/jpeg\" \/>\n<meta name=\"author\" content=\"Buchold, Chris\" \/>\n<meta name=\"twitter:card\" content=\"summary_large_image\" \/>\n<meta name=\"twitter:label1\" content=\"Verfasst von\" \/>\n\t<meta name=\"twitter:data1\" content=\"Buchold, Chris\" \/>\n\t<meta name=\"twitter:label2\" content=\"Gesch\u00e4tzte Lesezeit\" \/>\n\t<meta name=\"twitter:data2\" content=\"3\u00a0Minuten\" \/>\n<script type=\"application\/ld+json\" class=\"yoast-schema-graph\">{\"@context\":\"https:\\\/\\\/schema.org\",\"@graph\":[{\"@type\":\"Article\",\"@id\":\"https:\\\/\\\/www.feuerwehr-halberstadt.de\\\/?p=11975#article\",\"isPartOf\":{\"@id\":\"https:\\\/\\\/www.feuerwehr-halberstadt.de\\\/?p=11975\"},\"author\":{\"name\":\"Buchold, Chris\",\"@id\":\"https:\\\/\\\/www.feuerwehr-halberstadt.de\\\/#\\\/schema\\\/person\\\/55ce5d9b46008e58cd3d55d4116ec727\"},\"headline\":\"Neuer Ger\u00e4tewagen offiziell in Dienst gestellt\",\"datePublished\":\"2021-11-10T21:39:18+00:00\",\"dateModified\":\"2021-11-10T21:44:08+00:00\",\"mainEntityOfPage\":{\"@id\":\"https:\\\/\\\/www.feuerwehr-halberstadt.de\\\/?p=11975\"},\"wordCount\":252,\"publisher\":{\"@id\":\"https:\\\/\\\/www.feuerwehr-halberstadt.de\\\/#organization\"},\"image\":{\"@id\":\"https:\\\/\\\/www.feuerwehr-halberstadt.de\\\/?p=11975#primaryimage\"},\"thumbnailUrl\":\"https:\\\/\\\/www.feuerwehr-halberstadt.de\\\/wp-content\\\/uploads\\\/2021\\\/11\\\/IMG_9825-scaled-e1636580626643.jpg\",\"articleSection\":{\"1\":\"Wache\"},\"inLanguage\":\"de\"},{\"@type\":\"WebPage\",\"@id\":\"https:\\\/\\\/www.feuerwehr-halberstadt.de\\\/?p=11975\",\"url\":\"https:\\\/\\\/www.feuerwehr-halberstadt.de\\\/?p=11975\",\"name\":\"Neuer Ger\u00e4tewagen offiziell in Dienst gestellt - Feuerwehr Halberstadt\",\"isPartOf\":{\"@id\":\"https:\\\/\\\/www.feuerwehr-halberstadt.de\\\/#website\"},\"primaryImageOfPage\":{\"@id\":\"https:\\\/\\\/www.feuerwehr-halberstadt.de\\\/?p=11975#primaryimage\"},\"image\":{\"@id\":\"https:\\\/\\\/www.feuerwehr-halberstadt.de\\\/?p=11975#primaryimage\"},\"thumbnailUrl\":\"https:\\\/\\\/www.feuerwehr-halberstadt.de\\\/wp-content\\\/uploads\\\/2021\\\/11\\\/IMG_9825-scaled-e1636580626643.jpg\",\"datePublished\":\"2021-11-10T21:39:18+00:00\",\"dateModified\":\"2021-11-10T21:44:08+00:00\",\"breadcrumb\":{\"@id\":\"https:\\\/\\\/www.feuerwehr-halberstadt.de\\\/?p=11975#breadcrumb\"},\"inLanguage\":\"de\",\"potentialAction\":[{\"@type\":\"ReadAction\",\"target\":[\"https:\\\/\\\/www.feuerwehr-halberstadt.de\\\/?p=11975\"]}]},{\"@type\":\"ImageObject\",\"inLanguage\":\"de\",\"@id\":\"https:\\\/\\\/www.feuerwehr-halberstadt.de\\\/?p=11975#primaryimage\",\"url\":\"https:\\\/\\\/www.feuerwehr-halberstadt.de\\\/wp-content\\\/uploads\\\/2021\\\/11\\\/IMG_9825-scaled-e1636580626643.jpg\",\"contentUrl\":\"https:\\\/\\\/www.feuerwehr-halberstadt.de\\\/wp-content\\\/uploads\\\/2021\\\/11\\\/IMG_9825-scaled-e1636580626643.jpg\",\"width\":2560,\"height\":1438},{\"@type\":\"BreadcrumbList\",\"@id\":\"https:\\\/\\\/www.feuerwehr-halberstadt.de\\\/?p=11975#breadcrumb\",\"itemListElement\":[{\"@type\":\"ListItem\",\"position\":1,\"name\":\"Startseite\",\"item\":\"https:\\\/\\\/www.feuerwehr-halberstadt.de\\\/\"},{\"@type\":\"ListItem\",\"position\":2,\"name\":\"Neuer Ger\u00e4tewagen offiziell in Dienst gestellt\"}]},{\"@type\":\"WebSite\",\"@id\":\"https:\\\/\\\/www.feuerwehr-halberstadt.de\\\/#website\",\"url\":\"https:\\\/\\\/www.feuerwehr-halberstadt.de\\\/\",\"name\":\"Feuerwehr Halberstadt\",\"description\":\"#imEinsatzf\u00fcrHalberstadt\",\"publisher\":{\"@id\":\"https:\\\/\\\/www.feuerwehr-halberstadt.de\\\/#organization\"},\"potentialAction\":[{\"@type\":\"SearchAction\",\"target\":{\"@type\":\"EntryPoint\",\"urlTemplate\":\"https:\\\/\\\/www.feuerwehr-halberstadt.de\\\/?s={search_term_string}\"},\"query-input\":{\"@type\":\"PropertyValueSpecification\",\"valueRequired\":true,\"valueName\":\"search_term_string\"}}],\"inLanguage\":\"de\"},{\"@type\":\"Organization\",\"@id\":\"https:\\\/\\\/www.feuerwehr-halberstadt.de\\\/#organization\",\"name\":\"Feuerwehr Halberstadt\",\"url\":\"https:\\\/\\\/www.feuerwehr-halberstadt.de\\\/\",\"logo\":{\"@type\":\"ImageObject\",\"inLanguage\":\"de\",\"@id\":\"https:\\\/\\\/www.feuerwehr-halberstadt.de\\\/#\\\/schema\\\/logo\\\/image\\\/\",\"url\":\"https:\\\/\\\/www.feuerwehr-halberstadt.de\\\/wp-content\\\/uploads\\\/2023\\\/10\\\/IMG_0126.png\",\"contentUrl\":\"https:\\\/\\\/www.feuerwehr-halberstadt.de\\\/wp-content\\\/uploads\\\/2023\\\/10\\\/IMG_0126.png\",\"width\":1500,\"height\":399,\"caption\":\"Feuerwehr Halberstadt\"},\"image\":{\"@id\":\"https:\\\/\\\/www.feuerwehr-halberstadt.de\\\/#\\\/schema\\\/logo\\\/image\\\/\"},\"sameAs\":[\"https:\\\/\\\/www.facebook.com\\\/FeuerwehrHalberstadt\\\/\"]},{\"@type\":\"Person\",\"@id\":\"https:\\\/\\\/www.feuerwehr-halberstadt.de\\\/#\\\/schema\\\/person\\\/55ce5d9b46008e58cd3d55d4116ec727\",\"name\":\"Buchold, Chris\",\"image\":{\"@type\":\"ImageObject\",\"inLanguage\":\"de\",\"@id\":\"https:\\\/\\\/secure.gravatar.com\\\/avatar\\\/bff08a084f0390bf8a93fc28c488452766ba521109cec244ac64210fdd500a49?s=96&d=mm&r=g\",\"url\":\"https:\\\/\\\/secure.gravatar.com\\\/avatar\\\/bff08a084f0390bf8a93fc28c488452766ba521109cec244ac64210fdd500a49?s=96&d=mm&r=g\",\"contentUrl\":\"https:\\\/\\\/secure.gravatar.com\\\/avatar\\\/bff08a084f0390bf8a93fc28c488452766ba521109cec244ac64210fdd500a49?s=96&d=mm&r=g\",\"caption\":\"Buchold, Chris\"},\"url\":\"https:\\\/\\\/www.feuerwehr-halberstadt.de\\\/?author=3\"}]}<\/script>\n<!-- \/ Yoast SEO plugin. -->","yoast_head_json":{"title":"Neuer Ger\u00e4tewagen offiziell in Dienst gestellt - Feuerwehr Halberstadt","robots":{"index":"index","follow":"follow","max-snippet":"max-snippet:-1","max-image-preview":"max-image-preview:large","max-video-preview":"max-video-preview:-1"},"canonical":"https:\/\/www.feuerwehr-halberstadt.de\/?p=11975","og_locale":"de_DE","og_type":"article","og_title":"Neuer Ger\u00e4tewagen offiziell in Dienst gestellt - Feuerwehr Halberstadt","og_description":"Der neue Ger\u00e4tewagen Umwelt (GW-U) wurde heute durch Oberb\u00fcrgermeister Daniel Szarata an die Hauptberufliche Wachbereitschaft \u00fcbergeben. \u201eFlorian Halberstadt 59\u201c ist ab sofort f\u00fcr Technische Hilfeleistungen, Umwelt-, Unwetter- und Tierrettungseins\u00e4tze in Dienst gestellt. OB Daniel Szarata lie\u00df sich von Candy Eitz (Sachgebietsleiter Technik) \u00fcber die technische Ausstattung, den Prozess der Beschaffung und die Einsatzm\u00f6glichkeiten des Fahrzeugs [&hellip;]","og_url":"https:\/\/www.feuerwehr-halberstadt.de\/?p=11975","og_site_name":"Feuerwehr Halberstadt","article_publisher":"https:\/\/www.facebook.com\/FeuerwehrHalberstadt\/","article_published_time":"2021-11-10T21:39:18+00:00","article_modified_time":"2021-11-10T21:44:08+00:00","og_image":[{"width":2560,"height":1438,"url":"https:\/\/www.feuerwehr-halberstadt.de\/wp-content\/uploads\/2021\/11\/IMG_9825-scaled-e1636580626643.jpg","type":"image\/jpeg"}],"author":"Buchold, Chris","twitter_card":"summary_large_image","twitter_misc":{"Verfasst von":"Buchold, Chris","Gesch\u00e4tzte Lesezeit":"3\u00a0Minuten"},"schema":{"@context":"https:\/\/schema.org","@graph":[{"@type":"Article","@id":"https:\/\/www.feuerwehr-halberstadt.de\/?p=11975#article","isPartOf":{"@id":"https:\/\/www.feuerwehr-halberstadt.de\/?p=11975"},"author":{"name":"Buchold, Chris","@id":"https:\/\/www.feuerwehr-halberstadt.de\/#\/schema\/person\/55ce5d9b46008e58cd3d55d4116ec727"},"headline":"Neuer Ger\u00e4tewagen offiziell in Dienst gestellt","datePublished":"2021-11-10T21:39:18+00:00","dateModified":"2021-11-10T21:44:08+00:00","mainEntityOfPage":{"@id":"https:\/\/www.feuerwehr-halberstadt.de\/?p=11975"},"wordCount":252,"publisher":{"@id":"https:\/\/www.feuerwehr-halberstadt.de\/#organization"},"image":{"@id":"https:\/\/www.feuerwehr-halberstadt.de\/?p=11975#primaryimage"},"thumbnailUrl":"https:\/\/www.feuerwehr-halberstadt.de\/wp-content\/uploads\/2021\/11\/IMG_9825-scaled-e1636580626643.jpg","articleSection":{"1":"Wache"},"inLanguage":"de"},{"@type":"WebPage","@id":"https:\/\/www.feuerwehr-halberstadt.de\/?p=11975","url":"https:\/\/www.feuerwehr-halberstadt.de\/?p=11975","name":"Neuer Ger\u00e4tewagen offiziell in Dienst gestellt - Feuerwehr Halberstadt","isPartOf":{"@id":"https:\/\/www.feuerwehr-halberstadt.de\/#website"},"primaryImageOfPage":{"@id":"https:\/\/www.feuerwehr-halberstadt.de\/?p=11975#primaryimage"},"image":{"@id":"https:\/\/www.feuerwehr-halberstadt.de\/?p=11975#primaryimage"},"thumbnailUrl":"https:\/\/www.feuerwehr-halberstadt.de\/wp-content\/uploads\/2021\/11\/IMG_9825-scaled-e1636580626643.jpg","datePublished":"2021-11-10T21:39:18+00:00","dateModified":"2021-11-10T21:44:08+00:00","breadcrumb":{"@id":"https:\/\/www.feuerwehr-halberstadt.de\/?p=11975#breadcrumb"},"inLanguage":"de","potentialAction":[{"@type":"ReadAction","target":["https:\/\/www.feuerwehr-halberstadt.de\/?p=11975"]}]},{"@type":"ImageObject","inLanguage":"de","@id":"https:\/\/www.feuerwehr-halberstadt.de\/?p=11975#primaryimage","url":"https:\/\/www.feuerwehr-halberstadt.de\/wp-content\/uploads\/2021\/11\/IMG_9825-scaled-e1636580626643.jpg","contentUrl":"https:\/\/www.feuerwehr-halberstadt.de\/wp-content\/uploads\/2021\/11\/IMG_9825-scaled-e1636580626643.jpg","width":2560,"height":1438},{"@type":"BreadcrumbList","@id":"https:\/\/www.feuerwehr-halberstadt.de\/?p=11975#breadcrumb","itemListElement":[{"@type":"ListItem","position":1,"name":"Startseite","item":"https:\/\/www.feuerwehr-halberstadt.de\/"},{"@type":"ListItem","position":2,"name":"Neuer Ger\u00e4tewagen offiziell in Dienst gestellt"}]},{"@type":"WebSite","@id":"https:\/\/www.feuerwehr-halberstadt.de\/#website","url":"https:\/\/www.feuerwehr-halberstadt.de\/","name":"Feuerwehr Halberstadt","description":"#imEinsatzf\u00fcrHalberstadt","publisher":{"@id":"https:\/\/www.feuerwehr-halberstadt.de\/#organization"},"potentialAction":[{"@type":"SearchAction","target":{"@type":"EntryPoint","urlTemplate":"https:\/\/www.feuerwehr-halberstadt.de\/?s={search_term_string}"},"query-input":{"@type":"PropertyValueSpecification","valueRequired":true,"valueName":"search_term_string"}}],"inLanguage":"de"},{"@type":"Organization","@id":"https:\/\/www.feuerwehr-halberstadt.de\/#organization","name":"Feuerwehr Halberstadt","url":"https:\/\/www.feuerwehr-halberstadt.de\/","logo":{"@type":"ImageObject","inLanguage":"de","@id":"https:\/\/www.feuerwehr-halberstadt.de\/#\/schema\/logo\/image\/","url":"https:\/\/www.feuerwehr-halberstadt.de\/wp-content\/uploads\/2023\/10\/IMG_0126.png","contentUrl":"https:\/\/www.feuerwehr-halberstadt.de\/wp-content\/uploads\/2023\/10\/IMG_0126.png","width":1500,"height":399,"caption":"Feuerwehr Halberstadt"},"image":{"@id":"https:\/\/www.feuerwehr-halberstadt.de\/#\/schema\/logo\/image\/"},"sameAs":["https:\/\/www.facebook.com\/FeuerwehrHalberstadt\/"]},{"@type":"Person","@id":"https:\/\/www.feuerwehr-halberstadt.de\/#\/schema\/person\/55ce5d9b46008e58cd3d55d4116ec727","name":"Buchold, Chris","image":{"@type":"ImageObject","inLanguage":"de","@id":"https:\/\/secure.gravatar.com\/avatar\/bff08a084f0390bf8a93fc28c488452766ba521109cec244ac64210fdd500a49?s=96&d=mm&r=g","url":"https:\/\/secure.gravatar.com\/avatar\/bff08a084f0390bf8a93fc28c488452766ba521109cec244ac64210fdd500a49?s=96&d=mm&r=g","contentUrl":"https:\/\/secure.gravatar.com\/avatar\/bff08a084f0390bf8a93fc28c488452766ba521109cec244ac64210fdd500a49?s=96&d=mm&r=g","caption":"Buchold, Chris"},"url":"https:\/\/www.feuerwehr-halberstadt.de\/?author=3"}]}},"_links":{"self":[{"href":"https:\/\/www.feuerwehr-halberstadt.de\/index.php?rest_route=\/wp\/v2\/posts\/11975","targetHints":{"allow":["GET"]}}],"collection":[{"href":"https:\/\/www.feuerwehr-halberstadt.de\/index.php?rest_route=\/wp\/v2\/posts"}],"about":[{"href":"https:\/\/www.feuerwehr-halberstadt.de\/index.php?rest_route=\/wp\/v2\/types\/post"}],"author":[{"embeddable":true,"href":"https:\/\/www.feuerwehr-halberstadt.de\/index.php?rest_route=\/wp\/v2\/users\/3"}],"replies":[{"embeddable":true,"href":"https:\/\/www.feuerwehr-halberstadt.de\/index.php?rest_route=%2Fwp%2Fv2%2Fcomments&post=11975"}],"version-history":[{"count":2,"href":"https:\/\/www.feuerwehr-halberstadt.de\/index.php?rest_route=\/wp\/v2\/posts\/11975\/revisions"}],"predecessor-version":[{"id":11995,"href":"https:\/\/www.feuerwehr-halberstadt.de\/index.php?rest_route=\/wp\/v2\/posts\/11975\/revisions\/11995"}],"wp:featuredmedia":[{"embeddable":true,"href":"https:\/\/www.feuerwehr-halberstadt.de\/index.php?rest_route=\/wp\/v2\/media\/11992"}],"wp:attachment":[{"href":"https:\/\/www.feuerwehr-halberstadt.de\/index.php?rest_route=%2Fwp%2Fv2%2Fmedia&parent=11975"}],"wp:term":[{"taxonomy":"category","embeddable":true,"href":"https:\/\/www.feuerwehr-halberstadt.de\/index.php?rest_route=%2Fwp%2Fv2%2Fcategories&post=11975"},{"taxonomy":"post_tag","embeddable":true,"href":"https:\/\/www.feuerwehr-halberstadt.de\/index.php?rest_route=%2Fwp%2Fv2%2Ftags&post=11975"}],"curies":[{"name":"wp","href":"https:\/\/api.w.org\/{rel}","templated":true}]}}