{"id":11681,"date":"2021-07-06T09:26:06","date_gmt":"2021-07-06T07:26:06","guid":{"rendered":"https:\/\/www.feuerwehr-halberstadt.de\/?p=11681"},"modified":"2021-07-06T09:38:45","modified_gmt":"2021-07-06T07:38:45","slug":"anschaffung-und-umruestung-neuer-funkgeraete-abgeschlossen","status":"publish","type":"post","link":"https:\/\/www.feuerwehr-halberstadt.de\/?p=11681","title":{"rendered":"Anschaffung und Umr\u00fcstung neuer Funkger\u00e4te abgeschlossen"},"content":{"rendered":"\n<p>Aufgrund von Lieferproblemen konnten nun, mit einem Jahr Versp\u00e4tung, alle Fahrzeuge der Feuerwehr Halberstadt mit neuen Handsprech- und Fahrzeugfunkger\u00e4ten ausgestattet werden. Endger\u00e4te eines bestimmten Herstellers wurden ausgetauscht, da eine neue Version der Herstellersoftware nicht mehr mit den aktuellen Ger\u00e4ten kompatibel war.\u00a0<\/p>\n\n\n\n<p>Eine Neuanschaffung war nur mit Hilfe von F\u00f6rdermitteln des Landes Sachsen-Anhalt m\u00f6glich, da die Anschaffungskosten f\u00fcr die Stadt Halberstadt viel zu hoch gewesen w\u00e4ren.<\/p>\n\n\n\n<hr class=\"wp-block-separator has-text-color has-background has-black-background-color has-black-color\"\/>\n\n\n\n<p>Pressemitteilung des Ministerium f\u00fcr Inneres und Sport vom 24.10.2018<\/p>\n\n\n\n<p>Land f\u00f6rdert neue Funkger\u00e4te f\u00fcr die Freiwilligen Feuerwehren<a href=\"https:\/\/www.sachsen-anhalt.de\/bs\/pressemitteilungen\/ministerien\/ministerium-fuer-inneres-und-sport\/?no_cache=1&amp;tx_tsarssinclude_pi1%5Buid%5D=87470&amp;tx_tsarssinclude_pi1%5Baction%5D=single&amp;tx_tsarssinclude_pi1%5Bcontroller%5D=Static&amp;cHash=4dd3f7eb74b33e832f43f6e538931e57\">https:\/\/www.sachsen-anhalt.de\/bs\/pressemitteilungen\/ministerien\/ministerium-fuer-inneres-und-sport\/?no_cache=1&amp;tx_tsarssinclude_pi1%5Buid%5D=87470&amp;tx_tsarssinclude_pi1%5Baction%5D=single&amp;tx_tsarssinclude_pi1%5Bcontroller%5D=Static&amp;cHash=4dd3f7eb74b33e832f43f6e538931e57<\/a><\/p>\n","protected":false},"excerpt":{"rendered":"<p>Aufgrund von Lieferproblemen konnten nun, mit einem Jahr Versp\u00e4tung, alle Fahrzeuge der Feuerwehr Halberstadt mit neuen Handsprech- und Fahrzeugfunkger\u00e4ten ausgestattet werden. Endger\u00e4te eines bestimmten Herstellers wurden ausgetauscht, da eine neue Version der Herstellersoftware nicht mehr mit den aktuellen Ger\u00e4ten kompatibel war.\u00a0 Eine Neuanschaffung war nur mit Hilfe von F\u00f6rdermitteln des Landes Sachsen-Anhalt m\u00f6glich, da die [&hellip;]<\/p>\n","protected":false},"author":3,"featured_media":11683,"comment_status":"closed","ping_status":"closed","sticky":false,"template":"","format":"standard","meta":{"_acf_changed":false,"footnotes":""},"categories":[9],"tags":[],"class_list":["post-11681","post","type-post","status-publish","format-standard","has-post-thumbnail","hentry","category-allgemein"],"acf":[],"yoast_head":"<!-- This site is optimized with the Yoast SEO plugin v27.5 - https:\/\/yoast.com\/product\/yoast-seo-wordpress\/ -->\n<title>Anschaffung und Umr\u00fcstung neuer Funkger\u00e4te abgeschlossen - Feuerwehr Halberstadt<\/title>\n<meta name=\"robots\" content=\"index, follow, max-snippet:-1, max-image-preview:large, max-video-preview:-1\" \/>\n<link rel=\"canonical\" href=\"https:\/\/www.feuerwehr-halberstadt.de\/?p=11681\" \/>\n<meta property=\"og:locale\" content=\"de_DE\" \/>\n<meta property=\"og:type\" content=\"article\" \/>\n<meta property=\"og:title\" content=\"Anschaffung und Umr\u00fcstung neuer Funkger\u00e4te abgeschlossen - Feuerwehr Halberstadt\" \/>\n<meta property=\"og:description\" content=\"Aufgrund von Lieferproblemen konnten nun, mit einem Jahr Versp\u00e4tung, alle Fahrzeuge der Feuerwehr Halberstadt mit neuen Handsprech- und Fahrzeugfunkger\u00e4ten ausgestattet werden. Endger\u00e4te eines bestimmten Herstellers wurden ausgetauscht, da eine neue Version der Herstellersoftware nicht mehr mit den aktuellen Ger\u00e4ten kompatibel war.\u00a0 Eine Neuanschaffung war nur mit Hilfe von F\u00f6rdermitteln des Landes Sachsen-Anhalt m\u00f6glich, da die [&hellip;]\" \/>\n<meta property=\"og:url\" content=\"https:\/\/www.feuerwehr-halberstadt.de\/?p=11681\" \/>\n<meta property=\"og:site_name\" content=\"Feuerwehr Halberstadt\" \/>\n<meta property=\"article:publisher\" content=\"https:\/\/www.facebook.com\/FeuerwehrHalberstadt\/\" \/>\n<meta property=\"article:published_time\" content=\"2021-07-06T07:26:06+00:00\" \/>\n<meta property=\"article:modified_time\" content=\"2021-07-06T07:38:45+00:00\" \/>\n<meta property=\"og:image\" content=\"https:\/\/www.feuerwehr-halberstadt.de\/wp-content\/uploads\/2021\/07\/20200625-DSC0196922-scaled.jpg\" \/>\n\t<meta property=\"og:image:width\" content=\"2560\" \/>\n\t<meta property=\"og:image:height\" content=\"1166\" \/>\n\t<meta property=\"og:image:type\" content=\"image\/jpeg\" \/>\n<meta name=\"author\" content=\"Buchold, Chris\" \/>\n<meta name=\"twitter:card\" content=\"summary_large_image\" \/>\n<meta name=\"twitter:label1\" content=\"Verfasst von\" \/>\n\t<meta name=\"twitter:data1\" content=\"Buchold, Chris\" \/>\n\t<meta name=\"twitter:label2\" content=\"Gesch\u00e4tzte Lesezeit\" \/>\n\t<meta name=\"twitter:data2\" content=\"1\u00a0Minute\" \/>\n<script type=\"application\/ld+json\" class=\"yoast-schema-graph\">{\"@context\":\"https:\\\/\\\/schema.org\",\"@graph\":[{\"@type\":\"Article\",\"@id\":\"https:\\\/\\\/www.feuerwehr-halberstadt.de\\\/?p=11681#article\",\"isPartOf\":{\"@id\":\"https:\\\/\\\/www.feuerwehr-halberstadt.de\\\/?p=11681\"},\"author\":{\"name\":\"Buchold, Chris\",\"@id\":\"https:\\\/\\\/www.feuerwehr-halberstadt.de\\\/#\\\/schema\\\/person\\\/55ce5d9b46008e58cd3d55d4116ec727\"},\"headline\":\"Anschaffung und Umr\u00fcstung neuer Funkger\u00e4te abgeschlossen\",\"datePublished\":\"2021-07-06T07:26:06+00:00\",\"dateModified\":\"2021-07-06T07:38:45+00:00\",\"mainEntityOfPage\":{\"@id\":\"https:\\\/\\\/www.feuerwehr-halberstadt.de\\\/?p=11681\"},\"wordCount\":141,\"publisher\":{\"@id\":\"https:\\\/\\\/www.feuerwehr-halberstadt.de\\\/#organization\"},\"image\":{\"@id\":\"https:\\\/\\\/www.feuerwehr-halberstadt.de\\\/?p=11681#primaryimage\"},\"thumbnailUrl\":\"https:\\\/\\\/www.feuerwehr-halberstadt.de\\\/wp-content\\\/uploads\\\/2021\\\/07\\\/20200625-DSC0196922-scaled.jpg\",\"inLanguage\":\"de\"},{\"@type\":\"WebPage\",\"@id\":\"https:\\\/\\\/www.feuerwehr-halberstadt.de\\\/?p=11681\",\"url\":\"https:\\\/\\\/www.feuerwehr-halberstadt.de\\\/?p=11681\",\"name\":\"Anschaffung und Umr\u00fcstung neuer Funkger\u00e4te abgeschlossen - Feuerwehr Halberstadt\",\"isPartOf\":{\"@id\":\"https:\\\/\\\/www.feuerwehr-halberstadt.de\\\/#website\"},\"primaryImageOfPage\":{\"@id\":\"https:\\\/\\\/www.feuerwehr-halberstadt.de\\\/?p=11681#primaryimage\"},\"image\":{\"@id\":\"https:\\\/\\\/www.feuerwehr-halberstadt.de\\\/?p=11681#primaryimage\"},\"thumbnailUrl\":\"https:\\\/\\\/www.feuerwehr-halberstadt.de\\\/wp-content\\\/uploads\\\/2021\\\/07\\\/20200625-DSC0196922-scaled.jpg\",\"datePublished\":\"2021-07-06T07:26:06+00:00\",\"dateModified\":\"2021-07-06T07:38:45+00:00\",\"breadcrumb\":{\"@id\":\"https:\\\/\\\/www.feuerwehr-halberstadt.de\\\/?p=11681#breadcrumb\"},\"inLanguage\":\"de\",\"potentialAction\":[{\"@type\":\"ReadAction\",\"target\":[\"https:\\\/\\\/www.feuerwehr-halberstadt.de\\\/?p=11681\"]}]},{\"@type\":\"ImageObject\",\"inLanguage\":\"de\",\"@id\":\"https:\\\/\\\/www.feuerwehr-halberstadt.de\\\/?p=11681#primaryimage\",\"url\":\"https:\\\/\\\/www.feuerwehr-halberstadt.de\\\/wp-content\\\/uploads\\\/2021\\\/07\\\/20200625-DSC0196922-scaled.jpg\",\"contentUrl\":\"https:\\\/\\\/www.feuerwehr-halberstadt.de\\\/wp-content\\\/uploads\\\/2021\\\/07\\\/20200625-DSC0196922-scaled.jpg\",\"width\":2560,\"height\":1166},{\"@type\":\"BreadcrumbList\",\"@id\":\"https:\\\/\\\/www.feuerwehr-halberstadt.de\\\/?p=11681#breadcrumb\",\"itemListElement\":[{\"@type\":\"ListItem\",\"position\":1,\"name\":\"Startseite\",\"item\":\"https:\\\/\\\/www.feuerwehr-halberstadt.de\\\/\"},{\"@type\":\"ListItem\",\"position\":2,\"name\":\"Anschaffung und Umr\u00fcstung neuer Funkger\u00e4te abgeschlossen\"}]},{\"@type\":\"WebSite\",\"@id\":\"https:\\\/\\\/www.feuerwehr-halberstadt.de\\\/#website\",\"url\":\"https:\\\/\\\/www.feuerwehr-halberstadt.de\\\/\",\"name\":\"Feuerwehr Halberstadt\",\"description\":\"#imEinsatzf\u00fcrHalberstadt\",\"publisher\":{\"@id\":\"https:\\\/\\\/www.feuerwehr-halberstadt.de\\\/#organization\"},\"potentialAction\":[{\"@type\":\"SearchAction\",\"target\":{\"@type\":\"EntryPoint\",\"urlTemplate\":\"https:\\\/\\\/www.feuerwehr-halberstadt.de\\\/?s={search_term_string}\"},\"query-input\":{\"@type\":\"PropertyValueSpecification\",\"valueRequired\":true,\"valueName\":\"search_term_string\"}}],\"inLanguage\":\"de\"},{\"@type\":\"Organization\",\"@id\":\"https:\\\/\\\/www.feuerwehr-halberstadt.de\\\/#organization\",\"name\":\"Feuerwehr Halberstadt\",\"url\":\"https:\\\/\\\/www.feuerwehr-halberstadt.de\\\/\",\"logo\":{\"@type\":\"ImageObject\",\"inLanguage\":\"de\",\"@id\":\"https:\\\/\\\/www.feuerwehr-halberstadt.de\\\/#\\\/schema\\\/logo\\\/image\\\/\",\"url\":\"https:\\\/\\\/www.feuerwehr-halberstadt.de\\\/wp-content\\\/uploads\\\/2023\\\/10\\\/IMG_0126.png\",\"contentUrl\":\"https:\\\/\\\/www.feuerwehr-halberstadt.de\\\/wp-content\\\/uploads\\\/2023\\\/10\\\/IMG_0126.png\",\"width\":1500,\"height\":399,\"caption\":\"Feuerwehr Halberstadt\"},\"image\":{\"@id\":\"https:\\\/\\\/www.feuerwehr-halberstadt.de\\\/#\\\/schema\\\/logo\\\/image\\\/\"},\"sameAs\":[\"https:\\\/\\\/www.facebook.com\\\/FeuerwehrHalberstadt\\\/\"]},{\"@type\":\"Person\",\"@id\":\"https:\\\/\\\/www.feuerwehr-halberstadt.de\\\/#\\\/schema\\\/person\\\/55ce5d9b46008e58cd3d55d4116ec727\",\"name\":\"Buchold, Chris\",\"image\":{\"@type\":\"ImageObject\",\"inLanguage\":\"de\",\"@id\":\"https:\\\/\\\/secure.gravatar.com\\\/avatar\\\/bff08a084f0390bf8a93fc28c488452766ba521109cec244ac64210fdd500a49?s=96&d=mm&r=g\",\"url\":\"https:\\\/\\\/secure.gravatar.com\\\/avatar\\\/bff08a084f0390bf8a93fc28c488452766ba521109cec244ac64210fdd500a49?s=96&d=mm&r=g\",\"contentUrl\":\"https:\\\/\\\/secure.gravatar.com\\\/avatar\\\/bff08a084f0390bf8a93fc28c488452766ba521109cec244ac64210fdd500a49?s=96&d=mm&r=g\",\"caption\":\"Buchold, Chris\"},\"url\":\"https:\\\/\\\/www.feuerwehr-halberstadt.de\\\/?author=3\"}]}<\/script>\n<!-- \/ Yoast SEO plugin. -->","yoast_head_json":{"title":"Anschaffung und Umr\u00fcstung neuer Funkger\u00e4te abgeschlossen - Feuerwehr Halberstadt","robots":{"index":"index","follow":"follow","max-snippet":"max-snippet:-1","max-image-preview":"max-image-preview:large","max-video-preview":"max-video-preview:-1"},"canonical":"https:\/\/www.feuerwehr-halberstadt.de\/?p=11681","og_locale":"de_DE","og_type":"article","og_title":"Anschaffung und Umr\u00fcstung neuer Funkger\u00e4te abgeschlossen - Feuerwehr Halberstadt","og_description":"Aufgrund von Lieferproblemen konnten nun, mit einem Jahr Versp\u00e4tung, alle Fahrzeuge der Feuerwehr Halberstadt mit neuen Handsprech- und Fahrzeugfunkger\u00e4ten ausgestattet werden. Endger\u00e4te eines bestimmten Herstellers wurden ausgetauscht, da eine neue Version der Herstellersoftware nicht mehr mit den aktuellen Ger\u00e4ten kompatibel war.\u00a0 Eine Neuanschaffung war nur mit Hilfe von F\u00f6rdermitteln des Landes Sachsen-Anhalt m\u00f6glich, da die [&hellip;]","og_url":"https:\/\/www.feuerwehr-halberstadt.de\/?p=11681","og_site_name":"Feuerwehr Halberstadt","article_publisher":"https:\/\/www.facebook.com\/FeuerwehrHalberstadt\/","article_published_time":"2021-07-06T07:26:06+00:00","article_modified_time":"2021-07-06T07:38:45+00:00","og_image":[{"width":2560,"height":1166,"url":"https:\/\/www.feuerwehr-halberstadt.de\/wp-content\/uploads\/2021\/07\/20200625-DSC0196922-scaled.jpg","type":"image\/jpeg"}],"author":"Buchold, Chris","twitter_card":"summary_large_image","twitter_misc":{"Verfasst von":"Buchold, Chris","Gesch\u00e4tzte Lesezeit":"1\u00a0Minute"},"schema":{"@context":"https:\/\/schema.org","@graph":[{"@type":"Article","@id":"https:\/\/www.feuerwehr-halberstadt.de\/?p=11681#article","isPartOf":{"@id":"https:\/\/www.feuerwehr-halberstadt.de\/?p=11681"},"author":{"name":"Buchold, Chris","@id":"https:\/\/www.feuerwehr-halberstadt.de\/#\/schema\/person\/55ce5d9b46008e58cd3d55d4116ec727"},"headline":"Anschaffung und Umr\u00fcstung neuer Funkger\u00e4te abgeschlossen","datePublished":"2021-07-06T07:26:06+00:00","dateModified":"2021-07-06T07:38:45+00:00","mainEntityOfPage":{"@id":"https:\/\/www.feuerwehr-halberstadt.de\/?p=11681"},"wordCount":141,"publisher":{"@id":"https:\/\/www.feuerwehr-halberstadt.de\/#organization"},"image":{"@id":"https:\/\/www.feuerwehr-halberstadt.de\/?p=11681#primaryimage"},"thumbnailUrl":"https:\/\/www.feuerwehr-halberstadt.de\/wp-content\/uploads\/2021\/07\/20200625-DSC0196922-scaled.jpg","inLanguage":"de"},{"@type":"WebPage","@id":"https:\/\/www.feuerwehr-halberstadt.de\/?p=11681","url":"https:\/\/www.feuerwehr-halberstadt.de\/?p=11681","name":"Anschaffung und Umr\u00fcstung neuer Funkger\u00e4te abgeschlossen - Feuerwehr Halberstadt","isPartOf":{"@id":"https:\/\/www.feuerwehr-halberstadt.de\/#website"},"primaryImageOfPage":{"@id":"https:\/\/www.feuerwehr-halberstadt.de\/?p=11681#primaryimage"},"image":{"@id":"https:\/\/www.feuerwehr-halberstadt.de\/?p=11681#primaryimage"},"thumbnailUrl":"https:\/\/www.feuerwehr-halberstadt.de\/wp-content\/uploads\/2021\/07\/20200625-DSC0196922-scaled.jpg","datePublished":"2021-07-06T07:26:06+00:00","dateModified":"2021-07-06T07:38:45+00:00","breadcrumb":{"@id":"https:\/\/www.feuerwehr-halberstadt.de\/?p=11681#breadcrumb"},"inLanguage":"de","potentialAction":[{"@type":"ReadAction","target":["https:\/\/www.feuerwehr-halberstadt.de\/?p=11681"]}]},{"@type":"ImageObject","inLanguage":"de","@id":"https:\/\/www.feuerwehr-halberstadt.de\/?p=11681#primaryimage","url":"https:\/\/www.feuerwehr-halberstadt.de\/wp-content\/uploads\/2021\/07\/20200625-DSC0196922-scaled.jpg","contentUrl":"https:\/\/www.feuerwehr-halberstadt.de\/wp-content\/uploads\/2021\/07\/20200625-DSC0196922-scaled.jpg","width":2560,"height":1166},{"@type":"BreadcrumbList","@id":"https:\/\/www.feuerwehr-halberstadt.de\/?p=11681#breadcrumb","itemListElement":[{"@type":"ListItem","position":1,"name":"Startseite","item":"https:\/\/www.feuerwehr-halberstadt.de\/"},{"@type":"ListItem","position":2,"name":"Anschaffung und Umr\u00fcstung neuer Funkger\u00e4te abgeschlossen"}]},{"@type":"WebSite","@id":"https:\/\/www.feuerwehr-halberstadt.de\/#website","url":"https:\/\/www.feuerwehr-halberstadt.de\/","name":"Feuerwehr Halberstadt","description":"#imEinsatzf\u00fcrHalberstadt","publisher":{"@id":"https:\/\/www.feuerwehr-halberstadt.de\/#organization"},"potentialAction":[{"@type":"SearchAction","target":{"@type":"EntryPoint","urlTemplate":"https:\/\/www.feuerwehr-halberstadt.de\/?s={search_term_string}"},"query-input":{"@type":"PropertyValueSpecification","valueRequired":true,"valueName":"search_term_string"}}],"inLanguage":"de"},{"@type":"Organization","@id":"https:\/\/www.feuerwehr-halberstadt.de\/#organization","name":"Feuerwehr Halberstadt","url":"https:\/\/www.feuerwehr-halberstadt.de\/","logo":{"@type":"ImageObject","inLanguage":"de","@id":"https:\/\/www.feuerwehr-halberstadt.de\/#\/schema\/logo\/image\/","url":"https:\/\/www.feuerwehr-halberstadt.de\/wp-content\/uploads\/2023\/10\/IMG_0126.png","contentUrl":"https:\/\/www.feuerwehr-halberstadt.de\/wp-content\/uploads\/2023\/10\/IMG_0126.png","width":1500,"height":399,"caption":"Feuerwehr Halberstadt"},"image":{"@id":"https:\/\/www.feuerwehr-halberstadt.de\/#\/schema\/logo\/image\/"},"sameAs":["https:\/\/www.facebook.com\/FeuerwehrHalberstadt\/"]},{"@type":"Person","@id":"https:\/\/www.feuerwehr-halberstadt.de\/#\/schema\/person\/55ce5d9b46008e58cd3d55d4116ec727","name":"Buchold, Chris","image":{"@type":"ImageObject","inLanguage":"de","@id":"https:\/\/secure.gravatar.com\/avatar\/bff08a084f0390bf8a93fc28c488452766ba521109cec244ac64210fdd500a49?s=96&d=mm&r=g","url":"https:\/\/secure.gravatar.com\/avatar\/bff08a084f0390bf8a93fc28c488452766ba521109cec244ac64210fdd500a49?s=96&d=mm&r=g","contentUrl":"https:\/\/secure.gravatar.com\/avatar\/bff08a084f0390bf8a93fc28c488452766ba521109cec244ac64210fdd500a49?s=96&d=mm&r=g","caption":"Buchold, Chris"},"url":"https:\/\/www.feuerwehr-halberstadt.de\/?author=3"}]}},"_links":{"self":[{"href":"https:\/\/www.feuerwehr-halberstadt.de\/index.php?rest_route=\/wp\/v2\/posts\/11681","targetHints":{"allow":["GET"]}}],"collection":[{"href":"https:\/\/www.feuerwehr-halberstadt.de\/index.php?rest_route=\/wp\/v2\/posts"}],"about":[{"href":"https:\/\/www.feuerwehr-halberstadt.de\/index.php?rest_route=\/wp\/v2\/types\/post"}],"author":[{"embeddable":true,"href":"https:\/\/www.feuerwehr-halberstadt.de\/index.php?rest_route=\/wp\/v2\/users\/3"}],"replies":[{"embeddable":true,"href":"https:\/\/www.feuerwehr-halberstadt.de\/index.php?rest_route=%2Fwp%2Fv2%2Fcomments&post=11681"}],"version-history":[{"count":3,"href":"https:\/\/www.feuerwehr-halberstadt.de\/index.php?rest_route=\/wp\/v2\/posts\/11681\/revisions"}],"predecessor-version":[{"id":11685,"href":"https:\/\/www.feuerwehr-halberstadt.de\/index.php?rest_route=\/wp\/v2\/posts\/11681\/revisions\/11685"}],"wp:featuredmedia":[{"embeddable":true,"href":"https:\/\/www.feuerwehr-halberstadt.de\/index.php?rest_route=\/wp\/v2\/media\/11683"}],"wp:attachment":[{"href":"https:\/\/www.feuerwehr-halberstadt.de\/index.php?rest_route=%2Fwp%2Fv2%2Fmedia&parent=11681"}],"wp:term":[{"taxonomy":"category","embeddable":true,"href":"https:\/\/www.feuerwehr-halberstadt.de\/index.php?rest_route=%2Fwp%2Fv2%2Fcategories&post=11681"},{"taxonomy":"post_tag","embeddable":true,"href":"https:\/\/www.feuerwehr-halberstadt.de\/index.php?rest_route=%2Fwp%2Fv2%2Ftags&post=11681"}],"curies":[{"name":"wp","href":"https:\/\/api.w.org\/{rel}","templated":true}]}}