{"id":11666,"date":"2021-06-29T20:15:37","date_gmt":"2021-06-29T18:15:37","guid":{"rendered":"https:\/\/www.feuerwehr-halberstadt.de\/?p=11666"},"modified":"2021-06-29T20:15:38","modified_gmt":"2021-06-29T18:15:38","slug":"das-auge-von-oben-feuerwehr-drohne-offiziell-uebergeben","status":"publish","type":"post","link":"https:\/\/www.feuerwehr-halberstadt.de\/?p=11666","title":{"rendered":"\u201eDas Auge von oben\u201c &#8211; Feuerwehr-Drohne offiziell \u00fcbergeben"},"content":{"rendered":"\n<p>Seit gut einem Jahr ist das fliegende Auge der Stadtfeuerwehr Halberstadt regelm\u00e4\u00dfig in der Luft. Aufgrund der Corona-Pandemie konnte die \u00dcbergabe mit G\u00e4sten und Sponsoren bisher leider nicht in einem offiziellen Rahmen stattfinden.<\/p>\n\n\n\n<p>Bei allen m\u00f6glichen Einsatzszenarien der Feuerwehr kann die Drohne des Typ \u201eDJI Mavic 2 Enterprise Dual\u201c eingesetzt werden. Durch eine hochaufl\u00f6sende Kamera inklusive W\u00e4rmebildfunktion, k\u00f6nnen der Einsatzleitung am Boden detaillierte Informationen geliefert werden, die bei der weiteren Taktikfindung n\u00fctzlich sind. Bei Brandeins\u00e4tzen k\u00f6nnen somit W\u00e4rmequellen und Glutnester gefunden und gezielt abgel\u00f6scht werden.&nbsp;<\/p>\n\n\n\n<p>Aber auch zum Ausleuchten von Fl\u00e4chen oder zur Suche von Personen kann die Drohne hilfreich sein. Vorteilhaft sind dazu die Anbauteile, wie der montierbare Scheinwerfer und Lautsprecher, \u00fcber den Sprachdurchsagen an Personen \u00fcbermittelt werden k\u00f6nnen.&nbsp;<\/p>\n\n\n\n<p>Durch den Einsatzleitwagen, welcher auch gesondert alarmiert werden kann, wird die Drohne an die Einsatzstelle transportiert. Einige Kameraden der Ortsfeuerwehr Halberstadt sind durch einen Lehrgang qualifiziert wurden, die Drohne im Einsatzfall professionell bedienen und die erstellten Aufnahmen auswerten zu k\u00f6nnen.&nbsp;<\/p>\n\n\n\n<p>Da die Drohne mittlerweile schon seit einem Jahr eingesetzt wird, hat sie bereits bei diversen Eins\u00e4tzen ihr K\u00f6nnen unter Beweis gestellt. So zum Beispiel beim Geb\u00e4udebrand in Emersleben oder beim Stra\u00dfenbahnunfall in der Heinrich-Julius-Stra\u00dfe.<\/p>\n\n\n\n<p>Stadtwehrleiter Thomas Dittmer hat heute vor geladenen G\u00e4sten die Vorteile der Drohne erl\u00e4utert, w\u00e4hrend diese live vorgef\u00fchrt wurden. Die Drohne, welche samt Zubeh\u00f6r ca. 3.400 \u20ac gekostet hat, wurde ohne finanzielle Unterst\u00fctzung der Stadt Halberstadt angeschafft. Es ist dem Feuerwehrf\u00f6rderverein \u201eSt. Florian\u201c Halberstadt e.V., \u00d6SA Versicherungen Frank Gr\u00fcning und der Wohnungsbaugenossenschaft Halberstadt (WGH) zu verdanken, dass diese Technik nun die Erkundung bei diversen Eins\u00e4tzen erleichtert. Ohne die Spenden der \u00d6SA und der WGH w\u00e4re diese Anschaffung nicht m\u00f6glich gewesen.&nbsp;<\/p>\n\n\n\n<figure class=\"wp-block-gallery columns-3 is-cropped wp-block-gallery-1 is-layout-flex wp-block-gallery-is-layout-flex\"><ul class=\"blocks-gallery-grid\"><li class=\"blocks-gallery-item\"><figure><img loading=\"lazy\" decoding=\"async\" width=\"1024\" height=\"576\" src=\"https:\/\/www.feuerwehr-halberstadt.de\/wp-content\/uploads\/2021\/06\/90B17405-B756-4B72-B703-AB1B65C01AFB-1024x576.jpeg\" alt=\"\" data-id=\"11669\" data-full-url=\"https:\/\/www.feuerwehr-halberstadt.de\/wp-content\/uploads\/2021\/06\/90B17405-B756-4B72-B703-AB1B65C01AFB.jpeg\" data-link=\"https:\/\/www.feuerwehr-halberstadt.de\/?attachment_id=11669\" class=\"wp-image-11669\" srcset=\"https:\/\/www.feuerwehr-halberstadt.de\/wp-content\/uploads\/2021\/06\/90B17405-B756-4B72-B703-AB1B65C01AFB-1024x576.jpeg 1024w, https:\/\/www.feuerwehr-halberstadt.de\/wp-content\/uploads\/2021\/06\/90B17405-B756-4B72-B703-AB1B65C01AFB-300x169.jpeg 300w, https:\/\/www.feuerwehr-halberstadt.de\/wp-content\/uploads\/2021\/06\/90B17405-B756-4B72-B703-AB1B65C01AFB-768x432.jpeg 768w, https:\/\/www.feuerwehr-halberstadt.de\/wp-content\/uploads\/2021\/06\/90B17405-B756-4B72-B703-AB1B65C01AFB-1536x864.jpeg 1536w, https:\/\/www.feuerwehr-halberstadt.de\/wp-content\/uploads\/2021\/06\/90B17405-B756-4B72-B703-AB1B65C01AFB.jpeg 1920w\" sizes=\"auto, (max-width: 1024px) 100vw, 1024px\" \/><\/figure><\/li><li class=\"blocks-gallery-item\"><figure><img loading=\"lazy\" decoding=\"async\" width=\"1024\" height=\"576\" src=\"https:\/\/www.feuerwehr-halberstadt.de\/wp-content\/uploads\/2021\/06\/AD05BB8A-C6BD-4753-AD5B-2CDA1F807D9C-1024x576.jpeg\" alt=\"\" data-id=\"11671\" data-full-url=\"https:\/\/www.feuerwehr-halberstadt.de\/wp-content\/uploads\/2021\/06\/AD05BB8A-C6BD-4753-AD5B-2CDA1F807D9C.jpeg\" data-link=\"https:\/\/www.feuerwehr-halberstadt.de\/?attachment_id=11671\" class=\"wp-image-11671\" srcset=\"https:\/\/www.feuerwehr-halberstadt.de\/wp-content\/uploads\/2021\/06\/AD05BB8A-C6BD-4753-AD5B-2CDA1F807D9C-1024x576.jpeg 1024w, https:\/\/www.feuerwehr-halberstadt.de\/wp-content\/uploads\/2021\/06\/AD05BB8A-C6BD-4753-AD5B-2CDA1F807D9C-300x169.jpeg 300w, https:\/\/www.feuerwehr-halberstadt.de\/wp-content\/uploads\/2021\/06\/AD05BB8A-C6BD-4753-AD5B-2CDA1F807D9C-768x432.jpeg 768w, https:\/\/www.feuerwehr-halberstadt.de\/wp-content\/uploads\/2021\/06\/AD05BB8A-C6BD-4753-AD5B-2CDA1F807D9C-1536x864.jpeg 1536w, https:\/\/www.feuerwehr-halberstadt.de\/wp-content\/uploads\/2021\/06\/AD05BB8A-C6BD-4753-AD5B-2CDA1F807D9C.jpeg 1920w\" sizes=\"auto, (max-width: 1024px) 100vw, 1024px\" \/><\/figure><\/li><li class=\"blocks-gallery-item\"><figure><img loading=\"lazy\" decoding=\"async\" width=\"1024\" height=\"576\" src=\"https:\/\/www.feuerwehr-halberstadt.de\/wp-content\/uploads\/2021\/06\/411BBA11-6F3B-4516-8B5D-0EE35D548C4A-1024x576.jpeg\" alt=\"\" data-id=\"11672\" data-full-url=\"https:\/\/www.feuerwehr-halberstadt.de\/wp-content\/uploads\/2021\/06\/411BBA11-6F3B-4516-8B5D-0EE35D548C4A.jpeg\" data-link=\"https:\/\/www.feuerwehr-halberstadt.de\/?attachment_id=11672\" class=\"wp-image-11672\" srcset=\"https:\/\/www.feuerwehr-halberstadt.de\/wp-content\/uploads\/2021\/06\/411BBA11-6F3B-4516-8B5D-0EE35D548C4A-1024x576.jpeg 1024w, https:\/\/www.feuerwehr-halberstadt.de\/wp-content\/uploads\/2021\/06\/411BBA11-6F3B-4516-8B5D-0EE35D548C4A-300x169.jpeg 300w, https:\/\/www.feuerwehr-halberstadt.de\/wp-content\/uploads\/2021\/06\/411BBA11-6F3B-4516-8B5D-0EE35D548C4A-768x432.jpeg 768w, https:\/\/www.feuerwehr-halberstadt.de\/wp-content\/uploads\/2021\/06\/411BBA11-6F3B-4516-8B5D-0EE35D548C4A-1536x864.jpeg 1536w, https:\/\/www.feuerwehr-halberstadt.de\/wp-content\/uploads\/2021\/06\/411BBA11-6F3B-4516-8B5D-0EE35D548C4A.jpeg 1920w\" sizes=\"auto, (max-width: 1024px) 100vw, 1024px\" \/><\/figure><\/li><li class=\"blocks-gallery-item\"><figure><img loading=\"lazy\" decoding=\"async\" width=\"1024\" height=\"576\" src=\"https:\/\/www.feuerwehr-halberstadt.de\/wp-content\/uploads\/2021\/06\/6C2FB3F1-04DA-4AC3-86A1-CF70DBC88B2C-1024x576.jpeg\" alt=\"\" data-id=\"11673\" data-full-url=\"https:\/\/www.feuerwehr-halberstadt.de\/wp-content\/uploads\/2021\/06\/6C2FB3F1-04DA-4AC3-86A1-CF70DBC88B2C.jpeg\" data-link=\"https:\/\/www.feuerwehr-halberstadt.de\/?attachment_id=11673\" class=\"wp-image-11673\" srcset=\"https:\/\/www.feuerwehr-halberstadt.de\/wp-content\/uploads\/2021\/06\/6C2FB3F1-04DA-4AC3-86A1-CF70DBC88B2C-1024x576.jpeg 1024w, https:\/\/www.feuerwehr-halberstadt.de\/wp-content\/uploads\/2021\/06\/6C2FB3F1-04DA-4AC3-86A1-CF70DBC88B2C-300x169.jpeg 300w, https:\/\/www.feuerwehr-halberstadt.de\/wp-content\/uploads\/2021\/06\/6C2FB3F1-04DA-4AC3-86A1-CF70DBC88B2C-768x432.jpeg 768w, https:\/\/www.feuerwehr-halberstadt.de\/wp-content\/uploads\/2021\/06\/6C2FB3F1-04DA-4AC3-86A1-CF70DBC88B2C-1536x864.jpeg 1536w, https:\/\/www.feuerwehr-halberstadt.de\/wp-content\/uploads\/2021\/06\/6C2FB3F1-04DA-4AC3-86A1-CF70DBC88B2C.jpeg 1920w\" sizes=\"auto, (max-width: 1024px) 100vw, 1024px\" \/><\/figure><\/li><li class=\"blocks-gallery-item\"><figure><img loading=\"lazy\" decoding=\"async\" width=\"1024\" height=\"576\" src=\"https:\/\/www.feuerwehr-halberstadt.de\/wp-content\/uploads\/2021\/06\/A05EDB69-D097-4802-87A9-9E80DA789D5E-1024x576.jpeg\" alt=\"\" data-id=\"11670\" data-full-url=\"https:\/\/www.feuerwehr-halberstadt.de\/wp-content\/uploads\/2021\/06\/A05EDB69-D097-4802-87A9-9E80DA789D5E.jpeg\" data-link=\"https:\/\/www.feuerwehr-halberstadt.de\/?attachment_id=11670\" class=\"wp-image-11670\" srcset=\"https:\/\/www.feuerwehr-halberstadt.de\/wp-content\/uploads\/2021\/06\/A05EDB69-D097-4802-87A9-9E80DA789D5E-1024x576.jpeg 1024w, https:\/\/www.feuerwehr-halberstadt.de\/wp-content\/uploads\/2021\/06\/A05EDB69-D097-4802-87A9-9E80DA789D5E-300x169.jpeg 300w, https:\/\/www.feuerwehr-halberstadt.de\/wp-content\/uploads\/2021\/06\/A05EDB69-D097-4802-87A9-9E80DA789D5E-768x432.jpeg 768w, https:\/\/www.feuerwehr-halberstadt.de\/wp-content\/uploads\/2021\/06\/A05EDB69-D097-4802-87A9-9E80DA789D5E-1536x864.jpeg 1536w, https:\/\/www.feuerwehr-halberstadt.de\/wp-content\/uploads\/2021\/06\/A05EDB69-D097-4802-87A9-9E80DA789D5E.jpeg 1920w\" sizes=\"auto, (max-width: 1024px) 100vw, 1024px\" \/><\/figure><\/li><\/ul><\/figure>\n","protected":false},"excerpt":{"rendered":"<p>Seit gut einem Jahr ist das fliegende Auge der Stadtfeuerwehr Halberstadt regelm\u00e4\u00dfig in der Luft. Aufgrund der Corona-Pandemie konnte die \u00dcbergabe mit G\u00e4sten und Sponsoren bisher leider nicht in einem offiziellen Rahmen stattfinden. Bei allen m\u00f6glichen Einsatzszenarien der Feuerwehr kann die Drohne des Typ \u201eDJI Mavic 2 Enterprise Dual\u201c eingesetzt werden. Durch eine hochaufl\u00f6sende Kamera [&hellip;]<\/p>\n","protected":false},"author":3,"featured_media":11668,"comment_status":"closed","ping_status":"closed","sticky":false,"template":"","format":"standard","meta":{"_acf_changed":false,"footnotes":""},"categories":[9,31],"tags":[],"class_list":["post-11666","post","type-post","status-publish","format-standard","has-post-thumbnail","hentry","category-allgemein","category-information"],"acf":[],"yoast_head":"<!-- This site is optimized with the Yoast SEO plugin v27.4 - https:\/\/yoast.com\/product\/yoast-seo-wordpress\/ -->\n<title>\u201eDas Auge von oben\u201c - Feuerwehr-Drohne offiziell \u00fcbergeben - Feuerwehr Halberstadt<\/title>\n<meta name=\"robots\" content=\"index, follow, max-snippet:-1, max-image-preview:large, max-video-preview:-1\" \/>\n<link rel=\"canonical\" href=\"https:\/\/www.feuerwehr-halberstadt.de\/?p=11666\" \/>\n<meta property=\"og:locale\" content=\"de_DE\" \/>\n<meta property=\"og:type\" content=\"article\" \/>\n<meta property=\"og:title\" content=\"\u201eDas Auge von oben\u201c - Feuerwehr-Drohne offiziell \u00fcbergeben - Feuerwehr Halberstadt\" \/>\n<meta property=\"og:description\" content=\"Seit gut einem Jahr ist das fliegende Auge der Stadtfeuerwehr Halberstadt regelm\u00e4\u00dfig in der Luft. Aufgrund der Corona-Pandemie konnte die \u00dcbergabe mit G\u00e4sten und Sponsoren bisher leider nicht in einem offiziellen Rahmen stattfinden. Bei allen m\u00f6glichen Einsatzszenarien der Feuerwehr kann die Drohne des Typ \u201eDJI Mavic 2 Enterprise Dual\u201c eingesetzt werden. Durch eine hochaufl\u00f6sende Kamera [&hellip;]\" \/>\n<meta property=\"og:url\" content=\"https:\/\/www.feuerwehr-halberstadt.de\/?p=11666\" \/>\n<meta property=\"og:site_name\" content=\"Feuerwehr Halberstadt\" \/>\n<meta property=\"article:publisher\" content=\"https:\/\/www.facebook.com\/FeuerwehrHalberstadt\/\" \/>\n<meta property=\"article:published_time\" content=\"2021-06-29T18:15:37+00:00\" \/>\n<meta property=\"article:modified_time\" content=\"2021-06-29T18:15:38+00:00\" \/>\n<meta property=\"og:image\" content=\"https:\/\/www.feuerwehr-halberstadt.de\/wp-content\/uploads\/2021\/06\/D39F2604-F15C-41E0-B587-AA99E97EEAA1.jpeg\" \/>\n\t<meta property=\"og:image:width\" content=\"1920\" \/>\n\t<meta property=\"og:image:height\" content=\"1080\" \/>\n\t<meta property=\"og:image:type\" content=\"image\/jpeg\" \/>\n<meta name=\"author\" content=\"Buchold, Chris\" \/>\n<meta name=\"twitter:card\" content=\"summary_large_image\" \/>\n<meta name=\"twitter:label1\" content=\"Verfasst von\" \/>\n\t<meta name=\"twitter:data1\" content=\"Buchold, Chris\" \/>\n\t<meta name=\"twitter:label2\" content=\"Gesch\u00e4tzte Lesezeit\" \/>\n\t<meta name=\"twitter:data2\" content=\"3\u00a0Minuten\" \/>\n<script type=\"application\/ld+json\" class=\"yoast-schema-graph\">{\"@context\":\"https:\\\/\\\/schema.org\",\"@graph\":[{\"@type\":\"Article\",\"@id\":\"https:\\\/\\\/www.feuerwehr-halberstadt.de\\\/?p=11666#article\",\"isPartOf\":{\"@id\":\"https:\\\/\\\/www.feuerwehr-halberstadt.de\\\/?p=11666\"},\"author\":{\"name\":\"Buchold, Chris\",\"@id\":\"https:\\\/\\\/www.feuerwehr-halberstadt.de\\\/#\\\/schema\\\/person\\\/55ce5d9b46008e58cd3d55d4116ec727\"},\"headline\":\"\u201eDas Auge von oben\u201c &#8211; Feuerwehr-Drohne offiziell \u00fcbergeben\",\"datePublished\":\"2021-06-29T18:15:37+00:00\",\"dateModified\":\"2021-06-29T18:15:38+00:00\",\"mainEntityOfPage\":{\"@id\":\"https:\\\/\\\/www.feuerwehr-halberstadt.de\\\/?p=11666\"},\"wordCount\":313,\"publisher\":{\"@id\":\"https:\\\/\\\/www.feuerwehr-halberstadt.de\\\/#organization\"},\"image\":{\"@id\":\"https:\\\/\\\/www.feuerwehr-halberstadt.de\\\/?p=11666#primaryimage\"},\"thumbnailUrl\":\"https:\\\/\\\/www.feuerwehr-halberstadt.de\\\/wp-content\\\/uploads\\\/2021\\\/06\\\/D39F2604-F15C-41E0-B587-AA99E97EEAA1.jpeg\",\"articleSection\":{\"1\":\"Information\"},\"inLanguage\":\"de\"},{\"@type\":\"WebPage\",\"@id\":\"https:\\\/\\\/www.feuerwehr-halberstadt.de\\\/?p=11666\",\"url\":\"https:\\\/\\\/www.feuerwehr-halberstadt.de\\\/?p=11666\",\"name\":\"\u201eDas Auge von oben\u201c - Feuerwehr-Drohne offiziell \u00fcbergeben - Feuerwehr Halberstadt\",\"isPartOf\":{\"@id\":\"https:\\\/\\\/www.feuerwehr-halberstadt.de\\\/#website\"},\"primaryImageOfPage\":{\"@id\":\"https:\\\/\\\/www.feuerwehr-halberstadt.de\\\/?p=11666#primaryimage\"},\"image\":{\"@id\":\"https:\\\/\\\/www.feuerwehr-halberstadt.de\\\/?p=11666#primaryimage\"},\"thumbnailUrl\":\"https:\\\/\\\/www.feuerwehr-halberstadt.de\\\/wp-content\\\/uploads\\\/2021\\\/06\\\/D39F2604-F15C-41E0-B587-AA99E97EEAA1.jpeg\",\"datePublished\":\"2021-06-29T18:15:37+00:00\",\"dateModified\":\"2021-06-29T18:15:38+00:00\",\"breadcrumb\":{\"@id\":\"https:\\\/\\\/www.feuerwehr-halberstadt.de\\\/?p=11666#breadcrumb\"},\"inLanguage\":\"de\",\"potentialAction\":[{\"@type\":\"ReadAction\",\"target\":[\"https:\\\/\\\/www.feuerwehr-halberstadt.de\\\/?p=11666\"]}]},{\"@type\":\"ImageObject\",\"inLanguage\":\"de\",\"@id\":\"https:\\\/\\\/www.feuerwehr-halberstadt.de\\\/?p=11666#primaryimage\",\"url\":\"https:\\\/\\\/www.feuerwehr-halberstadt.de\\\/wp-content\\\/uploads\\\/2021\\\/06\\\/D39F2604-F15C-41E0-B587-AA99E97EEAA1.jpeg\",\"contentUrl\":\"https:\\\/\\\/www.feuerwehr-halberstadt.de\\\/wp-content\\\/uploads\\\/2021\\\/06\\\/D39F2604-F15C-41E0-B587-AA99E97EEAA1.jpeg\",\"width\":1920,\"height\":1080},{\"@type\":\"BreadcrumbList\",\"@id\":\"https:\\\/\\\/www.feuerwehr-halberstadt.de\\\/?p=11666#breadcrumb\",\"itemListElement\":[{\"@type\":\"ListItem\",\"position\":1,\"name\":\"Startseite\",\"item\":\"https:\\\/\\\/www.feuerwehr-halberstadt.de\\\/\"},{\"@type\":\"ListItem\",\"position\":2,\"name\":\"\u201eDas Auge von oben\u201c &#8211; Feuerwehr-Drohne offiziell \u00fcbergeben\"}]},{\"@type\":\"WebSite\",\"@id\":\"https:\\\/\\\/www.feuerwehr-halberstadt.de\\\/#website\",\"url\":\"https:\\\/\\\/www.feuerwehr-halberstadt.de\\\/\",\"name\":\"Feuerwehr Halberstadt\",\"description\":\"#imEinsatzf\u00fcrHalberstadt\",\"publisher\":{\"@id\":\"https:\\\/\\\/www.feuerwehr-halberstadt.de\\\/#organization\"},\"potentialAction\":[{\"@type\":\"SearchAction\",\"target\":{\"@type\":\"EntryPoint\",\"urlTemplate\":\"https:\\\/\\\/www.feuerwehr-halberstadt.de\\\/?s={search_term_string}\"},\"query-input\":{\"@type\":\"PropertyValueSpecification\",\"valueRequired\":true,\"valueName\":\"search_term_string\"}}],\"inLanguage\":\"de\"},{\"@type\":\"Organization\",\"@id\":\"https:\\\/\\\/www.feuerwehr-halberstadt.de\\\/#organization\",\"name\":\"Feuerwehr Halberstadt\",\"url\":\"https:\\\/\\\/www.feuerwehr-halberstadt.de\\\/\",\"logo\":{\"@type\":\"ImageObject\",\"inLanguage\":\"de\",\"@id\":\"https:\\\/\\\/www.feuerwehr-halberstadt.de\\\/#\\\/schema\\\/logo\\\/image\\\/\",\"url\":\"https:\\\/\\\/www.feuerwehr-halberstadt.de\\\/wp-content\\\/uploads\\\/2023\\\/10\\\/IMG_0126.png\",\"contentUrl\":\"https:\\\/\\\/www.feuerwehr-halberstadt.de\\\/wp-content\\\/uploads\\\/2023\\\/10\\\/IMG_0126.png\",\"width\":1500,\"height\":399,\"caption\":\"Feuerwehr Halberstadt\"},\"image\":{\"@id\":\"https:\\\/\\\/www.feuerwehr-halberstadt.de\\\/#\\\/schema\\\/logo\\\/image\\\/\"},\"sameAs\":[\"https:\\\/\\\/www.facebook.com\\\/FeuerwehrHalberstadt\\\/\"]},{\"@type\":\"Person\",\"@id\":\"https:\\\/\\\/www.feuerwehr-halberstadt.de\\\/#\\\/schema\\\/person\\\/55ce5d9b46008e58cd3d55d4116ec727\",\"name\":\"Buchold, Chris\",\"image\":{\"@type\":\"ImageObject\",\"inLanguage\":\"de\",\"@id\":\"https:\\\/\\\/secure.gravatar.com\\\/avatar\\\/bff08a084f0390bf8a93fc28c488452766ba521109cec244ac64210fdd500a49?s=96&d=mm&r=g\",\"url\":\"https:\\\/\\\/secure.gravatar.com\\\/avatar\\\/bff08a084f0390bf8a93fc28c488452766ba521109cec244ac64210fdd500a49?s=96&d=mm&r=g\",\"contentUrl\":\"https:\\\/\\\/secure.gravatar.com\\\/avatar\\\/bff08a084f0390bf8a93fc28c488452766ba521109cec244ac64210fdd500a49?s=96&d=mm&r=g\",\"caption\":\"Buchold, Chris\"},\"url\":\"https:\\\/\\\/www.feuerwehr-halberstadt.de\\\/?author=3\"}]}<\/script>\n<!-- \/ Yoast SEO plugin. -->","yoast_head_json":{"title":"\u201eDas Auge von oben\u201c - Feuerwehr-Drohne offiziell \u00fcbergeben - Feuerwehr Halberstadt","robots":{"index":"index","follow":"follow","max-snippet":"max-snippet:-1","max-image-preview":"max-image-preview:large","max-video-preview":"max-video-preview:-1"},"canonical":"https:\/\/www.feuerwehr-halberstadt.de\/?p=11666","og_locale":"de_DE","og_type":"article","og_title":"\u201eDas Auge von oben\u201c - Feuerwehr-Drohne offiziell \u00fcbergeben - Feuerwehr Halberstadt","og_description":"Seit gut einem Jahr ist das fliegende Auge der Stadtfeuerwehr Halberstadt regelm\u00e4\u00dfig in der Luft. Aufgrund der Corona-Pandemie konnte die \u00dcbergabe mit G\u00e4sten und Sponsoren bisher leider nicht in einem offiziellen Rahmen stattfinden. Bei allen m\u00f6glichen Einsatzszenarien der Feuerwehr kann die Drohne des Typ \u201eDJI Mavic 2 Enterprise Dual\u201c eingesetzt werden. Durch eine hochaufl\u00f6sende Kamera [&hellip;]","og_url":"https:\/\/www.feuerwehr-halberstadt.de\/?p=11666","og_site_name":"Feuerwehr Halberstadt","article_publisher":"https:\/\/www.facebook.com\/FeuerwehrHalberstadt\/","article_published_time":"2021-06-29T18:15:37+00:00","article_modified_time":"2021-06-29T18:15:38+00:00","og_image":[{"width":1920,"height":1080,"url":"https:\/\/www.feuerwehr-halberstadt.de\/wp-content\/uploads\/2021\/06\/D39F2604-F15C-41E0-B587-AA99E97EEAA1.jpeg","type":"image\/jpeg"}],"author":"Buchold, Chris","twitter_card":"summary_large_image","twitter_misc":{"Verfasst von":"Buchold, Chris","Gesch\u00e4tzte Lesezeit":"3\u00a0Minuten"},"schema":{"@context":"https:\/\/schema.org","@graph":[{"@type":"Article","@id":"https:\/\/www.feuerwehr-halberstadt.de\/?p=11666#article","isPartOf":{"@id":"https:\/\/www.feuerwehr-halberstadt.de\/?p=11666"},"author":{"name":"Buchold, Chris","@id":"https:\/\/www.feuerwehr-halberstadt.de\/#\/schema\/person\/55ce5d9b46008e58cd3d55d4116ec727"},"headline":"\u201eDas Auge von oben\u201c &#8211; Feuerwehr-Drohne offiziell \u00fcbergeben","datePublished":"2021-06-29T18:15:37+00:00","dateModified":"2021-06-29T18:15:38+00:00","mainEntityOfPage":{"@id":"https:\/\/www.feuerwehr-halberstadt.de\/?p=11666"},"wordCount":313,"publisher":{"@id":"https:\/\/www.feuerwehr-halberstadt.de\/#organization"},"image":{"@id":"https:\/\/www.feuerwehr-halberstadt.de\/?p=11666#primaryimage"},"thumbnailUrl":"https:\/\/www.feuerwehr-halberstadt.de\/wp-content\/uploads\/2021\/06\/D39F2604-F15C-41E0-B587-AA99E97EEAA1.jpeg","articleSection":{"1":"Information"},"inLanguage":"de"},{"@type":"WebPage","@id":"https:\/\/www.feuerwehr-halberstadt.de\/?p=11666","url":"https:\/\/www.feuerwehr-halberstadt.de\/?p=11666","name":"\u201eDas Auge von oben\u201c - Feuerwehr-Drohne offiziell \u00fcbergeben - Feuerwehr Halberstadt","isPartOf":{"@id":"https:\/\/www.feuerwehr-halberstadt.de\/#website"},"primaryImageOfPage":{"@id":"https:\/\/www.feuerwehr-halberstadt.de\/?p=11666#primaryimage"},"image":{"@id":"https:\/\/www.feuerwehr-halberstadt.de\/?p=11666#primaryimage"},"thumbnailUrl":"https:\/\/www.feuerwehr-halberstadt.de\/wp-content\/uploads\/2021\/06\/D39F2604-F15C-41E0-B587-AA99E97EEAA1.jpeg","datePublished":"2021-06-29T18:15:37+00:00","dateModified":"2021-06-29T18:15:38+00:00","breadcrumb":{"@id":"https:\/\/www.feuerwehr-halberstadt.de\/?p=11666#breadcrumb"},"inLanguage":"de","potentialAction":[{"@type":"ReadAction","target":["https:\/\/www.feuerwehr-halberstadt.de\/?p=11666"]}]},{"@type":"ImageObject","inLanguage":"de","@id":"https:\/\/www.feuerwehr-halberstadt.de\/?p=11666#primaryimage","url":"https:\/\/www.feuerwehr-halberstadt.de\/wp-content\/uploads\/2021\/06\/D39F2604-F15C-41E0-B587-AA99E97EEAA1.jpeg","contentUrl":"https:\/\/www.feuerwehr-halberstadt.de\/wp-content\/uploads\/2021\/06\/D39F2604-F15C-41E0-B587-AA99E97EEAA1.jpeg","width":1920,"height":1080},{"@type":"BreadcrumbList","@id":"https:\/\/www.feuerwehr-halberstadt.de\/?p=11666#breadcrumb","itemListElement":[{"@type":"ListItem","position":1,"name":"Startseite","item":"https:\/\/www.feuerwehr-halberstadt.de\/"},{"@type":"ListItem","position":2,"name":"\u201eDas Auge von oben\u201c &#8211; Feuerwehr-Drohne offiziell \u00fcbergeben"}]},{"@type":"WebSite","@id":"https:\/\/www.feuerwehr-halberstadt.de\/#website","url":"https:\/\/www.feuerwehr-halberstadt.de\/","name":"Feuerwehr Halberstadt","description":"#imEinsatzf\u00fcrHalberstadt","publisher":{"@id":"https:\/\/www.feuerwehr-halberstadt.de\/#organization"},"potentialAction":[{"@type":"SearchAction","target":{"@type":"EntryPoint","urlTemplate":"https:\/\/www.feuerwehr-halberstadt.de\/?s={search_term_string}"},"query-input":{"@type":"PropertyValueSpecification","valueRequired":true,"valueName":"search_term_string"}}],"inLanguage":"de"},{"@type":"Organization","@id":"https:\/\/www.feuerwehr-halberstadt.de\/#organization","name":"Feuerwehr Halberstadt","url":"https:\/\/www.feuerwehr-halberstadt.de\/","logo":{"@type":"ImageObject","inLanguage":"de","@id":"https:\/\/www.feuerwehr-halberstadt.de\/#\/schema\/logo\/image\/","url":"https:\/\/www.feuerwehr-halberstadt.de\/wp-content\/uploads\/2023\/10\/IMG_0126.png","contentUrl":"https:\/\/www.feuerwehr-halberstadt.de\/wp-content\/uploads\/2023\/10\/IMG_0126.png","width":1500,"height":399,"caption":"Feuerwehr Halberstadt"},"image":{"@id":"https:\/\/www.feuerwehr-halberstadt.de\/#\/schema\/logo\/image\/"},"sameAs":["https:\/\/www.facebook.com\/FeuerwehrHalberstadt\/"]},{"@type":"Person","@id":"https:\/\/www.feuerwehr-halberstadt.de\/#\/schema\/person\/55ce5d9b46008e58cd3d55d4116ec727","name":"Buchold, Chris","image":{"@type":"ImageObject","inLanguage":"de","@id":"https:\/\/secure.gravatar.com\/avatar\/bff08a084f0390bf8a93fc28c488452766ba521109cec244ac64210fdd500a49?s=96&d=mm&r=g","url":"https:\/\/secure.gravatar.com\/avatar\/bff08a084f0390bf8a93fc28c488452766ba521109cec244ac64210fdd500a49?s=96&d=mm&r=g","contentUrl":"https:\/\/secure.gravatar.com\/avatar\/bff08a084f0390bf8a93fc28c488452766ba521109cec244ac64210fdd500a49?s=96&d=mm&r=g","caption":"Buchold, Chris"},"url":"https:\/\/www.feuerwehr-halberstadt.de\/?author=3"}]}},"_links":{"self":[{"href":"https:\/\/www.feuerwehr-halberstadt.de\/index.php?rest_route=\/wp\/v2\/posts\/11666","targetHints":{"allow":["GET"]}}],"collection":[{"href":"https:\/\/www.feuerwehr-halberstadt.de\/index.php?rest_route=\/wp\/v2\/posts"}],"about":[{"href":"https:\/\/www.feuerwehr-halberstadt.de\/index.php?rest_route=\/wp\/v2\/types\/post"}],"author":[{"embeddable":true,"href":"https:\/\/www.feuerwehr-halberstadt.de\/index.php?rest_route=\/wp\/v2\/users\/3"}],"replies":[{"embeddable":true,"href":"https:\/\/www.feuerwehr-halberstadt.de\/index.php?rest_route=%2Fwp%2Fv2%2Fcomments&post=11666"}],"version-history":[{"count":2,"href":"https:\/\/www.feuerwehr-halberstadt.de\/index.php?rest_route=\/wp\/v2\/posts\/11666\/revisions"}],"predecessor-version":[{"id":11674,"href":"https:\/\/www.feuerwehr-halberstadt.de\/index.php?rest_route=\/wp\/v2\/posts\/11666\/revisions\/11674"}],"wp:featuredmedia":[{"embeddable":true,"href":"https:\/\/www.feuerwehr-halberstadt.de\/index.php?rest_route=\/wp\/v2\/media\/11668"}],"wp:attachment":[{"href":"https:\/\/www.feuerwehr-halberstadt.de\/index.php?rest_route=%2Fwp%2Fv2%2Fmedia&parent=11666"}],"wp:term":[{"taxonomy":"category","embeddable":true,"href":"https:\/\/www.feuerwehr-halberstadt.de\/index.php?rest_route=%2Fwp%2Fv2%2Fcategories&post=11666"},{"taxonomy":"post_tag","embeddable":true,"href":"https:\/\/www.feuerwehr-halberstadt.de\/index.php?rest_route=%2Fwp%2Fv2%2Ftags&post=11666"}],"curies":[{"name":"wp","href":"https:\/\/api.w.org\/{rel}","templated":true}]}}