{"id":11591,"date":"2021-05-12T14:36:31","date_gmt":"2021-05-12T12:36:31","guid":{"rendered":"https:\/\/www.feuerwehr-halberstadt.de\/?p=11591"},"modified":"2021-05-12T14:36:32","modified_gmt":"2021-05-12T12:36:32","slug":"drei-neue-hauptbrandmeister-bei-der-hauptberuflichen-wachbereitschaft","status":"publish","type":"post","link":"https:\/\/www.feuerwehr-halberstadt.de\/?p=11591","title":{"rendered":"Drei neue Hauptbrandmeister bei der Hauptberuflichen Wachbereitschaft"},"content":{"rendered":"\n<p>Jan Haunschild, Andreas Dietrich und Marko Brandt wurden am heutigen Tag von Oberb\u00fcrgermeister Daniel Szarata zu Hauptbrandmeistern bef\u00f6rdert. Diese Bef\u00f6rderungen gehen einher mit der \u00dcbernahme der Funktion &#8222;Schichtf\u00fchrer&#8220; und der Leitung eines Sachgebietes.<br><br>Die Hauptberufliche Wachbereitschaft besteht aus 30 M\u00e4nnern und einer Frau. Es gibt drei Wachabteilungen mit jeweils einem verantwortlichen Schichtf\u00fchrer. Die drei bef\u00f6rderten Kameraden leiten zus\u00e4tzlich die Sachgebiete Feuerl\u00f6scherwerkstatt, Bekleidungskammer und Geb\u00e4udemanagement.<br><br>Nach Beendigung des offiziellen Teils im Halberst\u00e4dter Rathaus, wurden die drei bef\u00f6rderten Kameraden durch einige Kollegen auf dem Holzmarkt in Empfang genommen. Die 3. Wachabteilung hat f\u00fcr ihren Schichtf\u00fchrer Jan Haunschild noch eine ganz besondere Aufgabe vorbereitet. Auf einem alten Feuerwehrfahrrad musste er vom Rathaus bis zur Feuerwache &#8222;Am Breiten Tor&#8220; radeln um sich seine neuen Schulterst\u00fccke zu verdienen.<br><br>Den bef\u00f6rderten Kameraden w\u00fcnschen wir weiterhin alles Gute und ein gl\u00fcckliches H\u00e4ndchen in der F\u00fchrung ihrer Wachabteilungen!<\/p>\n\n\n\n<figure class=\"wp-block-gallery columns-2 is-cropped wp-block-gallery-1 is-layout-flex wp-block-gallery-is-layout-flex\"><ul class=\"blocks-gallery-grid\"><li class=\"blocks-gallery-item\"><figure><img loading=\"lazy\" decoding=\"async\" width=\"1024\" height=\"682\" src=\"https:\/\/www.feuerwehr-halberstadt.de\/wp-content\/uploads\/2021\/05\/DB112663-EE63-477F-964A-A32C26EA3E97-1024x682.jpeg\" alt=\"\" data-id=\"11596\" data-full-url=\"https:\/\/www.feuerwehr-halberstadt.de\/wp-content\/uploads\/2021\/05\/DB112663-EE63-477F-964A-A32C26EA3E97.jpeg\" data-link=\"https:\/\/www.feuerwehr-halberstadt.de\/?attachment_id=11596\" class=\"wp-image-11596\" srcset=\"https:\/\/www.feuerwehr-halberstadt.de\/wp-content\/uploads\/2021\/05\/DB112663-EE63-477F-964A-A32C26EA3E97-1024x682.jpeg 1024w, https:\/\/www.feuerwehr-halberstadt.de\/wp-content\/uploads\/2021\/05\/DB112663-EE63-477F-964A-A32C26EA3E97-300x200.jpeg 300w, https:\/\/www.feuerwehr-halberstadt.de\/wp-content\/uploads\/2021\/05\/DB112663-EE63-477F-964A-A32C26EA3E97-768x512.jpeg 768w, https:\/\/www.feuerwehr-halberstadt.de\/wp-content\/uploads\/2021\/05\/DB112663-EE63-477F-964A-A32C26EA3E97-1536x1023.jpeg 1536w, https:\/\/www.feuerwehr-halberstadt.de\/wp-content\/uploads\/2021\/05\/DB112663-EE63-477F-964A-A32C26EA3E97.jpeg 1600w\" sizes=\"auto, (max-width: 1024px) 100vw, 1024px\" \/><\/figure><\/li><li class=\"blocks-gallery-item\"><figure><img loading=\"lazy\" decoding=\"async\" width=\"1024\" height=\"682\" src=\"https:\/\/www.feuerwehr-halberstadt.de\/wp-content\/uploads\/2021\/05\/AC033D8D-7370-4C1D-B3CE-061867B63548-1024x682.jpeg\" alt=\"\" data-id=\"11597\" data-full-url=\"https:\/\/www.feuerwehr-halberstadt.de\/wp-content\/uploads\/2021\/05\/AC033D8D-7370-4C1D-B3CE-061867B63548.jpeg\" data-link=\"https:\/\/www.feuerwehr-halberstadt.de\/?attachment_id=11597\" class=\"wp-image-11597\" srcset=\"https:\/\/www.feuerwehr-halberstadt.de\/wp-content\/uploads\/2021\/05\/AC033D8D-7370-4C1D-B3CE-061867B63548-1024x682.jpeg 1024w, https:\/\/www.feuerwehr-halberstadt.de\/wp-content\/uploads\/2021\/05\/AC033D8D-7370-4C1D-B3CE-061867B63548-300x200.jpeg 300w, https:\/\/www.feuerwehr-halberstadt.de\/wp-content\/uploads\/2021\/05\/AC033D8D-7370-4C1D-B3CE-061867B63548-768x512.jpeg 768w, https:\/\/www.feuerwehr-halberstadt.de\/wp-content\/uploads\/2021\/05\/AC033D8D-7370-4C1D-B3CE-061867B63548-1536x1023.jpeg 1536w, https:\/\/www.feuerwehr-halberstadt.de\/wp-content\/uploads\/2021\/05\/AC033D8D-7370-4C1D-B3CE-061867B63548.jpeg 1600w\" sizes=\"auto, (max-width: 1024px) 100vw, 1024px\" \/><\/figure><\/li><\/ul><\/figure>\n","protected":false},"excerpt":{"rendered":"<p>Jan Haunschild, Andreas Dietrich und Marko Brandt wurden am heutigen Tag von Oberb\u00fcrgermeister Daniel Szarata zu Hauptbrandmeistern bef\u00f6rdert. Diese Bef\u00f6rderungen gehen einher mit der \u00dcbernahme der Funktion &#8222;Schichtf\u00fchrer&#8220; und der Leitung eines Sachgebietes. Die Hauptberufliche Wachbereitschaft besteht aus 30 M\u00e4nnern und einer Frau. Es gibt drei Wachabteilungen mit jeweils einem verantwortlichen Schichtf\u00fchrer. Die drei bef\u00f6rderten [&hellip;]<\/p>\n","protected":false},"author":3,"featured_media":11595,"comment_status":"closed","ping_status":"closed","sticky":false,"template":"","format":"standard","meta":{"_acf_changed":false,"footnotes":""},"categories":[9,11],"tags":[],"class_list":["post-11591","post","type-post","status-publish","format-standard","has-post-thumbnail","hentry","category-allgemein","category-wache"],"acf":[],"yoast_head":"<!-- This site is optimized with the Yoast SEO plugin v27.5 - https:\/\/yoast.com\/product\/yoast-seo-wordpress\/ -->\n<title>Drei neue Hauptbrandmeister bei der Hauptberuflichen Wachbereitschaft - Feuerwehr Halberstadt<\/title>\n<meta name=\"robots\" content=\"index, follow, max-snippet:-1, max-image-preview:large, max-video-preview:-1\" \/>\n<link rel=\"canonical\" href=\"https:\/\/www.feuerwehr-halberstadt.de\/?p=11591\" \/>\n<meta property=\"og:locale\" content=\"de_DE\" \/>\n<meta property=\"og:type\" content=\"article\" \/>\n<meta property=\"og:title\" content=\"Drei neue Hauptbrandmeister bei der Hauptberuflichen Wachbereitschaft - Feuerwehr Halberstadt\" \/>\n<meta property=\"og:description\" content=\"Jan Haunschild, Andreas Dietrich und Marko Brandt wurden am heutigen Tag von Oberb\u00fcrgermeister Daniel Szarata zu Hauptbrandmeistern bef\u00f6rdert. Diese Bef\u00f6rderungen gehen einher mit der \u00dcbernahme der Funktion &#8222;Schichtf\u00fchrer&#8220; und der Leitung eines Sachgebietes. Die Hauptberufliche Wachbereitschaft besteht aus 30 M\u00e4nnern und einer Frau. Es gibt drei Wachabteilungen mit jeweils einem verantwortlichen Schichtf\u00fchrer. Die drei bef\u00f6rderten [&hellip;]\" \/>\n<meta property=\"og:url\" content=\"https:\/\/www.feuerwehr-halberstadt.de\/?p=11591\" \/>\n<meta property=\"og:site_name\" content=\"Feuerwehr Halberstadt\" \/>\n<meta property=\"article:publisher\" content=\"https:\/\/www.facebook.com\/FeuerwehrHalberstadt\/\" \/>\n<meta property=\"article:published_time\" content=\"2021-05-12T12:36:31+00:00\" \/>\n<meta property=\"article:modified_time\" content=\"2021-05-12T12:36:32+00:00\" \/>\n<meta property=\"og:image\" content=\"https:\/\/www.feuerwehr-halberstadt.de\/wp-content\/uploads\/2021\/05\/61711A49-3B1E-4041-B8B7-B56BCD67BC2D.jpeg\" \/>\n\t<meta property=\"og:image:width\" content=\"2064\" \/>\n\t<meta property=\"og:image:height\" content=\"1376\" \/>\n\t<meta property=\"og:image:type\" content=\"image\/jpeg\" \/>\n<meta name=\"author\" content=\"Buchold, Chris\" \/>\n<meta name=\"twitter:card\" content=\"summary_large_image\" \/>\n<meta name=\"twitter:label1\" content=\"Verfasst von\" \/>\n\t<meta name=\"twitter:data1\" content=\"Buchold, Chris\" \/>\n\t<meta name=\"twitter:label2\" content=\"Gesch\u00e4tzte Lesezeit\" \/>\n\t<meta name=\"twitter:data2\" content=\"2\u00a0Minuten\" \/>\n<script type=\"application\/ld+json\" class=\"yoast-schema-graph\">{\"@context\":\"https:\\\/\\\/schema.org\",\"@graph\":[{\"@type\":\"Article\",\"@id\":\"https:\\\/\\\/www.feuerwehr-halberstadt.de\\\/?p=11591#article\",\"isPartOf\":{\"@id\":\"https:\\\/\\\/www.feuerwehr-halberstadt.de\\\/?p=11591\"},\"author\":{\"name\":\"Buchold, Chris\",\"@id\":\"https:\\\/\\\/www.feuerwehr-halberstadt.de\\\/#\\\/schema\\\/person\\\/55ce5d9b46008e58cd3d55d4116ec727\"},\"headline\":\"Drei neue Hauptbrandmeister bei der Hauptberuflichen Wachbereitschaft\",\"datePublished\":\"2021-05-12T12:36:31+00:00\",\"dateModified\":\"2021-05-12T12:36:32+00:00\",\"mainEntityOfPage\":{\"@id\":\"https:\\\/\\\/www.feuerwehr-halberstadt.de\\\/?p=11591\"},\"wordCount\":165,\"publisher\":{\"@id\":\"https:\\\/\\\/www.feuerwehr-halberstadt.de\\\/#organization\"},\"image\":{\"@id\":\"https:\\\/\\\/www.feuerwehr-halberstadt.de\\\/?p=11591#primaryimage\"},\"thumbnailUrl\":\"https:\\\/\\\/www.feuerwehr-halberstadt.de\\\/wp-content\\\/uploads\\\/2021\\\/05\\\/61711A49-3B1E-4041-B8B7-B56BCD67BC2D.jpeg\",\"articleSection\":{\"1\":\"Wache\"},\"inLanguage\":\"de\"},{\"@type\":\"WebPage\",\"@id\":\"https:\\\/\\\/www.feuerwehr-halberstadt.de\\\/?p=11591\",\"url\":\"https:\\\/\\\/www.feuerwehr-halberstadt.de\\\/?p=11591\",\"name\":\"Drei neue Hauptbrandmeister bei der Hauptberuflichen Wachbereitschaft - Feuerwehr Halberstadt\",\"isPartOf\":{\"@id\":\"https:\\\/\\\/www.feuerwehr-halberstadt.de\\\/#website\"},\"primaryImageOfPage\":{\"@id\":\"https:\\\/\\\/www.feuerwehr-halberstadt.de\\\/?p=11591#primaryimage\"},\"image\":{\"@id\":\"https:\\\/\\\/www.feuerwehr-halberstadt.de\\\/?p=11591#primaryimage\"},\"thumbnailUrl\":\"https:\\\/\\\/www.feuerwehr-halberstadt.de\\\/wp-content\\\/uploads\\\/2021\\\/05\\\/61711A49-3B1E-4041-B8B7-B56BCD67BC2D.jpeg\",\"datePublished\":\"2021-05-12T12:36:31+00:00\",\"dateModified\":\"2021-05-12T12:36:32+00:00\",\"breadcrumb\":{\"@id\":\"https:\\\/\\\/www.feuerwehr-halberstadt.de\\\/?p=11591#breadcrumb\"},\"inLanguage\":\"de\",\"potentialAction\":[{\"@type\":\"ReadAction\",\"target\":[\"https:\\\/\\\/www.feuerwehr-halberstadt.de\\\/?p=11591\"]}]},{\"@type\":\"ImageObject\",\"inLanguage\":\"de\",\"@id\":\"https:\\\/\\\/www.feuerwehr-halberstadt.de\\\/?p=11591#primaryimage\",\"url\":\"https:\\\/\\\/www.feuerwehr-halberstadt.de\\\/wp-content\\\/uploads\\\/2021\\\/05\\\/61711A49-3B1E-4041-B8B7-B56BCD67BC2D.jpeg\",\"contentUrl\":\"https:\\\/\\\/www.feuerwehr-halberstadt.de\\\/wp-content\\\/uploads\\\/2021\\\/05\\\/61711A49-3B1E-4041-B8B7-B56BCD67BC2D.jpeg\",\"width\":2064,\"height\":1376},{\"@type\":\"BreadcrumbList\",\"@id\":\"https:\\\/\\\/www.feuerwehr-halberstadt.de\\\/?p=11591#breadcrumb\",\"itemListElement\":[{\"@type\":\"ListItem\",\"position\":1,\"name\":\"Startseite\",\"item\":\"https:\\\/\\\/www.feuerwehr-halberstadt.de\\\/\"},{\"@type\":\"ListItem\",\"position\":2,\"name\":\"Drei neue Hauptbrandmeister bei der Hauptberuflichen Wachbereitschaft\"}]},{\"@type\":\"WebSite\",\"@id\":\"https:\\\/\\\/www.feuerwehr-halberstadt.de\\\/#website\",\"url\":\"https:\\\/\\\/www.feuerwehr-halberstadt.de\\\/\",\"name\":\"Feuerwehr Halberstadt\",\"description\":\"#imEinsatzf\u00fcrHalberstadt\",\"publisher\":{\"@id\":\"https:\\\/\\\/www.feuerwehr-halberstadt.de\\\/#organization\"},\"potentialAction\":[{\"@type\":\"SearchAction\",\"target\":{\"@type\":\"EntryPoint\",\"urlTemplate\":\"https:\\\/\\\/www.feuerwehr-halberstadt.de\\\/?s={search_term_string}\"},\"query-input\":{\"@type\":\"PropertyValueSpecification\",\"valueRequired\":true,\"valueName\":\"search_term_string\"}}],\"inLanguage\":\"de\"},{\"@type\":\"Organization\",\"@id\":\"https:\\\/\\\/www.feuerwehr-halberstadt.de\\\/#organization\",\"name\":\"Feuerwehr Halberstadt\",\"url\":\"https:\\\/\\\/www.feuerwehr-halberstadt.de\\\/\",\"logo\":{\"@type\":\"ImageObject\",\"inLanguage\":\"de\",\"@id\":\"https:\\\/\\\/www.feuerwehr-halberstadt.de\\\/#\\\/schema\\\/logo\\\/image\\\/\",\"url\":\"https:\\\/\\\/www.feuerwehr-halberstadt.de\\\/wp-content\\\/uploads\\\/2023\\\/10\\\/IMG_0126.png\",\"contentUrl\":\"https:\\\/\\\/www.feuerwehr-halberstadt.de\\\/wp-content\\\/uploads\\\/2023\\\/10\\\/IMG_0126.png\",\"width\":1500,\"height\":399,\"caption\":\"Feuerwehr Halberstadt\"},\"image\":{\"@id\":\"https:\\\/\\\/www.feuerwehr-halberstadt.de\\\/#\\\/schema\\\/logo\\\/image\\\/\"},\"sameAs\":[\"https:\\\/\\\/www.facebook.com\\\/FeuerwehrHalberstadt\\\/\"]},{\"@type\":\"Person\",\"@id\":\"https:\\\/\\\/www.feuerwehr-halberstadt.de\\\/#\\\/schema\\\/person\\\/55ce5d9b46008e58cd3d55d4116ec727\",\"name\":\"Buchold, Chris\",\"image\":{\"@type\":\"ImageObject\",\"inLanguage\":\"de\",\"@id\":\"https:\\\/\\\/secure.gravatar.com\\\/avatar\\\/bff08a084f0390bf8a93fc28c488452766ba521109cec244ac64210fdd500a49?s=96&d=mm&r=g\",\"url\":\"https:\\\/\\\/secure.gravatar.com\\\/avatar\\\/bff08a084f0390bf8a93fc28c488452766ba521109cec244ac64210fdd500a49?s=96&d=mm&r=g\",\"contentUrl\":\"https:\\\/\\\/secure.gravatar.com\\\/avatar\\\/bff08a084f0390bf8a93fc28c488452766ba521109cec244ac64210fdd500a49?s=96&d=mm&r=g\",\"caption\":\"Buchold, Chris\"},\"url\":\"https:\\\/\\\/www.feuerwehr-halberstadt.de\\\/?author=3\"}]}<\/script>\n<!-- \/ Yoast SEO plugin. -->","yoast_head_json":{"title":"Drei neue Hauptbrandmeister bei der Hauptberuflichen Wachbereitschaft - Feuerwehr Halberstadt","robots":{"index":"index","follow":"follow","max-snippet":"max-snippet:-1","max-image-preview":"max-image-preview:large","max-video-preview":"max-video-preview:-1"},"canonical":"https:\/\/www.feuerwehr-halberstadt.de\/?p=11591","og_locale":"de_DE","og_type":"article","og_title":"Drei neue Hauptbrandmeister bei der Hauptberuflichen Wachbereitschaft - Feuerwehr Halberstadt","og_description":"Jan Haunschild, Andreas Dietrich und Marko Brandt wurden am heutigen Tag von Oberb\u00fcrgermeister Daniel Szarata zu Hauptbrandmeistern bef\u00f6rdert. Diese Bef\u00f6rderungen gehen einher mit der \u00dcbernahme der Funktion &#8222;Schichtf\u00fchrer&#8220; und der Leitung eines Sachgebietes. Die Hauptberufliche Wachbereitschaft besteht aus 30 M\u00e4nnern und einer Frau. Es gibt drei Wachabteilungen mit jeweils einem verantwortlichen Schichtf\u00fchrer. Die drei bef\u00f6rderten [&hellip;]","og_url":"https:\/\/www.feuerwehr-halberstadt.de\/?p=11591","og_site_name":"Feuerwehr Halberstadt","article_publisher":"https:\/\/www.facebook.com\/FeuerwehrHalberstadt\/","article_published_time":"2021-05-12T12:36:31+00:00","article_modified_time":"2021-05-12T12:36:32+00:00","og_image":[{"width":2064,"height":1376,"url":"https:\/\/www.feuerwehr-halberstadt.de\/wp-content\/uploads\/2021\/05\/61711A49-3B1E-4041-B8B7-B56BCD67BC2D.jpeg","type":"image\/jpeg"}],"author":"Buchold, Chris","twitter_card":"summary_large_image","twitter_misc":{"Verfasst von":"Buchold, Chris","Gesch\u00e4tzte Lesezeit":"2\u00a0Minuten"},"schema":{"@context":"https:\/\/schema.org","@graph":[{"@type":"Article","@id":"https:\/\/www.feuerwehr-halberstadt.de\/?p=11591#article","isPartOf":{"@id":"https:\/\/www.feuerwehr-halberstadt.de\/?p=11591"},"author":{"name":"Buchold, Chris","@id":"https:\/\/www.feuerwehr-halberstadt.de\/#\/schema\/person\/55ce5d9b46008e58cd3d55d4116ec727"},"headline":"Drei neue Hauptbrandmeister bei der Hauptberuflichen Wachbereitschaft","datePublished":"2021-05-12T12:36:31+00:00","dateModified":"2021-05-12T12:36:32+00:00","mainEntityOfPage":{"@id":"https:\/\/www.feuerwehr-halberstadt.de\/?p=11591"},"wordCount":165,"publisher":{"@id":"https:\/\/www.feuerwehr-halberstadt.de\/#organization"},"image":{"@id":"https:\/\/www.feuerwehr-halberstadt.de\/?p=11591#primaryimage"},"thumbnailUrl":"https:\/\/www.feuerwehr-halberstadt.de\/wp-content\/uploads\/2021\/05\/61711A49-3B1E-4041-B8B7-B56BCD67BC2D.jpeg","articleSection":{"1":"Wache"},"inLanguage":"de"},{"@type":"WebPage","@id":"https:\/\/www.feuerwehr-halberstadt.de\/?p=11591","url":"https:\/\/www.feuerwehr-halberstadt.de\/?p=11591","name":"Drei neue Hauptbrandmeister bei der Hauptberuflichen Wachbereitschaft - Feuerwehr Halberstadt","isPartOf":{"@id":"https:\/\/www.feuerwehr-halberstadt.de\/#website"},"primaryImageOfPage":{"@id":"https:\/\/www.feuerwehr-halberstadt.de\/?p=11591#primaryimage"},"image":{"@id":"https:\/\/www.feuerwehr-halberstadt.de\/?p=11591#primaryimage"},"thumbnailUrl":"https:\/\/www.feuerwehr-halberstadt.de\/wp-content\/uploads\/2021\/05\/61711A49-3B1E-4041-B8B7-B56BCD67BC2D.jpeg","datePublished":"2021-05-12T12:36:31+00:00","dateModified":"2021-05-12T12:36:32+00:00","breadcrumb":{"@id":"https:\/\/www.feuerwehr-halberstadt.de\/?p=11591#breadcrumb"},"inLanguage":"de","potentialAction":[{"@type":"ReadAction","target":["https:\/\/www.feuerwehr-halberstadt.de\/?p=11591"]}]},{"@type":"ImageObject","inLanguage":"de","@id":"https:\/\/www.feuerwehr-halberstadt.de\/?p=11591#primaryimage","url":"https:\/\/www.feuerwehr-halberstadt.de\/wp-content\/uploads\/2021\/05\/61711A49-3B1E-4041-B8B7-B56BCD67BC2D.jpeg","contentUrl":"https:\/\/www.feuerwehr-halberstadt.de\/wp-content\/uploads\/2021\/05\/61711A49-3B1E-4041-B8B7-B56BCD67BC2D.jpeg","width":2064,"height":1376},{"@type":"BreadcrumbList","@id":"https:\/\/www.feuerwehr-halberstadt.de\/?p=11591#breadcrumb","itemListElement":[{"@type":"ListItem","position":1,"name":"Startseite","item":"https:\/\/www.feuerwehr-halberstadt.de\/"},{"@type":"ListItem","position":2,"name":"Drei neue Hauptbrandmeister bei der Hauptberuflichen Wachbereitschaft"}]},{"@type":"WebSite","@id":"https:\/\/www.feuerwehr-halberstadt.de\/#website","url":"https:\/\/www.feuerwehr-halberstadt.de\/","name":"Feuerwehr Halberstadt","description":"#imEinsatzf\u00fcrHalberstadt","publisher":{"@id":"https:\/\/www.feuerwehr-halberstadt.de\/#organization"},"potentialAction":[{"@type":"SearchAction","target":{"@type":"EntryPoint","urlTemplate":"https:\/\/www.feuerwehr-halberstadt.de\/?s={search_term_string}"},"query-input":{"@type":"PropertyValueSpecification","valueRequired":true,"valueName":"search_term_string"}}],"inLanguage":"de"},{"@type":"Organization","@id":"https:\/\/www.feuerwehr-halberstadt.de\/#organization","name":"Feuerwehr Halberstadt","url":"https:\/\/www.feuerwehr-halberstadt.de\/","logo":{"@type":"ImageObject","inLanguage":"de","@id":"https:\/\/www.feuerwehr-halberstadt.de\/#\/schema\/logo\/image\/","url":"https:\/\/www.feuerwehr-halberstadt.de\/wp-content\/uploads\/2023\/10\/IMG_0126.png","contentUrl":"https:\/\/www.feuerwehr-halberstadt.de\/wp-content\/uploads\/2023\/10\/IMG_0126.png","width":1500,"height":399,"caption":"Feuerwehr Halberstadt"},"image":{"@id":"https:\/\/www.feuerwehr-halberstadt.de\/#\/schema\/logo\/image\/"},"sameAs":["https:\/\/www.facebook.com\/FeuerwehrHalberstadt\/"]},{"@type":"Person","@id":"https:\/\/www.feuerwehr-halberstadt.de\/#\/schema\/person\/55ce5d9b46008e58cd3d55d4116ec727","name":"Buchold, Chris","image":{"@type":"ImageObject","inLanguage":"de","@id":"https:\/\/secure.gravatar.com\/avatar\/bff08a084f0390bf8a93fc28c488452766ba521109cec244ac64210fdd500a49?s=96&d=mm&r=g","url":"https:\/\/secure.gravatar.com\/avatar\/bff08a084f0390bf8a93fc28c488452766ba521109cec244ac64210fdd500a49?s=96&d=mm&r=g","contentUrl":"https:\/\/secure.gravatar.com\/avatar\/bff08a084f0390bf8a93fc28c488452766ba521109cec244ac64210fdd500a49?s=96&d=mm&r=g","caption":"Buchold, Chris"},"url":"https:\/\/www.feuerwehr-halberstadt.de\/?author=3"}]}},"_links":{"self":[{"href":"https:\/\/www.feuerwehr-halberstadt.de\/index.php?rest_route=\/wp\/v2\/posts\/11591","targetHints":{"allow":["GET"]}}],"collection":[{"href":"https:\/\/www.feuerwehr-halberstadt.de\/index.php?rest_route=\/wp\/v2\/posts"}],"about":[{"href":"https:\/\/www.feuerwehr-halberstadt.de\/index.php?rest_route=\/wp\/v2\/types\/post"}],"author":[{"embeddable":true,"href":"https:\/\/www.feuerwehr-halberstadt.de\/index.php?rest_route=\/wp\/v2\/users\/3"}],"replies":[{"embeddable":true,"href":"https:\/\/www.feuerwehr-halberstadt.de\/index.php?rest_route=%2Fwp%2Fv2%2Fcomments&post=11591"}],"version-history":[{"count":6,"href":"https:\/\/www.feuerwehr-halberstadt.de\/index.php?rest_route=\/wp\/v2\/posts\/11591\/revisions"}],"predecessor-version":[{"id":11600,"href":"https:\/\/www.feuerwehr-halberstadt.de\/index.php?rest_route=\/wp\/v2\/posts\/11591\/revisions\/11600"}],"wp:featuredmedia":[{"embeddable":true,"href":"https:\/\/www.feuerwehr-halberstadt.de\/index.php?rest_route=\/wp\/v2\/media\/11595"}],"wp:attachment":[{"href":"https:\/\/www.feuerwehr-halberstadt.de\/index.php?rest_route=%2Fwp%2Fv2%2Fmedia&parent=11591"}],"wp:term":[{"taxonomy":"category","embeddable":true,"href":"https:\/\/www.feuerwehr-halberstadt.de\/index.php?rest_route=%2Fwp%2Fv2%2Fcategories&post=11591"},{"taxonomy":"post_tag","embeddable":true,"href":"https:\/\/www.feuerwehr-halberstadt.de\/index.php?rest_route=%2Fwp%2Fv2%2Ftags&post=11591"}],"curies":[{"name":"wp","href":"https:\/\/api.w.org\/{rel}","templated":true}]}}