{"id":11538,"date":"2021-04-04T20:13:46","date_gmt":"2021-04-04T18:13:46","guid":{"rendered":"https:\/\/www.feuerwehr-halberstadt.de\/?p=11538"},"modified":"2021-04-04T20:16:15","modified_gmt":"2021-04-04T18:16:15","slug":"gebaeudebrand-in-haus-nienburg-ueberoertliche-loeschhilfe","status":"publish","type":"post","link":"https:\/\/www.feuerwehr-halberstadt.de\/?p=11538","title":{"rendered":"Geb\u00e4udebrand in Haus Nienburg &#8211; \u00dcber\u00f6rtliche L\u00f6schhilfe"},"content":{"rendered":"\n<p>Unsere Hauptberufliche Wachbereitschaft wurde zu einer \u00fcber\u00f6rtlichen L\u00f6schhilfe nach Haus Nienburg alarmiert. Mehrere Ortsfeuerwehren der Gemeinde Huy waren dort mit der Brandbek\u00e4mpfung an\/in einem gr\u00f6\u00dferen Geb\u00e4ude besch\u00e4ftigt. Eine Person wurde leicht verletzt und an den Rettungsdienst \u00fcbergeben.&nbsp;<\/p>\n\n\n\n<p>Da die Gemeinde Huy mit der Stadt Halberstadt f\u00fcr solche F\u00e4lle eine Vereinbarung abgeschlossen hat, unterst\u00fctzten die Kameraden der Wachbereitschaft mit der Drehleiter und zwei Trupps unter Atemschutz.&nbsp;<\/p>\n\n\n\n<p>W\u00e4hrend des Einsatzes stellten die Kameraden der Ortsfeuerwehr Halberstadt die weitere Einsatzbereitschaft im Stadtgebiet sicher. (Einsatz 18\/2021) Gegen 19:30 Uhr konnte der Einsatz beendet werden.\u00a0<\/p>\n\n\n\n<figure class=\"wp-block-gallery columns-3 is-cropped wp-block-gallery-1 is-layout-flex wp-block-gallery-is-layout-flex\"><ul class=\"blocks-gallery-grid\"><li class=\"blocks-gallery-item\"><figure><img loading=\"lazy\" decoding=\"async\" width=\"1024\" height=\"768\" src=\"https:\/\/www.feuerwehr-halberstadt.de\/wp-content\/uploads\/2021\/04\/A9A7C3FB-2178-4F3D-AFD4-26533052931A-1024x768.jpeg\" alt=\"\" data-id=\"11534\" data-full-url=\"https:\/\/www.feuerwehr-halberstadt.de\/wp-content\/uploads\/2021\/04\/A9A7C3FB-2178-4F3D-AFD4-26533052931A.jpeg\" data-link=\"https:\/\/www.feuerwehr-halberstadt.de\/?attachment_id=11534\" class=\"wp-image-11534\" srcset=\"https:\/\/www.feuerwehr-halberstadt.de\/wp-content\/uploads\/2021\/04\/A9A7C3FB-2178-4F3D-AFD4-26533052931A-1024x768.jpeg 1024w, https:\/\/www.feuerwehr-halberstadt.de\/wp-content\/uploads\/2021\/04\/A9A7C3FB-2178-4F3D-AFD4-26533052931A-300x225.jpeg 300w, https:\/\/www.feuerwehr-halberstadt.de\/wp-content\/uploads\/2021\/04\/A9A7C3FB-2178-4F3D-AFD4-26533052931A-768x576.jpeg 768w, https:\/\/www.feuerwehr-halberstadt.de\/wp-content\/uploads\/2021\/04\/A9A7C3FB-2178-4F3D-AFD4-26533052931A.jpeg 1280w\" sizes=\"auto, (max-width: 1024px) 100vw, 1024px\" \/><\/figure><\/li><li class=\"blocks-gallery-item\"><figure><img loading=\"lazy\" decoding=\"async\" width=\"1024\" height=\"766\" src=\"https:\/\/www.feuerwehr-halberstadt.de\/wp-content\/uploads\/2021\/04\/BBE5BB29-173E-4A80-8A7C-44E34C97E8B0-1024x766.jpeg\" alt=\"\" data-id=\"11535\" data-full-url=\"https:\/\/www.feuerwehr-halberstadt.de\/wp-content\/uploads\/2021\/04\/BBE5BB29-173E-4A80-8A7C-44E34C97E8B0.jpeg\" data-link=\"https:\/\/www.feuerwehr-halberstadt.de\/?attachment_id=11535\" class=\"wp-image-11535\" srcset=\"https:\/\/www.feuerwehr-halberstadt.de\/wp-content\/uploads\/2021\/04\/BBE5BB29-173E-4A80-8A7C-44E34C97E8B0-1024x766.jpeg 1024w, https:\/\/www.feuerwehr-halberstadt.de\/wp-content\/uploads\/2021\/04\/BBE5BB29-173E-4A80-8A7C-44E34C97E8B0-300x225.jpeg 300w, https:\/\/www.feuerwehr-halberstadt.de\/wp-content\/uploads\/2021\/04\/BBE5BB29-173E-4A80-8A7C-44E34C97E8B0-768x575.jpeg 768w, https:\/\/www.feuerwehr-halberstadt.de\/wp-content\/uploads\/2021\/04\/BBE5BB29-173E-4A80-8A7C-44E34C97E8B0.jpeg 1280w\" sizes=\"auto, (max-width: 1024px) 100vw, 1024px\" \/><\/figure><\/li><li class=\"blocks-gallery-item\"><figure><img loading=\"lazy\" decoding=\"async\" width=\"1024\" height=\"576\" src=\"https:\/\/www.feuerwehr-halberstadt.de\/wp-content\/uploads\/2021\/04\/F829DCF8-9C5B-48E9-9739-3459D744B637-1024x576.jpeg\" alt=\"\" data-id=\"11537\" data-full-url=\"https:\/\/www.feuerwehr-halberstadt.de\/wp-content\/uploads\/2021\/04\/F829DCF8-9C5B-48E9-9739-3459D744B637.jpeg\" data-link=\"https:\/\/www.feuerwehr-halberstadt.de\/?attachment_id=11537\" class=\"wp-image-11537\" srcset=\"https:\/\/www.feuerwehr-halberstadt.de\/wp-content\/uploads\/2021\/04\/F829DCF8-9C5B-48E9-9739-3459D744B637-1024x576.jpeg 1024w, https:\/\/www.feuerwehr-halberstadt.de\/wp-content\/uploads\/2021\/04\/F829DCF8-9C5B-48E9-9739-3459D744B637-300x169.jpeg 300w, https:\/\/www.feuerwehr-halberstadt.de\/wp-content\/uploads\/2021\/04\/F829DCF8-9C5B-48E9-9739-3459D744B637-768x432.jpeg 768w, https:\/\/www.feuerwehr-halberstadt.de\/wp-content\/uploads\/2021\/04\/F829DCF8-9C5B-48E9-9739-3459D744B637.jpeg 1280w\" sizes=\"auto, (max-width: 1024px) 100vw, 1024px\" \/><\/figure><\/li><\/ul><\/figure>\n","protected":false},"excerpt":{"rendered":"<p>Unsere Hauptberufliche Wachbereitschaft wurde zu einer \u00fcber\u00f6rtlichen L\u00f6schhilfe nach Haus Nienburg alarmiert. Mehrere Ortsfeuerwehren der Gemeinde Huy waren dort mit der Brandbek\u00e4mpfung an\/in einem gr\u00f6\u00dferen Geb\u00e4ude besch\u00e4ftigt. Eine Person wurde leicht verletzt und an den Rettungsdienst \u00fcbergeben.&nbsp; Da die Gemeinde Huy mit der Stadt Halberstadt f\u00fcr solche F\u00e4lle eine Vereinbarung abgeschlossen hat, unterst\u00fctzten die Kameraden [&hellip;]<\/p>\n","protected":false},"author":3,"featured_media":11536,"comment_status":"closed","ping_status":"closed","sticky":false,"template":"","format":"standard","meta":{"_acf_changed":false,"footnotes":""},"categories":[9],"tags":[],"class_list":["post-11538","post","type-post","status-publish","format-standard","has-post-thumbnail","hentry","category-allgemein"],"acf":[],"yoast_head":"<!-- This site is optimized with the Yoast SEO plugin v27.5 - https:\/\/yoast.com\/product\/yoast-seo-wordpress\/ -->\n<title>Geb\u00e4udebrand in Haus Nienburg - \u00dcber\u00f6rtliche L\u00f6schhilfe - Feuerwehr Halberstadt<\/title>\n<meta name=\"robots\" content=\"index, follow, max-snippet:-1, max-image-preview:large, max-video-preview:-1\" \/>\n<link rel=\"canonical\" href=\"https:\/\/www.feuerwehr-halberstadt.de\/?p=11538\" \/>\n<meta property=\"og:locale\" content=\"de_DE\" \/>\n<meta property=\"og:type\" content=\"article\" \/>\n<meta property=\"og:title\" content=\"Geb\u00e4udebrand in Haus Nienburg - \u00dcber\u00f6rtliche L\u00f6schhilfe - Feuerwehr Halberstadt\" \/>\n<meta property=\"og:description\" content=\"Unsere Hauptberufliche Wachbereitschaft wurde zu einer \u00fcber\u00f6rtlichen L\u00f6schhilfe nach Haus Nienburg alarmiert. Mehrere Ortsfeuerwehren der Gemeinde Huy waren dort mit der Brandbek\u00e4mpfung an\/in einem gr\u00f6\u00dferen Geb\u00e4ude besch\u00e4ftigt. Eine Person wurde leicht verletzt und an den Rettungsdienst \u00fcbergeben.&nbsp; Da die Gemeinde Huy mit der Stadt Halberstadt f\u00fcr solche F\u00e4lle eine Vereinbarung abgeschlossen hat, unterst\u00fctzten die Kameraden [&hellip;]\" \/>\n<meta property=\"og:url\" content=\"https:\/\/www.feuerwehr-halberstadt.de\/?p=11538\" \/>\n<meta property=\"og:site_name\" content=\"Feuerwehr Halberstadt\" \/>\n<meta property=\"article:publisher\" content=\"https:\/\/www.facebook.com\/FeuerwehrHalberstadt\/\" \/>\n<meta property=\"article:published_time\" content=\"2021-04-04T18:13:46+00:00\" \/>\n<meta property=\"article:modified_time\" content=\"2021-04-04T18:16:15+00:00\" \/>\n<meta property=\"og:image\" content=\"https:\/\/www.feuerwehr-halberstadt.de\/wp-content\/uploads\/2021\/04\/81F8D9F9-27A2-45CE-B0AB-F67FF9AC5A1A.jpeg\" \/>\n\t<meta property=\"og:image:width\" content=\"1280\" \/>\n\t<meta property=\"og:image:height\" content=\"958\" \/>\n\t<meta property=\"og:image:type\" content=\"image\/jpeg\" \/>\n<meta name=\"author\" content=\"Buchold, Chris\" \/>\n<meta name=\"twitter:card\" content=\"summary_large_image\" \/>\n<meta name=\"twitter:label1\" content=\"Verfasst von\" \/>\n\t<meta name=\"twitter:data1\" content=\"Buchold, Chris\" \/>\n\t<meta name=\"twitter:label2\" content=\"Gesch\u00e4tzte Lesezeit\" \/>\n\t<meta name=\"twitter:data2\" content=\"1\u00a0Minute\" \/>\n<script type=\"application\/ld+json\" class=\"yoast-schema-graph\">{\"@context\":\"https:\\\/\\\/schema.org\",\"@graph\":[{\"@type\":\"Article\",\"@id\":\"https:\\\/\\\/www.feuerwehr-halberstadt.de\\\/?p=11538#article\",\"isPartOf\":{\"@id\":\"https:\\\/\\\/www.feuerwehr-halberstadt.de\\\/?p=11538\"},\"author\":{\"name\":\"Buchold, Chris\",\"@id\":\"https:\\\/\\\/www.feuerwehr-halberstadt.de\\\/#\\\/schema\\\/person\\\/55ce5d9b46008e58cd3d55d4116ec727\"},\"headline\":\"Geb\u00e4udebrand in Haus Nienburg &#8211; \u00dcber\u00f6rtliche L\u00f6schhilfe\",\"datePublished\":\"2021-04-04T18:13:46+00:00\",\"dateModified\":\"2021-04-04T18:16:15+00:00\",\"mainEntityOfPage\":{\"@id\":\"https:\\\/\\\/www.feuerwehr-halberstadt.de\\\/?p=11538\"},\"wordCount\":111,\"publisher\":{\"@id\":\"https:\\\/\\\/www.feuerwehr-halberstadt.de\\\/#organization\"},\"image\":{\"@id\":\"https:\\\/\\\/www.feuerwehr-halberstadt.de\\\/?p=11538#primaryimage\"},\"thumbnailUrl\":\"https:\\\/\\\/www.feuerwehr-halberstadt.de\\\/wp-content\\\/uploads\\\/2021\\\/04\\\/81F8D9F9-27A2-45CE-B0AB-F67FF9AC5A1A.jpeg\",\"inLanguage\":\"de\"},{\"@type\":\"WebPage\",\"@id\":\"https:\\\/\\\/www.feuerwehr-halberstadt.de\\\/?p=11538\",\"url\":\"https:\\\/\\\/www.feuerwehr-halberstadt.de\\\/?p=11538\",\"name\":\"Geb\u00e4udebrand in Haus Nienburg - \u00dcber\u00f6rtliche L\u00f6schhilfe - Feuerwehr Halberstadt\",\"isPartOf\":{\"@id\":\"https:\\\/\\\/www.feuerwehr-halberstadt.de\\\/#website\"},\"primaryImageOfPage\":{\"@id\":\"https:\\\/\\\/www.feuerwehr-halberstadt.de\\\/?p=11538#primaryimage\"},\"image\":{\"@id\":\"https:\\\/\\\/www.feuerwehr-halberstadt.de\\\/?p=11538#primaryimage\"},\"thumbnailUrl\":\"https:\\\/\\\/www.feuerwehr-halberstadt.de\\\/wp-content\\\/uploads\\\/2021\\\/04\\\/81F8D9F9-27A2-45CE-B0AB-F67FF9AC5A1A.jpeg\",\"datePublished\":\"2021-04-04T18:13:46+00:00\",\"dateModified\":\"2021-04-04T18:16:15+00:00\",\"breadcrumb\":{\"@id\":\"https:\\\/\\\/www.feuerwehr-halberstadt.de\\\/?p=11538#breadcrumb\"},\"inLanguage\":\"de\",\"potentialAction\":[{\"@type\":\"ReadAction\",\"target\":[\"https:\\\/\\\/www.feuerwehr-halberstadt.de\\\/?p=11538\"]}]},{\"@type\":\"ImageObject\",\"inLanguage\":\"de\",\"@id\":\"https:\\\/\\\/www.feuerwehr-halberstadt.de\\\/?p=11538#primaryimage\",\"url\":\"https:\\\/\\\/www.feuerwehr-halberstadt.de\\\/wp-content\\\/uploads\\\/2021\\\/04\\\/81F8D9F9-27A2-45CE-B0AB-F67FF9AC5A1A.jpeg\",\"contentUrl\":\"https:\\\/\\\/www.feuerwehr-halberstadt.de\\\/wp-content\\\/uploads\\\/2021\\\/04\\\/81F8D9F9-27A2-45CE-B0AB-F67FF9AC5A1A.jpeg\",\"width\":1280,\"height\":958},{\"@type\":\"BreadcrumbList\",\"@id\":\"https:\\\/\\\/www.feuerwehr-halberstadt.de\\\/?p=11538#breadcrumb\",\"itemListElement\":[{\"@type\":\"ListItem\",\"position\":1,\"name\":\"Startseite\",\"item\":\"https:\\\/\\\/www.feuerwehr-halberstadt.de\\\/\"},{\"@type\":\"ListItem\",\"position\":2,\"name\":\"Geb\u00e4udebrand in Haus Nienburg &#8211; \u00dcber\u00f6rtliche L\u00f6schhilfe\"}]},{\"@type\":\"WebSite\",\"@id\":\"https:\\\/\\\/www.feuerwehr-halberstadt.de\\\/#website\",\"url\":\"https:\\\/\\\/www.feuerwehr-halberstadt.de\\\/\",\"name\":\"Feuerwehr Halberstadt\",\"description\":\"#imEinsatzf\u00fcrHalberstadt\",\"publisher\":{\"@id\":\"https:\\\/\\\/www.feuerwehr-halberstadt.de\\\/#organization\"},\"potentialAction\":[{\"@type\":\"SearchAction\",\"target\":{\"@type\":\"EntryPoint\",\"urlTemplate\":\"https:\\\/\\\/www.feuerwehr-halberstadt.de\\\/?s={search_term_string}\"},\"query-input\":{\"@type\":\"PropertyValueSpecification\",\"valueRequired\":true,\"valueName\":\"search_term_string\"}}],\"inLanguage\":\"de\"},{\"@type\":\"Organization\",\"@id\":\"https:\\\/\\\/www.feuerwehr-halberstadt.de\\\/#organization\",\"name\":\"Feuerwehr Halberstadt\",\"url\":\"https:\\\/\\\/www.feuerwehr-halberstadt.de\\\/\",\"logo\":{\"@type\":\"ImageObject\",\"inLanguage\":\"de\",\"@id\":\"https:\\\/\\\/www.feuerwehr-halberstadt.de\\\/#\\\/schema\\\/logo\\\/image\\\/\",\"url\":\"https:\\\/\\\/www.feuerwehr-halberstadt.de\\\/wp-content\\\/uploads\\\/2023\\\/10\\\/IMG_0126.png\",\"contentUrl\":\"https:\\\/\\\/www.feuerwehr-halberstadt.de\\\/wp-content\\\/uploads\\\/2023\\\/10\\\/IMG_0126.png\",\"width\":1500,\"height\":399,\"caption\":\"Feuerwehr Halberstadt\"},\"image\":{\"@id\":\"https:\\\/\\\/www.feuerwehr-halberstadt.de\\\/#\\\/schema\\\/logo\\\/image\\\/\"},\"sameAs\":[\"https:\\\/\\\/www.facebook.com\\\/FeuerwehrHalberstadt\\\/\"]},{\"@type\":\"Person\",\"@id\":\"https:\\\/\\\/www.feuerwehr-halberstadt.de\\\/#\\\/schema\\\/person\\\/55ce5d9b46008e58cd3d55d4116ec727\",\"name\":\"Buchold, Chris\",\"image\":{\"@type\":\"ImageObject\",\"inLanguage\":\"de\",\"@id\":\"https:\\\/\\\/secure.gravatar.com\\\/avatar\\\/bff08a084f0390bf8a93fc28c488452766ba521109cec244ac64210fdd500a49?s=96&d=mm&r=g\",\"url\":\"https:\\\/\\\/secure.gravatar.com\\\/avatar\\\/bff08a084f0390bf8a93fc28c488452766ba521109cec244ac64210fdd500a49?s=96&d=mm&r=g\",\"contentUrl\":\"https:\\\/\\\/secure.gravatar.com\\\/avatar\\\/bff08a084f0390bf8a93fc28c488452766ba521109cec244ac64210fdd500a49?s=96&d=mm&r=g\",\"caption\":\"Buchold, Chris\"},\"url\":\"https:\\\/\\\/www.feuerwehr-halberstadt.de\\\/?author=3\"}]}<\/script>\n<!-- \/ Yoast SEO plugin. -->","yoast_head_json":{"title":"Geb\u00e4udebrand in Haus Nienburg - \u00dcber\u00f6rtliche L\u00f6schhilfe - Feuerwehr Halberstadt","robots":{"index":"index","follow":"follow","max-snippet":"max-snippet:-1","max-image-preview":"max-image-preview:large","max-video-preview":"max-video-preview:-1"},"canonical":"https:\/\/www.feuerwehr-halberstadt.de\/?p=11538","og_locale":"de_DE","og_type":"article","og_title":"Geb\u00e4udebrand in Haus Nienburg - \u00dcber\u00f6rtliche L\u00f6schhilfe - Feuerwehr Halberstadt","og_description":"Unsere Hauptberufliche Wachbereitschaft wurde zu einer \u00fcber\u00f6rtlichen L\u00f6schhilfe nach Haus Nienburg alarmiert. Mehrere Ortsfeuerwehren der Gemeinde Huy waren dort mit der Brandbek\u00e4mpfung an\/in einem gr\u00f6\u00dferen Geb\u00e4ude besch\u00e4ftigt. Eine Person wurde leicht verletzt und an den Rettungsdienst \u00fcbergeben.&nbsp; Da die Gemeinde Huy mit der Stadt Halberstadt f\u00fcr solche F\u00e4lle eine Vereinbarung abgeschlossen hat, unterst\u00fctzten die Kameraden [&hellip;]","og_url":"https:\/\/www.feuerwehr-halberstadt.de\/?p=11538","og_site_name":"Feuerwehr Halberstadt","article_publisher":"https:\/\/www.facebook.com\/FeuerwehrHalberstadt\/","article_published_time":"2021-04-04T18:13:46+00:00","article_modified_time":"2021-04-04T18:16:15+00:00","og_image":[{"width":1280,"height":958,"url":"https:\/\/www.feuerwehr-halberstadt.de\/wp-content\/uploads\/2021\/04\/81F8D9F9-27A2-45CE-B0AB-F67FF9AC5A1A.jpeg","type":"image\/jpeg"}],"author":"Buchold, Chris","twitter_card":"summary_large_image","twitter_misc":{"Verfasst von":"Buchold, Chris","Gesch\u00e4tzte Lesezeit":"1\u00a0Minute"},"schema":{"@context":"https:\/\/schema.org","@graph":[{"@type":"Article","@id":"https:\/\/www.feuerwehr-halberstadt.de\/?p=11538#article","isPartOf":{"@id":"https:\/\/www.feuerwehr-halberstadt.de\/?p=11538"},"author":{"name":"Buchold, Chris","@id":"https:\/\/www.feuerwehr-halberstadt.de\/#\/schema\/person\/55ce5d9b46008e58cd3d55d4116ec727"},"headline":"Geb\u00e4udebrand in Haus Nienburg &#8211; \u00dcber\u00f6rtliche L\u00f6schhilfe","datePublished":"2021-04-04T18:13:46+00:00","dateModified":"2021-04-04T18:16:15+00:00","mainEntityOfPage":{"@id":"https:\/\/www.feuerwehr-halberstadt.de\/?p=11538"},"wordCount":111,"publisher":{"@id":"https:\/\/www.feuerwehr-halberstadt.de\/#organization"},"image":{"@id":"https:\/\/www.feuerwehr-halberstadt.de\/?p=11538#primaryimage"},"thumbnailUrl":"https:\/\/www.feuerwehr-halberstadt.de\/wp-content\/uploads\/2021\/04\/81F8D9F9-27A2-45CE-B0AB-F67FF9AC5A1A.jpeg","inLanguage":"de"},{"@type":"WebPage","@id":"https:\/\/www.feuerwehr-halberstadt.de\/?p=11538","url":"https:\/\/www.feuerwehr-halberstadt.de\/?p=11538","name":"Geb\u00e4udebrand in Haus Nienburg - \u00dcber\u00f6rtliche L\u00f6schhilfe - Feuerwehr Halberstadt","isPartOf":{"@id":"https:\/\/www.feuerwehr-halberstadt.de\/#website"},"primaryImageOfPage":{"@id":"https:\/\/www.feuerwehr-halberstadt.de\/?p=11538#primaryimage"},"image":{"@id":"https:\/\/www.feuerwehr-halberstadt.de\/?p=11538#primaryimage"},"thumbnailUrl":"https:\/\/www.feuerwehr-halberstadt.de\/wp-content\/uploads\/2021\/04\/81F8D9F9-27A2-45CE-B0AB-F67FF9AC5A1A.jpeg","datePublished":"2021-04-04T18:13:46+00:00","dateModified":"2021-04-04T18:16:15+00:00","breadcrumb":{"@id":"https:\/\/www.feuerwehr-halberstadt.de\/?p=11538#breadcrumb"},"inLanguage":"de","potentialAction":[{"@type":"ReadAction","target":["https:\/\/www.feuerwehr-halberstadt.de\/?p=11538"]}]},{"@type":"ImageObject","inLanguage":"de","@id":"https:\/\/www.feuerwehr-halberstadt.de\/?p=11538#primaryimage","url":"https:\/\/www.feuerwehr-halberstadt.de\/wp-content\/uploads\/2021\/04\/81F8D9F9-27A2-45CE-B0AB-F67FF9AC5A1A.jpeg","contentUrl":"https:\/\/www.feuerwehr-halberstadt.de\/wp-content\/uploads\/2021\/04\/81F8D9F9-27A2-45CE-B0AB-F67FF9AC5A1A.jpeg","width":1280,"height":958},{"@type":"BreadcrumbList","@id":"https:\/\/www.feuerwehr-halberstadt.de\/?p=11538#breadcrumb","itemListElement":[{"@type":"ListItem","position":1,"name":"Startseite","item":"https:\/\/www.feuerwehr-halberstadt.de\/"},{"@type":"ListItem","position":2,"name":"Geb\u00e4udebrand in Haus Nienburg &#8211; \u00dcber\u00f6rtliche L\u00f6schhilfe"}]},{"@type":"WebSite","@id":"https:\/\/www.feuerwehr-halberstadt.de\/#website","url":"https:\/\/www.feuerwehr-halberstadt.de\/","name":"Feuerwehr Halberstadt","description":"#imEinsatzf\u00fcrHalberstadt","publisher":{"@id":"https:\/\/www.feuerwehr-halberstadt.de\/#organization"},"potentialAction":[{"@type":"SearchAction","target":{"@type":"EntryPoint","urlTemplate":"https:\/\/www.feuerwehr-halberstadt.de\/?s={search_term_string}"},"query-input":{"@type":"PropertyValueSpecification","valueRequired":true,"valueName":"search_term_string"}}],"inLanguage":"de"},{"@type":"Organization","@id":"https:\/\/www.feuerwehr-halberstadt.de\/#organization","name":"Feuerwehr Halberstadt","url":"https:\/\/www.feuerwehr-halberstadt.de\/","logo":{"@type":"ImageObject","inLanguage":"de","@id":"https:\/\/www.feuerwehr-halberstadt.de\/#\/schema\/logo\/image\/","url":"https:\/\/www.feuerwehr-halberstadt.de\/wp-content\/uploads\/2023\/10\/IMG_0126.png","contentUrl":"https:\/\/www.feuerwehr-halberstadt.de\/wp-content\/uploads\/2023\/10\/IMG_0126.png","width":1500,"height":399,"caption":"Feuerwehr Halberstadt"},"image":{"@id":"https:\/\/www.feuerwehr-halberstadt.de\/#\/schema\/logo\/image\/"},"sameAs":["https:\/\/www.facebook.com\/FeuerwehrHalberstadt\/"]},{"@type":"Person","@id":"https:\/\/www.feuerwehr-halberstadt.de\/#\/schema\/person\/55ce5d9b46008e58cd3d55d4116ec727","name":"Buchold, Chris","image":{"@type":"ImageObject","inLanguage":"de","@id":"https:\/\/secure.gravatar.com\/avatar\/bff08a084f0390bf8a93fc28c488452766ba521109cec244ac64210fdd500a49?s=96&d=mm&r=g","url":"https:\/\/secure.gravatar.com\/avatar\/bff08a084f0390bf8a93fc28c488452766ba521109cec244ac64210fdd500a49?s=96&d=mm&r=g","contentUrl":"https:\/\/secure.gravatar.com\/avatar\/bff08a084f0390bf8a93fc28c488452766ba521109cec244ac64210fdd500a49?s=96&d=mm&r=g","caption":"Buchold, Chris"},"url":"https:\/\/www.feuerwehr-halberstadt.de\/?author=3"}]}},"_links":{"self":[{"href":"https:\/\/www.feuerwehr-halberstadt.de\/index.php?rest_route=\/wp\/v2\/posts\/11538","targetHints":{"allow":["GET"]}}],"collection":[{"href":"https:\/\/www.feuerwehr-halberstadt.de\/index.php?rest_route=\/wp\/v2\/posts"}],"about":[{"href":"https:\/\/www.feuerwehr-halberstadt.de\/index.php?rest_route=\/wp\/v2\/types\/post"}],"author":[{"embeddable":true,"href":"https:\/\/www.feuerwehr-halberstadt.de\/index.php?rest_route=\/wp\/v2\/users\/3"}],"replies":[{"embeddable":true,"href":"https:\/\/www.feuerwehr-halberstadt.de\/index.php?rest_route=%2Fwp%2Fv2%2Fcomments&post=11538"}],"version-history":[{"count":3,"href":"https:\/\/www.feuerwehr-halberstadt.de\/index.php?rest_route=\/wp\/v2\/posts\/11538\/revisions"}],"predecessor-version":[{"id":11541,"href":"https:\/\/www.feuerwehr-halberstadt.de\/index.php?rest_route=\/wp\/v2\/posts\/11538\/revisions\/11541"}],"wp:featuredmedia":[{"embeddable":true,"href":"https:\/\/www.feuerwehr-halberstadt.de\/index.php?rest_route=\/wp\/v2\/media\/11536"}],"wp:attachment":[{"href":"https:\/\/www.feuerwehr-halberstadt.de\/index.php?rest_route=%2Fwp%2Fv2%2Fmedia&parent=11538"}],"wp:term":[{"taxonomy":"category","embeddable":true,"href":"https:\/\/www.feuerwehr-halberstadt.de\/index.php?rest_route=%2Fwp%2Fv2%2Fcategories&post=11538"},{"taxonomy":"post_tag","embeddable":true,"href":"https:\/\/www.feuerwehr-halberstadt.de\/index.php?rest_route=%2Fwp%2Fv2%2Ftags&post=11538"}],"curies":[{"name":"wp","href":"https:\/\/api.w.org\/{rel}","templated":true}]}}