{"id":115,"date":"2017-08-27T08:58:32","date_gmt":"2017-08-27T06:58:32","guid":{"rendered":"http:\/\/relaunch.feuerwehr-halberstadt.de\/?p=115"},"modified":"2020-06-11T11:07:16","modified_gmt":"2020-06-11T09:07:16","slug":"zweirad-ausfahrt-der-feuerwehr-halberstadt","status":"publish","type":"post","link":"https:\/\/www.feuerwehr-halberstadt.de\/?p=115","title":{"rendered":"Zweirad Ausfahrt der Feuerwehr Halberstadt"},"content":{"rendered":"\n<p> Am Morgen des letzten Augustwochenendes trafen sich acht Kameraden der Freiwilligen Feuerwehr Halberstadt in der Feuer- und Umweltwache am Breiten Tor 2 in Halberstadt. Von dort aus sollte die geplante Fahrradtour starten. Es war bereits der dritte Termin f\u00fcr diese Art der Kameradschaftspflege. Der als erstes angesetzte Termin Anfang Juni, musste auf Grund der Wetterlage leider verschoben werden. Auch Anfang Juli meinte es Petrus nicht gut und die Tour musste erneut abgesagt werden. Bekanntlich sind alle guten Dinge drei und somit konnte diesmal die Tour bei idealsten Wetter stattfinden.\u00a0<\/p>\n\n\n\n<!--more-->\n\n\n\n<p>Nachdem alle Kameraden vollz\u00e4hlig waren, ging es \u00fcber die Spiegelsberge in Richtung Langenstein. Von dort aus war das n\u00e4chste Etappenziel der Bahnhof von B\u00f6rnecke, wo wir bereits erwartet worden. Der Feuerwehrsportverein Harz e.V. aus Blankenburg, lies sich diese Gelegenheit nat\u00fcrlich nicht nehmen und unterst\u00fctzte die sportliche Aktivit\u00e4t der Kameraden. Als sei dies in dessen Namen verankert. So erwartete uns ein vorbereitetes und ausgiebiges Picknick. An dieser Stelle sei f\u00fcr dessen Unterst\u00fctzung nochmal unser ausdr\u00fccklichster Dank ausgesprochen!\u00a0<br>Nach der St\u00e4rkung und netten Gespr\u00e4chen wurde sich wieder auf den Sattel geschwungen und die unweit entfernten Sandsteinfelsen in Blankenburg angefahren, bevor es wieder Richtung Halberstadt zum Startpunkt ging. Der Zwischenstopp bei einem bekannten Schnellrestaurant wo jeder ein Eis als kulinarischen Abschluss schleckte, soll auch nicht unerw\u00e4hnt bleiben. Summa Summarum standen am Ende des Tages ca. 40 zur\u00fccklegte Kilometer auf den digitalen Fahrradcomputern und es waren &#8222;nur&#8220; zwei Reifenpannen zu verzeichnen. Diese konnten jedoch direkt an Ort und Stelle geflickt werden und trugen zur allgemeinen Belustigung bei, da es beide Male den selben Kameraden erwischte.\u00a0<br>Es war ein gelungener Tag welcher viel Spa\u00df und Freude bereitete. Auch das eine oder andere private Gespr\u00e4ch wurde unter den Kameraden gef\u00fchrt. Dies ist wichtig um die Kameradschaft immer wieder zu st\u00e4rken und zu festigen. Das n\u00e4chste Ziel wird es sein, den drohenden Muskelkater zu \u00fcberstehen. <\/p>\n\n\n\n<ul class=\"wp-block-gallery columns-2 is-cropped wp-block-gallery-1 is-layout-flex wp-block-gallery-is-layout-flex\"><li class=\"blocks-gallery-item\"><figure><img loading=\"lazy\" decoding=\"async\" width=\"800\" height=\"600\" src=\"http:\/\/relaunch.feuerwehr-halberstadt.de\/wp-content\/uploads\/2019\/06\/Fahrradtour-1.jpg\" alt=\"\" data-id=\"116\" data-link=\"http:\/\/relaunch.feuerwehr-halberstadt.de\/?attachment_id=116\" class=\"wp-image-116\" srcset=\"https:\/\/www.feuerwehr-halberstadt.de\/wp-content\/uploads\/2019\/06\/Fahrradtour-1.jpg 800w, https:\/\/www.feuerwehr-halberstadt.de\/wp-content\/uploads\/2019\/06\/Fahrradtour-1-300x225.jpg 300w, https:\/\/www.feuerwehr-halberstadt.de\/wp-content\/uploads\/2019\/06\/Fahrradtour-1-768x576.jpg 768w\" sizes=\"auto, (max-width: 800px) 100vw, 800px\" \/><\/figure><\/li><li class=\"blocks-gallery-item\"><figure><img loading=\"lazy\" decoding=\"async\" width=\"800\" height=\"637\" src=\"http:\/\/relaunch.feuerwehr-halberstadt.de\/wp-content\/uploads\/2019\/06\/Fahrradtour.jpg\" alt=\"\" data-id=\"117\" data-link=\"http:\/\/relaunch.feuerwehr-halberstadt.de\/?attachment_id=117\" class=\"wp-image-117\" srcset=\"https:\/\/www.feuerwehr-halberstadt.de\/wp-content\/uploads\/2019\/06\/Fahrradtour.jpg 800w, https:\/\/www.feuerwehr-halberstadt.de\/wp-content\/uploads\/2019\/06\/Fahrradtour-300x239.jpg 300w, https:\/\/www.feuerwehr-halberstadt.de\/wp-content\/uploads\/2019\/06\/Fahrradtour-768x612.jpg 768w\" sizes=\"auto, (max-width: 800px) 100vw, 800px\" \/><\/figure><\/li><\/ul>\n","protected":false},"excerpt":{"rendered":"<p>Am Morgen des letzten Augustwochenendes trafen sich acht Kameraden der Freiwilligen Feuerwehr Halberstadt in der Feuer- und Umweltwache am Breiten Tor 2 in Halberstadt. Von dort aus sollte die geplante Fahrradtour starten. Es war bereits der dritte Termin f\u00fcr diese Art der Kameradschaftspflege. Der als erstes angesetzte Termin Anfang Juni, musste auf Grund der Wetterlage [&hellip;]<\/p>\n","protected":false},"author":6,"featured_media":116,"comment_status":"closed","ping_status":"closed","sticky":false,"template":"","format":"standard","meta":{"_acf_changed":false,"footnotes":""},"categories":[9],"tags":[],"class_list":["post-115","post","type-post","status-publish","format-standard","has-post-thumbnail","hentry","category-allgemein"],"acf":[],"yoast_head":"<!-- This site is optimized with the Yoast SEO plugin v27.5 - https:\/\/yoast.com\/product\/yoast-seo-wordpress\/ -->\n<title>Zweirad Ausfahrt der Feuerwehr Halberstadt - Feuerwehr Halberstadt<\/title>\n<meta name=\"robots\" content=\"index, follow, max-snippet:-1, max-image-preview:large, max-video-preview:-1\" \/>\n<link rel=\"canonical\" href=\"https:\/\/www.feuerwehr-halberstadt.de\/?p=115\" \/>\n<meta property=\"og:locale\" content=\"de_DE\" \/>\n<meta property=\"og:type\" content=\"article\" \/>\n<meta property=\"og:title\" content=\"Zweirad Ausfahrt der Feuerwehr Halberstadt - Feuerwehr Halberstadt\" \/>\n<meta property=\"og:description\" content=\"Am Morgen des letzten Augustwochenendes trafen sich acht Kameraden der Freiwilligen Feuerwehr Halberstadt in der Feuer- und Umweltwache am Breiten Tor 2 in Halberstadt. Von dort aus sollte die geplante Fahrradtour starten. Es war bereits der dritte Termin f\u00fcr diese Art der Kameradschaftspflege. Der als erstes angesetzte Termin Anfang Juni, musste auf Grund der Wetterlage [&hellip;]\" \/>\n<meta property=\"og:url\" content=\"https:\/\/www.feuerwehr-halberstadt.de\/?p=115\" \/>\n<meta property=\"og:site_name\" content=\"Feuerwehr Halberstadt\" \/>\n<meta property=\"article:publisher\" content=\"https:\/\/www.facebook.com\/FeuerwehrHalberstadt\/\" \/>\n<meta property=\"article:published_time\" content=\"2017-08-27T06:58:32+00:00\" \/>\n<meta property=\"article:modified_time\" content=\"2020-06-11T09:07:16+00:00\" \/>\n<meta property=\"og:image\" content=\"https:\/\/www.feuerwehr-halberstadt.de\/wp-content\/uploads\/2019\/06\/Fahrradtour-1.jpg\" \/>\n\t<meta property=\"og:image:width\" content=\"800\" \/>\n\t<meta property=\"og:image:height\" content=\"600\" \/>\n\t<meta property=\"og:image:type\" content=\"image\/jpeg\" \/>\n<meta name=\"author\" content=\"Import\" \/>\n<meta name=\"twitter:card\" content=\"summary_large_image\" \/>\n<meta name=\"twitter:label1\" content=\"Verfasst von\" \/>\n\t<meta name=\"twitter:data1\" content=\"Import\" \/>\n\t<meta name=\"twitter:label2\" content=\"Gesch\u00e4tzte Lesezeit\" \/>\n\t<meta name=\"twitter:data2\" content=\"2\u00a0Minuten\" \/>\n<script type=\"application\/ld+json\" class=\"yoast-schema-graph\">{\"@context\":\"https:\\\/\\\/schema.org\",\"@graph\":[{\"@type\":\"Article\",\"@id\":\"https:\\\/\\\/www.feuerwehr-halberstadt.de\\\/?p=115#article\",\"isPartOf\":{\"@id\":\"https:\\\/\\\/www.feuerwehr-halberstadt.de\\\/?p=115\"},\"author\":{\"name\":\"Import\",\"@id\":\"https:\\\/\\\/www.feuerwehr-halberstadt.de\\\/#\\\/schema\\\/person\\\/9e94fca00b357cae16a4a5cdfc9aa4c2\"},\"headline\":\"Zweirad Ausfahrt der Feuerwehr Halberstadt\",\"datePublished\":\"2017-08-27T06:58:32+00:00\",\"dateModified\":\"2020-06-11T09:07:16+00:00\",\"mainEntityOfPage\":{\"@id\":\"https:\\\/\\\/www.feuerwehr-halberstadt.de\\\/?p=115\"},\"wordCount\":329,\"publisher\":{\"@id\":\"https:\\\/\\\/www.feuerwehr-halberstadt.de\\\/#organization\"},\"image\":{\"@id\":\"https:\\\/\\\/www.feuerwehr-halberstadt.de\\\/?p=115#primaryimage\"},\"thumbnailUrl\":\"https:\\\/\\\/www.feuerwehr-halberstadt.de\\\/wp-content\\\/uploads\\\/2019\\\/06\\\/Fahrradtour-1.jpg\",\"inLanguage\":\"de\"},{\"@type\":\"WebPage\",\"@id\":\"https:\\\/\\\/www.feuerwehr-halberstadt.de\\\/?p=115\",\"url\":\"https:\\\/\\\/www.feuerwehr-halberstadt.de\\\/?p=115\",\"name\":\"Zweirad Ausfahrt der Feuerwehr Halberstadt - Feuerwehr Halberstadt\",\"isPartOf\":{\"@id\":\"https:\\\/\\\/www.feuerwehr-halberstadt.de\\\/#website\"},\"primaryImageOfPage\":{\"@id\":\"https:\\\/\\\/www.feuerwehr-halberstadt.de\\\/?p=115#primaryimage\"},\"image\":{\"@id\":\"https:\\\/\\\/www.feuerwehr-halberstadt.de\\\/?p=115#primaryimage\"},\"thumbnailUrl\":\"https:\\\/\\\/www.feuerwehr-halberstadt.de\\\/wp-content\\\/uploads\\\/2019\\\/06\\\/Fahrradtour-1.jpg\",\"datePublished\":\"2017-08-27T06:58:32+00:00\",\"dateModified\":\"2020-06-11T09:07:16+00:00\",\"breadcrumb\":{\"@id\":\"https:\\\/\\\/www.feuerwehr-halberstadt.de\\\/?p=115#breadcrumb\"},\"inLanguage\":\"de\",\"potentialAction\":[{\"@type\":\"ReadAction\",\"target\":[\"https:\\\/\\\/www.feuerwehr-halberstadt.de\\\/?p=115\"]}]},{\"@type\":\"ImageObject\",\"inLanguage\":\"de\",\"@id\":\"https:\\\/\\\/www.feuerwehr-halberstadt.de\\\/?p=115#primaryimage\",\"url\":\"https:\\\/\\\/www.feuerwehr-halberstadt.de\\\/wp-content\\\/uploads\\\/2019\\\/06\\\/Fahrradtour-1.jpg\",\"contentUrl\":\"https:\\\/\\\/www.feuerwehr-halberstadt.de\\\/wp-content\\\/uploads\\\/2019\\\/06\\\/Fahrradtour-1.jpg\",\"width\":800,\"height\":600},{\"@type\":\"BreadcrumbList\",\"@id\":\"https:\\\/\\\/www.feuerwehr-halberstadt.de\\\/?p=115#breadcrumb\",\"itemListElement\":[{\"@type\":\"ListItem\",\"position\":1,\"name\":\"Startseite\",\"item\":\"https:\\\/\\\/www.feuerwehr-halberstadt.de\\\/\"},{\"@type\":\"ListItem\",\"position\":2,\"name\":\"Zweirad Ausfahrt der Feuerwehr Halberstadt\"}]},{\"@type\":\"WebSite\",\"@id\":\"https:\\\/\\\/www.feuerwehr-halberstadt.de\\\/#website\",\"url\":\"https:\\\/\\\/www.feuerwehr-halberstadt.de\\\/\",\"name\":\"Feuerwehr Halberstadt\",\"description\":\"#imEinsatzf\u00fcrHalberstadt\",\"publisher\":{\"@id\":\"https:\\\/\\\/www.feuerwehr-halberstadt.de\\\/#organization\"},\"potentialAction\":[{\"@type\":\"SearchAction\",\"target\":{\"@type\":\"EntryPoint\",\"urlTemplate\":\"https:\\\/\\\/www.feuerwehr-halberstadt.de\\\/?s={search_term_string}\"},\"query-input\":{\"@type\":\"PropertyValueSpecification\",\"valueRequired\":true,\"valueName\":\"search_term_string\"}}],\"inLanguage\":\"de\"},{\"@type\":\"Organization\",\"@id\":\"https:\\\/\\\/www.feuerwehr-halberstadt.de\\\/#organization\",\"name\":\"Feuerwehr Halberstadt\",\"url\":\"https:\\\/\\\/www.feuerwehr-halberstadt.de\\\/\",\"logo\":{\"@type\":\"ImageObject\",\"inLanguage\":\"de\",\"@id\":\"https:\\\/\\\/www.feuerwehr-halberstadt.de\\\/#\\\/schema\\\/logo\\\/image\\\/\",\"url\":\"https:\\\/\\\/www.feuerwehr-halberstadt.de\\\/wp-content\\\/uploads\\\/2023\\\/10\\\/IMG_0126.png\",\"contentUrl\":\"https:\\\/\\\/www.feuerwehr-halberstadt.de\\\/wp-content\\\/uploads\\\/2023\\\/10\\\/IMG_0126.png\",\"width\":1500,\"height\":399,\"caption\":\"Feuerwehr Halberstadt\"},\"image\":{\"@id\":\"https:\\\/\\\/www.feuerwehr-halberstadt.de\\\/#\\\/schema\\\/logo\\\/image\\\/\"},\"sameAs\":[\"https:\\\/\\\/www.facebook.com\\\/FeuerwehrHalberstadt\\\/\"]},{\"@type\":\"Person\",\"@id\":\"https:\\\/\\\/www.feuerwehr-halberstadt.de\\\/#\\\/schema\\\/person\\\/9e94fca00b357cae16a4a5cdfc9aa4c2\",\"name\":\"Import\",\"image\":{\"@type\":\"ImageObject\",\"inLanguage\":\"de\",\"@id\":\"https:\\\/\\\/secure.gravatar.com\\\/avatar\\\/7e6ea62ad413e64265919670246b2992f4d15ca38b994c27298b63a588dd8ba8?s=96&d=mm&r=g\",\"url\":\"https:\\\/\\\/secure.gravatar.com\\\/avatar\\\/7e6ea62ad413e64265919670246b2992f4d15ca38b994c27298b63a588dd8ba8?s=96&d=mm&r=g\",\"contentUrl\":\"https:\\\/\\\/secure.gravatar.com\\\/avatar\\\/7e6ea62ad413e64265919670246b2992f4d15ca38b994c27298b63a588dd8ba8?s=96&d=mm&r=g\",\"caption\":\"Import\"},\"url\":\"https:\\\/\\\/www.feuerwehr-halberstadt.de\\\/?author=6\"}]}<\/script>\n<!-- \/ Yoast SEO plugin. -->","yoast_head_json":{"title":"Zweirad Ausfahrt der Feuerwehr Halberstadt - Feuerwehr Halberstadt","robots":{"index":"index","follow":"follow","max-snippet":"max-snippet:-1","max-image-preview":"max-image-preview:large","max-video-preview":"max-video-preview:-1"},"canonical":"https:\/\/www.feuerwehr-halberstadt.de\/?p=115","og_locale":"de_DE","og_type":"article","og_title":"Zweirad Ausfahrt der Feuerwehr Halberstadt - Feuerwehr Halberstadt","og_description":"Am Morgen des letzten Augustwochenendes trafen sich acht Kameraden der Freiwilligen Feuerwehr Halberstadt in der Feuer- und Umweltwache am Breiten Tor 2 in Halberstadt. Von dort aus sollte die geplante Fahrradtour starten. Es war bereits der dritte Termin f\u00fcr diese Art der Kameradschaftspflege. Der als erstes angesetzte Termin Anfang Juni, musste auf Grund der Wetterlage [&hellip;]","og_url":"https:\/\/www.feuerwehr-halberstadt.de\/?p=115","og_site_name":"Feuerwehr Halberstadt","article_publisher":"https:\/\/www.facebook.com\/FeuerwehrHalberstadt\/","article_published_time":"2017-08-27T06:58:32+00:00","article_modified_time":"2020-06-11T09:07:16+00:00","og_image":[{"width":800,"height":600,"url":"https:\/\/www.feuerwehr-halberstadt.de\/wp-content\/uploads\/2019\/06\/Fahrradtour-1.jpg","type":"image\/jpeg"}],"author":"Import","twitter_card":"summary_large_image","twitter_misc":{"Verfasst von":"Import","Gesch\u00e4tzte Lesezeit":"2\u00a0Minuten"},"schema":{"@context":"https:\/\/schema.org","@graph":[{"@type":"Article","@id":"https:\/\/www.feuerwehr-halberstadt.de\/?p=115#article","isPartOf":{"@id":"https:\/\/www.feuerwehr-halberstadt.de\/?p=115"},"author":{"name":"Import","@id":"https:\/\/www.feuerwehr-halberstadt.de\/#\/schema\/person\/9e94fca00b357cae16a4a5cdfc9aa4c2"},"headline":"Zweirad Ausfahrt der Feuerwehr Halberstadt","datePublished":"2017-08-27T06:58:32+00:00","dateModified":"2020-06-11T09:07:16+00:00","mainEntityOfPage":{"@id":"https:\/\/www.feuerwehr-halberstadt.de\/?p=115"},"wordCount":329,"publisher":{"@id":"https:\/\/www.feuerwehr-halberstadt.de\/#organization"},"image":{"@id":"https:\/\/www.feuerwehr-halberstadt.de\/?p=115#primaryimage"},"thumbnailUrl":"https:\/\/www.feuerwehr-halberstadt.de\/wp-content\/uploads\/2019\/06\/Fahrradtour-1.jpg","inLanguage":"de"},{"@type":"WebPage","@id":"https:\/\/www.feuerwehr-halberstadt.de\/?p=115","url":"https:\/\/www.feuerwehr-halberstadt.de\/?p=115","name":"Zweirad Ausfahrt der Feuerwehr Halberstadt - Feuerwehr Halberstadt","isPartOf":{"@id":"https:\/\/www.feuerwehr-halberstadt.de\/#website"},"primaryImageOfPage":{"@id":"https:\/\/www.feuerwehr-halberstadt.de\/?p=115#primaryimage"},"image":{"@id":"https:\/\/www.feuerwehr-halberstadt.de\/?p=115#primaryimage"},"thumbnailUrl":"https:\/\/www.feuerwehr-halberstadt.de\/wp-content\/uploads\/2019\/06\/Fahrradtour-1.jpg","datePublished":"2017-08-27T06:58:32+00:00","dateModified":"2020-06-11T09:07:16+00:00","breadcrumb":{"@id":"https:\/\/www.feuerwehr-halberstadt.de\/?p=115#breadcrumb"},"inLanguage":"de","potentialAction":[{"@type":"ReadAction","target":["https:\/\/www.feuerwehr-halberstadt.de\/?p=115"]}]},{"@type":"ImageObject","inLanguage":"de","@id":"https:\/\/www.feuerwehr-halberstadt.de\/?p=115#primaryimage","url":"https:\/\/www.feuerwehr-halberstadt.de\/wp-content\/uploads\/2019\/06\/Fahrradtour-1.jpg","contentUrl":"https:\/\/www.feuerwehr-halberstadt.de\/wp-content\/uploads\/2019\/06\/Fahrradtour-1.jpg","width":800,"height":600},{"@type":"BreadcrumbList","@id":"https:\/\/www.feuerwehr-halberstadt.de\/?p=115#breadcrumb","itemListElement":[{"@type":"ListItem","position":1,"name":"Startseite","item":"https:\/\/www.feuerwehr-halberstadt.de\/"},{"@type":"ListItem","position":2,"name":"Zweirad Ausfahrt der Feuerwehr Halberstadt"}]},{"@type":"WebSite","@id":"https:\/\/www.feuerwehr-halberstadt.de\/#website","url":"https:\/\/www.feuerwehr-halberstadt.de\/","name":"Feuerwehr Halberstadt","description":"#imEinsatzf\u00fcrHalberstadt","publisher":{"@id":"https:\/\/www.feuerwehr-halberstadt.de\/#organization"},"potentialAction":[{"@type":"SearchAction","target":{"@type":"EntryPoint","urlTemplate":"https:\/\/www.feuerwehr-halberstadt.de\/?s={search_term_string}"},"query-input":{"@type":"PropertyValueSpecification","valueRequired":true,"valueName":"search_term_string"}}],"inLanguage":"de"},{"@type":"Organization","@id":"https:\/\/www.feuerwehr-halberstadt.de\/#organization","name":"Feuerwehr Halberstadt","url":"https:\/\/www.feuerwehr-halberstadt.de\/","logo":{"@type":"ImageObject","inLanguage":"de","@id":"https:\/\/www.feuerwehr-halberstadt.de\/#\/schema\/logo\/image\/","url":"https:\/\/www.feuerwehr-halberstadt.de\/wp-content\/uploads\/2023\/10\/IMG_0126.png","contentUrl":"https:\/\/www.feuerwehr-halberstadt.de\/wp-content\/uploads\/2023\/10\/IMG_0126.png","width":1500,"height":399,"caption":"Feuerwehr Halberstadt"},"image":{"@id":"https:\/\/www.feuerwehr-halberstadt.de\/#\/schema\/logo\/image\/"},"sameAs":["https:\/\/www.facebook.com\/FeuerwehrHalberstadt\/"]},{"@type":"Person","@id":"https:\/\/www.feuerwehr-halberstadt.de\/#\/schema\/person\/9e94fca00b357cae16a4a5cdfc9aa4c2","name":"Import","image":{"@type":"ImageObject","inLanguage":"de","@id":"https:\/\/secure.gravatar.com\/avatar\/7e6ea62ad413e64265919670246b2992f4d15ca38b994c27298b63a588dd8ba8?s=96&d=mm&r=g","url":"https:\/\/secure.gravatar.com\/avatar\/7e6ea62ad413e64265919670246b2992f4d15ca38b994c27298b63a588dd8ba8?s=96&d=mm&r=g","contentUrl":"https:\/\/secure.gravatar.com\/avatar\/7e6ea62ad413e64265919670246b2992f4d15ca38b994c27298b63a588dd8ba8?s=96&d=mm&r=g","caption":"Import"},"url":"https:\/\/www.feuerwehr-halberstadt.de\/?author=6"}]}},"_links":{"self":[{"href":"https:\/\/www.feuerwehr-halberstadt.de\/index.php?rest_route=\/wp\/v2\/posts\/115","targetHints":{"allow":["GET"]}}],"collection":[{"href":"https:\/\/www.feuerwehr-halberstadt.de\/index.php?rest_route=\/wp\/v2\/posts"}],"about":[{"href":"https:\/\/www.feuerwehr-halberstadt.de\/index.php?rest_route=\/wp\/v2\/types\/post"}],"author":[{"embeddable":true,"href":"https:\/\/www.feuerwehr-halberstadt.de\/index.php?rest_route=\/wp\/v2\/users\/6"}],"replies":[{"embeddable":true,"href":"https:\/\/www.feuerwehr-halberstadt.de\/index.php?rest_route=%2Fwp%2Fv2%2Fcomments&post=115"}],"version-history":[{"count":1,"href":"https:\/\/www.feuerwehr-halberstadt.de\/index.php?rest_route=\/wp\/v2\/posts\/115\/revisions"}],"predecessor-version":[{"id":118,"href":"https:\/\/www.feuerwehr-halberstadt.de\/index.php?rest_route=\/wp\/v2\/posts\/115\/revisions\/118"}],"wp:featuredmedia":[{"embeddable":true,"href":"https:\/\/www.feuerwehr-halberstadt.de\/index.php?rest_route=\/wp\/v2\/media\/116"}],"wp:attachment":[{"href":"https:\/\/www.feuerwehr-halberstadt.de\/index.php?rest_route=%2Fwp%2Fv2%2Fmedia&parent=115"}],"wp:term":[{"taxonomy":"category","embeddable":true,"href":"https:\/\/www.feuerwehr-halberstadt.de\/index.php?rest_route=%2Fwp%2Fv2%2Fcategories&post=115"},{"taxonomy":"post_tag","embeddable":true,"href":"https:\/\/www.feuerwehr-halberstadt.de\/index.php?rest_route=%2Fwp%2Fv2%2Ftags&post=115"}],"curies":[{"name":"wp","href":"https:\/\/api.w.org\/{rel}","templated":true}]}}