{"id":11332,"date":"2020-11-02T20:52:47","date_gmt":"2020-11-02T19:52:47","guid":{"rendered":"http:\/\/www.feuerwehr-halberstadt.de\/?p=11332"},"modified":"2020-11-02T20:52:48","modified_gmt":"2020-11-02T19:52:48","slug":"ausbildung-brandbekaempfung-video-der-einsatzuebung","status":"publish","type":"post","link":"https:\/\/www.feuerwehr-halberstadt.de\/?p=11332","title":{"rendered":"Ausbildung \u201eBrandbek\u00e4mpfung\u201c \/ Video der Einsatz\u00fcbung"},"content":{"rendered":"\n<p>&#8222;Thema des heutigen Dienstabends &#8211; Stationsarbeit Brandbek\u00e4mpfung&#8220;. So begannen die vergangenen drei Ausbildungsabende f\u00fcr die Kameraden der Freiwilligen Feuerwehr Halberstadt. Mannschaften einteilen, Fahrzeuge \u00fcberpr\u00fcfen und schon konnten die Einsatz\u00fcbungen beginnen. Diese Ausbildungstriologie ging letzten Dienstagabend mit einer finalen Einsatz\u00fcbung in der ehemaligen Grundschule Paulsplan zu Ende.<\/p>\n\n\n\n<p>Als Abschluss\u00fcbung \u00fcberlegten sich die Ausbilder ein Szenario mit drei Jugendlichen, welche in dem verlassenen Geb\u00e4udekomplex mehrere Feuer gelegt haben sollen. Die Personen, welche von zwei Kameraden und einem Dummy gespielt wurden, mussten wegen starker Rauchentwicklung aus dem Geb\u00e4ude gerettet werden. Der Einsatzleiter bildete mehrere Abschnitte, welche dann unter den jeweiligen F\u00fchrungskr\u00e4ften des TLF und des HLF gef\u00fchrt wurden. Insgesamt waren drei Trupps unter Atemschutz zur Menschenrettung und Brandbek\u00e4mpfung im Einsatz. Die Atemschutz\u00fcberwachung wurde durch den Maschinisten durchgef\u00fchrt.<\/p>\n\n\n\n<p>Bei der Zusammenfassung am Ende der \u00dcbung konnten alle ein Feedback abgeben, welches in fast allen F\u00e4llen positiv ausfiel und so den Weg f\u00fcr zuk\u00fcnftige Einsatz\u00fcbungen ebnete.<\/p>\n\n\n\n<h4 class=\"wp-block-heading\">Die Wintermonate kommen<\/h4>\n\n\n\n<p>In der nun kommenden kalten Jahreszeit ist die Freiwillige Feuerwehr, durch die Stationsarbeit Brandbek\u00e4mpfung, bestens f\u00fcr m\u00f6gliche Brandszenarien sensibilisiert. Diese Ausbildung geh\u00f6rte zu einer der letzten gr\u00f6\u00dferen \u00dcbungen, die nicht direkt von den neuen Coronama\u00dfnahmen betroffen war. Die zuk\u00fcnftigen Ausbildungen sollen im Rahmen der aktuellen Hygieneregeln abgehalten werden.<\/p>\n\n\n\n<figure class=\"wp-block-embed-youtube wp-block-embed is-type-video is-provider-youtube wp-embed-aspect-16-9 wp-has-aspect-ratio\"><div class=\"wp-block-embed__wrapper\">\n<iframe loading=\"lazy\" title=\"Feuerwehr Halberstadt - Brand in leerstehender Schule - Einsatz\u00fcbung\" width=\"640\" height=\"360\" src=\"https:\/\/www.youtube.com\/embed\/8HeRAWMwW7o?feature=oembed\" frameborder=\"0\" allow=\"accelerometer; autoplay; clipboard-write; encrypted-media; gyroscope; picture-in-picture; web-share\" referrerpolicy=\"strict-origin-when-cross-origin\" allowfullscreen><\/iframe>\n<\/div><\/figure>\n","protected":false},"excerpt":{"rendered":"<p>&#8222;Thema des heutigen Dienstabends &#8211; Stationsarbeit Brandbek\u00e4mpfung&#8220;. So begannen die vergangenen drei Ausbildungsabende f\u00fcr die Kameraden der Freiwilligen Feuerwehr Halberstadt. Mannschaften einteilen, Fahrzeuge \u00fcberpr\u00fcfen und schon konnten die Einsatz\u00fcbungen beginnen. Diese Ausbildungstriologie ging letzten Dienstagabend mit einer finalen Einsatz\u00fcbung in der ehemaligen Grundschule Paulsplan zu Ende. Als Abschluss\u00fcbung \u00fcberlegten sich die Ausbilder ein Szenario mit [&hellip;]<\/p>\n","protected":false},"author":3,"featured_media":225,"comment_status":"closed","ping_status":"closed","sticky":false,"template":"","format":"standard","meta":{"_acf_changed":false,"footnotes":""},"categories":[24,31],"tags":[],"class_list":["post-11332","post","type-post","status-publish","format-standard","has-post-thumbnail","hentry","category-ausbildung","category-information"],"acf":[],"yoast_head":"<!-- This site is optimized with the Yoast SEO plugin v27.5 - https:\/\/yoast.com\/product\/yoast-seo-wordpress\/ -->\n<title>Ausbildung \u201eBrandbek\u00e4mpfung\u201c \/ Video der Einsatz\u00fcbung - Feuerwehr Halberstadt<\/title>\n<meta name=\"robots\" content=\"index, follow, max-snippet:-1, max-image-preview:large, max-video-preview:-1\" \/>\n<link rel=\"canonical\" href=\"https:\/\/www.feuerwehr-halberstadt.de\/?p=11332\" \/>\n<meta property=\"og:locale\" content=\"de_DE\" \/>\n<meta property=\"og:type\" content=\"article\" \/>\n<meta property=\"og:title\" content=\"Ausbildung \u201eBrandbek\u00e4mpfung\u201c \/ Video der Einsatz\u00fcbung - Feuerwehr Halberstadt\" \/>\n<meta property=\"og:description\" content=\"&#8222;Thema des heutigen Dienstabends &#8211; Stationsarbeit Brandbek\u00e4mpfung&#8220;. So begannen die vergangenen drei Ausbildungsabende f\u00fcr die Kameraden der Freiwilligen Feuerwehr Halberstadt. Mannschaften einteilen, Fahrzeuge \u00fcberpr\u00fcfen und schon konnten die Einsatz\u00fcbungen beginnen. Diese Ausbildungstriologie ging letzten Dienstagabend mit einer finalen Einsatz\u00fcbung in der ehemaligen Grundschule Paulsplan zu Ende. Als Abschluss\u00fcbung \u00fcberlegten sich die Ausbilder ein Szenario mit [&hellip;]\" \/>\n<meta property=\"og:url\" content=\"https:\/\/www.feuerwehr-halberstadt.de\/?p=11332\" \/>\n<meta property=\"og:site_name\" content=\"Feuerwehr Halberstadt\" \/>\n<meta property=\"article:publisher\" content=\"https:\/\/www.facebook.com\/FeuerwehrHalberstadt\/\" \/>\n<meta property=\"article:published_time\" content=\"2020-11-02T19:52:47+00:00\" \/>\n<meta property=\"article:modified_time\" content=\"2020-11-02T19:52:48+00:00\" \/>\n<meta property=\"og:image\" content=\"https:\/\/www.feuerwehr-halberstadt.de\/wp-content\/uploads\/2019\/06\/IMG_20190625_140224.jpg\" \/>\n\t<meta property=\"og:image:width\" content=\"1600\" \/>\n\t<meta property=\"og:image:height\" content=\"1155\" \/>\n\t<meta property=\"og:image:type\" content=\"image\/jpeg\" \/>\n<meta name=\"author\" content=\"Buchold, Chris\" \/>\n<meta name=\"twitter:card\" content=\"summary_large_image\" \/>\n<meta name=\"twitter:label1\" content=\"Verfasst von\" \/>\n\t<meta name=\"twitter:data1\" content=\"Buchold, Chris\" \/>\n\t<meta name=\"twitter:label2\" content=\"Gesch\u00e4tzte Lesezeit\" \/>\n\t<meta name=\"twitter:data2\" content=\"1\u00a0Minute\" \/>\n<script type=\"application\/ld+json\" class=\"yoast-schema-graph\">{\"@context\":\"https:\\\/\\\/schema.org\",\"@graph\":[{\"@type\":\"Article\",\"@id\":\"https:\\\/\\\/www.feuerwehr-halberstadt.de\\\/?p=11332#article\",\"isPartOf\":{\"@id\":\"https:\\\/\\\/www.feuerwehr-halberstadt.de\\\/?p=11332\"},\"author\":{\"name\":\"Buchold, Chris\",\"@id\":\"https:\\\/\\\/www.feuerwehr-halberstadt.de\\\/#\\\/schema\\\/person\\\/55ce5d9b46008e58cd3d55d4116ec727\"},\"headline\":\"Ausbildung \u201eBrandbek\u00e4mpfung\u201c \\\/ Video der Einsatz\u00fcbung\",\"datePublished\":\"2020-11-02T19:52:47+00:00\",\"dateModified\":\"2020-11-02T19:52:48+00:00\",\"mainEntityOfPage\":{\"@id\":\"https:\\\/\\\/www.feuerwehr-halberstadt.de\\\/?p=11332\"},\"wordCount\":242,\"publisher\":{\"@id\":\"https:\\\/\\\/www.feuerwehr-halberstadt.de\\\/#organization\"},\"image\":{\"@id\":\"https:\\\/\\\/www.feuerwehr-halberstadt.de\\\/?p=11332#primaryimage\"},\"thumbnailUrl\":\"https:\\\/\\\/www.feuerwehr-halberstadt.de\\\/wp-content\\\/uploads\\\/2019\\\/06\\\/IMG_20190625_140224.jpg\",\"articleSection\":[\"Ausbildung\",\"Information\"],\"inLanguage\":\"de\"},{\"@type\":\"WebPage\",\"@id\":\"https:\\\/\\\/www.feuerwehr-halberstadt.de\\\/?p=11332\",\"url\":\"https:\\\/\\\/www.feuerwehr-halberstadt.de\\\/?p=11332\",\"name\":\"Ausbildung \u201eBrandbek\u00e4mpfung\u201c \\\/ Video der Einsatz\u00fcbung - Feuerwehr Halberstadt\",\"isPartOf\":{\"@id\":\"https:\\\/\\\/www.feuerwehr-halberstadt.de\\\/#website\"},\"primaryImageOfPage\":{\"@id\":\"https:\\\/\\\/www.feuerwehr-halberstadt.de\\\/?p=11332#primaryimage\"},\"image\":{\"@id\":\"https:\\\/\\\/www.feuerwehr-halberstadt.de\\\/?p=11332#primaryimage\"},\"thumbnailUrl\":\"https:\\\/\\\/www.feuerwehr-halberstadt.de\\\/wp-content\\\/uploads\\\/2019\\\/06\\\/IMG_20190625_140224.jpg\",\"datePublished\":\"2020-11-02T19:52:47+00:00\",\"dateModified\":\"2020-11-02T19:52:48+00:00\",\"breadcrumb\":{\"@id\":\"https:\\\/\\\/www.feuerwehr-halberstadt.de\\\/?p=11332#breadcrumb\"},\"inLanguage\":\"de\",\"potentialAction\":[{\"@type\":\"ReadAction\",\"target\":[\"https:\\\/\\\/www.feuerwehr-halberstadt.de\\\/?p=11332\"]}]},{\"@type\":\"ImageObject\",\"inLanguage\":\"de\",\"@id\":\"https:\\\/\\\/www.feuerwehr-halberstadt.de\\\/?p=11332#primaryimage\",\"url\":\"https:\\\/\\\/www.feuerwehr-halberstadt.de\\\/wp-content\\\/uploads\\\/2019\\\/06\\\/IMG_20190625_140224.jpg\",\"contentUrl\":\"https:\\\/\\\/www.feuerwehr-halberstadt.de\\\/wp-content\\\/uploads\\\/2019\\\/06\\\/IMG_20190625_140224.jpg\",\"width\":1600,\"height\":1155},{\"@type\":\"BreadcrumbList\",\"@id\":\"https:\\\/\\\/www.feuerwehr-halberstadt.de\\\/?p=11332#breadcrumb\",\"itemListElement\":[{\"@type\":\"ListItem\",\"position\":1,\"name\":\"Startseite\",\"item\":\"https:\\\/\\\/www.feuerwehr-halberstadt.de\\\/\"},{\"@type\":\"ListItem\",\"position\":2,\"name\":\"Ausbildung \u201eBrandbek\u00e4mpfung\u201c \\\/ Video der Einsatz\u00fcbung\"}]},{\"@type\":\"WebSite\",\"@id\":\"https:\\\/\\\/www.feuerwehr-halberstadt.de\\\/#website\",\"url\":\"https:\\\/\\\/www.feuerwehr-halberstadt.de\\\/\",\"name\":\"Feuerwehr Halberstadt\",\"description\":\"#imEinsatzf\u00fcrHalberstadt\",\"publisher\":{\"@id\":\"https:\\\/\\\/www.feuerwehr-halberstadt.de\\\/#organization\"},\"potentialAction\":[{\"@type\":\"SearchAction\",\"target\":{\"@type\":\"EntryPoint\",\"urlTemplate\":\"https:\\\/\\\/www.feuerwehr-halberstadt.de\\\/?s={search_term_string}\"},\"query-input\":{\"@type\":\"PropertyValueSpecification\",\"valueRequired\":true,\"valueName\":\"search_term_string\"}}],\"inLanguage\":\"de\"},{\"@type\":\"Organization\",\"@id\":\"https:\\\/\\\/www.feuerwehr-halberstadt.de\\\/#organization\",\"name\":\"Feuerwehr Halberstadt\",\"url\":\"https:\\\/\\\/www.feuerwehr-halberstadt.de\\\/\",\"logo\":{\"@type\":\"ImageObject\",\"inLanguage\":\"de\",\"@id\":\"https:\\\/\\\/www.feuerwehr-halberstadt.de\\\/#\\\/schema\\\/logo\\\/image\\\/\",\"url\":\"https:\\\/\\\/www.feuerwehr-halberstadt.de\\\/wp-content\\\/uploads\\\/2023\\\/10\\\/IMG_0126.png\",\"contentUrl\":\"https:\\\/\\\/www.feuerwehr-halberstadt.de\\\/wp-content\\\/uploads\\\/2023\\\/10\\\/IMG_0126.png\",\"width\":1500,\"height\":399,\"caption\":\"Feuerwehr Halberstadt\"},\"image\":{\"@id\":\"https:\\\/\\\/www.feuerwehr-halberstadt.de\\\/#\\\/schema\\\/logo\\\/image\\\/\"},\"sameAs\":[\"https:\\\/\\\/www.facebook.com\\\/FeuerwehrHalberstadt\\\/\"]},{\"@type\":\"Person\",\"@id\":\"https:\\\/\\\/www.feuerwehr-halberstadt.de\\\/#\\\/schema\\\/person\\\/55ce5d9b46008e58cd3d55d4116ec727\",\"name\":\"Buchold, Chris\",\"image\":{\"@type\":\"ImageObject\",\"inLanguage\":\"de\",\"@id\":\"https:\\\/\\\/secure.gravatar.com\\\/avatar\\\/bff08a084f0390bf8a93fc28c488452766ba521109cec244ac64210fdd500a49?s=96&d=mm&r=g\",\"url\":\"https:\\\/\\\/secure.gravatar.com\\\/avatar\\\/bff08a084f0390bf8a93fc28c488452766ba521109cec244ac64210fdd500a49?s=96&d=mm&r=g\",\"contentUrl\":\"https:\\\/\\\/secure.gravatar.com\\\/avatar\\\/bff08a084f0390bf8a93fc28c488452766ba521109cec244ac64210fdd500a49?s=96&d=mm&r=g\",\"caption\":\"Buchold, Chris\"},\"url\":\"https:\\\/\\\/www.feuerwehr-halberstadt.de\\\/?author=3\"}]}<\/script>\n<!-- \/ Yoast SEO plugin. -->","yoast_head_json":{"title":"Ausbildung \u201eBrandbek\u00e4mpfung\u201c \/ Video der Einsatz\u00fcbung - Feuerwehr Halberstadt","robots":{"index":"index","follow":"follow","max-snippet":"max-snippet:-1","max-image-preview":"max-image-preview:large","max-video-preview":"max-video-preview:-1"},"canonical":"https:\/\/www.feuerwehr-halberstadt.de\/?p=11332","og_locale":"de_DE","og_type":"article","og_title":"Ausbildung \u201eBrandbek\u00e4mpfung\u201c \/ Video der Einsatz\u00fcbung - Feuerwehr Halberstadt","og_description":"&#8222;Thema des heutigen Dienstabends &#8211; Stationsarbeit Brandbek\u00e4mpfung&#8220;. So begannen die vergangenen drei Ausbildungsabende f\u00fcr die Kameraden der Freiwilligen Feuerwehr Halberstadt. Mannschaften einteilen, Fahrzeuge \u00fcberpr\u00fcfen und schon konnten die Einsatz\u00fcbungen beginnen. Diese Ausbildungstriologie ging letzten Dienstagabend mit einer finalen Einsatz\u00fcbung in der ehemaligen Grundschule Paulsplan zu Ende. Als Abschluss\u00fcbung \u00fcberlegten sich die Ausbilder ein Szenario mit [&hellip;]","og_url":"https:\/\/www.feuerwehr-halberstadt.de\/?p=11332","og_site_name":"Feuerwehr Halberstadt","article_publisher":"https:\/\/www.facebook.com\/FeuerwehrHalberstadt\/","article_published_time":"2020-11-02T19:52:47+00:00","article_modified_time":"2020-11-02T19:52:48+00:00","og_image":[{"width":1600,"height":1155,"url":"https:\/\/www.feuerwehr-halberstadt.de\/wp-content\/uploads\/2019\/06\/IMG_20190625_140224.jpg","type":"image\/jpeg"}],"author":"Buchold, Chris","twitter_card":"summary_large_image","twitter_misc":{"Verfasst von":"Buchold, Chris","Gesch\u00e4tzte Lesezeit":"1\u00a0Minute"},"schema":{"@context":"https:\/\/schema.org","@graph":[{"@type":"Article","@id":"https:\/\/www.feuerwehr-halberstadt.de\/?p=11332#article","isPartOf":{"@id":"https:\/\/www.feuerwehr-halberstadt.de\/?p=11332"},"author":{"name":"Buchold, Chris","@id":"https:\/\/www.feuerwehr-halberstadt.de\/#\/schema\/person\/55ce5d9b46008e58cd3d55d4116ec727"},"headline":"Ausbildung \u201eBrandbek\u00e4mpfung\u201c \/ Video der Einsatz\u00fcbung","datePublished":"2020-11-02T19:52:47+00:00","dateModified":"2020-11-02T19:52:48+00:00","mainEntityOfPage":{"@id":"https:\/\/www.feuerwehr-halberstadt.de\/?p=11332"},"wordCount":242,"publisher":{"@id":"https:\/\/www.feuerwehr-halberstadt.de\/#organization"},"image":{"@id":"https:\/\/www.feuerwehr-halberstadt.de\/?p=11332#primaryimage"},"thumbnailUrl":"https:\/\/www.feuerwehr-halberstadt.de\/wp-content\/uploads\/2019\/06\/IMG_20190625_140224.jpg","articleSection":["Ausbildung","Information"],"inLanguage":"de"},{"@type":"WebPage","@id":"https:\/\/www.feuerwehr-halberstadt.de\/?p=11332","url":"https:\/\/www.feuerwehr-halberstadt.de\/?p=11332","name":"Ausbildung \u201eBrandbek\u00e4mpfung\u201c \/ Video der Einsatz\u00fcbung - Feuerwehr Halberstadt","isPartOf":{"@id":"https:\/\/www.feuerwehr-halberstadt.de\/#website"},"primaryImageOfPage":{"@id":"https:\/\/www.feuerwehr-halberstadt.de\/?p=11332#primaryimage"},"image":{"@id":"https:\/\/www.feuerwehr-halberstadt.de\/?p=11332#primaryimage"},"thumbnailUrl":"https:\/\/www.feuerwehr-halberstadt.de\/wp-content\/uploads\/2019\/06\/IMG_20190625_140224.jpg","datePublished":"2020-11-02T19:52:47+00:00","dateModified":"2020-11-02T19:52:48+00:00","breadcrumb":{"@id":"https:\/\/www.feuerwehr-halberstadt.de\/?p=11332#breadcrumb"},"inLanguage":"de","potentialAction":[{"@type":"ReadAction","target":["https:\/\/www.feuerwehr-halberstadt.de\/?p=11332"]}]},{"@type":"ImageObject","inLanguage":"de","@id":"https:\/\/www.feuerwehr-halberstadt.de\/?p=11332#primaryimage","url":"https:\/\/www.feuerwehr-halberstadt.de\/wp-content\/uploads\/2019\/06\/IMG_20190625_140224.jpg","contentUrl":"https:\/\/www.feuerwehr-halberstadt.de\/wp-content\/uploads\/2019\/06\/IMG_20190625_140224.jpg","width":1600,"height":1155},{"@type":"BreadcrumbList","@id":"https:\/\/www.feuerwehr-halberstadt.de\/?p=11332#breadcrumb","itemListElement":[{"@type":"ListItem","position":1,"name":"Startseite","item":"https:\/\/www.feuerwehr-halberstadt.de\/"},{"@type":"ListItem","position":2,"name":"Ausbildung \u201eBrandbek\u00e4mpfung\u201c \/ Video der Einsatz\u00fcbung"}]},{"@type":"WebSite","@id":"https:\/\/www.feuerwehr-halberstadt.de\/#website","url":"https:\/\/www.feuerwehr-halberstadt.de\/","name":"Feuerwehr Halberstadt","description":"#imEinsatzf\u00fcrHalberstadt","publisher":{"@id":"https:\/\/www.feuerwehr-halberstadt.de\/#organization"},"potentialAction":[{"@type":"SearchAction","target":{"@type":"EntryPoint","urlTemplate":"https:\/\/www.feuerwehr-halberstadt.de\/?s={search_term_string}"},"query-input":{"@type":"PropertyValueSpecification","valueRequired":true,"valueName":"search_term_string"}}],"inLanguage":"de"},{"@type":"Organization","@id":"https:\/\/www.feuerwehr-halberstadt.de\/#organization","name":"Feuerwehr Halberstadt","url":"https:\/\/www.feuerwehr-halberstadt.de\/","logo":{"@type":"ImageObject","inLanguage":"de","@id":"https:\/\/www.feuerwehr-halberstadt.de\/#\/schema\/logo\/image\/","url":"https:\/\/www.feuerwehr-halberstadt.de\/wp-content\/uploads\/2023\/10\/IMG_0126.png","contentUrl":"https:\/\/www.feuerwehr-halberstadt.de\/wp-content\/uploads\/2023\/10\/IMG_0126.png","width":1500,"height":399,"caption":"Feuerwehr Halberstadt"},"image":{"@id":"https:\/\/www.feuerwehr-halberstadt.de\/#\/schema\/logo\/image\/"},"sameAs":["https:\/\/www.facebook.com\/FeuerwehrHalberstadt\/"]},{"@type":"Person","@id":"https:\/\/www.feuerwehr-halberstadt.de\/#\/schema\/person\/55ce5d9b46008e58cd3d55d4116ec727","name":"Buchold, Chris","image":{"@type":"ImageObject","inLanguage":"de","@id":"https:\/\/secure.gravatar.com\/avatar\/bff08a084f0390bf8a93fc28c488452766ba521109cec244ac64210fdd500a49?s=96&d=mm&r=g","url":"https:\/\/secure.gravatar.com\/avatar\/bff08a084f0390bf8a93fc28c488452766ba521109cec244ac64210fdd500a49?s=96&d=mm&r=g","contentUrl":"https:\/\/secure.gravatar.com\/avatar\/bff08a084f0390bf8a93fc28c488452766ba521109cec244ac64210fdd500a49?s=96&d=mm&r=g","caption":"Buchold, Chris"},"url":"https:\/\/www.feuerwehr-halberstadt.de\/?author=3"}]}},"_links":{"self":[{"href":"https:\/\/www.feuerwehr-halberstadt.de\/index.php?rest_route=\/wp\/v2\/posts\/11332","targetHints":{"allow":["GET"]}}],"collection":[{"href":"https:\/\/www.feuerwehr-halberstadt.de\/index.php?rest_route=\/wp\/v2\/posts"}],"about":[{"href":"https:\/\/www.feuerwehr-halberstadt.de\/index.php?rest_route=\/wp\/v2\/types\/post"}],"author":[{"embeddable":true,"href":"https:\/\/www.feuerwehr-halberstadt.de\/index.php?rest_route=\/wp\/v2\/users\/3"}],"replies":[{"embeddable":true,"href":"https:\/\/www.feuerwehr-halberstadt.de\/index.php?rest_route=%2Fwp%2Fv2%2Fcomments&post=11332"}],"version-history":[{"count":7,"href":"https:\/\/www.feuerwehr-halberstadt.de\/index.php?rest_route=\/wp\/v2\/posts\/11332\/revisions"}],"predecessor-version":[{"id":11340,"href":"https:\/\/www.feuerwehr-halberstadt.de\/index.php?rest_route=\/wp\/v2\/posts\/11332\/revisions\/11340"}],"wp:featuredmedia":[{"embeddable":true,"href":"https:\/\/www.feuerwehr-halberstadt.de\/index.php?rest_route=\/wp\/v2\/media\/225"}],"wp:attachment":[{"href":"https:\/\/www.feuerwehr-halberstadt.de\/index.php?rest_route=%2Fwp%2Fv2%2Fmedia&parent=11332"}],"wp:term":[{"taxonomy":"category","embeddable":true,"href":"https:\/\/www.feuerwehr-halberstadt.de\/index.php?rest_route=%2Fwp%2Fv2%2Fcategories&post=11332"},{"taxonomy":"post_tag","embeddable":true,"href":"https:\/\/www.feuerwehr-halberstadt.de\/index.php?rest_route=%2Fwp%2Fv2%2Ftags&post=11332"}],"curies":[{"name":"wp","href":"https:\/\/api.w.org\/{rel}","templated":true}]}}