{"id":11220,"date":"2020-09-05T16:02:32","date_gmt":"2020-09-05T14:02:32","guid":{"rendered":"http:\/\/www.feuerwehr-halberstadt.de\/?p=11220"},"modified":"2020-09-05T16:04:07","modified_gmt":"2020-09-05T14:04:07","slug":"bundesweiter-warntag-am-10-september","status":"publish","type":"post","link":"https:\/\/www.feuerwehr-halberstadt.de\/?p=11220","title":{"rendered":"Bundesweiter Warntag am 10. September"},"content":{"rendered":"\n<p>Der bundesweite Warntag findet erstmals am 10. September 2020 statt und wird ab dann j\u00e4hrlich an jedem zweiten Donnerstag im September durchgef\u00fchrt. Am gemeinsamen Aktionstag von&nbsp;<a href=\"https:\/\/warnung-der-bevoelkerung.de\/lokale-behoerden\/\" target=\"_blank\" rel=\"noreferrer noopener\">Bund und L\u00e4ndern<\/a>&nbsp;werden in ganz Deutschland s\u00e4mtliche Warnmittel erprobt. P\u00fcnktlich um 11:00 Uhr werden zeitgleich in Landkreisen und Kommunen in allen L\u00e4ndern mit einem Probealarm die Warnmittel wie beispielsweise&nbsp;<a href=\"https:\/\/warnung-der-bevoelkerung.de\/serviceportal\/?x=#0aa763c36223246f2\" target=\"_blank\" rel=\"noreferrer noopener\">Sirenen&nbsp;<\/a>ausgel\u00f6st.<\/p>\n\n\n\n<h2 class=\"wp-block-heading\"><strong>Was passiert am bundesweiten Warntag?<\/strong><\/h2>\n\n\n\n<p>Um 11:00 Uhr wird eine Probewarnung an alle Warnmultiplikatoren (z.B. Rundfunksender, App-Server) geschickt, die am&nbsp;<a rel=\"noreferrer noopener\" href=\"https:\/\/warnung-der-bevoelkerung.de\/serviceportal\/?x=#a27f18f56c428613d\" target=\"_blank\">Modularen Warnsystem (MoWaS)<\/a> des Bundes angeschlossenen sind. Die Warnmultiplikatoren versenden die Probewarnung in ihren Systemen bzw. Programmen an Endger\u00e4te wie Radios und Warn-Apps (z.B. die&nbsp;<a rel=\"noreferrer noopener\" href=\"https:\/\/www.bbk.bund.de\/DE\/NINA\/Warn-App_NINA_Einstieg.html\" target=\"_blank\">Warn-App NINA<\/a> (Notfall-Informations- und Nachrichten-App des Bundes)), auf denen Sie die Warnung lesen, h\u00f6ren oder wahrnehmen. Parallel werden auf Ebene der L\u00e4nder, in den Landkreisen und in den Kommunen verf\u00fcgbare kommunale Warnmittel ausgel\u00f6st (z.B. Sirenen und Lautsprecherwagen).<\/p>\n\n\n\n<h2 class=\"wp-block-heading\"><strong>Was sind die Ziele des bundesweiten Warntags?<\/strong><\/h2>\n\n\n\n<p>Der bundesweite Warntag und die Probewarnung haben zum Ziel,<\/p>\n\n\n\n<ul class=\"wp-block-list\"><li>Sie f\u00fcr das Thema Warnung der Bev\u00f6lkerung zu sensibilisieren,<\/li><li>Funktion und Ablauf der Warnung besser verst\u00e4ndlich zu machen und<\/li><li>auf die verf\u00fcgbaren Warnmittel (z. B. Sirenen, Warn-Apps, digitale Werbefl\u00e4chen) aufmerksam zu machen.<\/li><\/ul>\n\n\n\n<p>Der bundesweite Warntag will dazu beitragen, Ihr Wissen um die Warnung in Notlagen zu erh\u00f6hen und damit Ihre Selbstschutzf\u00e4higkeit zu unterst\u00fctzen. Auch die nun bundesweit einheitlichen Sirenensignale sollen bekannter werden.<\/p>\n\n\n\n<h2 class=\"wp-block-heading\"><strong>Wer ist verantwortlich f\u00fcr den bundesweiten Warntag?<\/strong><\/h2>\n\n\n\n<figure class=\"wp-block-image is-resized\"><img loading=\"lazy\" decoding=\"async\" src=\"https:\/\/warnung-der-bevoelkerung.de\/wp-content\/uploads\/2020\/07\/20181220.BBK_.Warnsysteme.Leitstelle-800x566.png\" alt=\"\" class=\"wp-image-558\" width=\"341\" height=\"241\" title=\"20181220.BBK.Warnsysteme.Leitstelle\"\/><\/figure>\n\n\n\n<p>Bund und L\u00e4nder bereiten den bundesweiten Warntag in Abstimmung mit kommunalen Vertreterinnen und Vertretern gemeinsam vor. Zust\u00e4ndig sind auf Bundesebene das Bundesamt f\u00fcr Bev\u00f6lkerungsschutz und Katastrophenhilfe (BBK), auf der Ebene der L\u00e4nder die jeweiligen Innenministerien und auf der Ebene der Kommunen in der Regel die f\u00fcr den Katastrophenschutz zust\u00e4ndigen Beh\u00f6rden.<\/p>\n\n\n\n<figure class=\"wp-block-embed-youtube wp-block-embed is-type-video is-provider-youtube wp-embed-aspect-16-9 wp-has-aspect-ratio\"><div class=\"wp-block-embed__wrapper\">\n<iframe loading=\"lazy\" title=\"Kurzfilm zur Warnung der Bev\u00f6lkerung\" width=\"640\" height=\"360\" src=\"https:\/\/www.youtube.com\/embed\/5TmIzOEuf4k?feature=oembed\" frameborder=\"0\" allow=\"accelerometer; autoplay; clipboard-write; encrypted-media; gyroscope; picture-in-picture; web-share\" referrerpolicy=\"strict-origin-when-cross-origin\" allowfullscreen><\/iframe>\n<\/div><\/figure>\n\n\n\n<p>Weitere Informationen unter: <a href=\"https:\/\/www.bbk.bund.de\/DE\/TopThema\/TT_2020\/TT_Bundesweiter_Probealarm_am_Warntag2020.html\">https:\/\/www.bbk.bund.de\/DE\/TopThema\/TT_2020\/TT_Bundesweiter_Probealarm_am_Warntag2020.html<\/a><\/p>\n","protected":false},"excerpt":{"rendered":"<p>Der bundesweite Warntag findet erstmals am 10. September 2020 statt und wird ab dann j\u00e4hrlich an jedem zweiten Donnerstag im September durchgef\u00fchrt. Am gemeinsamen Aktionstag von&nbsp;Bund und L\u00e4ndern&nbsp;werden in ganz Deutschland s\u00e4mtliche Warnmittel erprobt. P\u00fcnktlich um 11:00 Uhr werden zeitgleich in Landkreisen und Kommunen in allen L\u00e4ndern mit einem Probealarm die Warnmittel wie beispielsweise&nbsp;Sirenen&nbsp;ausgel\u00f6st. Was [&hellip;]<\/p>\n","protected":false},"author":3,"featured_media":11222,"comment_status":"closed","ping_status":"closed","sticky":false,"template":"","format":"standard","meta":{"_acf_changed":false,"footnotes":""},"categories":[31],"tags":[],"class_list":["post-11220","post","type-post","status-publish","format-standard","has-post-thumbnail","hentry","category-information"],"acf":[],"yoast_head":"<!-- This site is optimized with the Yoast SEO plugin v27.4 - https:\/\/yoast.com\/product\/yoast-seo-wordpress\/ -->\n<title>Bundesweiter Warntag am 10. September - Feuerwehr Halberstadt<\/title>\n<meta name=\"robots\" content=\"index, follow, max-snippet:-1, max-image-preview:large, max-video-preview:-1\" \/>\n<link rel=\"canonical\" href=\"https:\/\/www.feuerwehr-halberstadt.de\/?p=11220\" \/>\n<meta property=\"og:locale\" content=\"de_DE\" \/>\n<meta property=\"og:type\" content=\"article\" \/>\n<meta property=\"og:title\" content=\"Bundesweiter Warntag am 10. September - Feuerwehr Halberstadt\" \/>\n<meta property=\"og:description\" content=\"Der bundesweite Warntag findet erstmals am 10. September 2020 statt und wird ab dann j\u00e4hrlich an jedem zweiten Donnerstag im September durchgef\u00fchrt. Am gemeinsamen Aktionstag von&nbsp;Bund und L\u00e4ndern&nbsp;werden in ganz Deutschland s\u00e4mtliche Warnmittel erprobt. P\u00fcnktlich um 11:00 Uhr werden zeitgleich in Landkreisen und Kommunen in allen L\u00e4ndern mit einem Probealarm die Warnmittel wie beispielsweise&nbsp;Sirenen&nbsp;ausgel\u00f6st. Was [&hellip;]\" \/>\n<meta property=\"og:url\" content=\"https:\/\/www.feuerwehr-halberstadt.de\/?p=11220\" \/>\n<meta property=\"og:site_name\" content=\"Feuerwehr Halberstadt\" \/>\n<meta property=\"article:publisher\" content=\"https:\/\/www.facebook.com\/FeuerwehrHalberstadt\/\" \/>\n<meta property=\"article:published_time\" content=\"2020-09-05T14:02:32+00:00\" \/>\n<meta property=\"article:modified_time\" content=\"2020-09-05T14:04:07+00:00\" \/>\n<meta property=\"og:image\" content=\"https:\/\/www.feuerwehr-halberstadt.de\/wp-content\/uploads\/2020\/09\/5060091A-8615-4CB3-B36E-E8A39B4F3921.png\" \/>\n\t<meta property=\"og:image:width\" content=\"1200\" \/>\n\t<meta property=\"og:image:height\" content=\"600\" \/>\n\t<meta property=\"og:image:type\" content=\"image\/png\" \/>\n<meta name=\"author\" content=\"Buchold, Chris\" \/>\n<meta name=\"twitter:card\" content=\"summary_large_image\" \/>\n<meta name=\"twitter:label1\" content=\"Verfasst von\" \/>\n\t<meta name=\"twitter:data1\" content=\"Buchold, Chris\" \/>\n\t<meta name=\"twitter:label2\" content=\"Gesch\u00e4tzte Lesezeit\" \/>\n\t<meta name=\"twitter:data2\" content=\"2\u00a0Minuten\" \/>\n<script type=\"application\/ld+json\" class=\"yoast-schema-graph\">{\"@context\":\"https:\\\/\\\/schema.org\",\"@graph\":[{\"@type\":\"Article\",\"@id\":\"https:\\\/\\\/www.feuerwehr-halberstadt.de\\\/?p=11220#article\",\"isPartOf\":{\"@id\":\"https:\\\/\\\/www.feuerwehr-halberstadt.de\\\/?p=11220\"},\"author\":{\"name\":\"Buchold, Chris\",\"@id\":\"https:\\\/\\\/www.feuerwehr-halberstadt.de\\\/#\\\/schema\\\/person\\\/55ce5d9b46008e58cd3d55d4116ec727\"},\"headline\":\"Bundesweiter Warntag am 10. September\",\"datePublished\":\"2020-09-05T14:02:32+00:00\",\"dateModified\":\"2020-09-05T14:04:07+00:00\",\"mainEntityOfPage\":{\"@id\":\"https:\\\/\\\/www.feuerwehr-halberstadt.de\\\/?p=11220\"},\"wordCount\":335,\"publisher\":{\"@id\":\"https:\\\/\\\/www.feuerwehr-halberstadt.de\\\/#organization\"},\"image\":{\"@id\":\"https:\\\/\\\/www.feuerwehr-halberstadt.de\\\/?p=11220#primaryimage\"},\"thumbnailUrl\":\"https:\\\/\\\/www.feuerwehr-halberstadt.de\\\/wp-content\\\/uploads\\\/2020\\\/09\\\/5060091A-8615-4CB3-B36E-E8A39B4F3921.png\",\"articleSection\":[\"Information\"],\"inLanguage\":\"de\"},{\"@type\":\"WebPage\",\"@id\":\"https:\\\/\\\/www.feuerwehr-halberstadt.de\\\/?p=11220\",\"url\":\"https:\\\/\\\/www.feuerwehr-halberstadt.de\\\/?p=11220\",\"name\":\"Bundesweiter Warntag am 10. September - Feuerwehr Halberstadt\",\"isPartOf\":{\"@id\":\"https:\\\/\\\/www.feuerwehr-halberstadt.de\\\/#website\"},\"primaryImageOfPage\":{\"@id\":\"https:\\\/\\\/www.feuerwehr-halberstadt.de\\\/?p=11220#primaryimage\"},\"image\":{\"@id\":\"https:\\\/\\\/www.feuerwehr-halberstadt.de\\\/?p=11220#primaryimage\"},\"thumbnailUrl\":\"https:\\\/\\\/www.feuerwehr-halberstadt.de\\\/wp-content\\\/uploads\\\/2020\\\/09\\\/5060091A-8615-4CB3-B36E-E8A39B4F3921.png\",\"datePublished\":\"2020-09-05T14:02:32+00:00\",\"dateModified\":\"2020-09-05T14:04:07+00:00\",\"breadcrumb\":{\"@id\":\"https:\\\/\\\/www.feuerwehr-halberstadt.de\\\/?p=11220#breadcrumb\"},\"inLanguage\":\"de\",\"potentialAction\":[{\"@type\":\"ReadAction\",\"target\":[\"https:\\\/\\\/www.feuerwehr-halberstadt.de\\\/?p=11220\"]}]},{\"@type\":\"ImageObject\",\"inLanguage\":\"de\",\"@id\":\"https:\\\/\\\/www.feuerwehr-halberstadt.de\\\/?p=11220#primaryimage\",\"url\":\"https:\\\/\\\/www.feuerwehr-halberstadt.de\\\/wp-content\\\/uploads\\\/2020\\\/09\\\/5060091A-8615-4CB3-B36E-E8A39B4F3921.png\",\"contentUrl\":\"https:\\\/\\\/www.feuerwehr-halberstadt.de\\\/wp-content\\\/uploads\\\/2020\\\/09\\\/5060091A-8615-4CB3-B36E-E8A39B4F3921.png\",\"width\":1200,\"height\":600},{\"@type\":\"BreadcrumbList\",\"@id\":\"https:\\\/\\\/www.feuerwehr-halberstadt.de\\\/?p=11220#breadcrumb\",\"itemListElement\":[{\"@type\":\"ListItem\",\"position\":1,\"name\":\"Startseite\",\"item\":\"https:\\\/\\\/www.feuerwehr-halberstadt.de\\\/\"},{\"@type\":\"ListItem\",\"position\":2,\"name\":\"Bundesweiter Warntag am 10. September\"}]},{\"@type\":\"WebSite\",\"@id\":\"https:\\\/\\\/www.feuerwehr-halberstadt.de\\\/#website\",\"url\":\"https:\\\/\\\/www.feuerwehr-halberstadt.de\\\/\",\"name\":\"Feuerwehr Halberstadt\",\"description\":\"#imEinsatzf\u00fcrHalberstadt\",\"publisher\":{\"@id\":\"https:\\\/\\\/www.feuerwehr-halberstadt.de\\\/#organization\"},\"potentialAction\":[{\"@type\":\"SearchAction\",\"target\":{\"@type\":\"EntryPoint\",\"urlTemplate\":\"https:\\\/\\\/www.feuerwehr-halberstadt.de\\\/?s={search_term_string}\"},\"query-input\":{\"@type\":\"PropertyValueSpecification\",\"valueRequired\":true,\"valueName\":\"search_term_string\"}}],\"inLanguage\":\"de\"},{\"@type\":\"Organization\",\"@id\":\"https:\\\/\\\/www.feuerwehr-halberstadt.de\\\/#organization\",\"name\":\"Feuerwehr Halberstadt\",\"url\":\"https:\\\/\\\/www.feuerwehr-halberstadt.de\\\/\",\"logo\":{\"@type\":\"ImageObject\",\"inLanguage\":\"de\",\"@id\":\"https:\\\/\\\/www.feuerwehr-halberstadt.de\\\/#\\\/schema\\\/logo\\\/image\\\/\",\"url\":\"https:\\\/\\\/www.feuerwehr-halberstadt.de\\\/wp-content\\\/uploads\\\/2023\\\/10\\\/IMG_0126.png\",\"contentUrl\":\"https:\\\/\\\/www.feuerwehr-halberstadt.de\\\/wp-content\\\/uploads\\\/2023\\\/10\\\/IMG_0126.png\",\"width\":1500,\"height\":399,\"caption\":\"Feuerwehr Halberstadt\"},\"image\":{\"@id\":\"https:\\\/\\\/www.feuerwehr-halberstadt.de\\\/#\\\/schema\\\/logo\\\/image\\\/\"},\"sameAs\":[\"https:\\\/\\\/www.facebook.com\\\/FeuerwehrHalberstadt\\\/\"]},{\"@type\":\"Person\",\"@id\":\"https:\\\/\\\/www.feuerwehr-halberstadt.de\\\/#\\\/schema\\\/person\\\/55ce5d9b46008e58cd3d55d4116ec727\",\"name\":\"Buchold, Chris\",\"image\":{\"@type\":\"ImageObject\",\"inLanguage\":\"de\",\"@id\":\"https:\\\/\\\/secure.gravatar.com\\\/avatar\\\/bff08a084f0390bf8a93fc28c488452766ba521109cec244ac64210fdd500a49?s=96&d=mm&r=g\",\"url\":\"https:\\\/\\\/secure.gravatar.com\\\/avatar\\\/bff08a084f0390bf8a93fc28c488452766ba521109cec244ac64210fdd500a49?s=96&d=mm&r=g\",\"contentUrl\":\"https:\\\/\\\/secure.gravatar.com\\\/avatar\\\/bff08a084f0390bf8a93fc28c488452766ba521109cec244ac64210fdd500a49?s=96&d=mm&r=g\",\"caption\":\"Buchold, Chris\"},\"url\":\"https:\\\/\\\/www.feuerwehr-halberstadt.de\\\/?author=3\"}]}<\/script>\n<!-- \/ Yoast SEO plugin. -->","yoast_head_json":{"title":"Bundesweiter Warntag am 10. September - Feuerwehr Halberstadt","robots":{"index":"index","follow":"follow","max-snippet":"max-snippet:-1","max-image-preview":"max-image-preview:large","max-video-preview":"max-video-preview:-1"},"canonical":"https:\/\/www.feuerwehr-halberstadt.de\/?p=11220","og_locale":"de_DE","og_type":"article","og_title":"Bundesweiter Warntag am 10. September - Feuerwehr Halberstadt","og_description":"Der bundesweite Warntag findet erstmals am 10. September 2020 statt und wird ab dann j\u00e4hrlich an jedem zweiten Donnerstag im September durchgef\u00fchrt. Am gemeinsamen Aktionstag von&nbsp;Bund und L\u00e4ndern&nbsp;werden in ganz Deutschland s\u00e4mtliche Warnmittel erprobt. P\u00fcnktlich um 11:00 Uhr werden zeitgleich in Landkreisen und Kommunen in allen L\u00e4ndern mit einem Probealarm die Warnmittel wie beispielsweise&nbsp;Sirenen&nbsp;ausgel\u00f6st. Was [&hellip;]","og_url":"https:\/\/www.feuerwehr-halberstadt.de\/?p=11220","og_site_name":"Feuerwehr Halberstadt","article_publisher":"https:\/\/www.facebook.com\/FeuerwehrHalberstadt\/","article_published_time":"2020-09-05T14:02:32+00:00","article_modified_time":"2020-09-05T14:04:07+00:00","og_image":[{"width":1200,"height":600,"url":"https:\/\/www.feuerwehr-halberstadt.de\/wp-content\/uploads\/2020\/09\/5060091A-8615-4CB3-B36E-E8A39B4F3921.png","type":"image\/png"}],"author":"Buchold, Chris","twitter_card":"summary_large_image","twitter_misc":{"Verfasst von":"Buchold, Chris","Gesch\u00e4tzte Lesezeit":"2\u00a0Minuten"},"schema":{"@context":"https:\/\/schema.org","@graph":[{"@type":"Article","@id":"https:\/\/www.feuerwehr-halberstadt.de\/?p=11220#article","isPartOf":{"@id":"https:\/\/www.feuerwehr-halberstadt.de\/?p=11220"},"author":{"name":"Buchold, Chris","@id":"https:\/\/www.feuerwehr-halberstadt.de\/#\/schema\/person\/55ce5d9b46008e58cd3d55d4116ec727"},"headline":"Bundesweiter Warntag am 10. September","datePublished":"2020-09-05T14:02:32+00:00","dateModified":"2020-09-05T14:04:07+00:00","mainEntityOfPage":{"@id":"https:\/\/www.feuerwehr-halberstadt.de\/?p=11220"},"wordCount":335,"publisher":{"@id":"https:\/\/www.feuerwehr-halberstadt.de\/#organization"},"image":{"@id":"https:\/\/www.feuerwehr-halberstadt.de\/?p=11220#primaryimage"},"thumbnailUrl":"https:\/\/www.feuerwehr-halberstadt.de\/wp-content\/uploads\/2020\/09\/5060091A-8615-4CB3-B36E-E8A39B4F3921.png","articleSection":["Information"],"inLanguage":"de"},{"@type":"WebPage","@id":"https:\/\/www.feuerwehr-halberstadt.de\/?p=11220","url":"https:\/\/www.feuerwehr-halberstadt.de\/?p=11220","name":"Bundesweiter Warntag am 10. September - Feuerwehr Halberstadt","isPartOf":{"@id":"https:\/\/www.feuerwehr-halberstadt.de\/#website"},"primaryImageOfPage":{"@id":"https:\/\/www.feuerwehr-halberstadt.de\/?p=11220#primaryimage"},"image":{"@id":"https:\/\/www.feuerwehr-halberstadt.de\/?p=11220#primaryimage"},"thumbnailUrl":"https:\/\/www.feuerwehr-halberstadt.de\/wp-content\/uploads\/2020\/09\/5060091A-8615-4CB3-B36E-E8A39B4F3921.png","datePublished":"2020-09-05T14:02:32+00:00","dateModified":"2020-09-05T14:04:07+00:00","breadcrumb":{"@id":"https:\/\/www.feuerwehr-halberstadt.de\/?p=11220#breadcrumb"},"inLanguage":"de","potentialAction":[{"@type":"ReadAction","target":["https:\/\/www.feuerwehr-halberstadt.de\/?p=11220"]}]},{"@type":"ImageObject","inLanguage":"de","@id":"https:\/\/www.feuerwehr-halberstadt.de\/?p=11220#primaryimage","url":"https:\/\/www.feuerwehr-halberstadt.de\/wp-content\/uploads\/2020\/09\/5060091A-8615-4CB3-B36E-E8A39B4F3921.png","contentUrl":"https:\/\/www.feuerwehr-halberstadt.de\/wp-content\/uploads\/2020\/09\/5060091A-8615-4CB3-B36E-E8A39B4F3921.png","width":1200,"height":600},{"@type":"BreadcrumbList","@id":"https:\/\/www.feuerwehr-halberstadt.de\/?p=11220#breadcrumb","itemListElement":[{"@type":"ListItem","position":1,"name":"Startseite","item":"https:\/\/www.feuerwehr-halberstadt.de\/"},{"@type":"ListItem","position":2,"name":"Bundesweiter Warntag am 10. September"}]},{"@type":"WebSite","@id":"https:\/\/www.feuerwehr-halberstadt.de\/#website","url":"https:\/\/www.feuerwehr-halberstadt.de\/","name":"Feuerwehr Halberstadt","description":"#imEinsatzf\u00fcrHalberstadt","publisher":{"@id":"https:\/\/www.feuerwehr-halberstadt.de\/#organization"},"potentialAction":[{"@type":"SearchAction","target":{"@type":"EntryPoint","urlTemplate":"https:\/\/www.feuerwehr-halberstadt.de\/?s={search_term_string}"},"query-input":{"@type":"PropertyValueSpecification","valueRequired":true,"valueName":"search_term_string"}}],"inLanguage":"de"},{"@type":"Organization","@id":"https:\/\/www.feuerwehr-halberstadt.de\/#organization","name":"Feuerwehr Halberstadt","url":"https:\/\/www.feuerwehr-halberstadt.de\/","logo":{"@type":"ImageObject","inLanguage":"de","@id":"https:\/\/www.feuerwehr-halberstadt.de\/#\/schema\/logo\/image\/","url":"https:\/\/www.feuerwehr-halberstadt.de\/wp-content\/uploads\/2023\/10\/IMG_0126.png","contentUrl":"https:\/\/www.feuerwehr-halberstadt.de\/wp-content\/uploads\/2023\/10\/IMG_0126.png","width":1500,"height":399,"caption":"Feuerwehr Halberstadt"},"image":{"@id":"https:\/\/www.feuerwehr-halberstadt.de\/#\/schema\/logo\/image\/"},"sameAs":["https:\/\/www.facebook.com\/FeuerwehrHalberstadt\/"]},{"@type":"Person","@id":"https:\/\/www.feuerwehr-halberstadt.de\/#\/schema\/person\/55ce5d9b46008e58cd3d55d4116ec727","name":"Buchold, Chris","image":{"@type":"ImageObject","inLanguage":"de","@id":"https:\/\/secure.gravatar.com\/avatar\/bff08a084f0390bf8a93fc28c488452766ba521109cec244ac64210fdd500a49?s=96&d=mm&r=g","url":"https:\/\/secure.gravatar.com\/avatar\/bff08a084f0390bf8a93fc28c488452766ba521109cec244ac64210fdd500a49?s=96&d=mm&r=g","contentUrl":"https:\/\/secure.gravatar.com\/avatar\/bff08a084f0390bf8a93fc28c488452766ba521109cec244ac64210fdd500a49?s=96&d=mm&r=g","caption":"Buchold, Chris"},"url":"https:\/\/www.feuerwehr-halberstadt.de\/?author=3"}]}},"_links":{"self":[{"href":"https:\/\/www.feuerwehr-halberstadt.de\/index.php?rest_route=\/wp\/v2\/posts\/11220","targetHints":{"allow":["GET"]}}],"collection":[{"href":"https:\/\/www.feuerwehr-halberstadt.de\/index.php?rest_route=\/wp\/v2\/posts"}],"about":[{"href":"https:\/\/www.feuerwehr-halberstadt.de\/index.php?rest_route=\/wp\/v2\/types\/post"}],"author":[{"embeddable":true,"href":"https:\/\/www.feuerwehr-halberstadt.de\/index.php?rest_route=\/wp\/v2\/users\/3"}],"replies":[{"embeddable":true,"href":"https:\/\/www.feuerwehr-halberstadt.de\/index.php?rest_route=%2Fwp%2Fv2%2Fcomments&post=11220"}],"version-history":[{"count":6,"href":"https:\/\/www.feuerwehr-halberstadt.de\/index.php?rest_route=\/wp\/v2\/posts\/11220\/revisions"}],"predecessor-version":[{"id":11228,"href":"https:\/\/www.feuerwehr-halberstadt.de\/index.php?rest_route=\/wp\/v2\/posts\/11220\/revisions\/11228"}],"wp:featuredmedia":[{"embeddable":true,"href":"https:\/\/www.feuerwehr-halberstadt.de\/index.php?rest_route=\/wp\/v2\/media\/11222"}],"wp:attachment":[{"href":"https:\/\/www.feuerwehr-halberstadt.de\/index.php?rest_route=%2Fwp%2Fv2%2Fmedia&parent=11220"}],"wp:term":[{"taxonomy":"category","embeddable":true,"href":"https:\/\/www.feuerwehr-halberstadt.de\/index.php?rest_route=%2Fwp%2Fv2%2Fcategories&post=11220"},{"taxonomy":"post_tag","embeddable":true,"href":"https:\/\/www.feuerwehr-halberstadt.de\/index.php?rest_route=%2Fwp%2Fv2%2Ftags&post=11220"}],"curies":[{"name":"wp","href":"https:\/\/api.w.org\/{rel}","templated":true}]}}