{"id":11200,"date":"2020-09-30T10:29:03","date_gmt":"2020-09-30T08:29:03","guid":{"rendered":"http:\/\/www.feuerwehr-halberstadt.de\/?p=11200"},"modified":"2020-09-30T22:32:11","modified_gmt":"2020-09-30T20:32:11","slug":"erste-frau-bei-der-hauptberuflichen-wachbereitschaft-befoerderung-in-den-gehobenen-dienst","status":"publish","type":"post","link":"https:\/\/www.feuerwehr-halberstadt.de\/?p=11200","title":{"rendered":"Erste Frau bei der Hauptberuflichen Wachbereitschaft \/ Bef\u00f6rderung in den gehobenen Dienst"},"content":{"rendered":"\n<p class=\"has-medium-font-size\"><strong>Ernennung der ersten hauptberuflichen Feuerwehrfrau<\/strong><\/p>\n\n\n\n<p>Sie ist die erste Frau im mittleren Dienst bei der Hauptberuflichen Wachbereitschaft der Feuerwehr Halberstadt: Julia Mnich.<\/p>\n\n\n\n<p>Die 32-J\u00e4hrige steht nur ungern als erste Frau im Mittelpunkt, aber ihre Einstellung ist etwas besonderes. Seit 1909 existiert in Halberstadt eine Feuerwehr mit hauptberuflichen Kr\u00e4ften (vergleichbar mit einer Berufsfeuerwehr), doch eine Frau fehlte in deren Reihen bisher immer.&nbsp;<\/p>\n\n\n\n<p>Schl\u00fcpft sie in ihre Berufskleidung, gibt es keinen Unterschied zwischen ihr und ihren Kollegen. Sie tr\u00e4gt die gleiche dunkle Stoffhose und das gleiche dunkelblaue T-Shirt mit dem Schriftzug \u201eFeuerwehr Halberstadt\u201c auf der linken Brust. Nur zu offiziellen Anl\u00e4ssen schl\u00fcpft sie in eine Bluse, ihre Kollegen in ein Hemd.&nbsp;<\/p>\n\n\n\n<p>Die ausgebildete Notfallsanit\u00e4terin kann bereits auf eine lange Feuerwehrmitgliedschaft zur\u00fcckblicken. Seit 2004 ist sie Mitglied einer Freiwilligen Feuerwehr, weshalb es nicht verwundert, dass sie nach vielen Jahren ihr Ehrenamt zum Beruf gemacht hat.&nbsp;<\/p>\n\n\n\n<p>W\u00e4hrend der heutigen Dienstberatung des Oberb\u00fcrgermeisters wurde Julia Mnich in das Beamtenverh\u00e4ltnis auf Probe berufen. &#8222;Damit schreiben wir Geschichte&#8220; erkl\u00e4rte Abteilungsleiter Ingo Wetzel. &#8222;Die Feuerwehr ist l\u00e4ngst keine reine M\u00e4nnerdom\u00e4ne mehr.&#8220;<\/p>\n\n\n\n<p>Viel Erfolg und willkommen in der Halberst\u00e4dter Feuerwehr!<\/p>\n\n\n\n<hr class=\"wp-block-separator\"\/>\n\n\n\n<p class=\"has-medium-font-size\"><strong>Bef\u00f6rderung zum Oberbrandinspektor<\/strong><\/p>\n\n\n\n<p>Zur heutigen Dienstberatung des Oberb\u00fcrgermeisters wurde Candy Eitz, nach erfolgreichem Abschluss aller n\u00f6tigen Lehrg\u00e4nge und Ausbildungsabschnitte, vom Oberbrandmeister zum Oberbrandinspektor bef\u00f6rdert.<\/p>\n\n\n\n<p>Vor zwei Jahren begann er seinen Aufstieg vom mittleren in den gehobenen feuerwehrtechnischen Dienst, mit zahlreichen theoretischen und praktischen Ausbildungseinheiten am Institut f\u00fcr Brand- und Katastrophenschutz (IBK) in Heyrothsberge, sowie den Berufsfeuerwehren Leipzig und Erfurt. <br><br>Candy Eitz vervollst\u00e4ndigt nun die Leitung der Halberst\u00e4dter Feuerwehr um Brandamtsrat Ingo Wetzel und Brandoberinspektor Michael Festerling.<br><br>Herzlichen Gl\u00fcckwunsch und weiterhin viel Erfolg bei der Feuerwehr Halberstadt! <\/p>\n\n\n\n<figure class=\"wp-block-gallery columns-3 is-cropped wp-block-gallery-1 is-layout-flex wp-block-gallery-is-layout-flex\"><ul class=\"blocks-gallery-grid\"><li class=\"blocks-gallery-item\"><figure><a href=\"https:\/\/www.feuerwehr-halberstadt.de\/wp-content\/uploads\/2020\/09\/IMG_90641-1-1024x683.jpg\"><img loading=\"lazy\" decoding=\"async\" width=\"1024\" height=\"683\" src=\"https:\/\/www.feuerwehr-halberstadt.de\/wp-content\/uploads\/2020\/09\/IMG_90641-1-1024x683.jpg\" alt=\"\" data-id=\"11289\" data-link=\"https:\/\/www.feuerwehr-halberstadt.de\/?attachment_id=11289\" class=\"wp-image-11289\" srcset=\"https:\/\/www.feuerwehr-halberstadt.de\/wp-content\/uploads\/2020\/09\/IMG_90641-1-1024x683.jpg 1024w, https:\/\/www.feuerwehr-halberstadt.de\/wp-content\/uploads\/2020\/09\/IMG_90641-1-300x200.jpg 300w, https:\/\/www.feuerwehr-halberstadt.de\/wp-content\/uploads\/2020\/09\/IMG_90641-1-768x512.jpg 768w, https:\/\/www.feuerwehr-halberstadt.de\/wp-content\/uploads\/2020\/09\/IMG_90641-1-1536x1024.jpg 1536w, https:\/\/www.feuerwehr-halberstadt.de\/wp-content\/uploads\/2020\/09\/IMG_90641-1-2048x1365.jpg 2048w\" sizes=\"auto, (max-width: 1024px) 100vw, 1024px\" \/><\/a><\/figure><\/li><li class=\"blocks-gallery-item\"><figure><a href=\"https:\/\/www.feuerwehr-halberstadt.de\/wp-content\/uploads\/2020\/09\/IMG_9086-1-scaled.jpg\"><img loading=\"lazy\" decoding=\"async\" width=\"1024\" height=\"683\" src=\"https:\/\/www.feuerwehr-halberstadt.de\/wp-content\/uploads\/2020\/09\/IMG_9086-1-1024x683.jpg\" alt=\"\" data-id=\"11293\" data-full-url=\"https:\/\/www.feuerwehr-halberstadt.de\/wp-content\/uploads\/2020\/09\/IMG_9086-1-scaled.jpg\" data-link=\"https:\/\/www.feuerwehr-halberstadt.de\/?attachment_id=11293\" class=\"wp-image-11293\" srcset=\"https:\/\/www.feuerwehr-halberstadt.de\/wp-content\/uploads\/2020\/09\/IMG_9086-1-1024x683.jpg 1024w, https:\/\/www.feuerwehr-halberstadt.de\/wp-content\/uploads\/2020\/09\/IMG_9086-1-300x200.jpg 300w, https:\/\/www.feuerwehr-halberstadt.de\/wp-content\/uploads\/2020\/09\/IMG_9086-1-768x512.jpg 768w, https:\/\/www.feuerwehr-halberstadt.de\/wp-content\/uploads\/2020\/09\/IMG_9086-1-1536x1024.jpg 1536w, https:\/\/www.feuerwehr-halberstadt.de\/wp-content\/uploads\/2020\/09\/IMG_9086-1-2048x1365.jpg 2048w\" sizes=\"auto, (max-width: 1024px) 100vw, 1024px\" \/><\/a><\/figure><\/li><li class=\"blocks-gallery-item\"><figure><a href=\"https:\/\/www.feuerwehr-halberstadt.de\/wp-content\/uploads\/2020\/09\/IMG_9092-1-scaled.jpg\"><img loading=\"lazy\" decoding=\"async\" width=\"1024\" height=\"683\" src=\"https:\/\/www.feuerwehr-halberstadt.de\/wp-content\/uploads\/2020\/09\/IMG_9092-1-1024x683.jpg\" alt=\"\" data-id=\"11294\" data-full-url=\"https:\/\/www.feuerwehr-halberstadt.de\/wp-content\/uploads\/2020\/09\/IMG_9092-1-scaled.jpg\" data-link=\"https:\/\/www.feuerwehr-halberstadt.de\/?attachment_id=11294\" class=\"wp-image-11294\" srcset=\"https:\/\/www.feuerwehr-halberstadt.de\/wp-content\/uploads\/2020\/09\/IMG_9092-1-1024x683.jpg 1024w, https:\/\/www.feuerwehr-halberstadt.de\/wp-content\/uploads\/2020\/09\/IMG_9092-1-300x200.jpg 300w, https:\/\/www.feuerwehr-halberstadt.de\/wp-content\/uploads\/2020\/09\/IMG_9092-1-768x512.jpg 768w, https:\/\/www.feuerwehr-halberstadt.de\/wp-content\/uploads\/2020\/09\/IMG_9092-1-1536x1024.jpg 1536w, https:\/\/www.feuerwehr-halberstadt.de\/wp-content\/uploads\/2020\/09\/IMG_9092-1-2048x1365.jpg 2048w\" sizes=\"auto, (max-width: 1024px) 100vw, 1024px\" \/><\/a><\/figure><\/li><\/ul><\/figure>\n","protected":false},"excerpt":{"rendered":"<p>Ernennung der ersten hauptberuflichen Feuerwehrfrau Sie ist die erste Frau im mittleren Dienst bei der Hauptberuflichen Wachbereitschaft der Feuerwehr Halberstadt: Julia Mnich. Die 32-J\u00e4hrige steht nur ungern als erste Frau im Mittelpunkt, aber ihre Einstellung ist etwas besonderes. Seit 1909 existiert in Halberstadt eine Feuerwehr mit hauptberuflichen Kr\u00e4ften (vergleichbar mit einer Berufsfeuerwehr), doch eine Frau [&hellip;]<\/p>\n","protected":false},"author":3,"featured_media":11282,"comment_status":"closed","ping_status":"closed","sticky":false,"template":"","format":"standard","meta":{"_acf_changed":false,"footnotes":""},"categories":[31,11],"tags":[],"class_list":["post-11200","post","type-post","status-publish","format-standard","has-post-thumbnail","hentry","category-information","category-wache"],"acf":[],"yoast_head":"<!-- This site is optimized with the Yoast SEO plugin v27.5 - https:\/\/yoast.com\/product\/yoast-seo-wordpress\/ -->\n<title>Erste Frau bei der Hauptberuflichen Wachbereitschaft \/ Bef\u00f6rderung in den gehobenen Dienst - Feuerwehr Halberstadt<\/title>\n<meta name=\"robots\" content=\"index, follow, max-snippet:-1, max-image-preview:large, max-video-preview:-1\" \/>\n<link rel=\"canonical\" href=\"https:\/\/www.feuerwehr-halberstadt.de\/?p=11200\" \/>\n<meta property=\"og:locale\" content=\"de_DE\" \/>\n<meta property=\"og:type\" content=\"article\" \/>\n<meta property=\"og:title\" content=\"Erste Frau bei der Hauptberuflichen Wachbereitschaft \/ Bef\u00f6rderung in den gehobenen Dienst - Feuerwehr Halberstadt\" \/>\n<meta property=\"og:description\" content=\"Ernennung der ersten hauptberuflichen Feuerwehrfrau Sie ist die erste Frau im mittleren Dienst bei der Hauptberuflichen Wachbereitschaft der Feuerwehr Halberstadt: Julia Mnich. Die 32-J\u00e4hrige steht nur ungern als erste Frau im Mittelpunkt, aber ihre Einstellung ist etwas besonderes. Seit 1909 existiert in Halberstadt eine Feuerwehr mit hauptberuflichen Kr\u00e4ften (vergleichbar mit einer Berufsfeuerwehr), doch eine Frau [&hellip;]\" \/>\n<meta property=\"og:url\" content=\"https:\/\/www.feuerwehr-halberstadt.de\/?p=11200\" \/>\n<meta property=\"og:site_name\" content=\"Feuerwehr Halberstadt\" \/>\n<meta property=\"article:publisher\" content=\"https:\/\/www.facebook.com\/FeuerwehrHalberstadt\/\" \/>\n<meta property=\"article:published_time\" content=\"2020-09-30T08:29:03+00:00\" \/>\n<meta property=\"article:modified_time\" content=\"2020-09-30T20:32:11+00:00\" \/>\n<meta property=\"og:image\" content=\"https:\/\/www.feuerwehr-halberstadt.de\/wp-content\/uploads\/2020\/09\/IMG_9061-scaled.jpg\" \/>\n\t<meta property=\"og:image:width\" content=\"2560\" \/>\n\t<meta property=\"og:image:height\" content=\"1707\" \/>\n\t<meta property=\"og:image:type\" content=\"image\/jpeg\" \/>\n<meta name=\"author\" content=\"Buchold, Chris\" \/>\n<meta name=\"twitter:card\" content=\"summary_large_image\" \/>\n<meta name=\"twitter:label1\" content=\"Verfasst von\" \/>\n\t<meta name=\"twitter:data1\" content=\"Buchold, Chris\" \/>\n\t<meta name=\"twitter:label2\" content=\"Gesch\u00e4tzte Lesezeit\" \/>\n\t<meta name=\"twitter:data2\" content=\"1\u00a0Minute\" \/>\n<script type=\"application\/ld+json\" class=\"yoast-schema-graph\">{\"@context\":\"https:\\\/\\\/schema.org\",\"@graph\":[{\"@type\":\"Article\",\"@id\":\"https:\\\/\\\/www.feuerwehr-halberstadt.de\\\/?p=11200#article\",\"isPartOf\":{\"@id\":\"https:\\\/\\\/www.feuerwehr-halberstadt.de\\\/?p=11200\"},\"author\":{\"name\":\"Buchold, Chris\",\"@id\":\"https:\\\/\\\/www.feuerwehr-halberstadt.de\\\/#\\\/schema\\\/person\\\/55ce5d9b46008e58cd3d55d4116ec727\"},\"headline\":\"Erste Frau bei der Hauptberuflichen Wachbereitschaft \\\/ Bef\u00f6rderung in den gehobenen Dienst\",\"datePublished\":\"2020-09-30T08:29:03+00:00\",\"dateModified\":\"2020-09-30T20:32:11+00:00\",\"mainEntityOfPage\":{\"@id\":\"https:\\\/\\\/www.feuerwehr-halberstadt.de\\\/?p=11200\"},\"wordCount\":305,\"publisher\":{\"@id\":\"https:\\\/\\\/www.feuerwehr-halberstadt.de\\\/#organization\"},\"image\":{\"@id\":\"https:\\\/\\\/www.feuerwehr-halberstadt.de\\\/?p=11200#primaryimage\"},\"thumbnailUrl\":\"https:\\\/\\\/www.feuerwehr-halberstadt.de\\\/wp-content\\\/uploads\\\/2020\\\/09\\\/IMG_9061-scaled.jpg\",\"articleSection\":[\"Information\",\"Wache\"],\"inLanguage\":\"de\"},{\"@type\":\"WebPage\",\"@id\":\"https:\\\/\\\/www.feuerwehr-halberstadt.de\\\/?p=11200\",\"url\":\"https:\\\/\\\/www.feuerwehr-halberstadt.de\\\/?p=11200\",\"name\":\"Erste Frau bei der Hauptberuflichen Wachbereitschaft \\\/ Bef\u00f6rderung in den gehobenen Dienst - Feuerwehr Halberstadt\",\"isPartOf\":{\"@id\":\"https:\\\/\\\/www.feuerwehr-halberstadt.de\\\/#website\"},\"primaryImageOfPage\":{\"@id\":\"https:\\\/\\\/www.feuerwehr-halberstadt.de\\\/?p=11200#primaryimage\"},\"image\":{\"@id\":\"https:\\\/\\\/www.feuerwehr-halberstadt.de\\\/?p=11200#primaryimage\"},\"thumbnailUrl\":\"https:\\\/\\\/www.feuerwehr-halberstadt.de\\\/wp-content\\\/uploads\\\/2020\\\/09\\\/IMG_9061-scaled.jpg\",\"datePublished\":\"2020-09-30T08:29:03+00:00\",\"dateModified\":\"2020-09-30T20:32:11+00:00\",\"breadcrumb\":{\"@id\":\"https:\\\/\\\/www.feuerwehr-halberstadt.de\\\/?p=11200#breadcrumb\"},\"inLanguage\":\"de\",\"potentialAction\":[{\"@type\":\"ReadAction\",\"target\":[\"https:\\\/\\\/www.feuerwehr-halberstadt.de\\\/?p=11200\"]}]},{\"@type\":\"ImageObject\",\"inLanguage\":\"de\",\"@id\":\"https:\\\/\\\/www.feuerwehr-halberstadt.de\\\/?p=11200#primaryimage\",\"url\":\"https:\\\/\\\/www.feuerwehr-halberstadt.de\\\/wp-content\\\/uploads\\\/2020\\\/09\\\/IMG_9061-scaled.jpg\",\"contentUrl\":\"https:\\\/\\\/www.feuerwehr-halberstadt.de\\\/wp-content\\\/uploads\\\/2020\\\/09\\\/IMG_9061-scaled.jpg\",\"width\":2560,\"height\":1707},{\"@type\":\"BreadcrumbList\",\"@id\":\"https:\\\/\\\/www.feuerwehr-halberstadt.de\\\/?p=11200#breadcrumb\",\"itemListElement\":[{\"@type\":\"ListItem\",\"position\":1,\"name\":\"Startseite\",\"item\":\"https:\\\/\\\/www.feuerwehr-halberstadt.de\\\/\"},{\"@type\":\"ListItem\",\"position\":2,\"name\":\"Erste Frau bei der Hauptberuflichen Wachbereitschaft \\\/ Bef\u00f6rderung in den gehobenen Dienst\"}]},{\"@type\":\"WebSite\",\"@id\":\"https:\\\/\\\/www.feuerwehr-halberstadt.de\\\/#website\",\"url\":\"https:\\\/\\\/www.feuerwehr-halberstadt.de\\\/\",\"name\":\"Feuerwehr Halberstadt\",\"description\":\"#imEinsatzf\u00fcrHalberstadt\",\"publisher\":{\"@id\":\"https:\\\/\\\/www.feuerwehr-halberstadt.de\\\/#organization\"},\"potentialAction\":[{\"@type\":\"SearchAction\",\"target\":{\"@type\":\"EntryPoint\",\"urlTemplate\":\"https:\\\/\\\/www.feuerwehr-halberstadt.de\\\/?s={search_term_string}\"},\"query-input\":{\"@type\":\"PropertyValueSpecification\",\"valueRequired\":true,\"valueName\":\"search_term_string\"}}],\"inLanguage\":\"de\"},{\"@type\":\"Organization\",\"@id\":\"https:\\\/\\\/www.feuerwehr-halberstadt.de\\\/#organization\",\"name\":\"Feuerwehr Halberstadt\",\"url\":\"https:\\\/\\\/www.feuerwehr-halberstadt.de\\\/\",\"logo\":{\"@type\":\"ImageObject\",\"inLanguage\":\"de\",\"@id\":\"https:\\\/\\\/www.feuerwehr-halberstadt.de\\\/#\\\/schema\\\/logo\\\/image\\\/\",\"url\":\"https:\\\/\\\/www.feuerwehr-halberstadt.de\\\/wp-content\\\/uploads\\\/2023\\\/10\\\/IMG_0126.png\",\"contentUrl\":\"https:\\\/\\\/www.feuerwehr-halberstadt.de\\\/wp-content\\\/uploads\\\/2023\\\/10\\\/IMG_0126.png\",\"width\":1500,\"height\":399,\"caption\":\"Feuerwehr Halberstadt\"},\"image\":{\"@id\":\"https:\\\/\\\/www.feuerwehr-halberstadt.de\\\/#\\\/schema\\\/logo\\\/image\\\/\"},\"sameAs\":[\"https:\\\/\\\/www.facebook.com\\\/FeuerwehrHalberstadt\\\/\"]},{\"@type\":\"Person\",\"@id\":\"https:\\\/\\\/www.feuerwehr-halberstadt.de\\\/#\\\/schema\\\/person\\\/55ce5d9b46008e58cd3d55d4116ec727\",\"name\":\"Buchold, Chris\",\"image\":{\"@type\":\"ImageObject\",\"inLanguage\":\"de\",\"@id\":\"https:\\\/\\\/secure.gravatar.com\\\/avatar\\\/bff08a084f0390bf8a93fc28c488452766ba521109cec244ac64210fdd500a49?s=96&d=mm&r=g\",\"url\":\"https:\\\/\\\/secure.gravatar.com\\\/avatar\\\/bff08a084f0390bf8a93fc28c488452766ba521109cec244ac64210fdd500a49?s=96&d=mm&r=g\",\"contentUrl\":\"https:\\\/\\\/secure.gravatar.com\\\/avatar\\\/bff08a084f0390bf8a93fc28c488452766ba521109cec244ac64210fdd500a49?s=96&d=mm&r=g\",\"caption\":\"Buchold, Chris\"},\"url\":\"https:\\\/\\\/www.feuerwehr-halberstadt.de\\\/?author=3\"}]}<\/script>\n<!-- \/ Yoast SEO plugin. -->","yoast_head_json":{"title":"Erste Frau bei der Hauptberuflichen Wachbereitschaft \/ Bef\u00f6rderung in den gehobenen Dienst - Feuerwehr Halberstadt","robots":{"index":"index","follow":"follow","max-snippet":"max-snippet:-1","max-image-preview":"max-image-preview:large","max-video-preview":"max-video-preview:-1"},"canonical":"https:\/\/www.feuerwehr-halberstadt.de\/?p=11200","og_locale":"de_DE","og_type":"article","og_title":"Erste Frau bei der Hauptberuflichen Wachbereitschaft \/ Bef\u00f6rderung in den gehobenen Dienst - Feuerwehr Halberstadt","og_description":"Ernennung der ersten hauptberuflichen Feuerwehrfrau Sie ist die erste Frau im mittleren Dienst bei der Hauptberuflichen Wachbereitschaft der Feuerwehr Halberstadt: Julia Mnich. Die 32-J\u00e4hrige steht nur ungern als erste Frau im Mittelpunkt, aber ihre Einstellung ist etwas besonderes. Seit 1909 existiert in Halberstadt eine Feuerwehr mit hauptberuflichen Kr\u00e4ften (vergleichbar mit einer Berufsfeuerwehr), doch eine Frau [&hellip;]","og_url":"https:\/\/www.feuerwehr-halberstadt.de\/?p=11200","og_site_name":"Feuerwehr Halberstadt","article_publisher":"https:\/\/www.facebook.com\/FeuerwehrHalberstadt\/","article_published_time":"2020-09-30T08:29:03+00:00","article_modified_time":"2020-09-30T20:32:11+00:00","og_image":[{"width":2560,"height":1707,"url":"https:\/\/www.feuerwehr-halberstadt.de\/wp-content\/uploads\/2020\/09\/IMG_9061-scaled.jpg","type":"image\/jpeg"}],"author":"Buchold, Chris","twitter_card":"summary_large_image","twitter_misc":{"Verfasst von":"Buchold, Chris","Gesch\u00e4tzte Lesezeit":"1\u00a0Minute"},"schema":{"@context":"https:\/\/schema.org","@graph":[{"@type":"Article","@id":"https:\/\/www.feuerwehr-halberstadt.de\/?p=11200#article","isPartOf":{"@id":"https:\/\/www.feuerwehr-halberstadt.de\/?p=11200"},"author":{"name":"Buchold, Chris","@id":"https:\/\/www.feuerwehr-halberstadt.de\/#\/schema\/person\/55ce5d9b46008e58cd3d55d4116ec727"},"headline":"Erste Frau bei der Hauptberuflichen Wachbereitschaft \/ Bef\u00f6rderung in den gehobenen Dienst","datePublished":"2020-09-30T08:29:03+00:00","dateModified":"2020-09-30T20:32:11+00:00","mainEntityOfPage":{"@id":"https:\/\/www.feuerwehr-halberstadt.de\/?p=11200"},"wordCount":305,"publisher":{"@id":"https:\/\/www.feuerwehr-halberstadt.de\/#organization"},"image":{"@id":"https:\/\/www.feuerwehr-halberstadt.de\/?p=11200#primaryimage"},"thumbnailUrl":"https:\/\/www.feuerwehr-halberstadt.de\/wp-content\/uploads\/2020\/09\/IMG_9061-scaled.jpg","articleSection":["Information","Wache"],"inLanguage":"de"},{"@type":"WebPage","@id":"https:\/\/www.feuerwehr-halberstadt.de\/?p=11200","url":"https:\/\/www.feuerwehr-halberstadt.de\/?p=11200","name":"Erste Frau bei der Hauptberuflichen Wachbereitschaft \/ Bef\u00f6rderung in den gehobenen Dienst - Feuerwehr Halberstadt","isPartOf":{"@id":"https:\/\/www.feuerwehr-halberstadt.de\/#website"},"primaryImageOfPage":{"@id":"https:\/\/www.feuerwehr-halberstadt.de\/?p=11200#primaryimage"},"image":{"@id":"https:\/\/www.feuerwehr-halberstadt.de\/?p=11200#primaryimage"},"thumbnailUrl":"https:\/\/www.feuerwehr-halberstadt.de\/wp-content\/uploads\/2020\/09\/IMG_9061-scaled.jpg","datePublished":"2020-09-30T08:29:03+00:00","dateModified":"2020-09-30T20:32:11+00:00","breadcrumb":{"@id":"https:\/\/www.feuerwehr-halberstadt.de\/?p=11200#breadcrumb"},"inLanguage":"de","potentialAction":[{"@type":"ReadAction","target":["https:\/\/www.feuerwehr-halberstadt.de\/?p=11200"]}]},{"@type":"ImageObject","inLanguage":"de","@id":"https:\/\/www.feuerwehr-halberstadt.de\/?p=11200#primaryimage","url":"https:\/\/www.feuerwehr-halberstadt.de\/wp-content\/uploads\/2020\/09\/IMG_9061-scaled.jpg","contentUrl":"https:\/\/www.feuerwehr-halberstadt.de\/wp-content\/uploads\/2020\/09\/IMG_9061-scaled.jpg","width":2560,"height":1707},{"@type":"BreadcrumbList","@id":"https:\/\/www.feuerwehr-halberstadt.de\/?p=11200#breadcrumb","itemListElement":[{"@type":"ListItem","position":1,"name":"Startseite","item":"https:\/\/www.feuerwehr-halberstadt.de\/"},{"@type":"ListItem","position":2,"name":"Erste Frau bei der Hauptberuflichen Wachbereitschaft \/ Bef\u00f6rderung in den gehobenen Dienst"}]},{"@type":"WebSite","@id":"https:\/\/www.feuerwehr-halberstadt.de\/#website","url":"https:\/\/www.feuerwehr-halberstadt.de\/","name":"Feuerwehr Halberstadt","description":"#imEinsatzf\u00fcrHalberstadt","publisher":{"@id":"https:\/\/www.feuerwehr-halberstadt.de\/#organization"},"potentialAction":[{"@type":"SearchAction","target":{"@type":"EntryPoint","urlTemplate":"https:\/\/www.feuerwehr-halberstadt.de\/?s={search_term_string}"},"query-input":{"@type":"PropertyValueSpecification","valueRequired":true,"valueName":"search_term_string"}}],"inLanguage":"de"},{"@type":"Organization","@id":"https:\/\/www.feuerwehr-halberstadt.de\/#organization","name":"Feuerwehr Halberstadt","url":"https:\/\/www.feuerwehr-halberstadt.de\/","logo":{"@type":"ImageObject","inLanguage":"de","@id":"https:\/\/www.feuerwehr-halberstadt.de\/#\/schema\/logo\/image\/","url":"https:\/\/www.feuerwehr-halberstadt.de\/wp-content\/uploads\/2023\/10\/IMG_0126.png","contentUrl":"https:\/\/www.feuerwehr-halberstadt.de\/wp-content\/uploads\/2023\/10\/IMG_0126.png","width":1500,"height":399,"caption":"Feuerwehr Halberstadt"},"image":{"@id":"https:\/\/www.feuerwehr-halberstadt.de\/#\/schema\/logo\/image\/"},"sameAs":["https:\/\/www.facebook.com\/FeuerwehrHalberstadt\/"]},{"@type":"Person","@id":"https:\/\/www.feuerwehr-halberstadt.de\/#\/schema\/person\/55ce5d9b46008e58cd3d55d4116ec727","name":"Buchold, Chris","image":{"@type":"ImageObject","inLanguage":"de","@id":"https:\/\/secure.gravatar.com\/avatar\/bff08a084f0390bf8a93fc28c488452766ba521109cec244ac64210fdd500a49?s=96&d=mm&r=g","url":"https:\/\/secure.gravatar.com\/avatar\/bff08a084f0390bf8a93fc28c488452766ba521109cec244ac64210fdd500a49?s=96&d=mm&r=g","contentUrl":"https:\/\/secure.gravatar.com\/avatar\/bff08a084f0390bf8a93fc28c488452766ba521109cec244ac64210fdd500a49?s=96&d=mm&r=g","caption":"Buchold, Chris"},"url":"https:\/\/www.feuerwehr-halberstadt.de\/?author=3"}]}},"_links":{"self":[{"href":"https:\/\/www.feuerwehr-halberstadt.de\/index.php?rest_route=\/wp\/v2\/posts\/11200","targetHints":{"allow":["GET"]}}],"collection":[{"href":"https:\/\/www.feuerwehr-halberstadt.de\/index.php?rest_route=\/wp\/v2\/posts"}],"about":[{"href":"https:\/\/www.feuerwehr-halberstadt.de\/index.php?rest_route=\/wp\/v2\/types\/post"}],"author":[{"embeddable":true,"href":"https:\/\/www.feuerwehr-halberstadt.de\/index.php?rest_route=\/wp\/v2\/users\/3"}],"replies":[{"embeddable":true,"href":"https:\/\/www.feuerwehr-halberstadt.de\/index.php?rest_route=%2Fwp%2Fv2%2Fcomments&post=11200"}],"version-history":[{"count":12,"href":"https:\/\/www.feuerwehr-halberstadt.de\/index.php?rest_route=\/wp\/v2\/posts\/11200\/revisions"}],"predecessor-version":[{"id":11297,"href":"https:\/\/www.feuerwehr-halberstadt.de\/index.php?rest_route=\/wp\/v2\/posts\/11200\/revisions\/11297"}],"wp:featuredmedia":[{"embeddable":true,"href":"https:\/\/www.feuerwehr-halberstadt.de\/index.php?rest_route=\/wp\/v2\/media\/11282"}],"wp:attachment":[{"href":"https:\/\/www.feuerwehr-halberstadt.de\/index.php?rest_route=%2Fwp%2Fv2%2Fmedia&parent=11200"}],"wp:term":[{"taxonomy":"category","embeddable":true,"href":"https:\/\/www.feuerwehr-halberstadt.de\/index.php?rest_route=%2Fwp%2Fv2%2Fcategories&post=11200"},{"taxonomy":"post_tag","embeddable":true,"href":"https:\/\/www.feuerwehr-halberstadt.de\/index.php?rest_route=%2Fwp%2Fv2%2Ftags&post=11200"}],"curies":[{"name":"wp","href":"https:\/\/api.w.org\/{rel}","templated":true}]}}