{"id":11102,"date":"2020-08-07T15:25:47","date_gmt":"2020-08-07T13:25:47","guid":{"rendered":"http:\/\/www.feuerwehr-halberstadt.de\/?p=11102"},"modified":"2020-08-08T09:32:36","modified_gmt":"2020-08-08T07:32:36","slug":"dreijaehriger-besucht-seine-lebensretter","status":"publish","type":"post","link":"https:\/\/www.feuerwehr-halberstadt.de\/?p=11102","title":{"rendered":"Dreij\u00e4hriger besucht seine Lebensretter"},"content":{"rendered":"\n<p>Dass der dreij\u00e4hrige Farid heute die Feuerwache in Halberstadt besuchen konnte war nicht selbstverst\u00e4ndlich. Das machte nicht nur ihn, sondern auch die Kameraden der 3. Wachabteilung der Hauptberuflichen Wachbereitschaft gl\u00fccklich. Niemand von ihnen h\u00e4tte gedacht, dass er nach so kurzer Zeit wieder auf den Beinen ist.<br><br>Hintergrund: Die Kameraden der Wachbereitschaft wurden am 01. August in die Huystra\u00dfe zur Unterst\u00fctzung des Rettungsdienstes alarmiert. Ein Rettungswagen (RTW) des Eigenbetrieb Rettungsdienst des LK Harz war vor Ort und forderte die Feuerwehr nach. \u201eLaut Alarmmeldung handelte es sich um einen medizinischen Notfall mit einem Kind. Da z\u00e4hlt jede Sekunde!\u201c berichtet Christian Albrecht. Er war an diesem Tag der diensthabende Schichtf\u00fchrer der Wachbereitschaft und somit als Einsatzleiter der Feuerwehr vor Ort. Zwei Kameraden unterst\u00fctzen den Rettungsdienst bei der medizinischen Versorgung in der Wohnung, w\u00e4hrend die \u00fcbrigen Kameraden den Landeplatz f\u00fcr den ebenfalls alarmierten Rettungshubschrauber einrichteten. Nach der Landung des Rettungshubschraubers \u201eChristoph 30\u201c auf dem nahegelegenen Aldi-Parkplatz, wurde der Notarzt des Rettungshubschraubers, inkl. medizinischer Ger\u00e4te und Rucks\u00e4cke, an die Einsatzstelle gebracht. <br><br>Durch die souver\u00e4ne Notrufbearbeitung in der Leitstelle Harz, bei der auch Anleitungen zur Ersten Hilfe gegeben wurden, durch das professionelle Handeln des Rettungsdienstes und durch die gute Zusammenarbeit zwischen den einzelnen Organisationen, konnte Farid gerettet werden.\u00a0<\/p>\n\n\n\n<p>Farid und seine Familie wollten sich heute mit ihrem Besuch bei den Feuerwehrm\u00e4nnern und den Rettungsdienst Mitarbeitern bedanken. Die Mitarbeiter des Rettungsdienstes, die am 01. August im Einsatz waren, konnten heute nicht pers\u00f6nlich anwesend sein. Stellvertretend kamen zwei Kollegen der selben Rettungswache.<\/p>\n\n\n\n<p>\u201eRettungsdienst, Feuerwehr und Notarzt haben einen super Job gemacht. An alle ein gro\u00dfes Dankesch\u00f6n!\u201c sagte Farids Oma.<\/p>\n\n\n\n<figure class=\"wp-block-gallery columns-3 is-cropped wp-block-gallery-1 is-layout-flex wp-block-gallery-is-layout-flex\"><ul class=\"blocks-gallery-grid\"><li class=\"blocks-gallery-item\"><figure><a href=\"https:\/\/www.feuerwehr-halberstadt.de\/wp-content\/uploads\/2020\/08\/3CE591CD-ED11-487F-9531-2F7D72E5BD24.jpeg\"><img loading=\"lazy\" decoding=\"async\" width=\"1024\" height=\"576\" src=\"https:\/\/www.feuerwehr-halberstadt.de\/wp-content\/uploads\/2020\/08\/3CE591CD-ED11-487F-9531-2F7D72E5BD24-1024x576.jpeg\" alt=\"\" data-id=\"11114\" data-full-url=\"https:\/\/www.feuerwehr-halberstadt.de\/wp-content\/uploads\/2020\/08\/3CE591CD-ED11-487F-9531-2F7D72E5BD24.jpeg\" data-link=\"https:\/\/www.feuerwehr-halberstadt.de\/?attachment_id=11114\" class=\"wp-image-11114\" srcset=\"https:\/\/www.feuerwehr-halberstadt.de\/wp-content\/uploads\/2020\/08\/3CE591CD-ED11-487F-9531-2F7D72E5BD24-1024x576.jpeg 1024w, https:\/\/www.feuerwehr-halberstadt.de\/wp-content\/uploads\/2020\/08\/3CE591CD-ED11-487F-9531-2F7D72E5BD24-300x169.jpeg 300w, https:\/\/www.feuerwehr-halberstadt.de\/wp-content\/uploads\/2020\/08\/3CE591CD-ED11-487F-9531-2F7D72E5BD24-768x432.jpeg 768w, https:\/\/www.feuerwehr-halberstadt.de\/wp-content\/uploads\/2020\/08\/3CE591CD-ED11-487F-9531-2F7D72E5BD24-1536x864.jpeg 1536w, https:\/\/www.feuerwehr-halberstadt.de\/wp-content\/uploads\/2020\/08\/3CE591CD-ED11-487F-9531-2F7D72E5BD24.jpeg 1920w\" sizes=\"auto, (max-width: 1024px) 100vw, 1024px\" \/><\/a><\/figure><\/li><li class=\"blocks-gallery-item\"><figure><a href=\"https:\/\/www.feuerwehr-halberstadt.de\/wp-content\/uploads\/2020\/08\/3478BD90-03FE-4DD8-9614-25A2819AB582.jpeg\"><img loading=\"lazy\" decoding=\"async\" width=\"1024\" height=\"576\" src=\"https:\/\/www.feuerwehr-halberstadt.de\/wp-content\/uploads\/2020\/08\/3478BD90-03FE-4DD8-9614-25A2819AB582-1024x576.jpeg\" alt=\"\" data-id=\"11115\" data-full-url=\"https:\/\/www.feuerwehr-halberstadt.de\/wp-content\/uploads\/2020\/08\/3478BD90-03FE-4DD8-9614-25A2819AB582.jpeg\" data-link=\"https:\/\/www.feuerwehr-halberstadt.de\/?attachment_id=11115\" class=\"wp-image-11115\" srcset=\"https:\/\/www.feuerwehr-halberstadt.de\/wp-content\/uploads\/2020\/08\/3478BD90-03FE-4DD8-9614-25A2819AB582-1024x576.jpeg 1024w, https:\/\/www.feuerwehr-halberstadt.de\/wp-content\/uploads\/2020\/08\/3478BD90-03FE-4DD8-9614-25A2819AB582-300x169.jpeg 300w, https:\/\/www.feuerwehr-halberstadt.de\/wp-content\/uploads\/2020\/08\/3478BD90-03FE-4DD8-9614-25A2819AB582-768x432.jpeg 768w, https:\/\/www.feuerwehr-halberstadt.de\/wp-content\/uploads\/2020\/08\/3478BD90-03FE-4DD8-9614-25A2819AB582-1536x864.jpeg 1536w, https:\/\/www.feuerwehr-halberstadt.de\/wp-content\/uploads\/2020\/08\/3478BD90-03FE-4DD8-9614-25A2819AB582.jpeg 1916w\" sizes=\"auto, (max-width: 1024px) 100vw, 1024px\" \/><\/a><\/figure><\/li><li class=\"blocks-gallery-item\"><figure><a href=\"https:\/\/www.feuerwehr-halberstadt.de\/wp-content\/uploads\/2020\/08\/B8CA2419-417A-4F08-BE55-FA12332EF412.jpeg\"><img loading=\"lazy\" decoding=\"async\" width=\"1024\" height=\"576\" src=\"https:\/\/www.feuerwehr-halberstadt.de\/wp-content\/uploads\/2020\/08\/B8CA2419-417A-4F08-BE55-FA12332EF412-1024x576.jpeg\" alt=\"\" data-id=\"11117\" data-full-url=\"https:\/\/www.feuerwehr-halberstadt.de\/wp-content\/uploads\/2020\/08\/B8CA2419-417A-4F08-BE55-FA12332EF412.jpeg\" data-link=\"https:\/\/www.feuerwehr-halberstadt.de\/?attachment_id=11117\" class=\"wp-image-11117\" srcset=\"https:\/\/www.feuerwehr-halberstadt.de\/wp-content\/uploads\/2020\/08\/B8CA2419-417A-4F08-BE55-FA12332EF412-1024x576.jpeg 1024w, https:\/\/www.feuerwehr-halberstadt.de\/wp-content\/uploads\/2020\/08\/B8CA2419-417A-4F08-BE55-FA12332EF412-300x169.jpeg 300w, https:\/\/www.feuerwehr-halberstadt.de\/wp-content\/uploads\/2020\/08\/B8CA2419-417A-4F08-BE55-FA12332EF412-768x432.jpeg 768w, https:\/\/www.feuerwehr-halberstadt.de\/wp-content\/uploads\/2020\/08\/B8CA2419-417A-4F08-BE55-FA12332EF412-1536x864.jpeg 1536w, https:\/\/www.feuerwehr-halberstadt.de\/wp-content\/uploads\/2020\/08\/B8CA2419-417A-4F08-BE55-FA12332EF412.jpeg 1920w\" sizes=\"auto, (max-width: 1024px) 100vw, 1024px\" \/><\/a><\/figure><\/li><li class=\"blocks-gallery-item\"><figure><a href=\"https:\/\/www.feuerwehr-halberstadt.de\/wp-content\/uploads\/2020\/08\/FF21ADB6-4BAF-41F8-BEBE-DA85108B6582.jpeg\"><img loading=\"lazy\" decoding=\"async\" width=\"1024\" height=\"576\" src=\"https:\/\/www.feuerwehr-halberstadt.de\/wp-content\/uploads\/2020\/08\/FF21ADB6-4BAF-41F8-BEBE-DA85108B6582-1024x576.jpeg\" alt=\"\" data-id=\"11116\" data-full-url=\"https:\/\/www.feuerwehr-halberstadt.de\/wp-content\/uploads\/2020\/08\/FF21ADB6-4BAF-41F8-BEBE-DA85108B6582.jpeg\" data-link=\"https:\/\/www.feuerwehr-halberstadt.de\/?attachment_id=11116\" class=\"wp-image-11116\" srcset=\"https:\/\/www.feuerwehr-halberstadt.de\/wp-content\/uploads\/2020\/08\/FF21ADB6-4BAF-41F8-BEBE-DA85108B6582-1024x576.jpeg 1024w, https:\/\/www.feuerwehr-halberstadt.de\/wp-content\/uploads\/2020\/08\/FF21ADB6-4BAF-41F8-BEBE-DA85108B6582-300x169.jpeg 300w, https:\/\/www.feuerwehr-halberstadt.de\/wp-content\/uploads\/2020\/08\/FF21ADB6-4BAF-41F8-BEBE-DA85108B6582-768x432.jpeg 768w, https:\/\/www.feuerwehr-halberstadt.de\/wp-content\/uploads\/2020\/08\/FF21ADB6-4BAF-41F8-BEBE-DA85108B6582-1536x864.jpeg 1536w, https:\/\/www.feuerwehr-halberstadt.de\/wp-content\/uploads\/2020\/08\/FF21ADB6-4BAF-41F8-BEBE-DA85108B6582.jpeg 1920w\" sizes=\"auto, (max-width: 1024px) 100vw, 1024px\" \/><\/a><\/figure><\/li><\/ul><\/figure>\n","protected":false},"excerpt":{"rendered":"<p>Dass der dreij\u00e4hrige Farid heute die Feuerwache in Halberstadt besuchen konnte war nicht selbstverst\u00e4ndlich. Das machte nicht nur ihn, sondern auch die Kameraden der 3. Wachabteilung der Hauptberuflichen Wachbereitschaft gl\u00fccklich. Niemand von ihnen h\u00e4tte gedacht, dass er nach so kurzer Zeit wieder auf den Beinen ist. Hintergrund: Die Kameraden der Wachbereitschaft wurden am 01. August [&hellip;]<\/p>\n","protected":false},"author":3,"featured_media":11113,"comment_status":"closed","ping_status":"closed","sticky":false,"template":"","format":"standard","meta":{"_acf_changed":false,"footnotes":""},"categories":[9,11],"tags":[],"class_list":["post-11102","post","type-post","status-publish","format-standard","has-post-thumbnail","hentry","category-allgemein","category-wache"],"acf":[],"yoast_head":"<!-- This site is optimized with the Yoast SEO plugin v27.4 - https:\/\/yoast.com\/product\/yoast-seo-wordpress\/ -->\n<title>Dreij\u00e4hriger besucht seine Lebensretter - Feuerwehr Halberstadt<\/title>\n<meta name=\"robots\" content=\"index, follow, max-snippet:-1, max-image-preview:large, max-video-preview:-1\" \/>\n<link rel=\"canonical\" href=\"https:\/\/www.feuerwehr-halberstadt.de\/?p=11102\" \/>\n<meta property=\"og:locale\" content=\"de_DE\" \/>\n<meta property=\"og:type\" content=\"article\" \/>\n<meta property=\"og:title\" content=\"Dreij\u00e4hriger besucht seine Lebensretter - Feuerwehr Halberstadt\" \/>\n<meta property=\"og:description\" content=\"Dass der dreij\u00e4hrige Farid heute die Feuerwache in Halberstadt besuchen konnte war nicht selbstverst\u00e4ndlich. Das machte nicht nur ihn, sondern auch die Kameraden der 3. Wachabteilung der Hauptberuflichen Wachbereitschaft gl\u00fccklich. Niemand von ihnen h\u00e4tte gedacht, dass er nach so kurzer Zeit wieder auf den Beinen ist. Hintergrund: Die Kameraden der Wachbereitschaft wurden am 01. August [&hellip;]\" \/>\n<meta property=\"og:url\" content=\"https:\/\/www.feuerwehr-halberstadt.de\/?p=11102\" \/>\n<meta property=\"og:site_name\" content=\"Feuerwehr Halberstadt\" \/>\n<meta property=\"article:publisher\" content=\"https:\/\/www.facebook.com\/FeuerwehrHalberstadt\/\" \/>\n<meta property=\"article:published_time\" content=\"2020-08-07T13:25:47+00:00\" \/>\n<meta property=\"article:modified_time\" content=\"2020-08-08T07:32:36+00:00\" \/>\n<meta property=\"og:image\" content=\"https:\/\/www.feuerwehr-halberstadt.de\/wp-content\/uploads\/2020\/08\/EA9B4A77-5A8D-4DB0-8A19-BC62AA29D394.jpeg\" \/>\n\t<meta property=\"og:image:width\" content=\"1799\" \/>\n\t<meta property=\"og:image:height\" content=\"1012\" \/>\n\t<meta property=\"og:image:type\" content=\"image\/jpeg\" \/>\n<meta name=\"author\" content=\"Buchold, Chris\" \/>\n<meta name=\"twitter:card\" content=\"summary_large_image\" \/>\n<meta name=\"twitter:label1\" content=\"Verfasst von\" \/>\n\t<meta name=\"twitter:data1\" content=\"Buchold, Chris\" \/>\n\t<meta name=\"twitter:label2\" content=\"Gesch\u00e4tzte Lesezeit\" \/>\n\t<meta name=\"twitter:data2\" content=\"1\u00a0Minute\" \/>\n<script type=\"application\/ld+json\" class=\"yoast-schema-graph\">{\"@context\":\"https:\\\/\\\/schema.org\",\"@graph\":[{\"@type\":\"Article\",\"@id\":\"https:\\\/\\\/www.feuerwehr-halberstadt.de\\\/?p=11102#article\",\"isPartOf\":{\"@id\":\"https:\\\/\\\/www.feuerwehr-halberstadt.de\\\/?p=11102\"},\"author\":{\"name\":\"Buchold, Chris\",\"@id\":\"https:\\\/\\\/www.feuerwehr-halberstadt.de\\\/#\\\/schema\\\/person\\\/55ce5d9b46008e58cd3d55d4116ec727\"},\"headline\":\"Dreij\u00e4hriger besucht seine Lebensretter\",\"datePublished\":\"2020-08-07T13:25:47+00:00\",\"dateModified\":\"2020-08-08T07:32:36+00:00\",\"mainEntityOfPage\":{\"@id\":\"https:\\\/\\\/www.feuerwehr-halberstadt.de\\\/?p=11102\"},\"wordCount\":280,\"publisher\":{\"@id\":\"https:\\\/\\\/www.feuerwehr-halberstadt.de\\\/#organization\"},\"image\":{\"@id\":\"https:\\\/\\\/www.feuerwehr-halberstadt.de\\\/?p=11102#primaryimage\"},\"thumbnailUrl\":\"https:\\\/\\\/www.feuerwehr-halberstadt.de\\\/wp-content\\\/uploads\\\/2020\\\/08\\\/EA9B4A77-5A8D-4DB0-8A19-BC62AA29D394.jpeg\",\"articleSection\":{\"1\":\"Wache\"},\"inLanguage\":\"de\"},{\"@type\":\"WebPage\",\"@id\":\"https:\\\/\\\/www.feuerwehr-halberstadt.de\\\/?p=11102\",\"url\":\"https:\\\/\\\/www.feuerwehr-halberstadt.de\\\/?p=11102\",\"name\":\"Dreij\u00e4hriger besucht seine Lebensretter - Feuerwehr Halberstadt\",\"isPartOf\":{\"@id\":\"https:\\\/\\\/www.feuerwehr-halberstadt.de\\\/#website\"},\"primaryImageOfPage\":{\"@id\":\"https:\\\/\\\/www.feuerwehr-halberstadt.de\\\/?p=11102#primaryimage\"},\"image\":{\"@id\":\"https:\\\/\\\/www.feuerwehr-halberstadt.de\\\/?p=11102#primaryimage\"},\"thumbnailUrl\":\"https:\\\/\\\/www.feuerwehr-halberstadt.de\\\/wp-content\\\/uploads\\\/2020\\\/08\\\/EA9B4A77-5A8D-4DB0-8A19-BC62AA29D394.jpeg\",\"datePublished\":\"2020-08-07T13:25:47+00:00\",\"dateModified\":\"2020-08-08T07:32:36+00:00\",\"breadcrumb\":{\"@id\":\"https:\\\/\\\/www.feuerwehr-halberstadt.de\\\/?p=11102#breadcrumb\"},\"inLanguage\":\"de\",\"potentialAction\":[{\"@type\":\"ReadAction\",\"target\":[\"https:\\\/\\\/www.feuerwehr-halberstadt.de\\\/?p=11102\"]}]},{\"@type\":\"ImageObject\",\"inLanguage\":\"de\",\"@id\":\"https:\\\/\\\/www.feuerwehr-halberstadt.de\\\/?p=11102#primaryimage\",\"url\":\"https:\\\/\\\/www.feuerwehr-halberstadt.de\\\/wp-content\\\/uploads\\\/2020\\\/08\\\/EA9B4A77-5A8D-4DB0-8A19-BC62AA29D394.jpeg\",\"contentUrl\":\"https:\\\/\\\/www.feuerwehr-halberstadt.de\\\/wp-content\\\/uploads\\\/2020\\\/08\\\/EA9B4A77-5A8D-4DB0-8A19-BC62AA29D394.jpeg\",\"width\":1799,\"height\":1012},{\"@type\":\"BreadcrumbList\",\"@id\":\"https:\\\/\\\/www.feuerwehr-halberstadt.de\\\/?p=11102#breadcrumb\",\"itemListElement\":[{\"@type\":\"ListItem\",\"position\":1,\"name\":\"Startseite\",\"item\":\"https:\\\/\\\/www.feuerwehr-halberstadt.de\\\/\"},{\"@type\":\"ListItem\",\"position\":2,\"name\":\"Dreij\u00e4hriger besucht seine Lebensretter\"}]},{\"@type\":\"WebSite\",\"@id\":\"https:\\\/\\\/www.feuerwehr-halberstadt.de\\\/#website\",\"url\":\"https:\\\/\\\/www.feuerwehr-halberstadt.de\\\/\",\"name\":\"Feuerwehr Halberstadt\",\"description\":\"#imEinsatzf\u00fcrHalberstadt\",\"publisher\":{\"@id\":\"https:\\\/\\\/www.feuerwehr-halberstadt.de\\\/#organization\"},\"potentialAction\":[{\"@type\":\"SearchAction\",\"target\":{\"@type\":\"EntryPoint\",\"urlTemplate\":\"https:\\\/\\\/www.feuerwehr-halberstadt.de\\\/?s={search_term_string}\"},\"query-input\":{\"@type\":\"PropertyValueSpecification\",\"valueRequired\":true,\"valueName\":\"search_term_string\"}}],\"inLanguage\":\"de\"},{\"@type\":\"Organization\",\"@id\":\"https:\\\/\\\/www.feuerwehr-halberstadt.de\\\/#organization\",\"name\":\"Feuerwehr Halberstadt\",\"url\":\"https:\\\/\\\/www.feuerwehr-halberstadt.de\\\/\",\"logo\":{\"@type\":\"ImageObject\",\"inLanguage\":\"de\",\"@id\":\"https:\\\/\\\/www.feuerwehr-halberstadt.de\\\/#\\\/schema\\\/logo\\\/image\\\/\",\"url\":\"https:\\\/\\\/www.feuerwehr-halberstadt.de\\\/wp-content\\\/uploads\\\/2023\\\/10\\\/IMG_0126.png\",\"contentUrl\":\"https:\\\/\\\/www.feuerwehr-halberstadt.de\\\/wp-content\\\/uploads\\\/2023\\\/10\\\/IMG_0126.png\",\"width\":1500,\"height\":399,\"caption\":\"Feuerwehr Halberstadt\"},\"image\":{\"@id\":\"https:\\\/\\\/www.feuerwehr-halberstadt.de\\\/#\\\/schema\\\/logo\\\/image\\\/\"},\"sameAs\":[\"https:\\\/\\\/www.facebook.com\\\/FeuerwehrHalberstadt\\\/\"]},{\"@type\":\"Person\",\"@id\":\"https:\\\/\\\/www.feuerwehr-halberstadt.de\\\/#\\\/schema\\\/person\\\/55ce5d9b46008e58cd3d55d4116ec727\",\"name\":\"Buchold, Chris\",\"image\":{\"@type\":\"ImageObject\",\"inLanguage\":\"de\",\"@id\":\"https:\\\/\\\/secure.gravatar.com\\\/avatar\\\/bff08a084f0390bf8a93fc28c488452766ba521109cec244ac64210fdd500a49?s=96&d=mm&r=g\",\"url\":\"https:\\\/\\\/secure.gravatar.com\\\/avatar\\\/bff08a084f0390bf8a93fc28c488452766ba521109cec244ac64210fdd500a49?s=96&d=mm&r=g\",\"contentUrl\":\"https:\\\/\\\/secure.gravatar.com\\\/avatar\\\/bff08a084f0390bf8a93fc28c488452766ba521109cec244ac64210fdd500a49?s=96&d=mm&r=g\",\"caption\":\"Buchold, Chris\"},\"url\":\"https:\\\/\\\/www.feuerwehr-halberstadt.de\\\/?author=3\"}]}<\/script>\n<!-- \/ Yoast SEO plugin. -->","yoast_head_json":{"title":"Dreij\u00e4hriger besucht seine Lebensretter - Feuerwehr Halberstadt","robots":{"index":"index","follow":"follow","max-snippet":"max-snippet:-1","max-image-preview":"max-image-preview:large","max-video-preview":"max-video-preview:-1"},"canonical":"https:\/\/www.feuerwehr-halberstadt.de\/?p=11102","og_locale":"de_DE","og_type":"article","og_title":"Dreij\u00e4hriger besucht seine Lebensretter - Feuerwehr Halberstadt","og_description":"Dass der dreij\u00e4hrige Farid heute die Feuerwache in Halberstadt besuchen konnte war nicht selbstverst\u00e4ndlich. Das machte nicht nur ihn, sondern auch die Kameraden der 3. Wachabteilung der Hauptberuflichen Wachbereitschaft gl\u00fccklich. Niemand von ihnen h\u00e4tte gedacht, dass er nach so kurzer Zeit wieder auf den Beinen ist. Hintergrund: Die Kameraden der Wachbereitschaft wurden am 01. August [&hellip;]","og_url":"https:\/\/www.feuerwehr-halberstadt.de\/?p=11102","og_site_name":"Feuerwehr Halberstadt","article_publisher":"https:\/\/www.facebook.com\/FeuerwehrHalberstadt\/","article_published_time":"2020-08-07T13:25:47+00:00","article_modified_time":"2020-08-08T07:32:36+00:00","og_image":[{"width":1799,"height":1012,"url":"https:\/\/www.feuerwehr-halberstadt.de\/wp-content\/uploads\/2020\/08\/EA9B4A77-5A8D-4DB0-8A19-BC62AA29D394.jpeg","type":"image\/jpeg"}],"author":"Buchold, Chris","twitter_card":"summary_large_image","twitter_misc":{"Verfasst von":"Buchold, Chris","Gesch\u00e4tzte Lesezeit":"1\u00a0Minute"},"schema":{"@context":"https:\/\/schema.org","@graph":[{"@type":"Article","@id":"https:\/\/www.feuerwehr-halberstadt.de\/?p=11102#article","isPartOf":{"@id":"https:\/\/www.feuerwehr-halberstadt.de\/?p=11102"},"author":{"name":"Buchold, Chris","@id":"https:\/\/www.feuerwehr-halberstadt.de\/#\/schema\/person\/55ce5d9b46008e58cd3d55d4116ec727"},"headline":"Dreij\u00e4hriger besucht seine Lebensretter","datePublished":"2020-08-07T13:25:47+00:00","dateModified":"2020-08-08T07:32:36+00:00","mainEntityOfPage":{"@id":"https:\/\/www.feuerwehr-halberstadt.de\/?p=11102"},"wordCount":280,"publisher":{"@id":"https:\/\/www.feuerwehr-halberstadt.de\/#organization"},"image":{"@id":"https:\/\/www.feuerwehr-halberstadt.de\/?p=11102#primaryimage"},"thumbnailUrl":"https:\/\/www.feuerwehr-halberstadt.de\/wp-content\/uploads\/2020\/08\/EA9B4A77-5A8D-4DB0-8A19-BC62AA29D394.jpeg","articleSection":{"1":"Wache"},"inLanguage":"de"},{"@type":"WebPage","@id":"https:\/\/www.feuerwehr-halberstadt.de\/?p=11102","url":"https:\/\/www.feuerwehr-halberstadt.de\/?p=11102","name":"Dreij\u00e4hriger besucht seine Lebensretter - Feuerwehr Halberstadt","isPartOf":{"@id":"https:\/\/www.feuerwehr-halberstadt.de\/#website"},"primaryImageOfPage":{"@id":"https:\/\/www.feuerwehr-halberstadt.de\/?p=11102#primaryimage"},"image":{"@id":"https:\/\/www.feuerwehr-halberstadt.de\/?p=11102#primaryimage"},"thumbnailUrl":"https:\/\/www.feuerwehr-halberstadt.de\/wp-content\/uploads\/2020\/08\/EA9B4A77-5A8D-4DB0-8A19-BC62AA29D394.jpeg","datePublished":"2020-08-07T13:25:47+00:00","dateModified":"2020-08-08T07:32:36+00:00","breadcrumb":{"@id":"https:\/\/www.feuerwehr-halberstadt.de\/?p=11102#breadcrumb"},"inLanguage":"de","potentialAction":[{"@type":"ReadAction","target":["https:\/\/www.feuerwehr-halberstadt.de\/?p=11102"]}]},{"@type":"ImageObject","inLanguage":"de","@id":"https:\/\/www.feuerwehr-halberstadt.de\/?p=11102#primaryimage","url":"https:\/\/www.feuerwehr-halberstadt.de\/wp-content\/uploads\/2020\/08\/EA9B4A77-5A8D-4DB0-8A19-BC62AA29D394.jpeg","contentUrl":"https:\/\/www.feuerwehr-halberstadt.de\/wp-content\/uploads\/2020\/08\/EA9B4A77-5A8D-4DB0-8A19-BC62AA29D394.jpeg","width":1799,"height":1012},{"@type":"BreadcrumbList","@id":"https:\/\/www.feuerwehr-halberstadt.de\/?p=11102#breadcrumb","itemListElement":[{"@type":"ListItem","position":1,"name":"Startseite","item":"https:\/\/www.feuerwehr-halberstadt.de\/"},{"@type":"ListItem","position":2,"name":"Dreij\u00e4hriger besucht seine Lebensretter"}]},{"@type":"WebSite","@id":"https:\/\/www.feuerwehr-halberstadt.de\/#website","url":"https:\/\/www.feuerwehr-halberstadt.de\/","name":"Feuerwehr Halberstadt","description":"#imEinsatzf\u00fcrHalberstadt","publisher":{"@id":"https:\/\/www.feuerwehr-halberstadt.de\/#organization"},"potentialAction":[{"@type":"SearchAction","target":{"@type":"EntryPoint","urlTemplate":"https:\/\/www.feuerwehr-halberstadt.de\/?s={search_term_string}"},"query-input":{"@type":"PropertyValueSpecification","valueRequired":true,"valueName":"search_term_string"}}],"inLanguage":"de"},{"@type":"Organization","@id":"https:\/\/www.feuerwehr-halberstadt.de\/#organization","name":"Feuerwehr Halberstadt","url":"https:\/\/www.feuerwehr-halberstadt.de\/","logo":{"@type":"ImageObject","inLanguage":"de","@id":"https:\/\/www.feuerwehr-halberstadt.de\/#\/schema\/logo\/image\/","url":"https:\/\/www.feuerwehr-halberstadt.de\/wp-content\/uploads\/2023\/10\/IMG_0126.png","contentUrl":"https:\/\/www.feuerwehr-halberstadt.de\/wp-content\/uploads\/2023\/10\/IMG_0126.png","width":1500,"height":399,"caption":"Feuerwehr Halberstadt"},"image":{"@id":"https:\/\/www.feuerwehr-halberstadt.de\/#\/schema\/logo\/image\/"},"sameAs":["https:\/\/www.facebook.com\/FeuerwehrHalberstadt\/"]},{"@type":"Person","@id":"https:\/\/www.feuerwehr-halberstadt.de\/#\/schema\/person\/55ce5d9b46008e58cd3d55d4116ec727","name":"Buchold, Chris","image":{"@type":"ImageObject","inLanguage":"de","@id":"https:\/\/secure.gravatar.com\/avatar\/bff08a084f0390bf8a93fc28c488452766ba521109cec244ac64210fdd500a49?s=96&d=mm&r=g","url":"https:\/\/secure.gravatar.com\/avatar\/bff08a084f0390bf8a93fc28c488452766ba521109cec244ac64210fdd500a49?s=96&d=mm&r=g","contentUrl":"https:\/\/secure.gravatar.com\/avatar\/bff08a084f0390bf8a93fc28c488452766ba521109cec244ac64210fdd500a49?s=96&d=mm&r=g","caption":"Buchold, Chris"},"url":"https:\/\/www.feuerwehr-halberstadt.de\/?author=3"}]}},"_links":{"self":[{"href":"https:\/\/www.feuerwehr-halberstadt.de\/index.php?rest_route=\/wp\/v2\/posts\/11102","targetHints":{"allow":["GET"]}}],"collection":[{"href":"https:\/\/www.feuerwehr-halberstadt.de\/index.php?rest_route=\/wp\/v2\/posts"}],"about":[{"href":"https:\/\/www.feuerwehr-halberstadt.de\/index.php?rest_route=\/wp\/v2\/types\/post"}],"author":[{"embeddable":true,"href":"https:\/\/www.feuerwehr-halberstadt.de\/index.php?rest_route=\/wp\/v2\/users\/3"}],"replies":[{"embeddable":true,"href":"https:\/\/www.feuerwehr-halberstadt.de\/index.php?rest_route=%2Fwp%2Fv2%2Fcomments&post=11102"}],"version-history":[{"count":13,"href":"https:\/\/www.feuerwehr-halberstadt.de\/index.php?rest_route=\/wp\/v2\/posts\/11102\/revisions"}],"predecessor-version":[{"id":11121,"href":"https:\/\/www.feuerwehr-halberstadt.de\/index.php?rest_route=\/wp\/v2\/posts\/11102\/revisions\/11121"}],"wp:featuredmedia":[{"embeddable":true,"href":"https:\/\/www.feuerwehr-halberstadt.de\/index.php?rest_route=\/wp\/v2\/media\/11113"}],"wp:attachment":[{"href":"https:\/\/www.feuerwehr-halberstadt.de\/index.php?rest_route=%2Fwp%2Fv2%2Fmedia&parent=11102"}],"wp:term":[{"taxonomy":"category","embeddable":true,"href":"https:\/\/www.feuerwehr-halberstadt.de\/index.php?rest_route=%2Fwp%2Fv2%2Fcategories&post=11102"},{"taxonomy":"post_tag","embeddable":true,"href":"https:\/\/www.feuerwehr-halberstadt.de\/index.php?rest_route=%2Fwp%2Fv2%2Ftags&post=11102"}],"curies":[{"name":"wp","href":"https:\/\/api.w.org\/{rel}","templated":true}]}}