{"id":11042,"date":"2020-07-21T21:47:26","date_gmt":"2020-07-21T19:47:26","guid":{"rendered":"http:\/\/www.feuerwehr-halberstadt.de\/?p=11042"},"modified":"2020-07-21T21:53:07","modified_gmt":"2020-07-21T19:53:07","slug":"operativ-taktisches-studium-ots-im-halberstaedter-dom","status":"publish","type":"post","link":"https:\/\/www.feuerwehr-halberstadt.de\/?p=11042","title":{"rendered":"Operativ taktisches Studium (OTS) im Halberst\u00e4dter Dom"},"content":{"rendered":"\n<p>Zum heutigen Dienstabend besuchten die Kameradinnen und Kameraden der Ortsfeuerwehr Halberstadt den Halberst\u00e4dter Dom. Unter Leitung von Kamerad Alexander R\u00f6\u00dfling und einem Objektverantwortlichen, wurden diverse bauliche und brandschutztechnische Besonderheiten gezeigt und erl\u00e4utert. Besonderes Augenmerk wurde auf die Steigleitungen, L\u00f6schanlagen, Zug\u00e4nge und Leitern, welche in die T\u00fcrme und das Kirchenschiff f\u00fchren, gelegt.&nbsp;<\/p>\n\n\n\n<p>Unser Dank gilt Herrn D\u00f6rfer und der Kulturstiftung Sachsen-Anhalt f\u00fcr die gute Zusammenarbeit und investierte Zeit.&nbsp;<\/p>\n\n\n\n<figure class=\"wp-block-gallery columns-3 is-cropped wp-block-gallery-1 is-layout-flex wp-block-gallery-is-layout-flex\"><ul class=\"blocks-gallery-grid\"><li class=\"blocks-gallery-item\"><figure><a href=\"https:\/\/www.feuerwehr-halberstadt.de\/wp-content\/uploads\/2020\/07\/4CB1A479-5B5D-4C47-A25E-EE0CECDFE73A.jpeg\"><img loading=\"lazy\" decoding=\"async\" width=\"1024\" height=\"766\" src=\"https:\/\/www.feuerwehr-halberstadt.de\/wp-content\/uploads\/2020\/07\/4CB1A479-5B5D-4C47-A25E-EE0CECDFE73A-1024x766.jpeg\" alt=\"\" data-id=\"11037\" data-full-url=\"https:\/\/www.feuerwehr-halberstadt.de\/wp-content\/uploads\/2020\/07\/4CB1A479-5B5D-4C47-A25E-EE0CECDFE73A.jpeg\" data-link=\"https:\/\/www.feuerwehr-halberstadt.de\/?attachment_id=11037\" class=\"wp-image-11037\" srcset=\"https:\/\/www.feuerwehr-halberstadt.de\/wp-content\/uploads\/2020\/07\/4CB1A479-5B5D-4C47-A25E-EE0CECDFE73A-1024x766.jpeg 1024w, https:\/\/www.feuerwehr-halberstadt.de\/wp-content\/uploads\/2020\/07\/4CB1A479-5B5D-4C47-A25E-EE0CECDFE73A-300x225.jpeg 300w, https:\/\/www.feuerwehr-halberstadt.de\/wp-content\/uploads\/2020\/07\/4CB1A479-5B5D-4C47-A25E-EE0CECDFE73A-768x575.jpeg 768w, https:\/\/www.feuerwehr-halberstadt.de\/wp-content\/uploads\/2020\/07\/4CB1A479-5B5D-4C47-A25E-EE0CECDFE73A.jpeg 1280w\" sizes=\"auto, (max-width: 1024px) 100vw, 1024px\" \/><\/a><\/figure><\/li><li class=\"blocks-gallery-item\"><figure><a href=\"https:\/\/www.feuerwehr-halberstadt.de\/wp-content\/uploads\/2020\/07\/C5D97ADA-1762-4695-9D06-F983BF49C4F2.jpeg\"><img loading=\"lazy\" decoding=\"async\" width=\"1024\" height=\"766\" src=\"https:\/\/www.feuerwehr-halberstadt.de\/wp-content\/uploads\/2020\/07\/C5D97ADA-1762-4695-9D06-F983BF49C4F2-1024x766.jpeg\" alt=\"\" data-id=\"11038\" data-full-url=\"https:\/\/www.feuerwehr-halberstadt.de\/wp-content\/uploads\/2020\/07\/C5D97ADA-1762-4695-9D06-F983BF49C4F2.jpeg\" data-link=\"https:\/\/www.feuerwehr-halberstadt.de\/?attachment_id=11038\" class=\"wp-image-11038\" srcset=\"https:\/\/www.feuerwehr-halberstadt.de\/wp-content\/uploads\/2020\/07\/C5D97ADA-1762-4695-9D06-F983BF49C4F2-1024x766.jpeg 1024w, https:\/\/www.feuerwehr-halberstadt.de\/wp-content\/uploads\/2020\/07\/C5D97ADA-1762-4695-9D06-F983BF49C4F2-300x225.jpeg 300w, https:\/\/www.feuerwehr-halberstadt.de\/wp-content\/uploads\/2020\/07\/C5D97ADA-1762-4695-9D06-F983BF49C4F2-768x575.jpeg 768w, https:\/\/www.feuerwehr-halberstadt.de\/wp-content\/uploads\/2020\/07\/C5D97ADA-1762-4695-9D06-F983BF49C4F2.jpeg 1280w\" sizes=\"auto, (max-width: 1024px) 100vw, 1024px\" \/><\/a><\/figure><\/li><li class=\"blocks-gallery-item\"><figure><a href=\"https:\/\/www.feuerwehr-halberstadt.de\/wp-content\/uploads\/2020\/07\/C2730A2D-ED7A-4288-85D4-ECCAADE57EAC.jpeg\"><img loading=\"lazy\" decoding=\"async\" width=\"1024\" height=\"766\" src=\"https:\/\/www.feuerwehr-halberstadt.de\/wp-content\/uploads\/2020\/07\/C2730A2D-ED7A-4288-85D4-ECCAADE57EAC-1024x766.jpeg\" alt=\"\" data-id=\"11039\" data-full-url=\"https:\/\/www.feuerwehr-halberstadt.de\/wp-content\/uploads\/2020\/07\/C2730A2D-ED7A-4288-85D4-ECCAADE57EAC.jpeg\" data-link=\"https:\/\/www.feuerwehr-halberstadt.de\/?attachment_id=11039\" class=\"wp-image-11039\" srcset=\"https:\/\/www.feuerwehr-halberstadt.de\/wp-content\/uploads\/2020\/07\/C2730A2D-ED7A-4288-85D4-ECCAADE57EAC-1024x766.jpeg 1024w, https:\/\/www.feuerwehr-halberstadt.de\/wp-content\/uploads\/2020\/07\/C2730A2D-ED7A-4288-85D4-ECCAADE57EAC-300x225.jpeg 300w, https:\/\/www.feuerwehr-halberstadt.de\/wp-content\/uploads\/2020\/07\/C2730A2D-ED7A-4288-85D4-ECCAADE57EAC-768x575.jpeg 768w, https:\/\/www.feuerwehr-halberstadt.de\/wp-content\/uploads\/2020\/07\/C2730A2D-ED7A-4288-85D4-ECCAADE57EAC.jpeg 1280w\" sizes=\"auto, (max-width: 1024px) 100vw, 1024px\" \/><\/a><\/figure><\/li><li class=\"blocks-gallery-item\"><figure><a href=\"https:\/\/www.feuerwehr-halberstadt.de\/wp-content\/uploads\/2020\/07\/82468ACB-080F-4EF1-A4BF-F630245038F1.jpeg\"><img loading=\"lazy\" decoding=\"async\" width=\"1024\" height=\"766\" src=\"https:\/\/www.feuerwehr-halberstadt.de\/wp-content\/uploads\/2020\/07\/82468ACB-080F-4EF1-A4BF-F630245038F1-1024x766.jpeg\" alt=\"\" data-id=\"11040\" data-full-url=\"https:\/\/www.feuerwehr-halberstadt.de\/wp-content\/uploads\/2020\/07\/82468ACB-080F-4EF1-A4BF-F630245038F1.jpeg\" data-link=\"https:\/\/www.feuerwehr-halberstadt.de\/?attachment_id=11040\" class=\"wp-image-11040\" srcset=\"https:\/\/www.feuerwehr-halberstadt.de\/wp-content\/uploads\/2020\/07\/82468ACB-080F-4EF1-A4BF-F630245038F1-1024x766.jpeg 1024w, https:\/\/www.feuerwehr-halberstadt.de\/wp-content\/uploads\/2020\/07\/82468ACB-080F-4EF1-A4BF-F630245038F1-300x225.jpeg 300w, https:\/\/www.feuerwehr-halberstadt.de\/wp-content\/uploads\/2020\/07\/82468ACB-080F-4EF1-A4BF-F630245038F1-768x575.jpeg 768w, https:\/\/www.feuerwehr-halberstadt.de\/wp-content\/uploads\/2020\/07\/82468ACB-080F-4EF1-A4BF-F630245038F1.jpeg 1280w\" sizes=\"auto, (max-width: 1024px) 100vw, 1024px\" \/><\/a><\/figure><\/li><li class=\"blocks-gallery-item\"><figure><a href=\"https:\/\/www.feuerwehr-halberstadt.de\/wp-content\/uploads\/2020\/07\/BD59949F-5864-4812-98B7-15530E9201D9.jpeg\"><img loading=\"lazy\" decoding=\"async\" width=\"1024\" height=\"766\" src=\"https:\/\/www.feuerwehr-halberstadt.de\/wp-content\/uploads\/2020\/07\/BD59949F-5864-4812-98B7-15530E9201D9-1024x766.jpeg\" alt=\"\" data-id=\"11045\" data-full-url=\"https:\/\/www.feuerwehr-halberstadt.de\/wp-content\/uploads\/2020\/07\/BD59949F-5864-4812-98B7-15530E9201D9.jpeg\" data-link=\"https:\/\/www.feuerwehr-halberstadt.de\/?attachment_id=11045\" class=\"wp-image-11045\" srcset=\"https:\/\/www.feuerwehr-halberstadt.de\/wp-content\/uploads\/2020\/07\/BD59949F-5864-4812-98B7-15530E9201D9-1024x766.jpeg 1024w, https:\/\/www.feuerwehr-halberstadt.de\/wp-content\/uploads\/2020\/07\/BD59949F-5864-4812-98B7-15530E9201D9-300x225.jpeg 300w, https:\/\/www.feuerwehr-halberstadt.de\/wp-content\/uploads\/2020\/07\/BD59949F-5864-4812-98B7-15530E9201D9-768x575.jpeg 768w, https:\/\/www.feuerwehr-halberstadt.de\/wp-content\/uploads\/2020\/07\/BD59949F-5864-4812-98B7-15530E9201D9.jpeg 1280w\" sizes=\"auto, (max-width: 1024px) 100vw, 1024px\" \/><\/a><\/figure><\/li><li class=\"blocks-gallery-item\"><figure><a href=\"https:\/\/www.feuerwehr-halberstadt.de\/wp-content\/uploads\/2020\/07\/926C20B0-772A-4BB0-A502-FC034B49DB9A.jpeg\"><img loading=\"lazy\" decoding=\"async\" width=\"1024\" height=\"766\" src=\"https:\/\/www.feuerwehr-halberstadt.de\/wp-content\/uploads\/2020\/07\/926C20B0-772A-4BB0-A502-FC034B49DB9A-1024x766.jpeg\" alt=\"\" data-id=\"11046\" data-full-url=\"https:\/\/www.feuerwehr-halberstadt.de\/wp-content\/uploads\/2020\/07\/926C20B0-772A-4BB0-A502-FC034B49DB9A.jpeg\" data-link=\"https:\/\/www.feuerwehr-halberstadt.de\/?attachment_id=11046\" class=\"wp-image-11046\" srcset=\"https:\/\/www.feuerwehr-halberstadt.de\/wp-content\/uploads\/2020\/07\/926C20B0-772A-4BB0-A502-FC034B49DB9A-1024x766.jpeg 1024w, https:\/\/www.feuerwehr-halberstadt.de\/wp-content\/uploads\/2020\/07\/926C20B0-772A-4BB0-A502-FC034B49DB9A-300x225.jpeg 300w, https:\/\/www.feuerwehr-halberstadt.de\/wp-content\/uploads\/2020\/07\/926C20B0-772A-4BB0-A502-FC034B49DB9A-768x575.jpeg 768w, https:\/\/www.feuerwehr-halberstadt.de\/wp-content\/uploads\/2020\/07\/926C20B0-772A-4BB0-A502-FC034B49DB9A.jpeg 1280w\" sizes=\"auto, (max-width: 1024px) 100vw, 1024px\" \/><\/a><\/figure><\/li><li class=\"blocks-gallery-item\"><figure><a href=\"https:\/\/www.feuerwehr-halberstadt.de\/wp-content\/uploads\/2020\/07\/0BB5774C-D500-42CA-AEEB-8D8906A57CEF-e1595360604538.jpeg\"><img loading=\"lazy\" decoding=\"async\" width=\"766\" height=\"1024\" src=\"https:\/\/www.feuerwehr-halberstadt.de\/wp-content\/uploads\/2020\/07\/0BB5774C-D500-42CA-AEEB-8D8906A57CEF-e1595360604538-766x1024.jpeg\" alt=\"\" data-id=\"11041\" data-full-url=\"https:\/\/www.feuerwehr-halberstadt.de\/wp-content\/uploads\/2020\/07\/0BB5774C-D500-42CA-AEEB-8D8906A57CEF-e1595360604538.jpeg\" data-link=\"https:\/\/www.feuerwehr-halberstadt.de\/?attachment_id=11041\" class=\"wp-image-11041\" srcset=\"https:\/\/www.feuerwehr-halberstadt.de\/wp-content\/uploads\/2020\/07\/0BB5774C-D500-42CA-AEEB-8D8906A57CEF-e1595360604538-766x1024.jpeg 766w, https:\/\/www.feuerwehr-halberstadt.de\/wp-content\/uploads\/2020\/07\/0BB5774C-D500-42CA-AEEB-8D8906A57CEF-e1595360604538-225x300.jpeg 225w, https:\/\/www.feuerwehr-halberstadt.de\/wp-content\/uploads\/2020\/07\/0BB5774C-D500-42CA-AEEB-8D8906A57CEF-e1595360604538-768x1026.jpeg 768w, https:\/\/www.feuerwehr-halberstadt.de\/wp-content\/uploads\/2020\/07\/0BB5774C-D500-42CA-AEEB-8D8906A57CEF-e1595360604538.jpeg 958w\" sizes=\"auto, (max-width: 766px) 100vw, 766px\" \/><\/a><\/figure><\/li><\/ul><\/figure>\n","protected":false},"excerpt":{"rendered":"<p>Zum heutigen Dienstabend besuchten die Kameradinnen und Kameraden der Ortsfeuerwehr Halberstadt den Halberst\u00e4dter Dom. Unter Leitung von Kamerad Alexander R\u00f6\u00dfling und einem Objektverantwortlichen, wurden diverse bauliche und brandschutztechnische Besonderheiten gezeigt und erl\u00e4utert. Besonderes Augenmerk wurde auf die Steigleitungen, L\u00f6schanlagen, Zug\u00e4nge und Leitern, welche in die T\u00fcrme und das Kirchenschiff f\u00fchren, gelegt.&nbsp; Unser Dank gilt Herrn [&hellip;]<\/p>\n","protected":false},"author":3,"featured_media":11036,"comment_status":"closed","ping_status":"closed","sticky":false,"template":"","format":"standard","meta":{"_acf_changed":false,"footnotes":""},"categories":[9],"tags":[],"class_list":["post-11042","post","type-post","status-publish","format-standard","has-post-thumbnail","hentry","category-allgemein"],"acf":[],"yoast_head":"<!-- This site is optimized with the Yoast SEO plugin v27.5 - https:\/\/yoast.com\/product\/yoast-seo-wordpress\/ -->\n<title>Operativ taktisches Studium (OTS) im Halberst\u00e4dter Dom - Feuerwehr Halberstadt<\/title>\n<meta name=\"robots\" content=\"index, follow, max-snippet:-1, max-image-preview:large, max-video-preview:-1\" \/>\n<link rel=\"canonical\" href=\"https:\/\/www.feuerwehr-halberstadt.de\/?p=11042\" \/>\n<meta property=\"og:locale\" content=\"de_DE\" \/>\n<meta property=\"og:type\" content=\"article\" \/>\n<meta property=\"og:title\" content=\"Operativ taktisches Studium (OTS) im Halberst\u00e4dter Dom - Feuerwehr Halberstadt\" \/>\n<meta property=\"og:description\" content=\"Zum heutigen Dienstabend besuchten die Kameradinnen und Kameraden der Ortsfeuerwehr Halberstadt den Halberst\u00e4dter Dom. Unter Leitung von Kamerad Alexander R\u00f6\u00dfling und einem Objektverantwortlichen, wurden diverse bauliche und brandschutztechnische Besonderheiten gezeigt und erl\u00e4utert. Besonderes Augenmerk wurde auf die Steigleitungen, L\u00f6schanlagen, Zug\u00e4nge und Leitern, welche in die T\u00fcrme und das Kirchenschiff f\u00fchren, gelegt.&nbsp; Unser Dank gilt Herrn [&hellip;]\" \/>\n<meta property=\"og:url\" content=\"https:\/\/www.feuerwehr-halberstadt.de\/?p=11042\" \/>\n<meta property=\"og:site_name\" content=\"Feuerwehr Halberstadt\" \/>\n<meta property=\"article:publisher\" content=\"https:\/\/www.facebook.com\/FeuerwehrHalberstadt\/\" \/>\n<meta property=\"article:published_time\" content=\"2020-07-21T19:47:26+00:00\" \/>\n<meta property=\"article:modified_time\" content=\"2020-07-21T19:53:07+00:00\" \/>\n<meta property=\"og:image\" content=\"https:\/\/www.feuerwehr-halberstadt.de\/wp-content\/uploads\/2020\/07\/09EC89EF-2C50-4F0D-9CA1-0F82AC96D10F.jpeg\" \/>\n\t<meta property=\"og:image:width\" content=\"1280\" \/>\n\t<meta property=\"og:image:height\" content=\"960\" \/>\n\t<meta property=\"og:image:type\" content=\"image\/jpeg\" \/>\n<meta name=\"author\" content=\"Buchold, Chris\" \/>\n<meta name=\"twitter:card\" content=\"summary_large_image\" \/>\n<meta name=\"twitter:label1\" content=\"Verfasst von\" \/>\n\t<meta name=\"twitter:data1\" content=\"Buchold, Chris\" \/>\n<script type=\"application\/ld+json\" class=\"yoast-schema-graph\">{\"@context\":\"https:\\\/\\\/schema.org\",\"@graph\":[{\"@type\":\"Article\",\"@id\":\"https:\\\/\\\/www.feuerwehr-halberstadt.de\\\/?p=11042#article\",\"isPartOf\":{\"@id\":\"https:\\\/\\\/www.feuerwehr-halberstadt.de\\\/?p=11042\"},\"author\":{\"name\":\"Buchold, Chris\",\"@id\":\"https:\\\/\\\/www.feuerwehr-halberstadt.de\\\/#\\\/schema\\\/person\\\/55ce5d9b46008e58cd3d55d4116ec727\"},\"headline\":\"Operativ taktisches Studium (OTS) im Halberst\u00e4dter Dom\",\"datePublished\":\"2020-07-21T19:47:26+00:00\",\"dateModified\":\"2020-07-21T19:53:07+00:00\",\"mainEntityOfPage\":{\"@id\":\"https:\\\/\\\/www.feuerwehr-halberstadt.de\\\/?p=11042\"},\"wordCount\":86,\"publisher\":{\"@id\":\"https:\\\/\\\/www.feuerwehr-halberstadt.de\\\/#organization\"},\"image\":{\"@id\":\"https:\\\/\\\/www.feuerwehr-halberstadt.de\\\/?p=11042#primaryimage\"},\"thumbnailUrl\":\"https:\\\/\\\/www.feuerwehr-halberstadt.de\\\/wp-content\\\/uploads\\\/2020\\\/07\\\/09EC89EF-2C50-4F0D-9CA1-0F82AC96D10F.jpeg\",\"inLanguage\":\"de\"},{\"@type\":\"WebPage\",\"@id\":\"https:\\\/\\\/www.feuerwehr-halberstadt.de\\\/?p=11042\",\"url\":\"https:\\\/\\\/www.feuerwehr-halberstadt.de\\\/?p=11042\",\"name\":\"Operativ taktisches Studium (OTS) im Halberst\u00e4dter Dom - Feuerwehr Halberstadt\",\"isPartOf\":{\"@id\":\"https:\\\/\\\/www.feuerwehr-halberstadt.de\\\/#website\"},\"primaryImageOfPage\":{\"@id\":\"https:\\\/\\\/www.feuerwehr-halberstadt.de\\\/?p=11042#primaryimage\"},\"image\":{\"@id\":\"https:\\\/\\\/www.feuerwehr-halberstadt.de\\\/?p=11042#primaryimage\"},\"thumbnailUrl\":\"https:\\\/\\\/www.feuerwehr-halberstadt.de\\\/wp-content\\\/uploads\\\/2020\\\/07\\\/09EC89EF-2C50-4F0D-9CA1-0F82AC96D10F.jpeg\",\"datePublished\":\"2020-07-21T19:47:26+00:00\",\"dateModified\":\"2020-07-21T19:53:07+00:00\",\"breadcrumb\":{\"@id\":\"https:\\\/\\\/www.feuerwehr-halberstadt.de\\\/?p=11042#breadcrumb\"},\"inLanguage\":\"de\",\"potentialAction\":[{\"@type\":\"ReadAction\",\"target\":[\"https:\\\/\\\/www.feuerwehr-halberstadt.de\\\/?p=11042\"]}]},{\"@type\":\"ImageObject\",\"inLanguage\":\"de\",\"@id\":\"https:\\\/\\\/www.feuerwehr-halberstadt.de\\\/?p=11042#primaryimage\",\"url\":\"https:\\\/\\\/www.feuerwehr-halberstadt.de\\\/wp-content\\\/uploads\\\/2020\\\/07\\\/09EC89EF-2C50-4F0D-9CA1-0F82AC96D10F.jpeg\",\"contentUrl\":\"https:\\\/\\\/www.feuerwehr-halberstadt.de\\\/wp-content\\\/uploads\\\/2020\\\/07\\\/09EC89EF-2C50-4F0D-9CA1-0F82AC96D10F.jpeg\",\"width\":1280,\"height\":960},{\"@type\":\"BreadcrumbList\",\"@id\":\"https:\\\/\\\/www.feuerwehr-halberstadt.de\\\/?p=11042#breadcrumb\",\"itemListElement\":[{\"@type\":\"ListItem\",\"position\":1,\"name\":\"Startseite\",\"item\":\"https:\\\/\\\/www.feuerwehr-halberstadt.de\\\/\"},{\"@type\":\"ListItem\",\"position\":2,\"name\":\"Operativ taktisches Studium (OTS) im Halberst\u00e4dter Dom\"}]},{\"@type\":\"WebSite\",\"@id\":\"https:\\\/\\\/www.feuerwehr-halberstadt.de\\\/#website\",\"url\":\"https:\\\/\\\/www.feuerwehr-halberstadt.de\\\/\",\"name\":\"Feuerwehr Halberstadt\",\"description\":\"#imEinsatzf\u00fcrHalberstadt\",\"publisher\":{\"@id\":\"https:\\\/\\\/www.feuerwehr-halberstadt.de\\\/#organization\"},\"potentialAction\":[{\"@type\":\"SearchAction\",\"target\":{\"@type\":\"EntryPoint\",\"urlTemplate\":\"https:\\\/\\\/www.feuerwehr-halberstadt.de\\\/?s={search_term_string}\"},\"query-input\":{\"@type\":\"PropertyValueSpecification\",\"valueRequired\":true,\"valueName\":\"search_term_string\"}}],\"inLanguage\":\"de\"},{\"@type\":\"Organization\",\"@id\":\"https:\\\/\\\/www.feuerwehr-halberstadt.de\\\/#organization\",\"name\":\"Feuerwehr Halberstadt\",\"url\":\"https:\\\/\\\/www.feuerwehr-halberstadt.de\\\/\",\"logo\":{\"@type\":\"ImageObject\",\"inLanguage\":\"de\",\"@id\":\"https:\\\/\\\/www.feuerwehr-halberstadt.de\\\/#\\\/schema\\\/logo\\\/image\\\/\",\"url\":\"https:\\\/\\\/www.feuerwehr-halberstadt.de\\\/wp-content\\\/uploads\\\/2023\\\/10\\\/IMG_0126.png\",\"contentUrl\":\"https:\\\/\\\/www.feuerwehr-halberstadt.de\\\/wp-content\\\/uploads\\\/2023\\\/10\\\/IMG_0126.png\",\"width\":1500,\"height\":399,\"caption\":\"Feuerwehr Halberstadt\"},\"image\":{\"@id\":\"https:\\\/\\\/www.feuerwehr-halberstadt.de\\\/#\\\/schema\\\/logo\\\/image\\\/\"},\"sameAs\":[\"https:\\\/\\\/www.facebook.com\\\/FeuerwehrHalberstadt\\\/\"]},{\"@type\":\"Person\",\"@id\":\"https:\\\/\\\/www.feuerwehr-halberstadt.de\\\/#\\\/schema\\\/person\\\/55ce5d9b46008e58cd3d55d4116ec727\",\"name\":\"Buchold, Chris\",\"image\":{\"@type\":\"ImageObject\",\"inLanguage\":\"de\",\"@id\":\"https:\\\/\\\/secure.gravatar.com\\\/avatar\\\/bff08a084f0390bf8a93fc28c488452766ba521109cec244ac64210fdd500a49?s=96&d=mm&r=g\",\"url\":\"https:\\\/\\\/secure.gravatar.com\\\/avatar\\\/bff08a084f0390bf8a93fc28c488452766ba521109cec244ac64210fdd500a49?s=96&d=mm&r=g\",\"contentUrl\":\"https:\\\/\\\/secure.gravatar.com\\\/avatar\\\/bff08a084f0390bf8a93fc28c488452766ba521109cec244ac64210fdd500a49?s=96&d=mm&r=g\",\"caption\":\"Buchold, Chris\"},\"url\":\"https:\\\/\\\/www.feuerwehr-halberstadt.de\\\/?author=3\"}]}<\/script>\n<!-- \/ Yoast SEO plugin. -->","yoast_head_json":{"title":"Operativ taktisches Studium (OTS) im Halberst\u00e4dter Dom - Feuerwehr Halberstadt","robots":{"index":"index","follow":"follow","max-snippet":"max-snippet:-1","max-image-preview":"max-image-preview:large","max-video-preview":"max-video-preview:-1"},"canonical":"https:\/\/www.feuerwehr-halberstadt.de\/?p=11042","og_locale":"de_DE","og_type":"article","og_title":"Operativ taktisches Studium (OTS) im Halberst\u00e4dter Dom - Feuerwehr Halberstadt","og_description":"Zum heutigen Dienstabend besuchten die Kameradinnen und Kameraden der Ortsfeuerwehr Halberstadt den Halberst\u00e4dter Dom. Unter Leitung von Kamerad Alexander R\u00f6\u00dfling und einem Objektverantwortlichen, wurden diverse bauliche und brandschutztechnische Besonderheiten gezeigt und erl\u00e4utert. Besonderes Augenmerk wurde auf die Steigleitungen, L\u00f6schanlagen, Zug\u00e4nge und Leitern, welche in die T\u00fcrme und das Kirchenschiff f\u00fchren, gelegt.&nbsp; Unser Dank gilt Herrn [&hellip;]","og_url":"https:\/\/www.feuerwehr-halberstadt.de\/?p=11042","og_site_name":"Feuerwehr Halberstadt","article_publisher":"https:\/\/www.facebook.com\/FeuerwehrHalberstadt\/","article_published_time":"2020-07-21T19:47:26+00:00","article_modified_time":"2020-07-21T19:53:07+00:00","og_image":[{"width":1280,"height":960,"url":"https:\/\/www.feuerwehr-halberstadt.de\/wp-content\/uploads\/2020\/07\/09EC89EF-2C50-4F0D-9CA1-0F82AC96D10F.jpeg","type":"image\/jpeg"}],"author":"Buchold, Chris","twitter_card":"summary_large_image","twitter_misc":{"Verfasst von":"Buchold, Chris"},"schema":{"@context":"https:\/\/schema.org","@graph":[{"@type":"Article","@id":"https:\/\/www.feuerwehr-halberstadt.de\/?p=11042#article","isPartOf":{"@id":"https:\/\/www.feuerwehr-halberstadt.de\/?p=11042"},"author":{"name":"Buchold, Chris","@id":"https:\/\/www.feuerwehr-halberstadt.de\/#\/schema\/person\/55ce5d9b46008e58cd3d55d4116ec727"},"headline":"Operativ taktisches Studium (OTS) im Halberst\u00e4dter Dom","datePublished":"2020-07-21T19:47:26+00:00","dateModified":"2020-07-21T19:53:07+00:00","mainEntityOfPage":{"@id":"https:\/\/www.feuerwehr-halberstadt.de\/?p=11042"},"wordCount":86,"publisher":{"@id":"https:\/\/www.feuerwehr-halberstadt.de\/#organization"},"image":{"@id":"https:\/\/www.feuerwehr-halberstadt.de\/?p=11042#primaryimage"},"thumbnailUrl":"https:\/\/www.feuerwehr-halberstadt.de\/wp-content\/uploads\/2020\/07\/09EC89EF-2C50-4F0D-9CA1-0F82AC96D10F.jpeg","inLanguage":"de"},{"@type":"WebPage","@id":"https:\/\/www.feuerwehr-halberstadt.de\/?p=11042","url":"https:\/\/www.feuerwehr-halberstadt.de\/?p=11042","name":"Operativ taktisches Studium (OTS) im Halberst\u00e4dter Dom - Feuerwehr Halberstadt","isPartOf":{"@id":"https:\/\/www.feuerwehr-halberstadt.de\/#website"},"primaryImageOfPage":{"@id":"https:\/\/www.feuerwehr-halberstadt.de\/?p=11042#primaryimage"},"image":{"@id":"https:\/\/www.feuerwehr-halberstadt.de\/?p=11042#primaryimage"},"thumbnailUrl":"https:\/\/www.feuerwehr-halberstadt.de\/wp-content\/uploads\/2020\/07\/09EC89EF-2C50-4F0D-9CA1-0F82AC96D10F.jpeg","datePublished":"2020-07-21T19:47:26+00:00","dateModified":"2020-07-21T19:53:07+00:00","breadcrumb":{"@id":"https:\/\/www.feuerwehr-halberstadt.de\/?p=11042#breadcrumb"},"inLanguage":"de","potentialAction":[{"@type":"ReadAction","target":["https:\/\/www.feuerwehr-halberstadt.de\/?p=11042"]}]},{"@type":"ImageObject","inLanguage":"de","@id":"https:\/\/www.feuerwehr-halberstadt.de\/?p=11042#primaryimage","url":"https:\/\/www.feuerwehr-halberstadt.de\/wp-content\/uploads\/2020\/07\/09EC89EF-2C50-4F0D-9CA1-0F82AC96D10F.jpeg","contentUrl":"https:\/\/www.feuerwehr-halberstadt.de\/wp-content\/uploads\/2020\/07\/09EC89EF-2C50-4F0D-9CA1-0F82AC96D10F.jpeg","width":1280,"height":960},{"@type":"BreadcrumbList","@id":"https:\/\/www.feuerwehr-halberstadt.de\/?p=11042#breadcrumb","itemListElement":[{"@type":"ListItem","position":1,"name":"Startseite","item":"https:\/\/www.feuerwehr-halberstadt.de\/"},{"@type":"ListItem","position":2,"name":"Operativ taktisches Studium (OTS) im Halberst\u00e4dter Dom"}]},{"@type":"WebSite","@id":"https:\/\/www.feuerwehr-halberstadt.de\/#website","url":"https:\/\/www.feuerwehr-halberstadt.de\/","name":"Feuerwehr Halberstadt","description":"#imEinsatzf\u00fcrHalberstadt","publisher":{"@id":"https:\/\/www.feuerwehr-halberstadt.de\/#organization"},"potentialAction":[{"@type":"SearchAction","target":{"@type":"EntryPoint","urlTemplate":"https:\/\/www.feuerwehr-halberstadt.de\/?s={search_term_string}"},"query-input":{"@type":"PropertyValueSpecification","valueRequired":true,"valueName":"search_term_string"}}],"inLanguage":"de"},{"@type":"Organization","@id":"https:\/\/www.feuerwehr-halberstadt.de\/#organization","name":"Feuerwehr Halberstadt","url":"https:\/\/www.feuerwehr-halberstadt.de\/","logo":{"@type":"ImageObject","inLanguage":"de","@id":"https:\/\/www.feuerwehr-halberstadt.de\/#\/schema\/logo\/image\/","url":"https:\/\/www.feuerwehr-halberstadt.de\/wp-content\/uploads\/2023\/10\/IMG_0126.png","contentUrl":"https:\/\/www.feuerwehr-halberstadt.de\/wp-content\/uploads\/2023\/10\/IMG_0126.png","width":1500,"height":399,"caption":"Feuerwehr Halberstadt"},"image":{"@id":"https:\/\/www.feuerwehr-halberstadt.de\/#\/schema\/logo\/image\/"},"sameAs":["https:\/\/www.facebook.com\/FeuerwehrHalberstadt\/"]},{"@type":"Person","@id":"https:\/\/www.feuerwehr-halberstadt.de\/#\/schema\/person\/55ce5d9b46008e58cd3d55d4116ec727","name":"Buchold, Chris","image":{"@type":"ImageObject","inLanguage":"de","@id":"https:\/\/secure.gravatar.com\/avatar\/bff08a084f0390bf8a93fc28c488452766ba521109cec244ac64210fdd500a49?s=96&d=mm&r=g","url":"https:\/\/secure.gravatar.com\/avatar\/bff08a084f0390bf8a93fc28c488452766ba521109cec244ac64210fdd500a49?s=96&d=mm&r=g","contentUrl":"https:\/\/secure.gravatar.com\/avatar\/bff08a084f0390bf8a93fc28c488452766ba521109cec244ac64210fdd500a49?s=96&d=mm&r=g","caption":"Buchold, Chris"},"url":"https:\/\/www.feuerwehr-halberstadt.de\/?author=3"}]}},"_links":{"self":[{"href":"https:\/\/www.feuerwehr-halberstadt.de\/index.php?rest_route=\/wp\/v2\/posts\/11042","targetHints":{"allow":["GET"]}}],"collection":[{"href":"https:\/\/www.feuerwehr-halberstadt.de\/index.php?rest_route=\/wp\/v2\/posts"}],"about":[{"href":"https:\/\/www.feuerwehr-halberstadt.de\/index.php?rest_route=\/wp\/v2\/types\/post"}],"author":[{"embeddable":true,"href":"https:\/\/www.feuerwehr-halberstadt.de\/index.php?rest_route=\/wp\/v2\/users\/3"}],"replies":[{"embeddable":true,"href":"https:\/\/www.feuerwehr-halberstadt.de\/index.php?rest_route=%2Fwp%2Fv2%2Fcomments&post=11042"}],"version-history":[{"count":4,"href":"https:\/\/www.feuerwehr-halberstadt.de\/index.php?rest_route=\/wp\/v2\/posts\/11042\/revisions"}],"predecessor-version":[{"id":11048,"href":"https:\/\/www.feuerwehr-halberstadt.de\/index.php?rest_route=\/wp\/v2\/posts\/11042\/revisions\/11048"}],"wp:featuredmedia":[{"embeddable":true,"href":"https:\/\/www.feuerwehr-halberstadt.de\/index.php?rest_route=\/wp\/v2\/media\/11036"}],"wp:attachment":[{"href":"https:\/\/www.feuerwehr-halberstadt.de\/index.php?rest_route=%2Fwp%2Fv2%2Fmedia&parent=11042"}],"wp:term":[{"taxonomy":"category","embeddable":true,"href":"https:\/\/www.feuerwehr-halberstadt.de\/index.php?rest_route=%2Fwp%2Fv2%2Fcategories&post=11042"},{"taxonomy":"post_tag","embeddable":true,"href":"https:\/\/www.feuerwehr-halberstadt.de\/index.php?rest_route=%2Fwp%2Fv2%2Ftags&post=11042"}],"curies":[{"name":"wp","href":"https:\/\/api.w.org\/{rel}","templated":true}]}}