{"id":11024,"date":"2020-07-15T16:10:55","date_gmt":"2020-07-15T14:10:55","guid":{"rendered":"http:\/\/www.feuerwehr-halberstadt.de\/?p=11024"},"modified":"2020-07-15T16:10:55","modified_gmt":"2020-07-15T14:10:55","slug":"uebergabe-des-tlf-3000","status":"publish","type":"post","link":"https:\/\/www.feuerwehr-halberstadt.de\/?p=11024","title":{"rendered":"\u00dcbergabe des TLF 3000"},"content":{"rendered":"\n<p>Gestern wurde unser lang angek\u00fcndigtes TLF 3000 in der Halberst\u00e4dter Feuer- und Umweltwache feierlich \u00fcbergeben und auch sofort in Dienst gestellt.<\/p>\n\n\n\n<p>Der Oberb\u00fcrgermeister, Stellvertreter aus allen Ortswehren, der Freiwilligen Feuerwehr Wegeleben und der Freiwilligen Feuerwehr der Partnerstadt Wolfsburg nahmen an den Feierlichkeiten teil. Nun geh\u00f6ren Engp\u00e4sse bei der Beschaffung von L\u00f6schwasser bei Wald- und Fl\u00e4chenbr\u00e4nden der Vergangenheit an. Mit nun rund 4000 Litern Wasser ist eine gro\u00dfe mobile Wasserversorgung gew\u00e4hrleistet. Mobil ist im Zusammenhang mit diesem Fahrzeug wortw\u00f6rtlich zu sehen, da es \u00fcber eine so genannte &#8218;Pump&amp;Roll&#8216; Funktion verf\u00fcgt. Das hei\u00dft unser neues Fahrzeug kann, w\u00e4hrend es sich zu einem anderen Zielort bewegt, Wasser abgeben, sodass w\u00e4hrend des Fahrens weiterhin gel\u00f6scht werden kann.<\/p>\n\n\n\n<p>Dies verschafft ein hohes Ma\u00df an Flexibilit\u00e4t und Effektivit\u00e4t, speziell im Kampf gegen verschiedenste Feuer.<\/p>\n\n\n\n<p>Wir danken dem Land Sachsen-Anhalt, welches die F\u00f6rdergelder f\u00fcr unser TLF bereitstellte. Des Weiteren danken wir der Stadt Halberstadt und dem Stadtrat, welche auch einen nicht unerheblichen Teil von fast 50% zur Verf\u00fcgung stellten. Ohne diese Mittel h\u00e4tten wir das \u00fcber 300.000 Euro teure Fahrzeug nicht anschaffen k\u00f6nnen.<\/p>\n\n\n\n<p>Ebenfalls geht ein gro\u00dfes Dankesch\u00f6n an den F\u00f6rderverein Sankt Florian, welcher uns eine K\u00fchlbox f\u00fcr kalte Getr\u00e4nke an hei\u00dfen Tagen schenkte, auch die Freiwillige Feuerwehr Wegeleben \u00fcberreicht unseren Ortswehrleiter ein Pr\u00e4sent zur \u00dcbergabe des Fahrzeuges.<\/p>\n\n\n\n<figure class=\"wp-block-gallery columns-3 is-cropped wp-block-gallery-1 is-layout-flex wp-block-gallery-is-layout-flex\"><ul class=\"blocks-gallery-grid\"><li class=\"blocks-gallery-item\"><figure><img loading=\"lazy\" decoding=\"async\" width=\"1024\" height=\"683\" src=\"https:\/\/www.feuerwehr-halberstadt.de\/wp-content\/uploads\/2020\/07\/IMG_7170_compress26-1024x683.jpg\" alt=\"\" data-id=\"11022\" data-full-url=\"https:\/\/www.feuerwehr-halberstadt.de\/wp-content\/uploads\/2020\/07\/IMG_7170_compress26-scaled.jpg\" data-link=\"https:\/\/www.feuerwehr-halberstadt.de\/?attachment_id=11022\" class=\"wp-image-11022\" srcset=\"https:\/\/www.feuerwehr-halberstadt.de\/wp-content\/uploads\/2020\/07\/IMG_7170_compress26-1024x683.jpg 1024w, https:\/\/www.feuerwehr-halberstadt.de\/wp-content\/uploads\/2020\/07\/IMG_7170_compress26-300x200.jpg 300w, https:\/\/www.feuerwehr-halberstadt.de\/wp-content\/uploads\/2020\/07\/IMG_7170_compress26-768x512.jpg 768w, https:\/\/www.feuerwehr-halberstadt.de\/wp-content\/uploads\/2020\/07\/IMG_7170_compress26-1536x1024.jpg 1536w, https:\/\/www.feuerwehr-halberstadt.de\/wp-content\/uploads\/2020\/07\/IMG_7170_compress26-2048x1365.jpg 2048w\" sizes=\"auto, (max-width: 1024px) 100vw, 1024px\" \/><\/figure><\/li><li class=\"blocks-gallery-item\"><figure><img loading=\"lazy\" decoding=\"async\" width=\"1024\" height=\"683\" src=\"https:\/\/www.feuerwehr-halberstadt.de\/wp-content\/uploads\/2020\/07\/IMG_7192_compress52-1024x683.jpg\" alt=\"\" data-id=\"11021\" data-full-url=\"https:\/\/www.feuerwehr-halberstadt.de\/wp-content\/uploads\/2020\/07\/IMG_7192_compress52-scaled.jpg\" data-link=\"https:\/\/www.feuerwehr-halberstadt.de\/?attachment_id=11021\" class=\"wp-image-11021\" srcset=\"https:\/\/www.feuerwehr-halberstadt.de\/wp-content\/uploads\/2020\/07\/IMG_7192_compress52-1024x683.jpg 1024w, https:\/\/www.feuerwehr-halberstadt.de\/wp-content\/uploads\/2020\/07\/IMG_7192_compress52-300x200.jpg 300w, https:\/\/www.feuerwehr-halberstadt.de\/wp-content\/uploads\/2020\/07\/IMG_7192_compress52-768x512.jpg 768w, https:\/\/www.feuerwehr-halberstadt.de\/wp-content\/uploads\/2020\/07\/IMG_7192_compress52-1536x1024.jpg 1536w, https:\/\/www.feuerwehr-halberstadt.de\/wp-content\/uploads\/2020\/07\/IMG_7192_compress52-2048x1365.jpg 2048w\" sizes=\"auto, (max-width: 1024px) 100vw, 1024px\" \/><\/figure><\/li><li class=\"blocks-gallery-item\"><figure><img loading=\"lazy\" decoding=\"async\" width=\"1024\" height=\"683\" src=\"https:\/\/www.feuerwehr-halberstadt.de\/wp-content\/uploads\/2020\/07\/IMG_7190_compress49-1024x683.jpg\" alt=\"\" data-id=\"11023\" data-full-url=\"https:\/\/www.feuerwehr-halberstadt.de\/wp-content\/uploads\/2020\/07\/IMG_7190_compress49-scaled.jpg\" data-link=\"https:\/\/www.feuerwehr-halberstadt.de\/?attachment_id=11023\" class=\"wp-image-11023\" srcset=\"https:\/\/www.feuerwehr-halberstadt.de\/wp-content\/uploads\/2020\/07\/IMG_7190_compress49-1024x683.jpg 1024w, https:\/\/www.feuerwehr-halberstadt.de\/wp-content\/uploads\/2020\/07\/IMG_7190_compress49-300x200.jpg 300w, https:\/\/www.feuerwehr-halberstadt.de\/wp-content\/uploads\/2020\/07\/IMG_7190_compress49-768x512.jpg 768w, https:\/\/www.feuerwehr-halberstadt.de\/wp-content\/uploads\/2020\/07\/IMG_7190_compress49-1536x1024.jpg 1536w, https:\/\/www.feuerwehr-halberstadt.de\/wp-content\/uploads\/2020\/07\/IMG_7190_compress49-2048x1365.jpg 2048w\" sizes=\"auto, (max-width: 1024px) 100vw, 1024px\" \/><\/figure><\/li><li class=\"blocks-gallery-item\"><figure><img loading=\"lazy\" decoding=\"async\" width=\"1024\" height=\"683\" src=\"https:\/\/www.feuerwehr-halberstadt.de\/wp-content\/uploads\/2020\/07\/IMG_7178_compress88-1024x683.jpg\" alt=\"\" data-id=\"11019\" data-full-url=\"https:\/\/www.feuerwehr-halberstadt.de\/wp-content\/uploads\/2020\/07\/IMG_7178_compress88-scaled.jpg\" data-link=\"https:\/\/www.feuerwehr-halberstadt.de\/?attachment_id=11019\" class=\"wp-image-11019\" srcset=\"https:\/\/www.feuerwehr-halberstadt.de\/wp-content\/uploads\/2020\/07\/IMG_7178_compress88-1024x683.jpg 1024w, https:\/\/www.feuerwehr-halberstadt.de\/wp-content\/uploads\/2020\/07\/IMG_7178_compress88-300x200.jpg 300w, https:\/\/www.feuerwehr-halberstadt.de\/wp-content\/uploads\/2020\/07\/IMG_7178_compress88-768x512.jpg 768w, https:\/\/www.feuerwehr-halberstadt.de\/wp-content\/uploads\/2020\/07\/IMG_7178_compress88-1536x1024.jpg 1536w, https:\/\/www.feuerwehr-halberstadt.de\/wp-content\/uploads\/2020\/07\/IMG_7178_compress88-2048x1365.jpg 2048w\" sizes=\"auto, (max-width: 1024px) 100vw, 1024px\" \/><\/figure><\/li><li class=\"blocks-gallery-item\"><figure><img loading=\"lazy\" decoding=\"async\" width=\"1024\" height=\"683\" src=\"https:\/\/www.feuerwehr-halberstadt.de\/wp-content\/uploads\/2020\/07\/IMG_7139_compress27-1024x683.jpg\" alt=\"\" data-id=\"11018\" data-full-url=\"https:\/\/www.feuerwehr-halberstadt.de\/wp-content\/uploads\/2020\/07\/IMG_7139_compress27-scaled.jpg\" data-link=\"https:\/\/www.feuerwehr-halberstadt.de\/?attachment_id=11018\" class=\"wp-image-11018\" srcset=\"https:\/\/www.feuerwehr-halberstadt.de\/wp-content\/uploads\/2020\/07\/IMG_7139_compress27-1024x683.jpg 1024w, https:\/\/www.feuerwehr-halberstadt.de\/wp-content\/uploads\/2020\/07\/IMG_7139_compress27-300x200.jpg 300w, https:\/\/www.feuerwehr-halberstadt.de\/wp-content\/uploads\/2020\/07\/IMG_7139_compress27-768x512.jpg 768w, https:\/\/www.feuerwehr-halberstadt.de\/wp-content\/uploads\/2020\/07\/IMG_7139_compress27-1536x1024.jpg 1536w, https:\/\/www.feuerwehr-halberstadt.de\/wp-content\/uploads\/2020\/07\/IMG_7139_compress27-2048x1365.jpg 2048w\" sizes=\"auto, (max-width: 1024px) 100vw, 1024px\" \/><\/figure><\/li><li class=\"blocks-gallery-item\"><figure><img loading=\"lazy\" decoding=\"async\" width=\"1024\" height=\"683\" src=\"https:\/\/www.feuerwehr-halberstadt.de\/wp-content\/uploads\/2020\/07\/IMG_7161_compress11-1024x683.jpg\" alt=\"\" data-id=\"11017\" data-full-url=\"https:\/\/www.feuerwehr-halberstadt.de\/wp-content\/uploads\/2020\/07\/IMG_7161_compress11-scaled.jpg\" data-link=\"https:\/\/www.feuerwehr-halberstadt.de\/?attachment_id=11017\" class=\"wp-image-11017\" srcset=\"https:\/\/www.feuerwehr-halberstadt.de\/wp-content\/uploads\/2020\/07\/IMG_7161_compress11-1024x683.jpg 1024w, https:\/\/www.feuerwehr-halberstadt.de\/wp-content\/uploads\/2020\/07\/IMG_7161_compress11-300x200.jpg 300w, https:\/\/www.feuerwehr-halberstadt.de\/wp-content\/uploads\/2020\/07\/IMG_7161_compress11-768x512.jpg 768w, https:\/\/www.feuerwehr-halberstadt.de\/wp-content\/uploads\/2020\/07\/IMG_7161_compress11-1536x1024.jpg 1536w, https:\/\/www.feuerwehr-halberstadt.de\/wp-content\/uploads\/2020\/07\/IMG_7161_compress11-2048x1365.jpg 2048w\" sizes=\"auto, (max-width: 1024px) 100vw, 1024px\" \/><\/figure><\/li><\/ul><\/figure>\n","protected":false},"excerpt":{"rendered":"<p>Gestern wurde unser lang angek\u00fcndigtes TLF 3000 in der Halberst\u00e4dter Feuer- und Umweltwache feierlich \u00fcbergeben und auch sofort in Dienst gestellt. Der Oberb\u00fcrgermeister, Stellvertreter aus allen Ortswehren, der Freiwilligen Feuerwehr Wegeleben und der Freiwilligen Feuerwehr der Partnerstadt Wolfsburg nahmen an den Feierlichkeiten teil. Nun geh\u00f6ren Engp\u00e4sse bei der Beschaffung von L\u00f6schwasser bei Wald- und Fl\u00e4chenbr\u00e4nden [&hellip;]<\/p>\n","protected":false},"author":2,"featured_media":11017,"comment_status":"closed","ping_status":"closed","sticky":false,"template":"","format":"standard","meta":{"_acf_changed":false,"footnotes":""},"categories":[9,31],"tags":[],"class_list":["post-11024","post","type-post","status-publish","format-standard","has-post-thumbnail","hentry","category-allgemein","category-information"],"acf":[],"yoast_head":"<!-- This site is optimized with the Yoast SEO plugin v27.5 - https:\/\/yoast.com\/product\/yoast-seo-wordpress\/ -->\n<title>\u00dcbergabe des TLF 3000 - Feuerwehr Halberstadt<\/title>\n<meta name=\"robots\" content=\"index, follow, max-snippet:-1, max-image-preview:large, max-video-preview:-1\" \/>\n<link rel=\"canonical\" href=\"https:\/\/www.feuerwehr-halberstadt.de\/?p=11024\" \/>\n<meta property=\"og:locale\" content=\"de_DE\" \/>\n<meta property=\"og:type\" content=\"article\" \/>\n<meta property=\"og:title\" content=\"\u00dcbergabe des TLF 3000 - Feuerwehr Halberstadt\" \/>\n<meta property=\"og:description\" content=\"Gestern wurde unser lang angek\u00fcndigtes TLF 3000 in der Halberst\u00e4dter Feuer- und Umweltwache feierlich \u00fcbergeben und auch sofort in Dienst gestellt. Der Oberb\u00fcrgermeister, Stellvertreter aus allen Ortswehren, der Freiwilligen Feuerwehr Wegeleben und der Freiwilligen Feuerwehr der Partnerstadt Wolfsburg nahmen an den Feierlichkeiten teil. Nun geh\u00f6ren Engp\u00e4sse bei der Beschaffung von L\u00f6schwasser bei Wald- und Fl\u00e4chenbr\u00e4nden [&hellip;]\" \/>\n<meta property=\"og:url\" content=\"https:\/\/www.feuerwehr-halberstadt.de\/?p=11024\" \/>\n<meta property=\"og:site_name\" content=\"Feuerwehr Halberstadt\" \/>\n<meta property=\"article:publisher\" content=\"https:\/\/www.facebook.com\/FeuerwehrHalberstadt\/\" \/>\n<meta property=\"article:published_time\" content=\"2020-07-15T14:10:55+00:00\" \/>\n<meta property=\"og:image\" content=\"https:\/\/www.feuerwehr-halberstadt.de\/wp-content\/uploads\/2020\/07\/IMG_7161_compress11-scaled.jpg\" \/>\n\t<meta property=\"og:image:width\" content=\"2560\" \/>\n\t<meta property=\"og:image:height\" content=\"1707\" \/>\n\t<meta property=\"og:image:type\" content=\"image\/jpeg\" \/>\n<meta name=\"author\" content=\"Scholz\" \/>\n<meta name=\"twitter:card\" content=\"summary_large_image\" \/>\n<meta name=\"twitter:label1\" content=\"Verfasst von\" \/>\n\t<meta name=\"twitter:data1\" content=\"Scholz\" \/>\n\t<meta name=\"twitter:label2\" content=\"Gesch\u00e4tzte Lesezeit\" \/>\n\t<meta name=\"twitter:data2\" content=\"1\u00a0Minute\" \/>\n<script type=\"application\/ld+json\" class=\"yoast-schema-graph\">{\"@context\":\"https:\\\/\\\/schema.org\",\"@graph\":[{\"@type\":\"Article\",\"@id\":\"https:\\\/\\\/www.feuerwehr-halberstadt.de\\\/?p=11024#article\",\"isPartOf\":{\"@id\":\"https:\\\/\\\/www.feuerwehr-halberstadt.de\\\/?p=11024\"},\"author\":{\"name\":\"Scholz\",\"@id\":\"https:\\\/\\\/www.feuerwehr-halberstadt.de\\\/#\\\/schema\\\/person\\\/fada6c562eed318e2d025151019ed8e6\"},\"headline\":\"\u00dcbergabe des TLF 3000\",\"datePublished\":\"2020-07-15T14:10:55+00:00\",\"mainEntityOfPage\":{\"@id\":\"https:\\\/\\\/www.feuerwehr-halberstadt.de\\\/?p=11024\"},\"wordCount\":243,\"publisher\":{\"@id\":\"https:\\\/\\\/www.feuerwehr-halberstadt.de\\\/#organization\"},\"image\":{\"@id\":\"https:\\\/\\\/www.feuerwehr-halberstadt.de\\\/?p=11024#primaryimage\"},\"thumbnailUrl\":\"https:\\\/\\\/www.feuerwehr-halberstadt.de\\\/wp-content\\\/uploads\\\/2020\\\/07\\\/IMG_7161_compress11-scaled.jpg\",\"articleSection\":{\"1\":\"Information\"},\"inLanguage\":\"de\"},{\"@type\":\"WebPage\",\"@id\":\"https:\\\/\\\/www.feuerwehr-halberstadt.de\\\/?p=11024\",\"url\":\"https:\\\/\\\/www.feuerwehr-halberstadt.de\\\/?p=11024\",\"name\":\"\u00dcbergabe des TLF 3000 - Feuerwehr Halberstadt\",\"isPartOf\":{\"@id\":\"https:\\\/\\\/www.feuerwehr-halberstadt.de\\\/#website\"},\"primaryImageOfPage\":{\"@id\":\"https:\\\/\\\/www.feuerwehr-halberstadt.de\\\/?p=11024#primaryimage\"},\"image\":{\"@id\":\"https:\\\/\\\/www.feuerwehr-halberstadt.de\\\/?p=11024#primaryimage\"},\"thumbnailUrl\":\"https:\\\/\\\/www.feuerwehr-halberstadt.de\\\/wp-content\\\/uploads\\\/2020\\\/07\\\/IMG_7161_compress11-scaled.jpg\",\"datePublished\":\"2020-07-15T14:10:55+00:00\",\"breadcrumb\":{\"@id\":\"https:\\\/\\\/www.feuerwehr-halberstadt.de\\\/?p=11024#breadcrumb\"},\"inLanguage\":\"de\",\"potentialAction\":[{\"@type\":\"ReadAction\",\"target\":[\"https:\\\/\\\/www.feuerwehr-halberstadt.de\\\/?p=11024\"]}]},{\"@type\":\"ImageObject\",\"inLanguage\":\"de\",\"@id\":\"https:\\\/\\\/www.feuerwehr-halberstadt.de\\\/?p=11024#primaryimage\",\"url\":\"https:\\\/\\\/www.feuerwehr-halberstadt.de\\\/wp-content\\\/uploads\\\/2020\\\/07\\\/IMG_7161_compress11-scaled.jpg\",\"contentUrl\":\"https:\\\/\\\/www.feuerwehr-halberstadt.de\\\/wp-content\\\/uploads\\\/2020\\\/07\\\/IMG_7161_compress11-scaled.jpg\",\"width\":2560,\"height\":1707},{\"@type\":\"BreadcrumbList\",\"@id\":\"https:\\\/\\\/www.feuerwehr-halberstadt.de\\\/?p=11024#breadcrumb\",\"itemListElement\":[{\"@type\":\"ListItem\",\"position\":1,\"name\":\"Startseite\",\"item\":\"https:\\\/\\\/www.feuerwehr-halberstadt.de\\\/\"},{\"@type\":\"ListItem\",\"position\":2,\"name\":\"\u00dcbergabe des TLF 3000\"}]},{\"@type\":\"WebSite\",\"@id\":\"https:\\\/\\\/www.feuerwehr-halberstadt.de\\\/#website\",\"url\":\"https:\\\/\\\/www.feuerwehr-halberstadt.de\\\/\",\"name\":\"Feuerwehr Halberstadt\",\"description\":\"#imEinsatzf\u00fcrHalberstadt\",\"publisher\":{\"@id\":\"https:\\\/\\\/www.feuerwehr-halberstadt.de\\\/#organization\"},\"potentialAction\":[{\"@type\":\"SearchAction\",\"target\":{\"@type\":\"EntryPoint\",\"urlTemplate\":\"https:\\\/\\\/www.feuerwehr-halberstadt.de\\\/?s={search_term_string}\"},\"query-input\":{\"@type\":\"PropertyValueSpecification\",\"valueRequired\":true,\"valueName\":\"search_term_string\"}}],\"inLanguage\":\"de\"},{\"@type\":\"Organization\",\"@id\":\"https:\\\/\\\/www.feuerwehr-halberstadt.de\\\/#organization\",\"name\":\"Feuerwehr Halberstadt\",\"url\":\"https:\\\/\\\/www.feuerwehr-halberstadt.de\\\/\",\"logo\":{\"@type\":\"ImageObject\",\"inLanguage\":\"de\",\"@id\":\"https:\\\/\\\/www.feuerwehr-halberstadt.de\\\/#\\\/schema\\\/logo\\\/image\\\/\",\"url\":\"https:\\\/\\\/www.feuerwehr-halberstadt.de\\\/wp-content\\\/uploads\\\/2023\\\/10\\\/IMG_0126.png\",\"contentUrl\":\"https:\\\/\\\/www.feuerwehr-halberstadt.de\\\/wp-content\\\/uploads\\\/2023\\\/10\\\/IMG_0126.png\",\"width\":1500,\"height\":399,\"caption\":\"Feuerwehr Halberstadt\"},\"image\":{\"@id\":\"https:\\\/\\\/www.feuerwehr-halberstadt.de\\\/#\\\/schema\\\/logo\\\/image\\\/\"},\"sameAs\":[\"https:\\\/\\\/www.facebook.com\\\/FeuerwehrHalberstadt\\\/\"]},{\"@type\":\"Person\",\"@id\":\"https:\\\/\\\/www.feuerwehr-halberstadt.de\\\/#\\\/schema\\\/person\\\/fada6c562eed318e2d025151019ed8e6\",\"name\":\"Scholz\",\"image\":{\"@type\":\"ImageObject\",\"inLanguage\":\"de\",\"@id\":\"https:\\\/\\\/secure.gravatar.com\\\/avatar\\\/d38b2c724b449489dfc96f3cc3020bee35a8cdd11c6758d86fe3c4887c53b022?s=96&d=mm&r=g\",\"url\":\"https:\\\/\\\/secure.gravatar.com\\\/avatar\\\/d38b2c724b449489dfc96f3cc3020bee35a8cdd11c6758d86fe3c4887c53b022?s=96&d=mm&r=g\",\"contentUrl\":\"https:\\\/\\\/secure.gravatar.com\\\/avatar\\\/d38b2c724b449489dfc96f3cc3020bee35a8cdd11c6758d86fe3c4887c53b022?s=96&d=mm&r=g\",\"caption\":\"Scholz\"},\"url\":\"https:\\\/\\\/www.feuerwehr-halberstadt.de\\\/?author=2\"}]}<\/script>\n<!-- \/ Yoast SEO plugin. -->","yoast_head_json":{"title":"\u00dcbergabe des TLF 3000 - Feuerwehr Halberstadt","robots":{"index":"index","follow":"follow","max-snippet":"max-snippet:-1","max-image-preview":"max-image-preview:large","max-video-preview":"max-video-preview:-1"},"canonical":"https:\/\/www.feuerwehr-halberstadt.de\/?p=11024","og_locale":"de_DE","og_type":"article","og_title":"\u00dcbergabe des TLF 3000 - Feuerwehr Halberstadt","og_description":"Gestern wurde unser lang angek\u00fcndigtes TLF 3000 in der Halberst\u00e4dter Feuer- und Umweltwache feierlich \u00fcbergeben und auch sofort in Dienst gestellt. Der Oberb\u00fcrgermeister, Stellvertreter aus allen Ortswehren, der Freiwilligen Feuerwehr Wegeleben und der Freiwilligen Feuerwehr der Partnerstadt Wolfsburg nahmen an den Feierlichkeiten teil. Nun geh\u00f6ren Engp\u00e4sse bei der Beschaffung von L\u00f6schwasser bei Wald- und Fl\u00e4chenbr\u00e4nden [&hellip;]","og_url":"https:\/\/www.feuerwehr-halberstadt.de\/?p=11024","og_site_name":"Feuerwehr Halberstadt","article_publisher":"https:\/\/www.facebook.com\/FeuerwehrHalberstadt\/","article_published_time":"2020-07-15T14:10:55+00:00","og_image":[{"width":2560,"height":1707,"url":"https:\/\/www.feuerwehr-halberstadt.de\/wp-content\/uploads\/2020\/07\/IMG_7161_compress11-scaled.jpg","type":"image\/jpeg"}],"author":"Scholz","twitter_card":"summary_large_image","twitter_misc":{"Verfasst von":"Scholz","Gesch\u00e4tzte Lesezeit":"1\u00a0Minute"},"schema":{"@context":"https:\/\/schema.org","@graph":[{"@type":"Article","@id":"https:\/\/www.feuerwehr-halberstadt.de\/?p=11024#article","isPartOf":{"@id":"https:\/\/www.feuerwehr-halberstadt.de\/?p=11024"},"author":{"name":"Scholz","@id":"https:\/\/www.feuerwehr-halberstadt.de\/#\/schema\/person\/fada6c562eed318e2d025151019ed8e6"},"headline":"\u00dcbergabe des TLF 3000","datePublished":"2020-07-15T14:10:55+00:00","mainEntityOfPage":{"@id":"https:\/\/www.feuerwehr-halberstadt.de\/?p=11024"},"wordCount":243,"publisher":{"@id":"https:\/\/www.feuerwehr-halberstadt.de\/#organization"},"image":{"@id":"https:\/\/www.feuerwehr-halberstadt.de\/?p=11024#primaryimage"},"thumbnailUrl":"https:\/\/www.feuerwehr-halberstadt.de\/wp-content\/uploads\/2020\/07\/IMG_7161_compress11-scaled.jpg","articleSection":{"1":"Information"},"inLanguage":"de"},{"@type":"WebPage","@id":"https:\/\/www.feuerwehr-halberstadt.de\/?p=11024","url":"https:\/\/www.feuerwehr-halberstadt.de\/?p=11024","name":"\u00dcbergabe des TLF 3000 - Feuerwehr Halberstadt","isPartOf":{"@id":"https:\/\/www.feuerwehr-halberstadt.de\/#website"},"primaryImageOfPage":{"@id":"https:\/\/www.feuerwehr-halberstadt.de\/?p=11024#primaryimage"},"image":{"@id":"https:\/\/www.feuerwehr-halberstadt.de\/?p=11024#primaryimage"},"thumbnailUrl":"https:\/\/www.feuerwehr-halberstadt.de\/wp-content\/uploads\/2020\/07\/IMG_7161_compress11-scaled.jpg","datePublished":"2020-07-15T14:10:55+00:00","breadcrumb":{"@id":"https:\/\/www.feuerwehr-halberstadt.de\/?p=11024#breadcrumb"},"inLanguage":"de","potentialAction":[{"@type":"ReadAction","target":["https:\/\/www.feuerwehr-halberstadt.de\/?p=11024"]}]},{"@type":"ImageObject","inLanguage":"de","@id":"https:\/\/www.feuerwehr-halberstadt.de\/?p=11024#primaryimage","url":"https:\/\/www.feuerwehr-halberstadt.de\/wp-content\/uploads\/2020\/07\/IMG_7161_compress11-scaled.jpg","contentUrl":"https:\/\/www.feuerwehr-halberstadt.de\/wp-content\/uploads\/2020\/07\/IMG_7161_compress11-scaled.jpg","width":2560,"height":1707},{"@type":"BreadcrumbList","@id":"https:\/\/www.feuerwehr-halberstadt.de\/?p=11024#breadcrumb","itemListElement":[{"@type":"ListItem","position":1,"name":"Startseite","item":"https:\/\/www.feuerwehr-halberstadt.de\/"},{"@type":"ListItem","position":2,"name":"\u00dcbergabe des TLF 3000"}]},{"@type":"WebSite","@id":"https:\/\/www.feuerwehr-halberstadt.de\/#website","url":"https:\/\/www.feuerwehr-halberstadt.de\/","name":"Feuerwehr Halberstadt","description":"#imEinsatzf\u00fcrHalberstadt","publisher":{"@id":"https:\/\/www.feuerwehr-halberstadt.de\/#organization"},"potentialAction":[{"@type":"SearchAction","target":{"@type":"EntryPoint","urlTemplate":"https:\/\/www.feuerwehr-halberstadt.de\/?s={search_term_string}"},"query-input":{"@type":"PropertyValueSpecification","valueRequired":true,"valueName":"search_term_string"}}],"inLanguage":"de"},{"@type":"Organization","@id":"https:\/\/www.feuerwehr-halberstadt.de\/#organization","name":"Feuerwehr Halberstadt","url":"https:\/\/www.feuerwehr-halberstadt.de\/","logo":{"@type":"ImageObject","inLanguage":"de","@id":"https:\/\/www.feuerwehr-halberstadt.de\/#\/schema\/logo\/image\/","url":"https:\/\/www.feuerwehr-halberstadt.de\/wp-content\/uploads\/2023\/10\/IMG_0126.png","contentUrl":"https:\/\/www.feuerwehr-halberstadt.de\/wp-content\/uploads\/2023\/10\/IMG_0126.png","width":1500,"height":399,"caption":"Feuerwehr Halberstadt"},"image":{"@id":"https:\/\/www.feuerwehr-halberstadt.de\/#\/schema\/logo\/image\/"},"sameAs":["https:\/\/www.facebook.com\/FeuerwehrHalberstadt\/"]},{"@type":"Person","@id":"https:\/\/www.feuerwehr-halberstadt.de\/#\/schema\/person\/fada6c562eed318e2d025151019ed8e6","name":"Scholz","image":{"@type":"ImageObject","inLanguage":"de","@id":"https:\/\/secure.gravatar.com\/avatar\/d38b2c724b449489dfc96f3cc3020bee35a8cdd11c6758d86fe3c4887c53b022?s=96&d=mm&r=g","url":"https:\/\/secure.gravatar.com\/avatar\/d38b2c724b449489dfc96f3cc3020bee35a8cdd11c6758d86fe3c4887c53b022?s=96&d=mm&r=g","contentUrl":"https:\/\/secure.gravatar.com\/avatar\/d38b2c724b449489dfc96f3cc3020bee35a8cdd11c6758d86fe3c4887c53b022?s=96&d=mm&r=g","caption":"Scholz"},"url":"https:\/\/www.feuerwehr-halberstadt.de\/?author=2"}]}},"_links":{"self":[{"href":"https:\/\/www.feuerwehr-halberstadt.de\/index.php?rest_route=\/wp\/v2\/posts\/11024","targetHints":{"allow":["GET"]}}],"collection":[{"href":"https:\/\/www.feuerwehr-halberstadt.de\/index.php?rest_route=\/wp\/v2\/posts"}],"about":[{"href":"https:\/\/www.feuerwehr-halberstadt.de\/index.php?rest_route=\/wp\/v2\/types\/post"}],"author":[{"embeddable":true,"href":"https:\/\/www.feuerwehr-halberstadt.de\/index.php?rest_route=\/wp\/v2\/users\/2"}],"replies":[{"embeddable":true,"href":"https:\/\/www.feuerwehr-halberstadt.de\/index.php?rest_route=%2Fwp%2Fv2%2Fcomments&post=11024"}],"version-history":[{"count":1,"href":"https:\/\/www.feuerwehr-halberstadt.de\/index.php?rest_route=\/wp\/v2\/posts\/11024\/revisions"}],"predecessor-version":[{"id":11025,"href":"https:\/\/www.feuerwehr-halberstadt.de\/index.php?rest_route=\/wp\/v2\/posts\/11024\/revisions\/11025"}],"wp:featuredmedia":[{"embeddable":true,"href":"https:\/\/www.feuerwehr-halberstadt.de\/index.php?rest_route=\/wp\/v2\/media\/11017"}],"wp:attachment":[{"href":"https:\/\/www.feuerwehr-halberstadt.de\/index.php?rest_route=%2Fwp%2Fv2%2Fmedia&parent=11024"}],"wp:term":[{"taxonomy":"category","embeddable":true,"href":"https:\/\/www.feuerwehr-halberstadt.de\/index.php?rest_route=%2Fwp%2Fv2%2Fcategories&post=11024"},{"taxonomy":"post_tag","embeddable":true,"href":"https:\/\/www.feuerwehr-halberstadt.de\/index.php?rest_route=%2Fwp%2Fv2%2Ftags&post=11024"}],"curies":[{"name":"wp","href":"https:\/\/api.w.org\/{rel}","templated":true}]}}