{"id":10990,"date":"2020-07-05T11:29:55","date_gmt":"2020-07-05T09:29:55","guid":{"rendered":"http:\/\/www.feuerwehr-halberstadt.de\/?p=10990"},"modified":"2020-07-05T20:07:00","modified_gmt":"2020-07-05T18:07:00","slug":"feuerwehrmann-heiratet-polizistin","status":"publish","type":"post","link":"https:\/\/www.feuerwehr-halberstadt.de\/?p=10990","title":{"rendered":"Feuerwehrmann heiratet Polizistin!"},"content":{"rendered":"\n<p>Am gestrigen Samstag heiratete unser langj\u00e4hriges Mitglied Tobias Zwengel seine Freundin Jana.<br>Nachdem sich die beiden das Ja-Wort gaben, nahmen die Kameraden der Feuerwehr und die Kollegen der Polizei die beiden frisch verm\u00e4hlten herzlich im traditionellen Spalier in Empfang. Ingo Wetzel, Thomas Dittmer und Martin Schulz \u00fcbergaben dem Brautpaar, im Namen der Feuerwehr, ein Pr\u00e4sent und gratulierten den Beiden. Im Anschluss konnte das Brautpaar im Korb der Drehleiter die Aussicht \u00fcber den Holzmarkt genie\u00dfen. Danach mussten Sie allerdings den Weg in die gemeinsame Zukunft freir\u00e4umen.<br>Die Ortsfeuerwehr Halberstadt w\u00fcnscht dem frisch verm\u00e4hlten Ehepaar alles Gute f\u00fcr die gemeinsame Zukunft.<\/p>\n\n\n\n<figure class=\"wp-block-embed-youtube aligncenter wp-block-embed is-type-video is-provider-youtube wp-embed-aspect-16-9 wp-has-aspect-ratio\"><div class=\"wp-block-embed__wrapper\">\n<iframe loading=\"lazy\" title=\"Feuerwehr Halberstadt - Feuerwehrmann heiratet Polizistin [Luftaufnahmen]\" width=\"640\" height=\"360\" src=\"https:\/\/www.youtube.com\/embed\/BNiWMMLg5Kw?feature=oembed\" frameborder=\"0\" allow=\"accelerometer; autoplay; clipboard-write; encrypted-media; gyroscope; picture-in-picture; web-share\" referrerpolicy=\"strict-origin-when-cross-origin\" allowfullscreen><\/iframe>\n<\/div><\/figure>\n\n\n\n<figure class=\"wp-block-gallery columns-3 is-cropped wp-block-gallery-1 is-layout-flex wp-block-gallery-is-layout-flex\"><ul class=\"blocks-gallery-grid\"><li class=\"blocks-gallery-item\"><figure><img loading=\"lazy\" decoding=\"async\" width=\"1024\" height=\"683\" src=\"https:\/\/www.feuerwehr-halberstadt.de\/wp-content\/uploads\/2020\/07\/20200704-DSC02177-1024x683.jpg\" alt=\"\" data-id=\"10996\" data-full-url=\"https:\/\/www.feuerwehr-halberstadt.de\/wp-content\/uploads\/2020\/07\/20200704-DSC02177-scaled.jpg\" data-link=\"https:\/\/www.feuerwehr-halberstadt.de\/?attachment_id=10996\" class=\"wp-image-10996\" srcset=\"https:\/\/www.feuerwehr-halberstadt.de\/wp-content\/uploads\/2020\/07\/20200704-DSC02177-1024x683.jpg 1024w, https:\/\/www.feuerwehr-halberstadt.de\/wp-content\/uploads\/2020\/07\/20200704-DSC02177-300x200.jpg 300w, https:\/\/www.feuerwehr-halberstadt.de\/wp-content\/uploads\/2020\/07\/20200704-DSC02177-768x512.jpg 768w, https:\/\/www.feuerwehr-halberstadt.de\/wp-content\/uploads\/2020\/07\/20200704-DSC02177-1536x1024.jpg 1536w, https:\/\/www.feuerwehr-halberstadt.de\/wp-content\/uploads\/2020\/07\/20200704-DSC02177-2048x1365.jpg 2048w\" sizes=\"auto, (max-width: 1024px) 100vw, 1024px\" \/><\/figure><\/li><li class=\"blocks-gallery-item\"><figure><img loading=\"lazy\" decoding=\"async\" width=\"1024\" height=\"683\" src=\"https:\/\/www.feuerwehr-halberstadt.de\/wp-content\/uploads\/2020\/07\/20200704-DSC02134_compress3-1024x683.jpg\" alt=\"\" data-id=\"11002\" data-full-url=\"https:\/\/www.feuerwehr-halberstadt.de\/wp-content\/uploads\/2020\/07\/20200704-DSC02134_compress3-scaled.jpg\" data-link=\"https:\/\/www.feuerwehr-halberstadt.de\/?attachment_id=11002\" class=\"wp-image-11002\" srcset=\"https:\/\/www.feuerwehr-halberstadt.de\/wp-content\/uploads\/2020\/07\/20200704-DSC02134_compress3-1024x683.jpg 1024w, https:\/\/www.feuerwehr-halberstadt.de\/wp-content\/uploads\/2020\/07\/20200704-DSC02134_compress3-300x200.jpg 300w, https:\/\/www.feuerwehr-halberstadt.de\/wp-content\/uploads\/2020\/07\/20200704-DSC02134_compress3-768x512.jpg 768w, https:\/\/www.feuerwehr-halberstadt.de\/wp-content\/uploads\/2020\/07\/20200704-DSC02134_compress3-1536x1024.jpg 1536w, https:\/\/www.feuerwehr-halberstadt.de\/wp-content\/uploads\/2020\/07\/20200704-DSC02134_compress3-2048x1365.jpg 2048w\" sizes=\"auto, (max-width: 1024px) 100vw, 1024px\" \/><\/figure><\/li><li class=\"blocks-gallery-item\"><figure><img loading=\"lazy\" decoding=\"async\" width=\"1024\" height=\"683\" src=\"https:\/\/www.feuerwehr-halberstadt.de\/wp-content\/uploads\/2020\/07\/20200704-DSC02157-1024x683.jpg\" alt=\"\" data-id=\"10995\" data-full-url=\"https:\/\/www.feuerwehr-halberstadt.de\/wp-content\/uploads\/2020\/07\/20200704-DSC02157-scaled.jpg\" data-link=\"https:\/\/www.feuerwehr-halberstadt.de\/?attachment_id=10995\" class=\"wp-image-10995\" srcset=\"https:\/\/www.feuerwehr-halberstadt.de\/wp-content\/uploads\/2020\/07\/20200704-DSC02157-1024x683.jpg 1024w, https:\/\/www.feuerwehr-halberstadt.de\/wp-content\/uploads\/2020\/07\/20200704-DSC02157-300x200.jpg 300w, https:\/\/www.feuerwehr-halberstadt.de\/wp-content\/uploads\/2020\/07\/20200704-DSC02157-768x512.jpg 768w, https:\/\/www.feuerwehr-halberstadt.de\/wp-content\/uploads\/2020\/07\/20200704-DSC02157-1536x1024.jpg 1536w, https:\/\/www.feuerwehr-halberstadt.de\/wp-content\/uploads\/2020\/07\/20200704-DSC02157-2048x1365.jpg 2048w\" sizes=\"auto, (max-width: 1024px) 100vw, 1024px\" \/><\/figure><\/li><li class=\"blocks-gallery-item\"><figure><img loading=\"lazy\" decoding=\"async\" width=\"1024\" height=\"683\" src=\"https:\/\/www.feuerwehr-halberstadt.de\/wp-content\/uploads\/2020\/07\/20200704-DSC02101-1024x683.jpg\" alt=\"\" data-id=\"10993\" data-full-url=\"https:\/\/www.feuerwehr-halberstadt.de\/wp-content\/uploads\/2020\/07\/20200704-DSC02101-scaled.jpg\" data-link=\"https:\/\/www.feuerwehr-halberstadt.de\/?attachment_id=10993\" class=\"wp-image-10993\" srcset=\"https:\/\/www.feuerwehr-halberstadt.de\/wp-content\/uploads\/2020\/07\/20200704-DSC02101-1024x683.jpg 1024w, https:\/\/www.feuerwehr-halberstadt.de\/wp-content\/uploads\/2020\/07\/20200704-DSC02101-300x200.jpg 300w, https:\/\/www.feuerwehr-halberstadt.de\/wp-content\/uploads\/2020\/07\/20200704-DSC02101-768x512.jpg 768w, https:\/\/www.feuerwehr-halberstadt.de\/wp-content\/uploads\/2020\/07\/20200704-DSC02101-1536x1024.jpg 1536w, https:\/\/www.feuerwehr-halberstadt.de\/wp-content\/uploads\/2020\/07\/20200704-DSC02101-2048x1365.jpg 2048w\" sizes=\"auto, (max-width: 1024px) 100vw, 1024px\" \/><\/figure><\/li><li class=\"blocks-gallery-item\"><figure><img loading=\"lazy\" decoding=\"async\" width=\"1024\" height=\"683\" src=\"https:\/\/www.feuerwehr-halberstadt.de\/wp-content\/uploads\/2020\/07\/20200704-DSC02092-1024x683.jpg\" alt=\"\" data-id=\"10992\" data-full-url=\"https:\/\/www.feuerwehr-halberstadt.de\/wp-content\/uploads\/2020\/07\/20200704-DSC02092-scaled.jpg\" data-link=\"https:\/\/www.feuerwehr-halberstadt.de\/?attachment_id=10992\" class=\"wp-image-10992\" srcset=\"https:\/\/www.feuerwehr-halberstadt.de\/wp-content\/uploads\/2020\/07\/20200704-DSC02092-1024x683.jpg 1024w, https:\/\/www.feuerwehr-halberstadt.de\/wp-content\/uploads\/2020\/07\/20200704-DSC02092-300x200.jpg 300w, https:\/\/www.feuerwehr-halberstadt.de\/wp-content\/uploads\/2020\/07\/20200704-DSC02092-768x512.jpg 768w, https:\/\/www.feuerwehr-halberstadt.de\/wp-content\/uploads\/2020\/07\/20200704-DSC02092-1536x1024.jpg 1536w, https:\/\/www.feuerwehr-halberstadt.de\/wp-content\/uploads\/2020\/07\/20200704-DSC02092-2048x1365.jpg 2048w\" sizes=\"auto, (max-width: 1024px) 100vw, 1024px\" \/><\/figure><\/li><\/ul><\/figure>\n","protected":false},"excerpt":{"rendered":"<p>Am gestrigen Samstag heiratete unser langj\u00e4hriges Mitglied Tobias Zwengel seine Freundin Jana.Nachdem sich die beiden das Ja-Wort gaben, nahmen die Kameraden der Feuerwehr und die Kollegen der Polizei die beiden frisch verm\u00e4hlten herzlich im traditionellen Spalier in Empfang. Ingo Wetzel, Thomas Dittmer und Martin Schulz \u00fcbergaben dem Brautpaar, im Namen der Feuerwehr, ein Pr\u00e4sent und [&hellip;]<\/p>\n","protected":false},"author":2,"featured_media":10992,"comment_status":"closed","ping_status":"closed","sticky":false,"template":"","format":"standard","meta":{"_acf_changed":false,"footnotes":""},"categories":[9,31,11],"tags":[],"class_list":["post-10990","post","type-post","status-publish","format-standard","has-post-thumbnail","hentry","category-allgemein","category-information","category-wache"],"acf":[],"yoast_head":"<!-- This site is optimized with the Yoast SEO plugin v27.5 - https:\/\/yoast.com\/product\/yoast-seo-wordpress\/ -->\n<title>Feuerwehrmann heiratet Polizistin! - Feuerwehr Halberstadt<\/title>\n<meta name=\"robots\" content=\"index, follow, max-snippet:-1, max-image-preview:large, max-video-preview:-1\" \/>\n<link rel=\"canonical\" href=\"https:\/\/www.feuerwehr-halberstadt.de\/?p=10990\" \/>\n<meta property=\"og:locale\" content=\"de_DE\" \/>\n<meta property=\"og:type\" content=\"article\" \/>\n<meta property=\"og:title\" content=\"Feuerwehrmann heiratet Polizistin! - Feuerwehr Halberstadt\" \/>\n<meta property=\"og:description\" content=\"Am gestrigen Samstag heiratete unser langj\u00e4hriges Mitglied Tobias Zwengel seine Freundin Jana.Nachdem sich die beiden das Ja-Wort gaben, nahmen die Kameraden der Feuerwehr und die Kollegen der Polizei die beiden frisch verm\u00e4hlten herzlich im traditionellen Spalier in Empfang. Ingo Wetzel, Thomas Dittmer und Martin Schulz \u00fcbergaben dem Brautpaar, im Namen der Feuerwehr, ein Pr\u00e4sent und [&hellip;]\" \/>\n<meta property=\"og:url\" content=\"https:\/\/www.feuerwehr-halberstadt.de\/?p=10990\" \/>\n<meta property=\"og:site_name\" content=\"Feuerwehr Halberstadt\" \/>\n<meta property=\"article:publisher\" content=\"https:\/\/www.facebook.com\/FeuerwehrHalberstadt\/\" \/>\n<meta property=\"article:published_time\" content=\"2020-07-05T09:29:55+00:00\" \/>\n<meta property=\"article:modified_time\" content=\"2020-07-05T18:07:00+00:00\" \/>\n<meta property=\"og:image\" content=\"https:\/\/www.feuerwehr-halberstadt.de\/wp-content\/uploads\/2020\/07\/20200704-DSC02092-scaled.jpg\" \/>\n\t<meta property=\"og:image:width\" content=\"2560\" \/>\n\t<meta property=\"og:image:height\" content=\"1707\" \/>\n\t<meta property=\"og:image:type\" content=\"image\/jpeg\" \/>\n<meta name=\"author\" content=\"Scholz\" \/>\n<meta name=\"twitter:card\" content=\"summary_large_image\" \/>\n<meta name=\"twitter:label1\" content=\"Verfasst von\" \/>\n\t<meta name=\"twitter:data1\" content=\"Scholz\" \/>\n\t<meta name=\"twitter:label2\" content=\"Gesch\u00e4tzte Lesezeit\" \/>\n\t<meta name=\"twitter:data2\" content=\"1\u00a0Minute\" \/>\n<script type=\"application\/ld+json\" class=\"yoast-schema-graph\">{\"@context\":\"https:\\\/\\\/schema.org\",\"@graph\":[{\"@type\":\"Article\",\"@id\":\"https:\\\/\\\/www.feuerwehr-halberstadt.de\\\/?p=10990#article\",\"isPartOf\":{\"@id\":\"https:\\\/\\\/www.feuerwehr-halberstadt.de\\\/?p=10990\"},\"author\":{\"name\":\"Scholz\",\"@id\":\"https:\\\/\\\/www.feuerwehr-halberstadt.de\\\/#\\\/schema\\\/person\\\/fada6c562eed318e2d025151019ed8e6\"},\"headline\":\"Feuerwehrmann heiratet Polizistin!\",\"datePublished\":\"2020-07-05T09:29:55+00:00\",\"dateModified\":\"2020-07-05T18:07:00+00:00\",\"mainEntityOfPage\":{\"@id\":\"https:\\\/\\\/www.feuerwehr-halberstadt.de\\\/?p=10990\"},\"wordCount\":115,\"publisher\":{\"@id\":\"https:\\\/\\\/www.feuerwehr-halberstadt.de\\\/#organization\"},\"image\":{\"@id\":\"https:\\\/\\\/www.feuerwehr-halberstadt.de\\\/?p=10990#primaryimage\"},\"thumbnailUrl\":\"https:\\\/\\\/www.feuerwehr-halberstadt.de\\\/wp-content\\\/uploads\\\/2020\\\/07\\\/20200704-DSC02092-scaled.jpg\",\"articleSection\":{\"1\":\"Information\",\"2\":\"Wache\"},\"inLanguage\":\"de\"},{\"@type\":\"WebPage\",\"@id\":\"https:\\\/\\\/www.feuerwehr-halberstadt.de\\\/?p=10990\",\"url\":\"https:\\\/\\\/www.feuerwehr-halberstadt.de\\\/?p=10990\",\"name\":\"Feuerwehrmann heiratet Polizistin! - Feuerwehr Halberstadt\",\"isPartOf\":{\"@id\":\"https:\\\/\\\/www.feuerwehr-halberstadt.de\\\/#website\"},\"primaryImageOfPage\":{\"@id\":\"https:\\\/\\\/www.feuerwehr-halberstadt.de\\\/?p=10990#primaryimage\"},\"image\":{\"@id\":\"https:\\\/\\\/www.feuerwehr-halberstadt.de\\\/?p=10990#primaryimage\"},\"thumbnailUrl\":\"https:\\\/\\\/www.feuerwehr-halberstadt.de\\\/wp-content\\\/uploads\\\/2020\\\/07\\\/20200704-DSC02092-scaled.jpg\",\"datePublished\":\"2020-07-05T09:29:55+00:00\",\"dateModified\":\"2020-07-05T18:07:00+00:00\",\"breadcrumb\":{\"@id\":\"https:\\\/\\\/www.feuerwehr-halberstadt.de\\\/?p=10990#breadcrumb\"},\"inLanguage\":\"de\",\"potentialAction\":[{\"@type\":\"ReadAction\",\"target\":[\"https:\\\/\\\/www.feuerwehr-halberstadt.de\\\/?p=10990\"]}]},{\"@type\":\"ImageObject\",\"inLanguage\":\"de\",\"@id\":\"https:\\\/\\\/www.feuerwehr-halberstadt.de\\\/?p=10990#primaryimage\",\"url\":\"https:\\\/\\\/www.feuerwehr-halberstadt.de\\\/wp-content\\\/uploads\\\/2020\\\/07\\\/20200704-DSC02092-scaled.jpg\",\"contentUrl\":\"https:\\\/\\\/www.feuerwehr-halberstadt.de\\\/wp-content\\\/uploads\\\/2020\\\/07\\\/20200704-DSC02092-scaled.jpg\",\"width\":2560,\"height\":1707},{\"@type\":\"BreadcrumbList\",\"@id\":\"https:\\\/\\\/www.feuerwehr-halberstadt.de\\\/?p=10990#breadcrumb\",\"itemListElement\":[{\"@type\":\"ListItem\",\"position\":1,\"name\":\"Startseite\",\"item\":\"https:\\\/\\\/www.feuerwehr-halberstadt.de\\\/\"},{\"@type\":\"ListItem\",\"position\":2,\"name\":\"Feuerwehrmann heiratet Polizistin!\"}]},{\"@type\":\"WebSite\",\"@id\":\"https:\\\/\\\/www.feuerwehr-halberstadt.de\\\/#website\",\"url\":\"https:\\\/\\\/www.feuerwehr-halberstadt.de\\\/\",\"name\":\"Feuerwehr Halberstadt\",\"description\":\"#imEinsatzf\u00fcrHalberstadt\",\"publisher\":{\"@id\":\"https:\\\/\\\/www.feuerwehr-halberstadt.de\\\/#organization\"},\"potentialAction\":[{\"@type\":\"SearchAction\",\"target\":{\"@type\":\"EntryPoint\",\"urlTemplate\":\"https:\\\/\\\/www.feuerwehr-halberstadt.de\\\/?s={search_term_string}\"},\"query-input\":{\"@type\":\"PropertyValueSpecification\",\"valueRequired\":true,\"valueName\":\"search_term_string\"}}],\"inLanguage\":\"de\"},{\"@type\":\"Organization\",\"@id\":\"https:\\\/\\\/www.feuerwehr-halberstadt.de\\\/#organization\",\"name\":\"Feuerwehr Halberstadt\",\"url\":\"https:\\\/\\\/www.feuerwehr-halberstadt.de\\\/\",\"logo\":{\"@type\":\"ImageObject\",\"inLanguage\":\"de\",\"@id\":\"https:\\\/\\\/www.feuerwehr-halberstadt.de\\\/#\\\/schema\\\/logo\\\/image\\\/\",\"url\":\"https:\\\/\\\/www.feuerwehr-halberstadt.de\\\/wp-content\\\/uploads\\\/2023\\\/10\\\/IMG_0126.png\",\"contentUrl\":\"https:\\\/\\\/www.feuerwehr-halberstadt.de\\\/wp-content\\\/uploads\\\/2023\\\/10\\\/IMG_0126.png\",\"width\":1500,\"height\":399,\"caption\":\"Feuerwehr Halberstadt\"},\"image\":{\"@id\":\"https:\\\/\\\/www.feuerwehr-halberstadt.de\\\/#\\\/schema\\\/logo\\\/image\\\/\"},\"sameAs\":[\"https:\\\/\\\/www.facebook.com\\\/FeuerwehrHalberstadt\\\/\"]},{\"@type\":\"Person\",\"@id\":\"https:\\\/\\\/www.feuerwehr-halberstadt.de\\\/#\\\/schema\\\/person\\\/fada6c562eed318e2d025151019ed8e6\",\"name\":\"Scholz\",\"image\":{\"@type\":\"ImageObject\",\"inLanguage\":\"de\",\"@id\":\"https:\\\/\\\/secure.gravatar.com\\\/avatar\\\/d38b2c724b449489dfc96f3cc3020bee35a8cdd11c6758d86fe3c4887c53b022?s=96&d=mm&r=g\",\"url\":\"https:\\\/\\\/secure.gravatar.com\\\/avatar\\\/d38b2c724b449489dfc96f3cc3020bee35a8cdd11c6758d86fe3c4887c53b022?s=96&d=mm&r=g\",\"contentUrl\":\"https:\\\/\\\/secure.gravatar.com\\\/avatar\\\/d38b2c724b449489dfc96f3cc3020bee35a8cdd11c6758d86fe3c4887c53b022?s=96&d=mm&r=g\",\"caption\":\"Scholz\"},\"url\":\"https:\\\/\\\/www.feuerwehr-halberstadt.de\\\/?author=2\"}]}<\/script>\n<!-- \/ Yoast SEO plugin. -->","yoast_head_json":{"title":"Feuerwehrmann heiratet Polizistin! - Feuerwehr Halberstadt","robots":{"index":"index","follow":"follow","max-snippet":"max-snippet:-1","max-image-preview":"max-image-preview:large","max-video-preview":"max-video-preview:-1"},"canonical":"https:\/\/www.feuerwehr-halberstadt.de\/?p=10990","og_locale":"de_DE","og_type":"article","og_title":"Feuerwehrmann heiratet Polizistin! - Feuerwehr Halberstadt","og_description":"Am gestrigen Samstag heiratete unser langj\u00e4hriges Mitglied Tobias Zwengel seine Freundin Jana.Nachdem sich die beiden das Ja-Wort gaben, nahmen die Kameraden der Feuerwehr und die Kollegen der Polizei die beiden frisch verm\u00e4hlten herzlich im traditionellen Spalier in Empfang. Ingo Wetzel, Thomas Dittmer und Martin Schulz \u00fcbergaben dem Brautpaar, im Namen der Feuerwehr, ein Pr\u00e4sent und [&hellip;]","og_url":"https:\/\/www.feuerwehr-halberstadt.de\/?p=10990","og_site_name":"Feuerwehr Halberstadt","article_publisher":"https:\/\/www.facebook.com\/FeuerwehrHalberstadt\/","article_published_time":"2020-07-05T09:29:55+00:00","article_modified_time":"2020-07-05T18:07:00+00:00","og_image":[{"width":2560,"height":1707,"url":"https:\/\/www.feuerwehr-halberstadt.de\/wp-content\/uploads\/2020\/07\/20200704-DSC02092-scaled.jpg","type":"image\/jpeg"}],"author":"Scholz","twitter_card":"summary_large_image","twitter_misc":{"Verfasst von":"Scholz","Gesch\u00e4tzte Lesezeit":"1\u00a0Minute"},"schema":{"@context":"https:\/\/schema.org","@graph":[{"@type":"Article","@id":"https:\/\/www.feuerwehr-halberstadt.de\/?p=10990#article","isPartOf":{"@id":"https:\/\/www.feuerwehr-halberstadt.de\/?p=10990"},"author":{"name":"Scholz","@id":"https:\/\/www.feuerwehr-halberstadt.de\/#\/schema\/person\/fada6c562eed318e2d025151019ed8e6"},"headline":"Feuerwehrmann heiratet Polizistin!","datePublished":"2020-07-05T09:29:55+00:00","dateModified":"2020-07-05T18:07:00+00:00","mainEntityOfPage":{"@id":"https:\/\/www.feuerwehr-halberstadt.de\/?p=10990"},"wordCount":115,"publisher":{"@id":"https:\/\/www.feuerwehr-halberstadt.de\/#organization"},"image":{"@id":"https:\/\/www.feuerwehr-halberstadt.de\/?p=10990#primaryimage"},"thumbnailUrl":"https:\/\/www.feuerwehr-halberstadt.de\/wp-content\/uploads\/2020\/07\/20200704-DSC02092-scaled.jpg","articleSection":{"1":"Information","2":"Wache"},"inLanguage":"de"},{"@type":"WebPage","@id":"https:\/\/www.feuerwehr-halberstadt.de\/?p=10990","url":"https:\/\/www.feuerwehr-halberstadt.de\/?p=10990","name":"Feuerwehrmann heiratet Polizistin! - Feuerwehr Halberstadt","isPartOf":{"@id":"https:\/\/www.feuerwehr-halberstadt.de\/#website"},"primaryImageOfPage":{"@id":"https:\/\/www.feuerwehr-halberstadt.de\/?p=10990#primaryimage"},"image":{"@id":"https:\/\/www.feuerwehr-halberstadt.de\/?p=10990#primaryimage"},"thumbnailUrl":"https:\/\/www.feuerwehr-halberstadt.de\/wp-content\/uploads\/2020\/07\/20200704-DSC02092-scaled.jpg","datePublished":"2020-07-05T09:29:55+00:00","dateModified":"2020-07-05T18:07:00+00:00","breadcrumb":{"@id":"https:\/\/www.feuerwehr-halberstadt.de\/?p=10990#breadcrumb"},"inLanguage":"de","potentialAction":[{"@type":"ReadAction","target":["https:\/\/www.feuerwehr-halberstadt.de\/?p=10990"]}]},{"@type":"ImageObject","inLanguage":"de","@id":"https:\/\/www.feuerwehr-halberstadt.de\/?p=10990#primaryimage","url":"https:\/\/www.feuerwehr-halberstadt.de\/wp-content\/uploads\/2020\/07\/20200704-DSC02092-scaled.jpg","contentUrl":"https:\/\/www.feuerwehr-halberstadt.de\/wp-content\/uploads\/2020\/07\/20200704-DSC02092-scaled.jpg","width":2560,"height":1707},{"@type":"BreadcrumbList","@id":"https:\/\/www.feuerwehr-halberstadt.de\/?p=10990#breadcrumb","itemListElement":[{"@type":"ListItem","position":1,"name":"Startseite","item":"https:\/\/www.feuerwehr-halberstadt.de\/"},{"@type":"ListItem","position":2,"name":"Feuerwehrmann heiratet Polizistin!"}]},{"@type":"WebSite","@id":"https:\/\/www.feuerwehr-halberstadt.de\/#website","url":"https:\/\/www.feuerwehr-halberstadt.de\/","name":"Feuerwehr Halberstadt","description":"#imEinsatzf\u00fcrHalberstadt","publisher":{"@id":"https:\/\/www.feuerwehr-halberstadt.de\/#organization"},"potentialAction":[{"@type":"SearchAction","target":{"@type":"EntryPoint","urlTemplate":"https:\/\/www.feuerwehr-halberstadt.de\/?s={search_term_string}"},"query-input":{"@type":"PropertyValueSpecification","valueRequired":true,"valueName":"search_term_string"}}],"inLanguage":"de"},{"@type":"Organization","@id":"https:\/\/www.feuerwehr-halberstadt.de\/#organization","name":"Feuerwehr Halberstadt","url":"https:\/\/www.feuerwehr-halberstadt.de\/","logo":{"@type":"ImageObject","inLanguage":"de","@id":"https:\/\/www.feuerwehr-halberstadt.de\/#\/schema\/logo\/image\/","url":"https:\/\/www.feuerwehr-halberstadt.de\/wp-content\/uploads\/2023\/10\/IMG_0126.png","contentUrl":"https:\/\/www.feuerwehr-halberstadt.de\/wp-content\/uploads\/2023\/10\/IMG_0126.png","width":1500,"height":399,"caption":"Feuerwehr Halberstadt"},"image":{"@id":"https:\/\/www.feuerwehr-halberstadt.de\/#\/schema\/logo\/image\/"},"sameAs":["https:\/\/www.facebook.com\/FeuerwehrHalberstadt\/"]},{"@type":"Person","@id":"https:\/\/www.feuerwehr-halberstadt.de\/#\/schema\/person\/fada6c562eed318e2d025151019ed8e6","name":"Scholz","image":{"@type":"ImageObject","inLanguage":"de","@id":"https:\/\/secure.gravatar.com\/avatar\/d38b2c724b449489dfc96f3cc3020bee35a8cdd11c6758d86fe3c4887c53b022?s=96&d=mm&r=g","url":"https:\/\/secure.gravatar.com\/avatar\/d38b2c724b449489dfc96f3cc3020bee35a8cdd11c6758d86fe3c4887c53b022?s=96&d=mm&r=g","contentUrl":"https:\/\/secure.gravatar.com\/avatar\/d38b2c724b449489dfc96f3cc3020bee35a8cdd11c6758d86fe3c4887c53b022?s=96&d=mm&r=g","caption":"Scholz"},"url":"https:\/\/www.feuerwehr-halberstadt.de\/?author=2"}]}},"_links":{"self":[{"href":"https:\/\/www.feuerwehr-halberstadt.de\/index.php?rest_route=\/wp\/v2\/posts\/10990","targetHints":{"allow":["GET"]}}],"collection":[{"href":"https:\/\/www.feuerwehr-halberstadt.de\/index.php?rest_route=\/wp\/v2\/posts"}],"about":[{"href":"https:\/\/www.feuerwehr-halberstadt.de\/index.php?rest_route=\/wp\/v2\/types\/post"}],"author":[{"embeddable":true,"href":"https:\/\/www.feuerwehr-halberstadt.de\/index.php?rest_route=\/wp\/v2\/users\/2"}],"replies":[{"embeddable":true,"href":"https:\/\/www.feuerwehr-halberstadt.de\/index.php?rest_route=%2Fwp%2Fv2%2Fcomments&post=10990"}],"version-history":[{"count":6,"href":"https:\/\/www.feuerwehr-halberstadt.de\/index.php?rest_route=\/wp\/v2\/posts\/10990\/revisions"}],"predecessor-version":[{"id":11003,"href":"https:\/\/www.feuerwehr-halberstadt.de\/index.php?rest_route=\/wp\/v2\/posts\/10990\/revisions\/11003"}],"wp:featuredmedia":[{"embeddable":true,"href":"https:\/\/www.feuerwehr-halberstadt.de\/index.php?rest_route=\/wp\/v2\/media\/10992"}],"wp:attachment":[{"href":"https:\/\/www.feuerwehr-halberstadt.de\/index.php?rest_route=%2Fwp%2Fv2%2Fmedia&parent=10990"}],"wp:term":[{"taxonomy":"category","embeddable":true,"href":"https:\/\/www.feuerwehr-halberstadt.de\/index.php?rest_route=%2Fwp%2Fv2%2Fcategories&post=10990"},{"taxonomy":"post_tag","embeddable":true,"href":"https:\/\/www.feuerwehr-halberstadt.de\/index.php?rest_route=%2Fwp%2Fv2%2Ftags&post=10990"}],"curies":[{"name":"wp","href":"https:\/\/api.w.org\/{rel}","templated":true}]}}