{"id":10947,"date":"2020-06-23T20:06:31","date_gmt":"2020-06-23T18:06:31","guid":{"rendered":"http:\/\/www.feuerwehr-halberstadt.de\/?p=10947"},"modified":"2020-06-26T16:45:16","modified_gmt":"2020-06-26T14:45:16","slug":"das-neue-tankloeschfahrzeug-tlf-wird-abgeholt","status":"publish","type":"post","link":"https:\/\/www.feuerwehr-halberstadt.de\/?p=10947","title":{"rendered":"Das neue Tankl\u00f6schfahrzeug (TLF)!"},"content":{"rendered":"\n<p>Bald ist es da! Das neue Tankl\u00f6schfahrzeug der Ortsfeuerwehr Halberstadt wird derzeit aus dem Magirus-Werk in Ulm abgeholt. Nachdem bereits vor ein paar Wochen Abteilungsleiter Ingo Wetzel zum Werk nach Ulm gefahren ist, um den schriftlichen Part zu erledigen und um letzte Absprachen zu treffen, sind zur Zeit drei Kameraden zur Einweisung und Abholung des Fahrzeugs in Baden-W\u00fcrttemberg.<br>An drei Tagen gibt es alle n\u00f6tigen Einweisungen in Fahrzeug, Pumpe, Ger\u00e4te und Technik, um dieses 350.000 \u20ac teure Tankl\u00f6schfahrzeug gem\u00e4\u00df Herstellerangaben bedienen und warten zu k\u00f6nnen.<br><br>Demn\u00e4chst k\u00f6nnen die ersten Ausbildungen mit den Kameradinnen und Kameraden der Ortsfeuerwehr Halberstadt starten, damit nach der offiziellen \u00dcbergabe, welche voraussichtlich Anfang August stattfinden wird, alle mit dem neuen Fahrzeug vertraut sind. Bis dahin wird das Fahrzeug mit der typischen &#8222;Feuerwehr Halberstadt Beklebung&#8220; beklebt und mit Funk ausgestattet. <br><br>Hier schon mal ein paar Impressionen, die einen kleinen Vorgeschmack auf das neue Fahrzeug geben sollen. Nach der \u00dcbergabe des TLF und der offiziellen Indienststellung werden weitere Impressionen des Fahrzeugs ver\u00f6ffentlicht. <\/p>\n\n\n\n<figure class=\"wp-block-gallery columns-2 is-cropped wp-block-gallery-1 is-layout-flex wp-block-gallery-is-layout-flex\"><ul class=\"blocks-gallery-grid\"><li class=\"blocks-gallery-item\"><figure><img loading=\"lazy\" decoding=\"async\" width=\"1024\" height=\"683\" src=\"https:\/\/www.feuerwehr-halberstadt.de\/wp-content\/uploads\/2020\/06\/20200625-DSC01960-1-1024x683.jpg\" alt=\"\" data-id=\"10979\" data-full-url=\"https:\/\/www.feuerwehr-halberstadt.de\/wp-content\/uploads\/2020\/06\/20200625-DSC01960-1-scaled.jpg\" data-link=\"https:\/\/www.feuerwehr-halberstadt.de\/?attachment_id=10979\" class=\"wp-image-10979\" srcset=\"https:\/\/www.feuerwehr-halberstadt.de\/wp-content\/uploads\/2020\/06\/20200625-DSC01960-1-1024x683.jpg 1024w, https:\/\/www.feuerwehr-halberstadt.de\/wp-content\/uploads\/2020\/06\/20200625-DSC01960-1-300x200.jpg 300w, https:\/\/www.feuerwehr-halberstadt.de\/wp-content\/uploads\/2020\/06\/20200625-DSC01960-1-768x512.jpg 768w, https:\/\/www.feuerwehr-halberstadt.de\/wp-content\/uploads\/2020\/06\/20200625-DSC01960-1-1536x1024.jpg 1536w, https:\/\/www.feuerwehr-halberstadt.de\/wp-content\/uploads\/2020\/06\/20200625-DSC01960-1-2048x1365.jpg 2048w\" sizes=\"auto, (max-width: 1024px) 100vw, 1024px\" \/><\/figure><\/li><li class=\"blocks-gallery-item\"><figure><img loading=\"lazy\" decoding=\"async\" width=\"1024\" height=\"683\" src=\"https:\/\/www.feuerwehr-halberstadt.de\/wp-content\/uploads\/2020\/06\/20200625-DSC01969-1-1024x683.jpg\" alt=\"\" data-id=\"10980\" data-full-url=\"https:\/\/www.feuerwehr-halberstadt.de\/wp-content\/uploads\/2020\/06\/20200625-DSC01969-1-scaled.jpg\" data-link=\"https:\/\/www.feuerwehr-halberstadt.de\/?attachment_id=10980\" class=\"wp-image-10980\" srcset=\"https:\/\/www.feuerwehr-halberstadt.de\/wp-content\/uploads\/2020\/06\/20200625-DSC01969-1-1024x683.jpg 1024w, https:\/\/www.feuerwehr-halberstadt.de\/wp-content\/uploads\/2020\/06\/20200625-DSC01969-1-300x200.jpg 300w, https:\/\/www.feuerwehr-halberstadt.de\/wp-content\/uploads\/2020\/06\/20200625-DSC01969-1-768x512.jpg 768w, https:\/\/www.feuerwehr-halberstadt.de\/wp-content\/uploads\/2020\/06\/20200625-DSC01969-1-1536x1024.jpg 1536w, https:\/\/www.feuerwehr-halberstadt.de\/wp-content\/uploads\/2020\/06\/20200625-DSC01969-1-2048x1365.jpg 2048w\" sizes=\"auto, (max-width: 1024px) 100vw, 1024px\" \/><\/figure><\/li><\/ul><\/figure>\n","protected":false},"excerpt":{"rendered":"<p>Bald ist es da! Das neue Tankl\u00f6schfahrzeug der Ortsfeuerwehr Halberstadt wird derzeit aus dem Magirus-Werk in Ulm abgeholt. Nachdem bereits vor ein paar Wochen Abteilungsleiter Ingo Wetzel zum Werk nach Ulm gefahren ist, um den schriftlichen Part zu erledigen und um letzte Absprachen zu treffen, sind zur Zeit drei Kameraden zur Einweisung und Abholung des [&hellip;]<\/p>\n","protected":false},"author":3,"featured_media":10976,"comment_status":"closed","ping_status":"closed","sticky":false,"template":"","format":"standard","meta":{"_acf_changed":false,"footnotes":""},"categories":[31,11],"tags":[],"class_list":["post-10947","post","type-post","status-publish","format-standard","has-post-thumbnail","hentry","category-information","category-wache"],"acf":[],"yoast_head":"<!-- This site is optimized with the Yoast SEO plugin v27.5 - https:\/\/yoast.com\/product\/yoast-seo-wordpress\/ -->\n<title>Das neue Tankl\u00f6schfahrzeug (TLF)! - Feuerwehr Halberstadt<\/title>\n<meta name=\"robots\" content=\"index, follow, max-snippet:-1, max-image-preview:large, max-video-preview:-1\" \/>\n<link rel=\"canonical\" href=\"https:\/\/www.feuerwehr-halberstadt.de\/?p=10947\" \/>\n<meta property=\"og:locale\" content=\"de_DE\" \/>\n<meta property=\"og:type\" content=\"article\" \/>\n<meta property=\"og:title\" content=\"Das neue Tankl\u00f6schfahrzeug (TLF)! - Feuerwehr Halberstadt\" \/>\n<meta property=\"og:description\" content=\"Bald ist es da! Das neue Tankl\u00f6schfahrzeug der Ortsfeuerwehr Halberstadt wird derzeit aus dem Magirus-Werk in Ulm abgeholt. Nachdem bereits vor ein paar Wochen Abteilungsleiter Ingo Wetzel zum Werk nach Ulm gefahren ist, um den schriftlichen Part zu erledigen und um letzte Absprachen zu treffen, sind zur Zeit drei Kameraden zur Einweisung und Abholung des [&hellip;]\" \/>\n<meta property=\"og:url\" content=\"https:\/\/www.feuerwehr-halberstadt.de\/?p=10947\" \/>\n<meta property=\"og:site_name\" content=\"Feuerwehr Halberstadt\" \/>\n<meta property=\"article:publisher\" content=\"https:\/\/www.facebook.com\/FeuerwehrHalberstadt\/\" \/>\n<meta property=\"article:published_time\" content=\"2020-06-23T18:06:31+00:00\" \/>\n<meta property=\"article:modified_time\" content=\"2020-06-26T14:45:16+00:00\" \/>\n<meta property=\"og:image\" content=\"https:\/\/www.feuerwehr-halberstadt.de\/wp-content\/uploads\/2020\/06\/20200625-DSC02005-scaled.jpg\" \/>\n\t<meta property=\"og:image:width\" content=\"2560\" \/>\n\t<meta property=\"og:image:height\" content=\"1707\" \/>\n\t<meta property=\"og:image:type\" content=\"image\/jpeg\" \/>\n<meta name=\"author\" content=\"Buchold, Chris\" \/>\n<meta name=\"twitter:card\" content=\"summary_large_image\" \/>\n<meta name=\"twitter:label1\" content=\"Verfasst von\" \/>\n\t<meta name=\"twitter:data1\" content=\"Buchold, Chris\" \/>\n\t<meta name=\"twitter:label2\" content=\"Gesch\u00e4tzte Lesezeit\" \/>\n\t<meta name=\"twitter:data2\" content=\"1\u00a0Minute\" \/>\n<script type=\"application\/ld+json\" class=\"yoast-schema-graph\">{\"@context\":\"https:\\\/\\\/schema.org\",\"@graph\":[{\"@type\":\"Article\",\"@id\":\"https:\\\/\\\/www.feuerwehr-halberstadt.de\\\/?p=10947#article\",\"isPartOf\":{\"@id\":\"https:\\\/\\\/www.feuerwehr-halberstadt.de\\\/?p=10947\"},\"author\":{\"name\":\"Buchold, Chris\",\"@id\":\"https:\\\/\\\/www.feuerwehr-halberstadt.de\\\/#\\\/schema\\\/person\\\/55ce5d9b46008e58cd3d55d4116ec727\"},\"headline\":\"Das neue Tankl\u00f6schfahrzeug (TLF)!\",\"datePublished\":\"2020-06-23T18:06:31+00:00\",\"dateModified\":\"2020-06-26T14:45:16+00:00\",\"mainEntityOfPage\":{\"@id\":\"https:\\\/\\\/www.feuerwehr-halberstadt.de\\\/?p=10947\"},\"wordCount\":176,\"publisher\":{\"@id\":\"https:\\\/\\\/www.feuerwehr-halberstadt.de\\\/#organization\"},\"image\":{\"@id\":\"https:\\\/\\\/www.feuerwehr-halberstadt.de\\\/?p=10947#primaryimage\"},\"thumbnailUrl\":\"https:\\\/\\\/www.feuerwehr-halberstadt.de\\\/wp-content\\\/uploads\\\/2020\\\/06\\\/20200625-DSC02005-scaled.jpg\",\"articleSection\":[\"Information\",\"Wache\"],\"inLanguage\":\"de\"},{\"@type\":\"WebPage\",\"@id\":\"https:\\\/\\\/www.feuerwehr-halberstadt.de\\\/?p=10947\",\"url\":\"https:\\\/\\\/www.feuerwehr-halberstadt.de\\\/?p=10947\",\"name\":\"Das neue Tankl\u00f6schfahrzeug (TLF)! - Feuerwehr Halberstadt\",\"isPartOf\":{\"@id\":\"https:\\\/\\\/www.feuerwehr-halberstadt.de\\\/#website\"},\"primaryImageOfPage\":{\"@id\":\"https:\\\/\\\/www.feuerwehr-halberstadt.de\\\/?p=10947#primaryimage\"},\"image\":{\"@id\":\"https:\\\/\\\/www.feuerwehr-halberstadt.de\\\/?p=10947#primaryimage\"},\"thumbnailUrl\":\"https:\\\/\\\/www.feuerwehr-halberstadt.de\\\/wp-content\\\/uploads\\\/2020\\\/06\\\/20200625-DSC02005-scaled.jpg\",\"datePublished\":\"2020-06-23T18:06:31+00:00\",\"dateModified\":\"2020-06-26T14:45:16+00:00\",\"breadcrumb\":{\"@id\":\"https:\\\/\\\/www.feuerwehr-halberstadt.de\\\/?p=10947#breadcrumb\"},\"inLanguage\":\"de\",\"potentialAction\":[{\"@type\":\"ReadAction\",\"target\":[\"https:\\\/\\\/www.feuerwehr-halberstadt.de\\\/?p=10947\"]}]},{\"@type\":\"ImageObject\",\"inLanguage\":\"de\",\"@id\":\"https:\\\/\\\/www.feuerwehr-halberstadt.de\\\/?p=10947#primaryimage\",\"url\":\"https:\\\/\\\/www.feuerwehr-halberstadt.de\\\/wp-content\\\/uploads\\\/2020\\\/06\\\/20200625-DSC02005-scaled.jpg\",\"contentUrl\":\"https:\\\/\\\/www.feuerwehr-halberstadt.de\\\/wp-content\\\/uploads\\\/2020\\\/06\\\/20200625-DSC02005-scaled.jpg\",\"width\":2560,\"height\":1707},{\"@type\":\"BreadcrumbList\",\"@id\":\"https:\\\/\\\/www.feuerwehr-halberstadt.de\\\/?p=10947#breadcrumb\",\"itemListElement\":[{\"@type\":\"ListItem\",\"position\":1,\"name\":\"Startseite\",\"item\":\"https:\\\/\\\/www.feuerwehr-halberstadt.de\\\/\"},{\"@type\":\"ListItem\",\"position\":2,\"name\":\"Das neue Tankl\u00f6schfahrzeug (TLF)!\"}]},{\"@type\":\"WebSite\",\"@id\":\"https:\\\/\\\/www.feuerwehr-halberstadt.de\\\/#website\",\"url\":\"https:\\\/\\\/www.feuerwehr-halberstadt.de\\\/\",\"name\":\"Feuerwehr Halberstadt\",\"description\":\"#imEinsatzf\u00fcrHalberstadt\",\"publisher\":{\"@id\":\"https:\\\/\\\/www.feuerwehr-halberstadt.de\\\/#organization\"},\"potentialAction\":[{\"@type\":\"SearchAction\",\"target\":{\"@type\":\"EntryPoint\",\"urlTemplate\":\"https:\\\/\\\/www.feuerwehr-halberstadt.de\\\/?s={search_term_string}\"},\"query-input\":{\"@type\":\"PropertyValueSpecification\",\"valueRequired\":true,\"valueName\":\"search_term_string\"}}],\"inLanguage\":\"de\"},{\"@type\":\"Organization\",\"@id\":\"https:\\\/\\\/www.feuerwehr-halberstadt.de\\\/#organization\",\"name\":\"Feuerwehr Halberstadt\",\"url\":\"https:\\\/\\\/www.feuerwehr-halberstadt.de\\\/\",\"logo\":{\"@type\":\"ImageObject\",\"inLanguage\":\"de\",\"@id\":\"https:\\\/\\\/www.feuerwehr-halberstadt.de\\\/#\\\/schema\\\/logo\\\/image\\\/\",\"url\":\"https:\\\/\\\/www.feuerwehr-halberstadt.de\\\/wp-content\\\/uploads\\\/2023\\\/10\\\/IMG_0126.png\",\"contentUrl\":\"https:\\\/\\\/www.feuerwehr-halberstadt.de\\\/wp-content\\\/uploads\\\/2023\\\/10\\\/IMG_0126.png\",\"width\":1500,\"height\":399,\"caption\":\"Feuerwehr Halberstadt\"},\"image\":{\"@id\":\"https:\\\/\\\/www.feuerwehr-halberstadt.de\\\/#\\\/schema\\\/logo\\\/image\\\/\"},\"sameAs\":[\"https:\\\/\\\/www.facebook.com\\\/FeuerwehrHalberstadt\\\/\"]},{\"@type\":\"Person\",\"@id\":\"https:\\\/\\\/www.feuerwehr-halberstadt.de\\\/#\\\/schema\\\/person\\\/55ce5d9b46008e58cd3d55d4116ec727\",\"name\":\"Buchold, Chris\",\"image\":{\"@type\":\"ImageObject\",\"inLanguage\":\"de\",\"@id\":\"https:\\\/\\\/secure.gravatar.com\\\/avatar\\\/bff08a084f0390bf8a93fc28c488452766ba521109cec244ac64210fdd500a49?s=96&d=mm&r=g\",\"url\":\"https:\\\/\\\/secure.gravatar.com\\\/avatar\\\/bff08a084f0390bf8a93fc28c488452766ba521109cec244ac64210fdd500a49?s=96&d=mm&r=g\",\"contentUrl\":\"https:\\\/\\\/secure.gravatar.com\\\/avatar\\\/bff08a084f0390bf8a93fc28c488452766ba521109cec244ac64210fdd500a49?s=96&d=mm&r=g\",\"caption\":\"Buchold, Chris\"},\"url\":\"https:\\\/\\\/www.feuerwehr-halberstadt.de\\\/?author=3\"}]}<\/script>\n<!-- \/ Yoast SEO plugin. -->","yoast_head_json":{"title":"Das neue Tankl\u00f6schfahrzeug (TLF)! - Feuerwehr Halberstadt","robots":{"index":"index","follow":"follow","max-snippet":"max-snippet:-1","max-image-preview":"max-image-preview:large","max-video-preview":"max-video-preview:-1"},"canonical":"https:\/\/www.feuerwehr-halberstadt.de\/?p=10947","og_locale":"de_DE","og_type":"article","og_title":"Das neue Tankl\u00f6schfahrzeug (TLF)! - Feuerwehr Halberstadt","og_description":"Bald ist es da! Das neue Tankl\u00f6schfahrzeug der Ortsfeuerwehr Halberstadt wird derzeit aus dem Magirus-Werk in Ulm abgeholt. Nachdem bereits vor ein paar Wochen Abteilungsleiter Ingo Wetzel zum Werk nach Ulm gefahren ist, um den schriftlichen Part zu erledigen und um letzte Absprachen zu treffen, sind zur Zeit drei Kameraden zur Einweisung und Abholung des [&hellip;]","og_url":"https:\/\/www.feuerwehr-halberstadt.de\/?p=10947","og_site_name":"Feuerwehr Halberstadt","article_publisher":"https:\/\/www.facebook.com\/FeuerwehrHalberstadt\/","article_published_time":"2020-06-23T18:06:31+00:00","article_modified_time":"2020-06-26T14:45:16+00:00","og_image":[{"width":2560,"height":1707,"url":"https:\/\/www.feuerwehr-halberstadt.de\/wp-content\/uploads\/2020\/06\/20200625-DSC02005-scaled.jpg","type":"image\/jpeg"}],"author":"Buchold, Chris","twitter_card":"summary_large_image","twitter_misc":{"Verfasst von":"Buchold, Chris","Gesch\u00e4tzte Lesezeit":"1\u00a0Minute"},"schema":{"@context":"https:\/\/schema.org","@graph":[{"@type":"Article","@id":"https:\/\/www.feuerwehr-halberstadt.de\/?p=10947#article","isPartOf":{"@id":"https:\/\/www.feuerwehr-halberstadt.de\/?p=10947"},"author":{"name":"Buchold, Chris","@id":"https:\/\/www.feuerwehr-halberstadt.de\/#\/schema\/person\/55ce5d9b46008e58cd3d55d4116ec727"},"headline":"Das neue Tankl\u00f6schfahrzeug (TLF)!","datePublished":"2020-06-23T18:06:31+00:00","dateModified":"2020-06-26T14:45:16+00:00","mainEntityOfPage":{"@id":"https:\/\/www.feuerwehr-halberstadt.de\/?p=10947"},"wordCount":176,"publisher":{"@id":"https:\/\/www.feuerwehr-halberstadt.de\/#organization"},"image":{"@id":"https:\/\/www.feuerwehr-halberstadt.de\/?p=10947#primaryimage"},"thumbnailUrl":"https:\/\/www.feuerwehr-halberstadt.de\/wp-content\/uploads\/2020\/06\/20200625-DSC02005-scaled.jpg","articleSection":["Information","Wache"],"inLanguage":"de"},{"@type":"WebPage","@id":"https:\/\/www.feuerwehr-halberstadt.de\/?p=10947","url":"https:\/\/www.feuerwehr-halberstadt.de\/?p=10947","name":"Das neue Tankl\u00f6schfahrzeug (TLF)! - Feuerwehr Halberstadt","isPartOf":{"@id":"https:\/\/www.feuerwehr-halberstadt.de\/#website"},"primaryImageOfPage":{"@id":"https:\/\/www.feuerwehr-halberstadt.de\/?p=10947#primaryimage"},"image":{"@id":"https:\/\/www.feuerwehr-halberstadt.de\/?p=10947#primaryimage"},"thumbnailUrl":"https:\/\/www.feuerwehr-halberstadt.de\/wp-content\/uploads\/2020\/06\/20200625-DSC02005-scaled.jpg","datePublished":"2020-06-23T18:06:31+00:00","dateModified":"2020-06-26T14:45:16+00:00","breadcrumb":{"@id":"https:\/\/www.feuerwehr-halberstadt.de\/?p=10947#breadcrumb"},"inLanguage":"de","potentialAction":[{"@type":"ReadAction","target":["https:\/\/www.feuerwehr-halberstadt.de\/?p=10947"]}]},{"@type":"ImageObject","inLanguage":"de","@id":"https:\/\/www.feuerwehr-halberstadt.de\/?p=10947#primaryimage","url":"https:\/\/www.feuerwehr-halberstadt.de\/wp-content\/uploads\/2020\/06\/20200625-DSC02005-scaled.jpg","contentUrl":"https:\/\/www.feuerwehr-halberstadt.de\/wp-content\/uploads\/2020\/06\/20200625-DSC02005-scaled.jpg","width":2560,"height":1707},{"@type":"BreadcrumbList","@id":"https:\/\/www.feuerwehr-halberstadt.de\/?p=10947#breadcrumb","itemListElement":[{"@type":"ListItem","position":1,"name":"Startseite","item":"https:\/\/www.feuerwehr-halberstadt.de\/"},{"@type":"ListItem","position":2,"name":"Das neue Tankl\u00f6schfahrzeug (TLF)!"}]},{"@type":"WebSite","@id":"https:\/\/www.feuerwehr-halberstadt.de\/#website","url":"https:\/\/www.feuerwehr-halberstadt.de\/","name":"Feuerwehr Halberstadt","description":"#imEinsatzf\u00fcrHalberstadt","publisher":{"@id":"https:\/\/www.feuerwehr-halberstadt.de\/#organization"},"potentialAction":[{"@type":"SearchAction","target":{"@type":"EntryPoint","urlTemplate":"https:\/\/www.feuerwehr-halberstadt.de\/?s={search_term_string}"},"query-input":{"@type":"PropertyValueSpecification","valueRequired":true,"valueName":"search_term_string"}}],"inLanguage":"de"},{"@type":"Organization","@id":"https:\/\/www.feuerwehr-halberstadt.de\/#organization","name":"Feuerwehr Halberstadt","url":"https:\/\/www.feuerwehr-halberstadt.de\/","logo":{"@type":"ImageObject","inLanguage":"de","@id":"https:\/\/www.feuerwehr-halberstadt.de\/#\/schema\/logo\/image\/","url":"https:\/\/www.feuerwehr-halberstadt.de\/wp-content\/uploads\/2023\/10\/IMG_0126.png","contentUrl":"https:\/\/www.feuerwehr-halberstadt.de\/wp-content\/uploads\/2023\/10\/IMG_0126.png","width":1500,"height":399,"caption":"Feuerwehr Halberstadt"},"image":{"@id":"https:\/\/www.feuerwehr-halberstadt.de\/#\/schema\/logo\/image\/"},"sameAs":["https:\/\/www.facebook.com\/FeuerwehrHalberstadt\/"]},{"@type":"Person","@id":"https:\/\/www.feuerwehr-halberstadt.de\/#\/schema\/person\/55ce5d9b46008e58cd3d55d4116ec727","name":"Buchold, Chris","image":{"@type":"ImageObject","inLanguage":"de","@id":"https:\/\/secure.gravatar.com\/avatar\/bff08a084f0390bf8a93fc28c488452766ba521109cec244ac64210fdd500a49?s=96&d=mm&r=g","url":"https:\/\/secure.gravatar.com\/avatar\/bff08a084f0390bf8a93fc28c488452766ba521109cec244ac64210fdd500a49?s=96&d=mm&r=g","contentUrl":"https:\/\/secure.gravatar.com\/avatar\/bff08a084f0390bf8a93fc28c488452766ba521109cec244ac64210fdd500a49?s=96&d=mm&r=g","caption":"Buchold, Chris"},"url":"https:\/\/www.feuerwehr-halberstadt.de\/?author=3"}]}},"_links":{"self":[{"href":"https:\/\/www.feuerwehr-halberstadt.de\/index.php?rest_route=\/wp\/v2\/posts\/10947","targetHints":{"allow":["GET"]}}],"collection":[{"href":"https:\/\/www.feuerwehr-halberstadt.de\/index.php?rest_route=\/wp\/v2\/posts"}],"about":[{"href":"https:\/\/www.feuerwehr-halberstadt.de\/index.php?rest_route=\/wp\/v2\/types\/post"}],"author":[{"embeddable":true,"href":"https:\/\/www.feuerwehr-halberstadt.de\/index.php?rest_route=\/wp\/v2\/users\/3"}],"replies":[{"embeddable":true,"href":"https:\/\/www.feuerwehr-halberstadt.de\/index.php?rest_route=%2Fwp%2Fv2%2Fcomments&post=10947"}],"version-history":[{"count":10,"href":"https:\/\/www.feuerwehr-halberstadt.de\/index.php?rest_route=\/wp\/v2\/posts\/10947\/revisions"}],"predecessor-version":[{"id":10981,"href":"https:\/\/www.feuerwehr-halberstadt.de\/index.php?rest_route=\/wp\/v2\/posts\/10947\/revisions\/10981"}],"wp:featuredmedia":[{"embeddable":true,"href":"https:\/\/www.feuerwehr-halberstadt.de\/index.php?rest_route=\/wp\/v2\/media\/10976"}],"wp:attachment":[{"href":"https:\/\/www.feuerwehr-halberstadt.de\/index.php?rest_route=%2Fwp%2Fv2%2Fmedia&parent=10947"}],"wp:term":[{"taxonomy":"category","embeddable":true,"href":"https:\/\/www.feuerwehr-halberstadt.de\/index.php?rest_route=%2Fwp%2Fv2%2Fcategories&post=10947"},{"taxonomy":"post_tag","embeddable":true,"href":"https:\/\/www.feuerwehr-halberstadt.de\/index.php?rest_route=%2Fwp%2Fv2%2Ftags&post=10947"}],"curies":[{"name":"wp","href":"https:\/\/api.w.org\/{rel}","templated":true}]}}