{"id":10366,"date":"2020-05-01T16:32:41","date_gmt":"2020-05-01T14:32:41","guid":{"rendered":"http:\/\/www.feuerwehr-halberstadt.de\/?p=10366"},"modified":"2020-05-01T16:32:42","modified_gmt":"2020-05-01T14:32:42","slug":"dran-am-echten-einsatz-uebungsobjekt-kaemmeckenstrasse","status":"publish","type":"post","link":"https:\/\/www.feuerwehr-halberstadt.de\/?p=10366","title":{"rendered":"\u201eDran am echten Einsatz\u201c &#8211; \u00dcbungsobjekt K\u00e4mmeckenstra\u00dfe"},"content":{"rendered":"\n<p>Brandgeruch liegt in der Luft, schwarze Ru\u00dffahnen ziehen sich \u00fcber zwei Fenstern in unterschiedlichen Etagen an der Betonfassade entlang. Aus einem mit Sperrholz verschlossenen Kellerfenster dringt Rauch. Im brennenden Keller sind bereits die L\u00f6scharbeiten im Gange. Dicke Schl\u00e4uche ziehen sich vom Tankl\u00f6schfahrzeug in den Keller des Wohnhauses, in dem seit Langem keine Mieter mehr wohnen. Der f\u00fcnfgeschossige Block zwischen Schuh- und K\u00e4mmeckenstra\u00dfe soll abgerissen werden. Bis dahin hat ihn die Halberst\u00e4dter Wohnungsgesellschaft HaWoGe der Feuerwehr als \u00dcbungsobjekt zur Verf\u00fcgung gestellt.<\/p>\n\n\n\n<p>\u201eWir pflegen seit Jahren eine sehr gute und enge Zusammenarbeit\u201c, sagt Feuerwehrchef Ingo Wetzel, \u201edie HaWoGe unterst\u00fctzt unsere Arbeit und die des F\u00f6rdervereins und wir helfen mit unserem Wissen und unserer Tatkraft, wenn erforderlich.\u201c Solche unkomplizierte Zusammenarbeit sei nicht in allen Kommunen selbstverst\u00e4ndlich. \u201eDaf\u00fcr sind wir wirklich dankbar.\u201c Auch die Wohnungsbaugenossenschaft, so berichtet es Ingo Wetzel, hatte der Wehr schon einmal einen leeres Geb\u00e4ude zu \u00dcbungszwecken \u00fcberlassen.<\/p>\n\n\n\n<p>Wenn es, wie an diesem Tag, um eine m\u00f6glichst realit\u00e4tsnahe Ausbildung in Sachen Brandbek\u00e4mpfung geht, wird vorher auch die Zentrale Leitstelle des Kreises informiert. Melden sich aufmerksame B\u00fcrger, muss kein Alarm ausgel\u00f6st werden. Auch wenn Qualm aus Wohnungen oder Kellerfenstern dringt. Der hat inzwischen seine graue Farbe gegen ein helles wei\u00df getauscht, sichtbares Zeichen, dass die Kameraden zum Brandherd vorgedrungen sind und l\u00f6schen. Wenig sp\u00e4ter liegt die Holzplatte, die die leere Fenster\u00f6ffnung verschlossen hat, auf der Wiese vor dem Haus, die Kameraden haben das Fenster ge\u00f6ffnet.<\/p>\n\n\n\n<p>Auch wenn pl\u00f6tzliche Sauerstoffzufuhr durchaus gef\u00e4hrliche Reaktionen des Feuers hervorrufen kann, ist das erstmal eine Standardprozedur. Denn im Keller staut sich die W\u00e4rme und um die belastende Hitze zu senken, hilft es, das Fenster zu \u00f6ffnen. Immerhin sind in den kleinen Kellerr\u00e4umen schnell 300 bis 400 Grad Celsius erreicht. Die Hitze ist eine Sache, die Dunkelheit in engen Kellern, die zudem meist noch zugestellt sind, eine andere Herausforderung f\u00fcr die Feuerwehrm\u00e4nner.<\/p>\n\n\n\n<p>\u201eWir \u00fcben hier ein Standardvorgehen, das bei fast jedem Brandereignis angewandt wird\u201c, erkl\u00e4rt Ingo Wetzel, \u201edie Abl\u00e4ufe k\u00f6nnen die meisten M\u00e4nner der hauptberuflichen Wachbereitschaft im Schlaf.\u201c Aber dennoch zeigen sich bei den \u00dcbungen oft kleine Dinge, die man besser machen kann. Au\u00dferdem sei es gut, wenn die jungen Kollegen so etwas mehr Einsatzroutine gewinnen. Die Kameraden der freiwilligen Feuerwehr k\u00f6nnen leider das Objekt derzeit nicht nutzen \u2013 ihre \u00dcbungs- und Ausbildungsabende sind wegen der Corona-Pandemie ausgesetzt. Die Berufsfeuerwehr hingegen nutzt das Geb\u00e4ude nicht nur zur \u00dcbung von L\u00f6scheins\u00e4tzen. So wurde vor einigen Tagen die H\u00f6henrettung von Personen trainiert oder auch die verschiedenen M\u00f6glichkeit, im Ernstfall Wohnungst\u00fcren zu \u00f6ffnen.<\/p>\n\n\n\n<p>Die Handgriffe trainieren dabei immer die selben Gruppen, denn wegen der Pandemie hat die Hauptberufliche Wachbereitschaft ihre Dienststruktur umgestellt. Nicht nur, das die Wache nur noch von den Mitarbeitern betreten werden darf, auch innerhalb der Schichten ist kein Wechsel mehr m\u00f6glich. \u201eFalls in einer Gruppe ein Covid-Fall auftritt, muss nur eine Schicht in Quarant\u00e4ne und nicht die komplette Mannschaft der Wache\u201c, erl\u00e4utert Ingo Wetzel.<\/p>\n\n\n\n<p>Zu versch\u00e4rften Hygieneregeln kommen Notfallpl\u00e4ne, in die auch die freiwilligen Kameraden einbezogen sind. Denn auch auf den Fall, dass doch mehr als eine Schicht ausf\u00e4llt, will die Wehr vorbereitet sein.<\/p>\n\n\n\n<p>Text\/Bild: Sabine Scholz \/ Volksstimme<\/p>\n","protected":false},"excerpt":{"rendered":"<p>Brandgeruch liegt in der Luft, schwarze Ru\u00dffahnen ziehen sich \u00fcber zwei Fenstern in unterschiedlichen Etagen an der Betonfassade entlang. Aus einem mit Sperrholz verschlossenen Kellerfenster dringt Rauch. Im brennenden Keller sind bereits die L\u00f6scharbeiten im Gange. Dicke Schl\u00e4uche ziehen sich vom Tankl\u00f6schfahrzeug in den Keller des Wohnhauses, in dem seit Langem keine Mieter mehr wohnen. [&hellip;]<\/p>\n","protected":false},"author":3,"featured_media":10367,"comment_status":"closed","ping_status":"closed","sticky":false,"template":"","format":"standard","meta":{"_acf_changed":false,"footnotes":""},"categories":[24],"tags":[],"class_list":["post-10366","post","type-post","status-publish","format-standard","has-post-thumbnail","hentry","category-ausbildung"],"acf":[],"yoast_head":"<!-- This site is optimized with the Yoast SEO plugin v27.5 - https:\/\/yoast.com\/product\/yoast-seo-wordpress\/ -->\n<title>\u201eDran am echten Einsatz\u201c - \u00dcbungsobjekt K\u00e4mmeckenstra\u00dfe - Feuerwehr Halberstadt<\/title>\n<meta name=\"robots\" content=\"index, follow, max-snippet:-1, max-image-preview:large, max-video-preview:-1\" \/>\n<link rel=\"canonical\" href=\"https:\/\/www.feuerwehr-halberstadt.de\/?p=10366\" \/>\n<meta property=\"og:locale\" content=\"de_DE\" \/>\n<meta property=\"og:type\" content=\"article\" \/>\n<meta property=\"og:title\" content=\"\u201eDran am echten Einsatz\u201c - \u00dcbungsobjekt K\u00e4mmeckenstra\u00dfe - Feuerwehr Halberstadt\" \/>\n<meta property=\"og:description\" content=\"Brandgeruch liegt in der Luft, schwarze Ru\u00dffahnen ziehen sich \u00fcber zwei Fenstern in unterschiedlichen Etagen an der Betonfassade entlang. Aus einem mit Sperrholz verschlossenen Kellerfenster dringt Rauch. Im brennenden Keller sind bereits die L\u00f6scharbeiten im Gange. Dicke Schl\u00e4uche ziehen sich vom Tankl\u00f6schfahrzeug in den Keller des Wohnhauses, in dem seit Langem keine Mieter mehr wohnen. [&hellip;]\" \/>\n<meta property=\"og:url\" content=\"https:\/\/www.feuerwehr-halberstadt.de\/?p=10366\" \/>\n<meta property=\"og:site_name\" content=\"Feuerwehr Halberstadt\" \/>\n<meta property=\"article:publisher\" content=\"https:\/\/www.facebook.com\/FeuerwehrHalberstadt\/\" \/>\n<meta property=\"article:published_time\" content=\"2020-05-01T14:32:41+00:00\" \/>\n<meta property=\"article:modified_time\" content=\"2020-05-01T14:32:42+00:00\" \/>\n<meta property=\"og:image\" content=\"https:\/\/www.feuerwehr-halberstadt.de\/wp-content\/uploads\/2020\/05\/FA155C64-2298-4B5E-B484-13E5484F5184.jpeg\" \/>\n\t<meta property=\"og:image:width\" content=\"400\" \/>\n\t<meta property=\"og:image:height\" content=\"300\" \/>\n\t<meta property=\"og:image:type\" content=\"image\/jpeg\" \/>\n<meta name=\"author\" content=\"Buchold, Chris\" \/>\n<meta name=\"twitter:card\" content=\"summary_large_image\" \/>\n<meta name=\"twitter:label1\" content=\"Verfasst von\" \/>\n\t<meta name=\"twitter:data1\" content=\"Buchold, Chris\" \/>\n\t<meta name=\"twitter:label2\" content=\"Gesch\u00e4tzte Lesezeit\" \/>\n\t<meta name=\"twitter:data2\" content=\"3\u00a0Minuten\" \/>\n<script type=\"application\/ld+json\" class=\"yoast-schema-graph\">{\"@context\":\"https:\\\/\\\/schema.org\",\"@graph\":[{\"@type\":\"Article\",\"@id\":\"https:\\\/\\\/www.feuerwehr-halberstadt.de\\\/?p=10366#article\",\"isPartOf\":{\"@id\":\"https:\\\/\\\/www.feuerwehr-halberstadt.de\\\/?p=10366\"},\"author\":{\"name\":\"Buchold, Chris\",\"@id\":\"https:\\\/\\\/www.feuerwehr-halberstadt.de\\\/#\\\/schema\\\/person\\\/55ce5d9b46008e58cd3d55d4116ec727\"},\"headline\":\"\u201eDran am echten Einsatz\u201c &#8211; \u00dcbungsobjekt K\u00e4mmeckenstra\u00dfe\",\"datePublished\":\"2020-05-01T14:32:41+00:00\",\"dateModified\":\"2020-05-01T14:32:42+00:00\",\"mainEntityOfPage\":{\"@id\":\"https:\\\/\\\/www.feuerwehr-halberstadt.de\\\/?p=10366\"},\"wordCount\":564,\"publisher\":{\"@id\":\"https:\\\/\\\/www.feuerwehr-halberstadt.de\\\/#organization\"},\"image\":{\"@id\":\"https:\\\/\\\/www.feuerwehr-halberstadt.de\\\/?p=10366#primaryimage\"},\"thumbnailUrl\":\"https:\\\/\\\/www.feuerwehr-halberstadt.de\\\/wp-content\\\/uploads\\\/2020\\\/05\\\/FA155C64-2298-4B5E-B484-13E5484F5184.jpeg\",\"articleSection\":[\"Ausbildung\"],\"inLanguage\":\"de\"},{\"@type\":\"WebPage\",\"@id\":\"https:\\\/\\\/www.feuerwehr-halberstadt.de\\\/?p=10366\",\"url\":\"https:\\\/\\\/www.feuerwehr-halberstadt.de\\\/?p=10366\",\"name\":\"\u201eDran am echten Einsatz\u201c - \u00dcbungsobjekt K\u00e4mmeckenstra\u00dfe - Feuerwehr Halberstadt\",\"isPartOf\":{\"@id\":\"https:\\\/\\\/www.feuerwehr-halberstadt.de\\\/#website\"},\"primaryImageOfPage\":{\"@id\":\"https:\\\/\\\/www.feuerwehr-halberstadt.de\\\/?p=10366#primaryimage\"},\"image\":{\"@id\":\"https:\\\/\\\/www.feuerwehr-halberstadt.de\\\/?p=10366#primaryimage\"},\"thumbnailUrl\":\"https:\\\/\\\/www.feuerwehr-halberstadt.de\\\/wp-content\\\/uploads\\\/2020\\\/05\\\/FA155C64-2298-4B5E-B484-13E5484F5184.jpeg\",\"datePublished\":\"2020-05-01T14:32:41+00:00\",\"dateModified\":\"2020-05-01T14:32:42+00:00\",\"breadcrumb\":{\"@id\":\"https:\\\/\\\/www.feuerwehr-halberstadt.de\\\/?p=10366#breadcrumb\"},\"inLanguage\":\"de\",\"potentialAction\":[{\"@type\":\"ReadAction\",\"target\":[\"https:\\\/\\\/www.feuerwehr-halberstadt.de\\\/?p=10366\"]}]},{\"@type\":\"ImageObject\",\"inLanguage\":\"de\",\"@id\":\"https:\\\/\\\/www.feuerwehr-halberstadt.de\\\/?p=10366#primaryimage\",\"url\":\"https:\\\/\\\/www.feuerwehr-halberstadt.de\\\/wp-content\\\/uploads\\\/2020\\\/05\\\/FA155C64-2298-4B5E-B484-13E5484F5184.jpeg\",\"contentUrl\":\"https:\\\/\\\/www.feuerwehr-halberstadt.de\\\/wp-content\\\/uploads\\\/2020\\\/05\\\/FA155C64-2298-4B5E-B484-13E5484F5184.jpeg\",\"width\":400,\"height\":300},{\"@type\":\"BreadcrumbList\",\"@id\":\"https:\\\/\\\/www.feuerwehr-halberstadt.de\\\/?p=10366#breadcrumb\",\"itemListElement\":[{\"@type\":\"ListItem\",\"position\":1,\"name\":\"Startseite\",\"item\":\"https:\\\/\\\/www.feuerwehr-halberstadt.de\\\/\"},{\"@type\":\"ListItem\",\"position\":2,\"name\":\"\u201eDran am echten Einsatz\u201c &#8211; \u00dcbungsobjekt K\u00e4mmeckenstra\u00dfe\"}]},{\"@type\":\"WebSite\",\"@id\":\"https:\\\/\\\/www.feuerwehr-halberstadt.de\\\/#website\",\"url\":\"https:\\\/\\\/www.feuerwehr-halberstadt.de\\\/\",\"name\":\"Feuerwehr Halberstadt\",\"description\":\"#imEinsatzf\u00fcrHalberstadt\",\"publisher\":{\"@id\":\"https:\\\/\\\/www.feuerwehr-halberstadt.de\\\/#organization\"},\"potentialAction\":[{\"@type\":\"SearchAction\",\"target\":{\"@type\":\"EntryPoint\",\"urlTemplate\":\"https:\\\/\\\/www.feuerwehr-halberstadt.de\\\/?s={search_term_string}\"},\"query-input\":{\"@type\":\"PropertyValueSpecification\",\"valueRequired\":true,\"valueName\":\"search_term_string\"}}],\"inLanguage\":\"de\"},{\"@type\":\"Organization\",\"@id\":\"https:\\\/\\\/www.feuerwehr-halberstadt.de\\\/#organization\",\"name\":\"Feuerwehr Halberstadt\",\"url\":\"https:\\\/\\\/www.feuerwehr-halberstadt.de\\\/\",\"logo\":{\"@type\":\"ImageObject\",\"inLanguage\":\"de\",\"@id\":\"https:\\\/\\\/www.feuerwehr-halberstadt.de\\\/#\\\/schema\\\/logo\\\/image\\\/\",\"url\":\"https:\\\/\\\/www.feuerwehr-halberstadt.de\\\/wp-content\\\/uploads\\\/2023\\\/10\\\/IMG_0126.png\",\"contentUrl\":\"https:\\\/\\\/www.feuerwehr-halberstadt.de\\\/wp-content\\\/uploads\\\/2023\\\/10\\\/IMG_0126.png\",\"width\":1500,\"height\":399,\"caption\":\"Feuerwehr Halberstadt\"},\"image\":{\"@id\":\"https:\\\/\\\/www.feuerwehr-halberstadt.de\\\/#\\\/schema\\\/logo\\\/image\\\/\"},\"sameAs\":[\"https:\\\/\\\/www.facebook.com\\\/FeuerwehrHalberstadt\\\/\"]},{\"@type\":\"Person\",\"@id\":\"https:\\\/\\\/www.feuerwehr-halberstadt.de\\\/#\\\/schema\\\/person\\\/55ce5d9b46008e58cd3d55d4116ec727\",\"name\":\"Buchold, Chris\",\"image\":{\"@type\":\"ImageObject\",\"inLanguage\":\"de\",\"@id\":\"https:\\\/\\\/secure.gravatar.com\\\/avatar\\\/bff08a084f0390bf8a93fc28c488452766ba521109cec244ac64210fdd500a49?s=96&d=mm&r=g\",\"url\":\"https:\\\/\\\/secure.gravatar.com\\\/avatar\\\/bff08a084f0390bf8a93fc28c488452766ba521109cec244ac64210fdd500a49?s=96&d=mm&r=g\",\"contentUrl\":\"https:\\\/\\\/secure.gravatar.com\\\/avatar\\\/bff08a084f0390bf8a93fc28c488452766ba521109cec244ac64210fdd500a49?s=96&d=mm&r=g\",\"caption\":\"Buchold, Chris\"},\"url\":\"https:\\\/\\\/www.feuerwehr-halberstadt.de\\\/?author=3\"}]}<\/script>\n<!-- \/ Yoast SEO plugin. -->","yoast_head_json":{"title":"\u201eDran am echten Einsatz\u201c - \u00dcbungsobjekt K\u00e4mmeckenstra\u00dfe - Feuerwehr Halberstadt","robots":{"index":"index","follow":"follow","max-snippet":"max-snippet:-1","max-image-preview":"max-image-preview:large","max-video-preview":"max-video-preview:-1"},"canonical":"https:\/\/www.feuerwehr-halberstadt.de\/?p=10366","og_locale":"de_DE","og_type":"article","og_title":"\u201eDran am echten Einsatz\u201c - \u00dcbungsobjekt K\u00e4mmeckenstra\u00dfe - Feuerwehr Halberstadt","og_description":"Brandgeruch liegt in der Luft, schwarze Ru\u00dffahnen ziehen sich \u00fcber zwei Fenstern in unterschiedlichen Etagen an der Betonfassade entlang. Aus einem mit Sperrholz verschlossenen Kellerfenster dringt Rauch. Im brennenden Keller sind bereits die L\u00f6scharbeiten im Gange. Dicke Schl\u00e4uche ziehen sich vom Tankl\u00f6schfahrzeug in den Keller des Wohnhauses, in dem seit Langem keine Mieter mehr wohnen. [&hellip;]","og_url":"https:\/\/www.feuerwehr-halberstadt.de\/?p=10366","og_site_name":"Feuerwehr Halberstadt","article_publisher":"https:\/\/www.facebook.com\/FeuerwehrHalberstadt\/","article_published_time":"2020-05-01T14:32:41+00:00","article_modified_time":"2020-05-01T14:32:42+00:00","og_image":[{"width":400,"height":300,"url":"https:\/\/www.feuerwehr-halberstadt.de\/wp-content\/uploads\/2020\/05\/FA155C64-2298-4B5E-B484-13E5484F5184.jpeg","type":"image\/jpeg"}],"author":"Buchold, Chris","twitter_card":"summary_large_image","twitter_misc":{"Verfasst von":"Buchold, Chris","Gesch\u00e4tzte Lesezeit":"3\u00a0Minuten"},"schema":{"@context":"https:\/\/schema.org","@graph":[{"@type":"Article","@id":"https:\/\/www.feuerwehr-halberstadt.de\/?p=10366#article","isPartOf":{"@id":"https:\/\/www.feuerwehr-halberstadt.de\/?p=10366"},"author":{"name":"Buchold, Chris","@id":"https:\/\/www.feuerwehr-halberstadt.de\/#\/schema\/person\/55ce5d9b46008e58cd3d55d4116ec727"},"headline":"\u201eDran am echten Einsatz\u201c &#8211; \u00dcbungsobjekt K\u00e4mmeckenstra\u00dfe","datePublished":"2020-05-01T14:32:41+00:00","dateModified":"2020-05-01T14:32:42+00:00","mainEntityOfPage":{"@id":"https:\/\/www.feuerwehr-halberstadt.de\/?p=10366"},"wordCount":564,"publisher":{"@id":"https:\/\/www.feuerwehr-halberstadt.de\/#organization"},"image":{"@id":"https:\/\/www.feuerwehr-halberstadt.de\/?p=10366#primaryimage"},"thumbnailUrl":"https:\/\/www.feuerwehr-halberstadt.de\/wp-content\/uploads\/2020\/05\/FA155C64-2298-4B5E-B484-13E5484F5184.jpeg","articleSection":["Ausbildung"],"inLanguage":"de"},{"@type":"WebPage","@id":"https:\/\/www.feuerwehr-halberstadt.de\/?p=10366","url":"https:\/\/www.feuerwehr-halberstadt.de\/?p=10366","name":"\u201eDran am echten Einsatz\u201c - \u00dcbungsobjekt K\u00e4mmeckenstra\u00dfe - Feuerwehr Halberstadt","isPartOf":{"@id":"https:\/\/www.feuerwehr-halberstadt.de\/#website"},"primaryImageOfPage":{"@id":"https:\/\/www.feuerwehr-halberstadt.de\/?p=10366#primaryimage"},"image":{"@id":"https:\/\/www.feuerwehr-halberstadt.de\/?p=10366#primaryimage"},"thumbnailUrl":"https:\/\/www.feuerwehr-halberstadt.de\/wp-content\/uploads\/2020\/05\/FA155C64-2298-4B5E-B484-13E5484F5184.jpeg","datePublished":"2020-05-01T14:32:41+00:00","dateModified":"2020-05-01T14:32:42+00:00","breadcrumb":{"@id":"https:\/\/www.feuerwehr-halberstadt.de\/?p=10366#breadcrumb"},"inLanguage":"de","potentialAction":[{"@type":"ReadAction","target":["https:\/\/www.feuerwehr-halberstadt.de\/?p=10366"]}]},{"@type":"ImageObject","inLanguage":"de","@id":"https:\/\/www.feuerwehr-halberstadt.de\/?p=10366#primaryimage","url":"https:\/\/www.feuerwehr-halberstadt.de\/wp-content\/uploads\/2020\/05\/FA155C64-2298-4B5E-B484-13E5484F5184.jpeg","contentUrl":"https:\/\/www.feuerwehr-halberstadt.de\/wp-content\/uploads\/2020\/05\/FA155C64-2298-4B5E-B484-13E5484F5184.jpeg","width":400,"height":300},{"@type":"BreadcrumbList","@id":"https:\/\/www.feuerwehr-halberstadt.de\/?p=10366#breadcrumb","itemListElement":[{"@type":"ListItem","position":1,"name":"Startseite","item":"https:\/\/www.feuerwehr-halberstadt.de\/"},{"@type":"ListItem","position":2,"name":"\u201eDran am echten Einsatz\u201c &#8211; \u00dcbungsobjekt K\u00e4mmeckenstra\u00dfe"}]},{"@type":"WebSite","@id":"https:\/\/www.feuerwehr-halberstadt.de\/#website","url":"https:\/\/www.feuerwehr-halberstadt.de\/","name":"Feuerwehr Halberstadt","description":"#imEinsatzf\u00fcrHalberstadt","publisher":{"@id":"https:\/\/www.feuerwehr-halberstadt.de\/#organization"},"potentialAction":[{"@type":"SearchAction","target":{"@type":"EntryPoint","urlTemplate":"https:\/\/www.feuerwehr-halberstadt.de\/?s={search_term_string}"},"query-input":{"@type":"PropertyValueSpecification","valueRequired":true,"valueName":"search_term_string"}}],"inLanguage":"de"},{"@type":"Organization","@id":"https:\/\/www.feuerwehr-halberstadt.de\/#organization","name":"Feuerwehr Halberstadt","url":"https:\/\/www.feuerwehr-halberstadt.de\/","logo":{"@type":"ImageObject","inLanguage":"de","@id":"https:\/\/www.feuerwehr-halberstadt.de\/#\/schema\/logo\/image\/","url":"https:\/\/www.feuerwehr-halberstadt.de\/wp-content\/uploads\/2023\/10\/IMG_0126.png","contentUrl":"https:\/\/www.feuerwehr-halberstadt.de\/wp-content\/uploads\/2023\/10\/IMG_0126.png","width":1500,"height":399,"caption":"Feuerwehr Halberstadt"},"image":{"@id":"https:\/\/www.feuerwehr-halberstadt.de\/#\/schema\/logo\/image\/"},"sameAs":["https:\/\/www.facebook.com\/FeuerwehrHalberstadt\/"]},{"@type":"Person","@id":"https:\/\/www.feuerwehr-halberstadt.de\/#\/schema\/person\/55ce5d9b46008e58cd3d55d4116ec727","name":"Buchold, Chris","image":{"@type":"ImageObject","inLanguage":"de","@id":"https:\/\/secure.gravatar.com\/avatar\/bff08a084f0390bf8a93fc28c488452766ba521109cec244ac64210fdd500a49?s=96&d=mm&r=g","url":"https:\/\/secure.gravatar.com\/avatar\/bff08a084f0390bf8a93fc28c488452766ba521109cec244ac64210fdd500a49?s=96&d=mm&r=g","contentUrl":"https:\/\/secure.gravatar.com\/avatar\/bff08a084f0390bf8a93fc28c488452766ba521109cec244ac64210fdd500a49?s=96&d=mm&r=g","caption":"Buchold, Chris"},"url":"https:\/\/www.feuerwehr-halberstadt.de\/?author=3"}]}},"_links":{"self":[{"href":"https:\/\/www.feuerwehr-halberstadt.de\/index.php?rest_route=\/wp\/v2\/posts\/10366","targetHints":{"allow":["GET"]}}],"collection":[{"href":"https:\/\/www.feuerwehr-halberstadt.de\/index.php?rest_route=\/wp\/v2\/posts"}],"about":[{"href":"https:\/\/www.feuerwehr-halberstadt.de\/index.php?rest_route=\/wp\/v2\/types\/post"}],"author":[{"embeddable":true,"href":"https:\/\/www.feuerwehr-halberstadt.de\/index.php?rest_route=\/wp\/v2\/users\/3"}],"replies":[{"embeddable":true,"href":"https:\/\/www.feuerwehr-halberstadt.de\/index.php?rest_route=%2Fwp%2Fv2%2Fcomments&post=10366"}],"version-history":[{"count":1,"href":"https:\/\/www.feuerwehr-halberstadt.de\/index.php?rest_route=\/wp\/v2\/posts\/10366\/revisions"}],"predecessor-version":[{"id":10368,"href":"https:\/\/www.feuerwehr-halberstadt.de\/index.php?rest_route=\/wp\/v2\/posts\/10366\/revisions\/10368"}],"wp:featuredmedia":[{"embeddable":true,"href":"https:\/\/www.feuerwehr-halberstadt.de\/index.php?rest_route=\/wp\/v2\/media\/10367"}],"wp:attachment":[{"href":"https:\/\/www.feuerwehr-halberstadt.de\/index.php?rest_route=%2Fwp%2Fv2%2Fmedia&parent=10366"}],"wp:term":[{"taxonomy":"category","embeddable":true,"href":"https:\/\/www.feuerwehr-halberstadt.de\/index.php?rest_route=%2Fwp%2Fv2%2Fcategories&post=10366"},{"taxonomy":"post_tag","embeddable":true,"href":"https:\/\/www.feuerwehr-halberstadt.de\/index.php?rest_route=%2Fwp%2Fv2%2Ftags&post=10366"}],"curies":[{"name":"wp","href":"https:\/\/api.w.org\/{rel}","templated":true}]}}