{"id":10197,"date":"2020-02-07T17:04:16","date_gmt":"2020-02-07T16:04:16","guid":{"rendered":"http:\/\/www.feuerwehr-halberstadt.de\/?p=10197"},"modified":"2020-02-07T17:04:17","modified_gmt":"2020-02-07T16:04:17","slug":"spendenerloese-uebergeben-und-feuerwehren-gedankt","status":"publish","type":"post","link":"https:\/\/www.feuerwehr-halberstadt.de\/?p=10197","title":{"rendered":"Spendenerl\u00f6se \u00fcbergeben und Feuerwehren gedankt"},"content":{"rendered":"\n<p>Den Spendenerl\u00f6s in H\u00f6he von insgesamt 4.706,56 Euro, der aus der Kunden-Kalender- Aktion der Harzsparkasse stammt, \u00fcbergaben am 30. Januar 2020 Claus-Peter Pinkernelle und Juliane Ziem in der Sparkassenhauptstelle Wernigerode.<br>Das Motto des Familienplaners 2020 lautete: &#8222;Danke, dass es euch gibt!&#8220; \u2013 Die Feuerwehren im Landkreis Harz. Die ehrenamtliche und wichtige Aufgabe der regionalen Feuerwehren wurde bildhaft hervorgehoben. Zw\u00f6lf Kalenderbl\u00e4tter schm\u00fccken nun die W\u00e4nde vieler Kunden der Harzsparkasse. Die Idee Feuerwehren auszuw\u00e4hlen wurde auch aus der Kampagne &#8222;Voller Einsatz&#8220; des Landes Sachsen-Anhalt aufgegriffen, die wiederum das Ziel verfolgte, neue Mitglieder f\u00fcr die Feuerwehren zu werben.<br>Die Kunden-Kalender wurden seit dem Weltspartag am 30. Oktober 2019 gegen freiwillige Spenden ausgegeben. Dazu wurden in allen Gesch\u00e4ftsstellen der Harzsparkasse Spendenb\u00fcchsen aufgestellt. Es wurde, wie in vielen Jahren zuvor, regional bezogen um Spenden gebeten.<\/p>\n\n\n\n<p>Alle Spendenb\u00fcchsen waren mit Aufkleber versehen, wer von den Spenden profitieren wird. Die Spenden gingen an:<br><br>W\u00e4rmestube Halberstadt &#8211; 1.068,62 \u20ac<br>Harzer Tafel e.V. Quedlinburg &#8211; 523,17 \u20ac<br>AWO-Kreisverband Quedlinburg &#8211; 523,17 \u20ac<br>Freundeskreis des Kinderheimes Kreuzberg e.V. in Wernigerode &#8211; 1.295,80<br>Verein f\u00fcr krebskranke Kinder Harz e.V. &#8211; 1.295,80 \u20ac.<br><br>Die zw\u00f6lf am Kalender beteiligten Feuerwehren erhielten als Dank f\u00fcr ihr ehrenamtliches Engagement jeweils eine Spende in H\u00f6he von 100 Euro von der Harzsparkasse. <br>Dies sind: FFW Quedlinburg, Hauptberufliche Wachbereitschaft Halberstadt, FFW Blankenburg, FFW Wienrode, FFW Elbingerode, FFW Thale, FFW Halberstadt, FFW Abbenrode, FFW Darlingerode, FFW Klein Quenstedt, FFW Wernigerode und die FFW Gernrode.<br><br>Gro\u00dfe Freude herrschte beim Verein f\u00fcr krebskranke Kinder Harz e.V.. Dieser wurde mit einer weiteren Spende von Kunden der Harzsparkasse \u00fcberrascht.<br>Zu ihrer Kundenveranstaltung am 16.11.2020 sammelte die Harzsparkasse an einem Charity- Terminal Spenden zugunsten dieses Vereins. Vereinschef Avery Kolle nahm 443 Euro aus dieser Aktion entgegen.<br><\/p>\n\n\n\n<p>Text\/Bild: Pressemitteilung Harzsparkasse<\/p>\n","protected":false},"excerpt":{"rendered":"<p>Den Spendenerl\u00f6s in H\u00f6he von insgesamt 4.706,56 Euro, der aus der Kunden-Kalender- Aktion der Harzsparkasse stammt, \u00fcbergaben am 30. Januar 2020 Claus-Peter Pinkernelle und Juliane Ziem in der Sparkassenhauptstelle Wernigerode.Das Motto des Familienplaners 2020 lautete: &#8222;Danke, dass es euch gibt!&#8220; \u2013 Die Feuerwehren im Landkreis Harz. Die ehrenamtliche und wichtige Aufgabe der regionalen Feuerwehren wurde [&hellip;]<\/p>\n","protected":false},"author":3,"featured_media":10198,"comment_status":"closed","ping_status":"closed","sticky":false,"template":"","format":"standard","meta":{"_acf_changed":false,"footnotes":""},"categories":[9,11],"tags":[],"class_list":["post-10197","post","type-post","status-publish","format-standard","has-post-thumbnail","hentry","category-allgemein","category-wache"],"acf":[],"yoast_head":"<!-- This site is optimized with the Yoast SEO plugin v27.4 - https:\/\/yoast.com\/product\/yoast-seo-wordpress\/ -->\n<title>Spendenerl\u00f6se \u00fcbergeben und Feuerwehren gedankt - Feuerwehr Halberstadt<\/title>\n<meta name=\"robots\" content=\"index, follow, max-snippet:-1, max-image-preview:large, max-video-preview:-1\" \/>\n<link rel=\"canonical\" href=\"https:\/\/www.feuerwehr-halberstadt.de\/?p=10197\" \/>\n<meta property=\"og:locale\" content=\"de_DE\" \/>\n<meta property=\"og:type\" content=\"article\" \/>\n<meta property=\"og:title\" content=\"Spendenerl\u00f6se \u00fcbergeben und Feuerwehren gedankt - Feuerwehr Halberstadt\" \/>\n<meta property=\"og:description\" content=\"Den Spendenerl\u00f6s in H\u00f6he von insgesamt 4.706,56 Euro, der aus der Kunden-Kalender- Aktion der Harzsparkasse stammt, \u00fcbergaben am 30. Januar 2020 Claus-Peter Pinkernelle und Juliane Ziem in der Sparkassenhauptstelle Wernigerode.Das Motto des Familienplaners 2020 lautete: &#8222;Danke, dass es euch gibt!&#8220; \u2013 Die Feuerwehren im Landkreis Harz. Die ehrenamtliche und wichtige Aufgabe der regionalen Feuerwehren wurde [&hellip;]\" \/>\n<meta property=\"og:url\" content=\"https:\/\/www.feuerwehr-halberstadt.de\/?p=10197\" \/>\n<meta property=\"og:site_name\" content=\"Feuerwehr Halberstadt\" \/>\n<meta property=\"article:publisher\" content=\"https:\/\/www.facebook.com\/FeuerwehrHalberstadt\/\" \/>\n<meta property=\"article:published_time\" content=\"2020-02-07T16:04:16+00:00\" \/>\n<meta property=\"article:modified_time\" content=\"2020-02-07T16:04:17+00:00\" \/>\n<meta property=\"og:image\" content=\"https:\/\/www.feuerwehr-halberstadt.de\/wp-content\/uploads\/2020\/02\/Unbenannt.png\" \/>\n\t<meta property=\"og:image:width\" content=\"1386\" \/>\n\t<meta property=\"og:image:height\" content=\"809\" \/>\n\t<meta property=\"og:image:type\" content=\"image\/png\" \/>\n<meta name=\"author\" content=\"Buchold, Chris\" \/>\n<meta name=\"twitter:card\" content=\"summary_large_image\" \/>\n<meta name=\"twitter:label1\" content=\"Verfasst von\" \/>\n\t<meta name=\"twitter:data1\" content=\"Buchold, Chris\" \/>\n\t<meta name=\"twitter:label2\" content=\"Gesch\u00e4tzte Lesezeit\" \/>\n\t<meta name=\"twitter:data2\" content=\"1\u00a0Minute\" \/>\n<script type=\"application\/ld+json\" class=\"yoast-schema-graph\">{\"@context\":\"https:\\\/\\\/schema.org\",\"@graph\":[{\"@type\":\"Article\",\"@id\":\"https:\\\/\\\/www.feuerwehr-halberstadt.de\\\/?p=10197#article\",\"isPartOf\":{\"@id\":\"https:\\\/\\\/www.feuerwehr-halberstadt.de\\\/?p=10197\"},\"author\":{\"name\":\"Buchold, Chris\",\"@id\":\"https:\\\/\\\/www.feuerwehr-halberstadt.de\\\/#\\\/schema\\\/person\\\/55ce5d9b46008e58cd3d55d4116ec727\"},\"headline\":\"Spendenerl\u00f6se \u00fcbergeben und Feuerwehren gedankt\",\"datePublished\":\"2020-02-07T16:04:16+00:00\",\"dateModified\":\"2020-02-07T16:04:17+00:00\",\"mainEntityOfPage\":{\"@id\":\"https:\\\/\\\/www.feuerwehr-halberstadt.de\\\/?p=10197\"},\"wordCount\":295,\"publisher\":{\"@id\":\"https:\\\/\\\/www.feuerwehr-halberstadt.de\\\/#organization\"},\"image\":{\"@id\":\"https:\\\/\\\/www.feuerwehr-halberstadt.de\\\/?p=10197#primaryimage\"},\"thumbnailUrl\":\"https:\\\/\\\/www.feuerwehr-halberstadt.de\\\/wp-content\\\/uploads\\\/2020\\\/02\\\/Unbenannt.png\",\"articleSection\":{\"1\":\"Wache\"},\"inLanguage\":\"de\"},{\"@type\":\"WebPage\",\"@id\":\"https:\\\/\\\/www.feuerwehr-halberstadt.de\\\/?p=10197\",\"url\":\"https:\\\/\\\/www.feuerwehr-halberstadt.de\\\/?p=10197\",\"name\":\"Spendenerl\u00f6se \u00fcbergeben und Feuerwehren gedankt - Feuerwehr Halberstadt\",\"isPartOf\":{\"@id\":\"https:\\\/\\\/www.feuerwehr-halberstadt.de\\\/#website\"},\"primaryImageOfPage\":{\"@id\":\"https:\\\/\\\/www.feuerwehr-halberstadt.de\\\/?p=10197#primaryimage\"},\"image\":{\"@id\":\"https:\\\/\\\/www.feuerwehr-halberstadt.de\\\/?p=10197#primaryimage\"},\"thumbnailUrl\":\"https:\\\/\\\/www.feuerwehr-halberstadt.de\\\/wp-content\\\/uploads\\\/2020\\\/02\\\/Unbenannt.png\",\"datePublished\":\"2020-02-07T16:04:16+00:00\",\"dateModified\":\"2020-02-07T16:04:17+00:00\",\"breadcrumb\":{\"@id\":\"https:\\\/\\\/www.feuerwehr-halberstadt.de\\\/?p=10197#breadcrumb\"},\"inLanguage\":\"de\",\"potentialAction\":[{\"@type\":\"ReadAction\",\"target\":[\"https:\\\/\\\/www.feuerwehr-halberstadt.de\\\/?p=10197\"]}]},{\"@type\":\"ImageObject\",\"inLanguage\":\"de\",\"@id\":\"https:\\\/\\\/www.feuerwehr-halberstadt.de\\\/?p=10197#primaryimage\",\"url\":\"https:\\\/\\\/www.feuerwehr-halberstadt.de\\\/wp-content\\\/uploads\\\/2020\\\/02\\\/Unbenannt.png\",\"contentUrl\":\"https:\\\/\\\/www.feuerwehr-halberstadt.de\\\/wp-content\\\/uploads\\\/2020\\\/02\\\/Unbenannt.png\",\"width\":1386,\"height\":809},{\"@type\":\"BreadcrumbList\",\"@id\":\"https:\\\/\\\/www.feuerwehr-halberstadt.de\\\/?p=10197#breadcrumb\",\"itemListElement\":[{\"@type\":\"ListItem\",\"position\":1,\"name\":\"Startseite\",\"item\":\"https:\\\/\\\/www.feuerwehr-halberstadt.de\\\/\"},{\"@type\":\"ListItem\",\"position\":2,\"name\":\"Spendenerl\u00f6se \u00fcbergeben und Feuerwehren gedankt\"}]},{\"@type\":\"WebSite\",\"@id\":\"https:\\\/\\\/www.feuerwehr-halberstadt.de\\\/#website\",\"url\":\"https:\\\/\\\/www.feuerwehr-halberstadt.de\\\/\",\"name\":\"Feuerwehr Halberstadt\",\"description\":\"#imEinsatzf\u00fcrHalberstadt\",\"publisher\":{\"@id\":\"https:\\\/\\\/www.feuerwehr-halberstadt.de\\\/#organization\"},\"potentialAction\":[{\"@type\":\"SearchAction\",\"target\":{\"@type\":\"EntryPoint\",\"urlTemplate\":\"https:\\\/\\\/www.feuerwehr-halberstadt.de\\\/?s={search_term_string}\"},\"query-input\":{\"@type\":\"PropertyValueSpecification\",\"valueRequired\":true,\"valueName\":\"search_term_string\"}}],\"inLanguage\":\"de\"},{\"@type\":\"Organization\",\"@id\":\"https:\\\/\\\/www.feuerwehr-halberstadt.de\\\/#organization\",\"name\":\"Feuerwehr Halberstadt\",\"url\":\"https:\\\/\\\/www.feuerwehr-halberstadt.de\\\/\",\"logo\":{\"@type\":\"ImageObject\",\"inLanguage\":\"de\",\"@id\":\"https:\\\/\\\/www.feuerwehr-halberstadt.de\\\/#\\\/schema\\\/logo\\\/image\\\/\",\"url\":\"https:\\\/\\\/www.feuerwehr-halberstadt.de\\\/wp-content\\\/uploads\\\/2023\\\/10\\\/IMG_0126.png\",\"contentUrl\":\"https:\\\/\\\/www.feuerwehr-halberstadt.de\\\/wp-content\\\/uploads\\\/2023\\\/10\\\/IMG_0126.png\",\"width\":1500,\"height\":399,\"caption\":\"Feuerwehr Halberstadt\"},\"image\":{\"@id\":\"https:\\\/\\\/www.feuerwehr-halberstadt.de\\\/#\\\/schema\\\/logo\\\/image\\\/\"},\"sameAs\":[\"https:\\\/\\\/www.facebook.com\\\/FeuerwehrHalberstadt\\\/\"]},{\"@type\":\"Person\",\"@id\":\"https:\\\/\\\/www.feuerwehr-halberstadt.de\\\/#\\\/schema\\\/person\\\/55ce5d9b46008e58cd3d55d4116ec727\",\"name\":\"Buchold, Chris\",\"image\":{\"@type\":\"ImageObject\",\"inLanguage\":\"de\",\"@id\":\"https:\\\/\\\/secure.gravatar.com\\\/avatar\\\/bff08a084f0390bf8a93fc28c488452766ba521109cec244ac64210fdd500a49?s=96&d=mm&r=g\",\"url\":\"https:\\\/\\\/secure.gravatar.com\\\/avatar\\\/bff08a084f0390bf8a93fc28c488452766ba521109cec244ac64210fdd500a49?s=96&d=mm&r=g\",\"contentUrl\":\"https:\\\/\\\/secure.gravatar.com\\\/avatar\\\/bff08a084f0390bf8a93fc28c488452766ba521109cec244ac64210fdd500a49?s=96&d=mm&r=g\",\"caption\":\"Buchold, Chris\"},\"url\":\"https:\\\/\\\/www.feuerwehr-halberstadt.de\\\/?author=3\"}]}<\/script>\n<!-- \/ Yoast SEO plugin. -->","yoast_head_json":{"title":"Spendenerl\u00f6se \u00fcbergeben und Feuerwehren gedankt - Feuerwehr Halberstadt","robots":{"index":"index","follow":"follow","max-snippet":"max-snippet:-1","max-image-preview":"max-image-preview:large","max-video-preview":"max-video-preview:-1"},"canonical":"https:\/\/www.feuerwehr-halberstadt.de\/?p=10197","og_locale":"de_DE","og_type":"article","og_title":"Spendenerl\u00f6se \u00fcbergeben und Feuerwehren gedankt - Feuerwehr Halberstadt","og_description":"Den Spendenerl\u00f6s in H\u00f6he von insgesamt 4.706,56 Euro, der aus der Kunden-Kalender- Aktion der Harzsparkasse stammt, \u00fcbergaben am 30. Januar 2020 Claus-Peter Pinkernelle und Juliane Ziem in der Sparkassenhauptstelle Wernigerode.Das Motto des Familienplaners 2020 lautete: &#8222;Danke, dass es euch gibt!&#8220; \u2013 Die Feuerwehren im Landkreis Harz. Die ehrenamtliche und wichtige Aufgabe der regionalen Feuerwehren wurde [&hellip;]","og_url":"https:\/\/www.feuerwehr-halberstadt.de\/?p=10197","og_site_name":"Feuerwehr Halberstadt","article_publisher":"https:\/\/www.facebook.com\/FeuerwehrHalberstadt\/","article_published_time":"2020-02-07T16:04:16+00:00","article_modified_time":"2020-02-07T16:04:17+00:00","og_image":[{"width":1386,"height":809,"url":"https:\/\/www.feuerwehr-halberstadt.de\/wp-content\/uploads\/2020\/02\/Unbenannt.png","type":"image\/png"}],"author":"Buchold, Chris","twitter_card":"summary_large_image","twitter_misc":{"Verfasst von":"Buchold, Chris","Gesch\u00e4tzte Lesezeit":"1\u00a0Minute"},"schema":{"@context":"https:\/\/schema.org","@graph":[{"@type":"Article","@id":"https:\/\/www.feuerwehr-halberstadt.de\/?p=10197#article","isPartOf":{"@id":"https:\/\/www.feuerwehr-halberstadt.de\/?p=10197"},"author":{"name":"Buchold, Chris","@id":"https:\/\/www.feuerwehr-halberstadt.de\/#\/schema\/person\/55ce5d9b46008e58cd3d55d4116ec727"},"headline":"Spendenerl\u00f6se \u00fcbergeben und Feuerwehren gedankt","datePublished":"2020-02-07T16:04:16+00:00","dateModified":"2020-02-07T16:04:17+00:00","mainEntityOfPage":{"@id":"https:\/\/www.feuerwehr-halberstadt.de\/?p=10197"},"wordCount":295,"publisher":{"@id":"https:\/\/www.feuerwehr-halberstadt.de\/#organization"},"image":{"@id":"https:\/\/www.feuerwehr-halberstadt.de\/?p=10197#primaryimage"},"thumbnailUrl":"https:\/\/www.feuerwehr-halberstadt.de\/wp-content\/uploads\/2020\/02\/Unbenannt.png","articleSection":{"1":"Wache"},"inLanguage":"de"},{"@type":"WebPage","@id":"https:\/\/www.feuerwehr-halberstadt.de\/?p=10197","url":"https:\/\/www.feuerwehr-halberstadt.de\/?p=10197","name":"Spendenerl\u00f6se \u00fcbergeben und Feuerwehren gedankt - Feuerwehr Halberstadt","isPartOf":{"@id":"https:\/\/www.feuerwehr-halberstadt.de\/#website"},"primaryImageOfPage":{"@id":"https:\/\/www.feuerwehr-halberstadt.de\/?p=10197#primaryimage"},"image":{"@id":"https:\/\/www.feuerwehr-halberstadt.de\/?p=10197#primaryimage"},"thumbnailUrl":"https:\/\/www.feuerwehr-halberstadt.de\/wp-content\/uploads\/2020\/02\/Unbenannt.png","datePublished":"2020-02-07T16:04:16+00:00","dateModified":"2020-02-07T16:04:17+00:00","breadcrumb":{"@id":"https:\/\/www.feuerwehr-halberstadt.de\/?p=10197#breadcrumb"},"inLanguage":"de","potentialAction":[{"@type":"ReadAction","target":["https:\/\/www.feuerwehr-halberstadt.de\/?p=10197"]}]},{"@type":"ImageObject","inLanguage":"de","@id":"https:\/\/www.feuerwehr-halberstadt.de\/?p=10197#primaryimage","url":"https:\/\/www.feuerwehr-halberstadt.de\/wp-content\/uploads\/2020\/02\/Unbenannt.png","contentUrl":"https:\/\/www.feuerwehr-halberstadt.de\/wp-content\/uploads\/2020\/02\/Unbenannt.png","width":1386,"height":809},{"@type":"BreadcrumbList","@id":"https:\/\/www.feuerwehr-halberstadt.de\/?p=10197#breadcrumb","itemListElement":[{"@type":"ListItem","position":1,"name":"Startseite","item":"https:\/\/www.feuerwehr-halberstadt.de\/"},{"@type":"ListItem","position":2,"name":"Spendenerl\u00f6se \u00fcbergeben und Feuerwehren gedankt"}]},{"@type":"WebSite","@id":"https:\/\/www.feuerwehr-halberstadt.de\/#website","url":"https:\/\/www.feuerwehr-halberstadt.de\/","name":"Feuerwehr Halberstadt","description":"#imEinsatzf\u00fcrHalberstadt","publisher":{"@id":"https:\/\/www.feuerwehr-halberstadt.de\/#organization"},"potentialAction":[{"@type":"SearchAction","target":{"@type":"EntryPoint","urlTemplate":"https:\/\/www.feuerwehr-halberstadt.de\/?s={search_term_string}"},"query-input":{"@type":"PropertyValueSpecification","valueRequired":true,"valueName":"search_term_string"}}],"inLanguage":"de"},{"@type":"Organization","@id":"https:\/\/www.feuerwehr-halberstadt.de\/#organization","name":"Feuerwehr Halberstadt","url":"https:\/\/www.feuerwehr-halberstadt.de\/","logo":{"@type":"ImageObject","inLanguage":"de","@id":"https:\/\/www.feuerwehr-halberstadt.de\/#\/schema\/logo\/image\/","url":"https:\/\/www.feuerwehr-halberstadt.de\/wp-content\/uploads\/2023\/10\/IMG_0126.png","contentUrl":"https:\/\/www.feuerwehr-halberstadt.de\/wp-content\/uploads\/2023\/10\/IMG_0126.png","width":1500,"height":399,"caption":"Feuerwehr Halberstadt"},"image":{"@id":"https:\/\/www.feuerwehr-halberstadt.de\/#\/schema\/logo\/image\/"},"sameAs":["https:\/\/www.facebook.com\/FeuerwehrHalberstadt\/"]},{"@type":"Person","@id":"https:\/\/www.feuerwehr-halberstadt.de\/#\/schema\/person\/55ce5d9b46008e58cd3d55d4116ec727","name":"Buchold, Chris","image":{"@type":"ImageObject","inLanguage":"de","@id":"https:\/\/secure.gravatar.com\/avatar\/bff08a084f0390bf8a93fc28c488452766ba521109cec244ac64210fdd500a49?s=96&d=mm&r=g","url":"https:\/\/secure.gravatar.com\/avatar\/bff08a084f0390bf8a93fc28c488452766ba521109cec244ac64210fdd500a49?s=96&d=mm&r=g","contentUrl":"https:\/\/secure.gravatar.com\/avatar\/bff08a084f0390bf8a93fc28c488452766ba521109cec244ac64210fdd500a49?s=96&d=mm&r=g","caption":"Buchold, Chris"},"url":"https:\/\/www.feuerwehr-halberstadt.de\/?author=3"}]}},"_links":{"self":[{"href":"https:\/\/www.feuerwehr-halberstadt.de\/index.php?rest_route=\/wp\/v2\/posts\/10197","targetHints":{"allow":["GET"]}}],"collection":[{"href":"https:\/\/www.feuerwehr-halberstadt.de\/index.php?rest_route=\/wp\/v2\/posts"}],"about":[{"href":"https:\/\/www.feuerwehr-halberstadt.de\/index.php?rest_route=\/wp\/v2\/types\/post"}],"author":[{"embeddable":true,"href":"https:\/\/www.feuerwehr-halberstadt.de\/index.php?rest_route=\/wp\/v2\/users\/3"}],"replies":[{"embeddable":true,"href":"https:\/\/www.feuerwehr-halberstadt.de\/index.php?rest_route=%2Fwp%2Fv2%2Fcomments&post=10197"}],"version-history":[{"count":1,"href":"https:\/\/www.feuerwehr-halberstadt.de\/index.php?rest_route=\/wp\/v2\/posts\/10197\/revisions"}],"predecessor-version":[{"id":10199,"href":"https:\/\/www.feuerwehr-halberstadt.de\/index.php?rest_route=\/wp\/v2\/posts\/10197\/revisions\/10199"}],"wp:featuredmedia":[{"embeddable":true,"href":"https:\/\/www.feuerwehr-halberstadt.de\/index.php?rest_route=\/wp\/v2\/media\/10198"}],"wp:attachment":[{"href":"https:\/\/www.feuerwehr-halberstadt.de\/index.php?rest_route=%2Fwp%2Fv2%2Fmedia&parent=10197"}],"wp:term":[{"taxonomy":"category","embeddable":true,"href":"https:\/\/www.feuerwehr-halberstadt.de\/index.php?rest_route=%2Fwp%2Fv2%2Fcategories&post=10197"},{"taxonomy":"post_tag","embeddable":true,"href":"https:\/\/www.feuerwehr-halberstadt.de\/index.php?rest_route=%2Fwp%2Fv2%2Ftags&post=10197"}],"curies":[{"name":"wp","href":"https:\/\/api.w.org\/{rel}","templated":true}]}}