{"id":10081,"date":"2020-01-10T10:13:12","date_gmt":"2020-01-10T09:13:12","guid":{"rendered":"http:\/\/www.feuerwehr-halberstadt.de\/?p=10081"},"modified":"2020-01-11T11:32:57","modified_gmt":"2020-01-11T10:32:57","slug":"wahrgewordener-kindheitstraum-ingo-wetzel-ist-neuer-abteilungsleiter","status":"publish","type":"post","link":"https:\/\/www.feuerwehr-halberstadt.de\/?p=10081","title":{"rendered":"Wahrgewordener Kindheitstraum &#8211; Ingo Wetzel ist neuer Abteilungsleiter"},"content":{"rendered":"\n<p>Er trinkt seinen Kaffee schwarz. Ohne Schnickschnack. <br>Passt zu dem 50-J\u00e4hrigen, der seit dem Nikolaustag in die Fu\u00dfstapfen von J\u00f6rg Kelle tritt. Der langj\u00e4hrige Feuerwehrchef ist in Altersteilzeit gegangen. Weshalb Ingo Wetzel zwar Kelles T\u00e4tigkeit als Abteilungsleiter \u00fcbernimmt, aber vorerst noch kommissarisch.<br>Wetzel wei\u00df, worauf er sich einl\u00e4sst, schlie\u00dflich hat er als Stellvertreter Kelles viel vom Arbeitsalltag des Abteilungsleiters kennengelernt. Auch die B\u00fcroarbeit, die ihm, wie Wetzel zugibt, nicht ganz so liegt. Er ist lieber einer, der zupackt. Und auch als Einsatzleiter mal ein Strahlrohr in die Hand nimmt, wenn es erforderlich ist.<br><br> \u201eWenn man sich f\u00fcr diese Laufbahn entschieden hat, geh\u00f6ren Verwaltungsaufgaben dazu\u201c, sagt der in Halberstadt geborene und aufgewachsene Feuerwehrchef. Er ist Pragmatiker, nimmt die Dinge, wie sie sind, sucht L\u00f6sungen, beharrlich, mit langem Atem. Den hat er schon in jungen Jahren bewiesen. Denn dass er Feuerwehrmann werden will, das steht f\u00fcr ihn seit seinem siebenten Lebensjahr fest. Eine Zufallsbegegnung hat ihn in diese Richtung geschickt, berichtet der Vater dreier S\u00f6hne. Er wurde Zeuge eines Feuerwehreinsatzes, sah fasziniert zu, wie routiniert die Feuerwehrleute arbeiteten, war beeindruckt von der Technik. Er fragte, was er denn in der Schule machen muss, damit er zu Feuerwehr kommen kann.<br>Die Antwort des Kameraden habe seine Mutter weniger gefreut, berichtet Wetzel schmunzelnd. Wenn er immer gut lerne, alles Zweien habe, k\u00f6nne er Feuerwehrmann werden. Was er seiner Mutter stolz erz\u00e4hlt habe, samt dem Hinweis, er m\u00fcsse dann ja nicht mehr ganz so viel machen f\u00fcr die Schule. Was die Mutter als Lehrerin wohl anders sah. \u201eAber seitdem stand mein Berufswunsch fest. Klingt vielleicht kitschig, aber ich habe mir tats\u00e4chlich meinen Kindheitstraum erf\u00fcllt\u201c, sagt der gelernte Kfz-Mechaniker. Denn auch zu DDR-Zeiten galt die Regel: Handwerksberuf, dann Feuerwehrausbildung.<br>Angefangen, seinen Traum zu verwirklichen, hat Wetzel schon in der Schule. Er dr\u00e4ngelte so lange, bis es auch an seiner Schule eine Arbeitsgemeinschaft Junge Brandschutzhelfer gab. Was f\u00fcr F\u00fcnft- und Sechstkl\u00e4ssler spannend war, wollte mancher Jugendlicher als Achtkl\u00e4ssler nicht mehr, weshalb die Arbeitsgemeinschaft einschlief. Also ging Ingo Wetzel zur freiwilligen Feuerwehr, um dort zu erfahren, dass er erst mit 16 mitmachen durfte. \u201eIch war 14. Eine Kinder- oder Jugendfeuerwehr gab es damals nicht\u201c, erinnert er sich.<br>Er fragte auch bei der Wache, dort gab es die gleiche Antwort: Erst mit 16. Mit 15 ging Wetzel wieder fragen. Seine Beharrlichkeit zahlte sich aus. Er schloss einen Bewerbervertrag mit der Polizei, der die Feuerwehr damals zugeordnet war, erfuhr, dass er einen Beruf erlernen und seinen Wehrdienst geleistet haben musste, bevor er seine Laufbahn bei der Feuerwehr starten k\u00f6nne. Also lernte er beim VEB Kraftverkehr Halberstadt Kfz-Schlosser f\u00fcr Nutzfahrzeuge und arbeitete nat\u00fcrlich in der Betriebsfeuerwehr mit. \u201eIch war von Anfang an ehrlich und hab\u2018 im Betrieb immer gesagt, dass ich nicht bleiben will\u201c, sagt Wetzel. <br>Sein Ziel war schlie\u00dflich, Feuerwehrmann zu sein, hauptberuflich.<br>Deshalb verpflichtete er sich f\u00fcr drei Jahre zur Armee, so war er sicher, mit 18 Jahren zum Wehrdienst gezogen zu werden. Das war Ende 1987. Im Januar 1990 hatte er zwei der drei Jahre rum, und alles war anders geworden. Er profitierte von einem neuen Gesetz, wurde im Januar 1990 entlassen. \u201eUnd dann gab es f\u00fcr mich kein Halten mehr.\u201c Aber es war alles anders, niemand wusste so recht, was die Zukunft bringen w\u00fcrde. \u201eEs hie\u00df damals, die Berufsfeuerwehr wird aufgel\u00f6st.\u201c F\u00fcr Ingo Wetzel brach eine Welt zusammen.<br>Aber dank seines Vorvertrages und des Einsatzes von Reinhard Kelle wurde er doch eingestellt \u2013 am 1. M\u00e4rz 1990. \u201eSeitdem bin ich hier\u201c, sagt er, wobei das Hier durchaus monatelange Abwesenheit bedeutete. Viele Ausbildungseinheiten fanden bei der Berufsfeuerwehr Wolfsburg statt, andere im Institut f\u00fcr Brand- und Katastrophenschutz Heyrothsberge, wieder andere f\u00fchrten den Familienvater nach Berlin. Und weil er dahin wollte, wo viel los ist, war sein Einsatzgebiet Kreuzberg. Die Einsatzfrequenz in einer Gro\u00dfstadt ist eine andere, die Mentalit\u00e4t der Menschen auch, sagt Wetzel. \u201eAber was man als Feuerwehrmann tun muss, unterscheidet sich nicht von dem in einer Kleinstadt.\u201c<br>2006 entschloss sich Wetzel, doch den Weg in den gehobenen Dienst zu gehen. Ausschreibung, Auswahlverfahren, Vorbereitungskurse, Aufstiegskurs, Praktika in Wolfsburg und Berlin. Aber eins war f\u00fcr ihn immer klar: Er will in Halberstadt bleiben. Als Harald B\u00f6er 2012 als Feuerwehrchef verabschiedet wurde und J\u00f6rg Kelle die Aufgaben \u00fcbernahm r\u00fcckte Wetzel als Stellvertreter nach und als Kelles Abschied absehbar wurde, erkl\u00e4rte sich Wetzel bereit, die Verantwortung f\u00fcr die Halberst\u00e4dter Wehr zu \u00fcbernehmen. Die weist eine Besonderheit auf. Halberstadt hat keine Berufsfeuerwehr, die wurde tats\u00e4chlich abgeschafft. Aber die Freiwillige Feuerwehr Halberstadt hat hauptberufliche Kr\u00e4fte, die rund um die Uhr einsatzbereit sind. \u201eIm Arbeitsalltag macht das keinen Unterschied zu einer Berufswehr, allerdings sind die Aufstiegsm\u00f6glichkeiten beschr\u00e4nkter\u201c, sagt Wetzel, der auch Angebote hatte, zur Flughafenfeuerwehr nach Frankfurt\/Main oder zur Berufswehr nach Wolfsburg zu wechseln. Aber er ist Halberst\u00e4dter mit Leib und Seele. Seinen Sachbereich Technik betreut er noch parallel. Viel zu tun ist immer, ohne den R\u00fcckhalt seiner Familie h\u00e4tte er diesen Weg nicht gehen k\u00f6nnen. Das wei\u00df Ingo Wetzel, der in diesem Jahr mit seiner Frau 25 Jahre verheiratet ist. \u201eIch bin wirklich dankbar, meine Frau h\u00e4lt mir immer den R\u00fccken frei.\u201c<br>Das wird wohl auch weiterhin erforderlich sein. Wetzel sieht \u201eeinige Baustellen, f\u00fcr die L\u00f6sungen gefunden werden m\u00fcssen\u201c. Die Frage der Nachwuchsgewinnung ist eine, eine andere, wie k\u00fcnftig \u00fcberhaupt Brandschutz organisiert werden kann. Angesichts sinkender Bereitschaft in der Gesellschaft, sich ehrenamtlich in den Wehren zu engagieren eine ziemlich gro\u00dfe Baustelle.<\/p>\n\n\n\n<p>Text\/Bild: Sabine Scholz \/ Halberst\u00e4dter Volksstimme<\/p>\n","protected":false},"excerpt":{"rendered":"<p>Er trinkt seinen Kaffee schwarz. Ohne Schnickschnack. Passt zu dem 50-J\u00e4hrigen, der seit dem Nikolaustag in die Fu\u00dfstapfen von J\u00f6rg Kelle tritt. Der langj\u00e4hrige Feuerwehrchef ist in Altersteilzeit gegangen. Weshalb Ingo Wetzel zwar Kelles T\u00e4tigkeit als Abteilungsleiter \u00fcbernimmt, aber vorerst noch kommissarisch.Wetzel wei\u00df, worauf er sich einl\u00e4sst, schlie\u00dflich hat er als Stellvertreter Kelles viel vom [&hellip;]<\/p>\n","protected":false},"author":3,"featured_media":10080,"comment_status":"closed","ping_status":"closed","sticky":false,"template":"","format":"standard","meta":{"_acf_changed":false,"footnotes":""},"categories":[11],"tags":[],"class_list":["post-10081","post","type-post","status-publish","format-standard","has-post-thumbnail","hentry","category-wache"],"acf":[],"yoast_head":"<!-- This site is optimized with the Yoast SEO plugin v27.5 - https:\/\/yoast.com\/product\/yoast-seo-wordpress\/ -->\n<title>Wahrgewordener Kindheitstraum - Ingo Wetzel ist neuer Abteilungsleiter - Feuerwehr Halberstadt<\/title>\n<meta name=\"robots\" content=\"index, follow, max-snippet:-1, max-image-preview:large, max-video-preview:-1\" \/>\n<link rel=\"canonical\" href=\"https:\/\/www.feuerwehr-halberstadt.de\/?p=10081\" \/>\n<meta property=\"og:locale\" content=\"de_DE\" \/>\n<meta property=\"og:type\" content=\"article\" \/>\n<meta property=\"og:title\" content=\"Wahrgewordener Kindheitstraum - Ingo Wetzel ist neuer Abteilungsleiter - Feuerwehr Halberstadt\" \/>\n<meta property=\"og:description\" content=\"Er trinkt seinen Kaffee schwarz. Ohne Schnickschnack. Passt zu dem 50-J\u00e4hrigen, der seit dem Nikolaustag in die Fu\u00dfstapfen von J\u00f6rg Kelle tritt. Der langj\u00e4hrige Feuerwehrchef ist in Altersteilzeit gegangen. Weshalb Ingo Wetzel zwar Kelles T\u00e4tigkeit als Abteilungsleiter \u00fcbernimmt, aber vorerst noch kommissarisch.Wetzel wei\u00df, worauf er sich einl\u00e4sst, schlie\u00dflich hat er als Stellvertreter Kelles viel vom [&hellip;]\" \/>\n<meta property=\"og:url\" content=\"https:\/\/www.feuerwehr-halberstadt.de\/?p=10081\" \/>\n<meta property=\"og:site_name\" content=\"Feuerwehr Halberstadt\" \/>\n<meta property=\"article:publisher\" content=\"https:\/\/www.facebook.com\/FeuerwehrHalberstadt\/\" \/>\n<meta property=\"article:published_time\" content=\"2020-01-10T09:13:12+00:00\" \/>\n<meta property=\"article:modified_time\" content=\"2020-01-11T10:32:57+00:00\" \/>\n<meta property=\"og:image\" content=\"https:\/\/www.feuerwehr-halberstadt.de\/wp-content\/uploads\/2020\/01\/CC9C731F-EF15-4463-A5D5-0B6B6E29C5E7-e1578651520191.jpeg\" \/>\n\t<meta property=\"og:image:width\" content=\"700\" \/>\n\t<meta property=\"og:image:height\" content=\"800\" \/>\n\t<meta property=\"og:image:type\" content=\"image\/jpeg\" \/>\n<meta name=\"author\" content=\"Buchold, Chris\" \/>\n<meta name=\"twitter:card\" content=\"summary_large_image\" \/>\n<meta name=\"twitter:label1\" content=\"Verfasst von\" \/>\n\t<meta name=\"twitter:data1\" content=\"Buchold, Chris\" \/>\n\t<meta name=\"twitter:label2\" content=\"Gesch\u00e4tzte Lesezeit\" \/>\n\t<meta name=\"twitter:data2\" content=\"5\u00a0Minuten\" \/>\n<script type=\"application\/ld+json\" class=\"yoast-schema-graph\">{\"@context\":\"https:\\\/\\\/schema.org\",\"@graph\":[{\"@type\":\"Article\",\"@id\":\"https:\\\/\\\/www.feuerwehr-halberstadt.de\\\/?p=10081#article\",\"isPartOf\":{\"@id\":\"https:\\\/\\\/www.feuerwehr-halberstadt.de\\\/?p=10081\"},\"author\":{\"name\":\"Buchold, Chris\",\"@id\":\"https:\\\/\\\/www.feuerwehr-halberstadt.de\\\/#\\\/schema\\\/person\\\/55ce5d9b46008e58cd3d55d4116ec727\"},\"headline\":\"Wahrgewordener Kindheitstraum &#8211; Ingo Wetzel ist neuer Abteilungsleiter\",\"datePublished\":\"2020-01-10T09:13:12+00:00\",\"dateModified\":\"2020-01-11T10:32:57+00:00\",\"mainEntityOfPage\":{\"@id\":\"https:\\\/\\\/www.feuerwehr-halberstadt.de\\\/?p=10081\"},\"wordCount\":949,\"publisher\":{\"@id\":\"https:\\\/\\\/www.feuerwehr-halberstadt.de\\\/#organization\"},\"image\":{\"@id\":\"https:\\\/\\\/www.feuerwehr-halberstadt.de\\\/?p=10081#primaryimage\"},\"thumbnailUrl\":\"https:\\\/\\\/www.feuerwehr-halberstadt.de\\\/wp-content\\\/uploads\\\/2020\\\/01\\\/CC9C731F-EF15-4463-A5D5-0B6B6E29C5E7-e1578651520191.jpeg\",\"articleSection\":[\"Wache\"],\"inLanguage\":\"de\"},{\"@type\":\"WebPage\",\"@id\":\"https:\\\/\\\/www.feuerwehr-halberstadt.de\\\/?p=10081\",\"url\":\"https:\\\/\\\/www.feuerwehr-halberstadt.de\\\/?p=10081\",\"name\":\"Wahrgewordener Kindheitstraum - Ingo Wetzel ist neuer Abteilungsleiter - Feuerwehr Halberstadt\",\"isPartOf\":{\"@id\":\"https:\\\/\\\/www.feuerwehr-halberstadt.de\\\/#website\"},\"primaryImageOfPage\":{\"@id\":\"https:\\\/\\\/www.feuerwehr-halberstadt.de\\\/?p=10081#primaryimage\"},\"image\":{\"@id\":\"https:\\\/\\\/www.feuerwehr-halberstadt.de\\\/?p=10081#primaryimage\"},\"thumbnailUrl\":\"https:\\\/\\\/www.feuerwehr-halberstadt.de\\\/wp-content\\\/uploads\\\/2020\\\/01\\\/CC9C731F-EF15-4463-A5D5-0B6B6E29C5E7-e1578651520191.jpeg\",\"datePublished\":\"2020-01-10T09:13:12+00:00\",\"dateModified\":\"2020-01-11T10:32:57+00:00\",\"breadcrumb\":{\"@id\":\"https:\\\/\\\/www.feuerwehr-halberstadt.de\\\/?p=10081#breadcrumb\"},\"inLanguage\":\"de\",\"potentialAction\":[{\"@type\":\"ReadAction\",\"target\":[\"https:\\\/\\\/www.feuerwehr-halberstadt.de\\\/?p=10081\"]}]},{\"@type\":\"ImageObject\",\"inLanguage\":\"de\",\"@id\":\"https:\\\/\\\/www.feuerwehr-halberstadt.de\\\/?p=10081#primaryimage\",\"url\":\"https:\\\/\\\/www.feuerwehr-halberstadt.de\\\/wp-content\\\/uploads\\\/2020\\\/01\\\/CC9C731F-EF15-4463-A5D5-0B6B6E29C5E7-e1578651520191.jpeg\",\"contentUrl\":\"https:\\\/\\\/www.feuerwehr-halberstadt.de\\\/wp-content\\\/uploads\\\/2020\\\/01\\\/CC9C731F-EF15-4463-A5D5-0B6B6E29C5E7-e1578651520191.jpeg\",\"width\":700,\"height\":800},{\"@type\":\"BreadcrumbList\",\"@id\":\"https:\\\/\\\/www.feuerwehr-halberstadt.de\\\/?p=10081#breadcrumb\",\"itemListElement\":[{\"@type\":\"ListItem\",\"position\":1,\"name\":\"Startseite\",\"item\":\"https:\\\/\\\/www.feuerwehr-halberstadt.de\\\/\"},{\"@type\":\"ListItem\",\"position\":2,\"name\":\"Wahrgewordener Kindheitstraum &#8211; Ingo Wetzel ist neuer Abteilungsleiter\"}]},{\"@type\":\"WebSite\",\"@id\":\"https:\\\/\\\/www.feuerwehr-halberstadt.de\\\/#website\",\"url\":\"https:\\\/\\\/www.feuerwehr-halberstadt.de\\\/\",\"name\":\"Feuerwehr Halberstadt\",\"description\":\"#imEinsatzf\u00fcrHalberstadt\",\"publisher\":{\"@id\":\"https:\\\/\\\/www.feuerwehr-halberstadt.de\\\/#organization\"},\"potentialAction\":[{\"@type\":\"SearchAction\",\"target\":{\"@type\":\"EntryPoint\",\"urlTemplate\":\"https:\\\/\\\/www.feuerwehr-halberstadt.de\\\/?s={search_term_string}\"},\"query-input\":{\"@type\":\"PropertyValueSpecification\",\"valueRequired\":true,\"valueName\":\"search_term_string\"}}],\"inLanguage\":\"de\"},{\"@type\":\"Organization\",\"@id\":\"https:\\\/\\\/www.feuerwehr-halberstadt.de\\\/#organization\",\"name\":\"Feuerwehr Halberstadt\",\"url\":\"https:\\\/\\\/www.feuerwehr-halberstadt.de\\\/\",\"logo\":{\"@type\":\"ImageObject\",\"inLanguage\":\"de\",\"@id\":\"https:\\\/\\\/www.feuerwehr-halberstadt.de\\\/#\\\/schema\\\/logo\\\/image\\\/\",\"url\":\"https:\\\/\\\/www.feuerwehr-halberstadt.de\\\/wp-content\\\/uploads\\\/2023\\\/10\\\/IMG_0126.png\",\"contentUrl\":\"https:\\\/\\\/www.feuerwehr-halberstadt.de\\\/wp-content\\\/uploads\\\/2023\\\/10\\\/IMG_0126.png\",\"width\":1500,\"height\":399,\"caption\":\"Feuerwehr Halberstadt\"},\"image\":{\"@id\":\"https:\\\/\\\/www.feuerwehr-halberstadt.de\\\/#\\\/schema\\\/logo\\\/image\\\/\"},\"sameAs\":[\"https:\\\/\\\/www.facebook.com\\\/FeuerwehrHalberstadt\\\/\"]},{\"@type\":\"Person\",\"@id\":\"https:\\\/\\\/www.feuerwehr-halberstadt.de\\\/#\\\/schema\\\/person\\\/55ce5d9b46008e58cd3d55d4116ec727\",\"name\":\"Buchold, Chris\",\"image\":{\"@type\":\"ImageObject\",\"inLanguage\":\"de\",\"@id\":\"https:\\\/\\\/secure.gravatar.com\\\/avatar\\\/bff08a084f0390bf8a93fc28c488452766ba521109cec244ac64210fdd500a49?s=96&d=mm&r=g\",\"url\":\"https:\\\/\\\/secure.gravatar.com\\\/avatar\\\/bff08a084f0390bf8a93fc28c488452766ba521109cec244ac64210fdd500a49?s=96&d=mm&r=g\",\"contentUrl\":\"https:\\\/\\\/secure.gravatar.com\\\/avatar\\\/bff08a084f0390bf8a93fc28c488452766ba521109cec244ac64210fdd500a49?s=96&d=mm&r=g\",\"caption\":\"Buchold, Chris\"},\"url\":\"https:\\\/\\\/www.feuerwehr-halberstadt.de\\\/?author=3\"}]}<\/script>\n<!-- \/ Yoast SEO plugin. -->","yoast_head_json":{"title":"Wahrgewordener Kindheitstraum - Ingo Wetzel ist neuer Abteilungsleiter - Feuerwehr Halberstadt","robots":{"index":"index","follow":"follow","max-snippet":"max-snippet:-1","max-image-preview":"max-image-preview:large","max-video-preview":"max-video-preview:-1"},"canonical":"https:\/\/www.feuerwehr-halberstadt.de\/?p=10081","og_locale":"de_DE","og_type":"article","og_title":"Wahrgewordener Kindheitstraum - Ingo Wetzel ist neuer Abteilungsleiter - Feuerwehr Halberstadt","og_description":"Er trinkt seinen Kaffee schwarz. Ohne Schnickschnack. Passt zu dem 50-J\u00e4hrigen, der seit dem Nikolaustag in die Fu\u00dfstapfen von J\u00f6rg Kelle tritt. Der langj\u00e4hrige Feuerwehrchef ist in Altersteilzeit gegangen. Weshalb Ingo Wetzel zwar Kelles T\u00e4tigkeit als Abteilungsleiter \u00fcbernimmt, aber vorerst noch kommissarisch.Wetzel wei\u00df, worauf er sich einl\u00e4sst, schlie\u00dflich hat er als Stellvertreter Kelles viel vom [&hellip;]","og_url":"https:\/\/www.feuerwehr-halberstadt.de\/?p=10081","og_site_name":"Feuerwehr Halberstadt","article_publisher":"https:\/\/www.facebook.com\/FeuerwehrHalberstadt\/","article_published_time":"2020-01-10T09:13:12+00:00","article_modified_time":"2020-01-11T10:32:57+00:00","og_image":[{"width":700,"height":800,"url":"https:\/\/www.feuerwehr-halberstadt.de\/wp-content\/uploads\/2020\/01\/CC9C731F-EF15-4463-A5D5-0B6B6E29C5E7-e1578651520191.jpeg","type":"image\/jpeg"}],"author":"Buchold, Chris","twitter_card":"summary_large_image","twitter_misc":{"Verfasst von":"Buchold, Chris","Gesch\u00e4tzte Lesezeit":"5\u00a0Minuten"},"schema":{"@context":"https:\/\/schema.org","@graph":[{"@type":"Article","@id":"https:\/\/www.feuerwehr-halberstadt.de\/?p=10081#article","isPartOf":{"@id":"https:\/\/www.feuerwehr-halberstadt.de\/?p=10081"},"author":{"name":"Buchold, Chris","@id":"https:\/\/www.feuerwehr-halberstadt.de\/#\/schema\/person\/55ce5d9b46008e58cd3d55d4116ec727"},"headline":"Wahrgewordener Kindheitstraum &#8211; Ingo Wetzel ist neuer Abteilungsleiter","datePublished":"2020-01-10T09:13:12+00:00","dateModified":"2020-01-11T10:32:57+00:00","mainEntityOfPage":{"@id":"https:\/\/www.feuerwehr-halberstadt.de\/?p=10081"},"wordCount":949,"publisher":{"@id":"https:\/\/www.feuerwehr-halberstadt.de\/#organization"},"image":{"@id":"https:\/\/www.feuerwehr-halberstadt.de\/?p=10081#primaryimage"},"thumbnailUrl":"https:\/\/www.feuerwehr-halberstadt.de\/wp-content\/uploads\/2020\/01\/CC9C731F-EF15-4463-A5D5-0B6B6E29C5E7-e1578651520191.jpeg","articleSection":["Wache"],"inLanguage":"de"},{"@type":"WebPage","@id":"https:\/\/www.feuerwehr-halberstadt.de\/?p=10081","url":"https:\/\/www.feuerwehr-halberstadt.de\/?p=10081","name":"Wahrgewordener Kindheitstraum - Ingo Wetzel ist neuer Abteilungsleiter - Feuerwehr Halberstadt","isPartOf":{"@id":"https:\/\/www.feuerwehr-halberstadt.de\/#website"},"primaryImageOfPage":{"@id":"https:\/\/www.feuerwehr-halberstadt.de\/?p=10081#primaryimage"},"image":{"@id":"https:\/\/www.feuerwehr-halberstadt.de\/?p=10081#primaryimage"},"thumbnailUrl":"https:\/\/www.feuerwehr-halberstadt.de\/wp-content\/uploads\/2020\/01\/CC9C731F-EF15-4463-A5D5-0B6B6E29C5E7-e1578651520191.jpeg","datePublished":"2020-01-10T09:13:12+00:00","dateModified":"2020-01-11T10:32:57+00:00","breadcrumb":{"@id":"https:\/\/www.feuerwehr-halberstadt.de\/?p=10081#breadcrumb"},"inLanguage":"de","potentialAction":[{"@type":"ReadAction","target":["https:\/\/www.feuerwehr-halberstadt.de\/?p=10081"]}]},{"@type":"ImageObject","inLanguage":"de","@id":"https:\/\/www.feuerwehr-halberstadt.de\/?p=10081#primaryimage","url":"https:\/\/www.feuerwehr-halberstadt.de\/wp-content\/uploads\/2020\/01\/CC9C731F-EF15-4463-A5D5-0B6B6E29C5E7-e1578651520191.jpeg","contentUrl":"https:\/\/www.feuerwehr-halberstadt.de\/wp-content\/uploads\/2020\/01\/CC9C731F-EF15-4463-A5D5-0B6B6E29C5E7-e1578651520191.jpeg","width":700,"height":800},{"@type":"BreadcrumbList","@id":"https:\/\/www.feuerwehr-halberstadt.de\/?p=10081#breadcrumb","itemListElement":[{"@type":"ListItem","position":1,"name":"Startseite","item":"https:\/\/www.feuerwehr-halberstadt.de\/"},{"@type":"ListItem","position":2,"name":"Wahrgewordener Kindheitstraum &#8211; Ingo Wetzel ist neuer Abteilungsleiter"}]},{"@type":"WebSite","@id":"https:\/\/www.feuerwehr-halberstadt.de\/#website","url":"https:\/\/www.feuerwehr-halberstadt.de\/","name":"Feuerwehr Halberstadt","description":"#imEinsatzf\u00fcrHalberstadt","publisher":{"@id":"https:\/\/www.feuerwehr-halberstadt.de\/#organization"},"potentialAction":[{"@type":"SearchAction","target":{"@type":"EntryPoint","urlTemplate":"https:\/\/www.feuerwehr-halberstadt.de\/?s={search_term_string}"},"query-input":{"@type":"PropertyValueSpecification","valueRequired":true,"valueName":"search_term_string"}}],"inLanguage":"de"},{"@type":"Organization","@id":"https:\/\/www.feuerwehr-halberstadt.de\/#organization","name":"Feuerwehr Halberstadt","url":"https:\/\/www.feuerwehr-halberstadt.de\/","logo":{"@type":"ImageObject","inLanguage":"de","@id":"https:\/\/www.feuerwehr-halberstadt.de\/#\/schema\/logo\/image\/","url":"https:\/\/www.feuerwehr-halberstadt.de\/wp-content\/uploads\/2023\/10\/IMG_0126.png","contentUrl":"https:\/\/www.feuerwehr-halberstadt.de\/wp-content\/uploads\/2023\/10\/IMG_0126.png","width":1500,"height":399,"caption":"Feuerwehr Halberstadt"},"image":{"@id":"https:\/\/www.feuerwehr-halberstadt.de\/#\/schema\/logo\/image\/"},"sameAs":["https:\/\/www.facebook.com\/FeuerwehrHalberstadt\/"]},{"@type":"Person","@id":"https:\/\/www.feuerwehr-halberstadt.de\/#\/schema\/person\/55ce5d9b46008e58cd3d55d4116ec727","name":"Buchold, Chris","image":{"@type":"ImageObject","inLanguage":"de","@id":"https:\/\/secure.gravatar.com\/avatar\/bff08a084f0390bf8a93fc28c488452766ba521109cec244ac64210fdd500a49?s=96&d=mm&r=g","url":"https:\/\/secure.gravatar.com\/avatar\/bff08a084f0390bf8a93fc28c488452766ba521109cec244ac64210fdd500a49?s=96&d=mm&r=g","contentUrl":"https:\/\/secure.gravatar.com\/avatar\/bff08a084f0390bf8a93fc28c488452766ba521109cec244ac64210fdd500a49?s=96&d=mm&r=g","caption":"Buchold, Chris"},"url":"https:\/\/www.feuerwehr-halberstadt.de\/?author=3"}]}},"_links":{"self":[{"href":"https:\/\/www.feuerwehr-halberstadt.de\/index.php?rest_route=\/wp\/v2\/posts\/10081","targetHints":{"allow":["GET"]}}],"collection":[{"href":"https:\/\/www.feuerwehr-halberstadt.de\/index.php?rest_route=\/wp\/v2\/posts"}],"about":[{"href":"https:\/\/www.feuerwehr-halberstadt.de\/index.php?rest_route=\/wp\/v2\/types\/post"}],"author":[{"embeddable":true,"href":"https:\/\/www.feuerwehr-halberstadt.de\/index.php?rest_route=\/wp\/v2\/users\/3"}],"replies":[{"embeddable":true,"href":"https:\/\/www.feuerwehr-halberstadt.de\/index.php?rest_route=%2Fwp%2Fv2%2Fcomments&post=10081"}],"version-history":[{"count":7,"href":"https:\/\/www.feuerwehr-halberstadt.de\/index.php?rest_route=\/wp\/v2\/posts\/10081\/revisions"}],"predecessor-version":[{"id":10116,"href":"https:\/\/www.feuerwehr-halberstadt.de\/index.php?rest_route=\/wp\/v2\/posts\/10081\/revisions\/10116"}],"wp:featuredmedia":[{"embeddable":true,"href":"https:\/\/www.feuerwehr-halberstadt.de\/index.php?rest_route=\/wp\/v2\/media\/10080"}],"wp:attachment":[{"href":"https:\/\/www.feuerwehr-halberstadt.de\/index.php?rest_route=%2Fwp%2Fv2%2Fmedia&parent=10081"}],"wp:term":[{"taxonomy":"category","embeddable":true,"href":"https:\/\/www.feuerwehr-halberstadt.de\/index.php?rest_route=%2Fwp%2Fv2%2Fcategories&post=10081"},{"taxonomy":"post_tag","embeddable":true,"href":"https:\/\/www.feuerwehr-halberstadt.de\/index.php?rest_route=%2Fwp%2Fv2%2Ftags&post=10081"}],"curies":[{"name":"wp","href":"https:\/\/api.w.org\/{rel}","templated":true}]}}