{"id":10044,"date":"2019-12-31T11:08:27","date_gmt":"2019-12-31T10:08:27","guid":{"rendered":"http:\/\/www.feuerwehr-halberstadt.de\/?p=10044"},"modified":"2019-12-31T11:08:28","modified_gmt":"2019-12-31T10:08:28","slug":"jahreswechsel-bei-der-feuerwehr-richtiges-verhalten-an-silvester","status":"publish","type":"post","link":"https:\/\/www.feuerwehr-halberstadt.de\/?p=10044","title":{"rendered":"Jahreswechsel bei der Feuerwehr + Richtiges Verhalten an Silvester"},"content":{"rendered":"\n<p>Auch in diesem Jahr wurde die diensthabende Schicht der Hauptberuflichen Wachbereitschaft zu einem ausgiebigen Fr\u00fchst\u00fcck am letzten Tag des Jahres eingeladen. <br>\nDaniel Szarata, als Mitglied des Stadtrates und Landtagsabgeordneter f\u00fcr unsere Region, kam gemeinsam mit Frauke Wei\u00df, die uns als ehem. Landtagsabgeordnete und Stadtr\u00e4tin bereits viele Jahre einen Besuch abstattet.<\/p>\n\n\n\n<p>Neben den vielen ehrenamtlichen Einsatzkr\u00e4ften, die im Ernstfall von zu Hause zum Einsatz alarmiert werden, ist auch Ingo Wetzel als diensthabender Einsatzleitdienst in Bereitschaft.<\/p>\n\n\n\n<p>Damit wir alle einen ruhigen Jahreswechsel \u201efeiern\u201c und gesund in das neue Jahr kommen k\u00f6nnen, bitten wir folgendes zu beachten: <\/p>\n\n\n\n<p>\u26a0\ufe0f Kaufen Sie nur gepr\u00fcftes Feuerwerk und keine sogenannten Grau- oder Billigimporte! Ein Indiz ist hierbei die Kennzeichnung mit einer BAM-Zulassung (Bundesamt f\u00fcr Materialforschung und -pr\u00fcfung).<\/p>\n\n\n\n<p>\u26a0\ufe0f Lesen und beachten Sie vor der Nutzung von Feuerwerksk\u00f6rpern deren Gebrauchsanweisung.<\/p>\n\n\n\n<p>\u26a0\ufe0f Bitte experimentieren Sie nicht, z. B. durch B\u00fcndeln von mehreren Feuerwerksk\u00f6rpern zu gef\u00e4hrlichen Eigenkreationen.<\/p>\n\n\n\n<p>\u26a0\ufe0f Alkohol und Feuerwerksk\u00f6rper bilden zusammen eine explosive Mischung. Nach erh\u00f6htem Alkoholkonsum gilt daher: genie\u00dfen Sie das Feuerwerk bitte als Zuschauer!<\/p>\n\n\n\n<p>\u26a0\ufe0f Achten Sie darauf, Ihre Feuerwerksk\u00f6rper in einem sicheren, geschlossenen Beh\u00e4lter aufzubewahren, damit diese nicht durch herumfliegende Knallk\u00f6rper entz\u00fcndet werden k\u00f6nnen.<\/p>\n\n\n\n<p>\u26a0\ufe0f Schlie\u00dfen Sie m\u00f6glichst alle T\u00fcren und Fenster und entfernen Sie brennbare Gegenst\u00e4nde von Balkonen, damit diese durch verirrte Raketen nicht entz\u00fcndet werden k\u00f6nnen.<\/p>\n\n\n\n<p>\u26a0\ufe0f Verwenden Sie im Inneren von Geb\u00e4uden nur die hierf\u00fcr zugelassenen Feuerwerksk\u00f6rper. <\/p>\n\n\n\n<p>\u26a0\ufe0f Bitte verwenden Sie f\u00fcr Tischfeuerwerk eine feuerfeste Unterlage und achten Sie darauf, dass dieses nicht in der N\u00e4he von leicht entz\u00fcndbaren Stoffen abgebrannt wird.<\/p>\n\n\n\n<p>\u26a0\ufe0f Starten Sie Raketen immer m\u00f6glichst senkrecht, jedoch niemals aus der Hand. Nutzen Sie Starthilfen, um ein Kippen der Rakete im Startvorgang zu vermeiden. Hierzu reicht z.B. schon eine leere, m\u00f6glichst hohe Getr\u00e4nkeflasche (Glasflasche) in einem Getr\u00e4nkekasten aus.<\/p>\n\n\n\n<p>\u26a0\ufe0f Feuerwerksk\u00f6rper am besten am Boden z\u00fcnden und sich schnell entfernen. Z\u00fcndk\u00f6rper mit Anrei\u00dffl\u00e4che nach dem Z\u00fcnden sofort wegwerfen, niemals auf Menschen oder Tiere richten und immer einen ausreichenden Sicherheitsabstand einhalten.<\/p>\n\n\n\n<p>\u26a0\ufe0f Vorsicht bei Blindg\u00e4ngern! Versuchen Sie auf keinen Fall, diese ein zweites Mal zu z\u00fcnden. N\u00e4hern sie sich einem Blindg\u00e4nger nicht sofort; warten Sie ab und \u00fcbergie\u00dfen ihn dann mit zuvor bereitgestelltem Wasser.<\/p>\n\n\n\n<p>\u26a0\ufe0f Feuerwerksk\u00f6rper geh\u00f6ren nicht in die H\u00e4nde von Kindern. Lassen Sie die Kinder keine Sekunde aus den Augen und sprechen Sie mit ihnen im Vorfeld \u00fcber die Gefahren. <\/p>\n\n\n\n<p>\u26a0\ufe0f Achten Sie besonders auf unkontrolliert herumspringende Feuerwerksk\u00f6rper wie Knallfr\u00f6sche, Kreisel oder \u00c4hnliches.<\/p>\n\n\n\n<p>\u26a0\ufe0f Wenn Sie Feuerwerk im Bereich \u00f6ffentlicher Verkehrsfl\u00e4chen abbrennen, achten Sie bitte darauf, dass an anderer Stelle vielleicht unsere Hilfe ben\u00f6tigt wird. Lassen Sie Fahrwege f\u00fcr die Feuerwehr und den Rettungsdienst frei. Gef\u00e4hrden Sie Einsatzkr\u00e4fte nicht durch Feuerwerk.<\/p>\n\n\n\n<p>\u26a0\ufe0f Sollte es trotzdem zu einem Schadensfall kommen, sorgen Sie f\u00fcr eine ausreichende Erstversorgung (z. B. mit einem Haus- oder KFZ-Verbandskasten).<\/p>\n\n\n\n<p>\u26a0\ufe0f Sollte es zu einem Brand kommen, unternehmen Sie nur L\u00f6schversuche, bei denen Sie sich selbst nicht gef\u00e4hrden. Schlie\u00dfen Sie, wenn m\u00f6glich, T\u00fcren zum Brandraum und verlassen Sie so schnell wie m\u00f6glich mit allen Personen die Wohnung.<br>\nAlarmieren Sie die Feuerwehr oder den Rettungsdienst \u00fcber den Notruf 112.<\/p>\n\n\n\n<p>Die Feuerwehr Halberstadt w\u00fcnscht Ihnen eine sch\u00f6ne Silvesterfeier und einen guten Rutsch ins neue Jahr!<\/p>\n","protected":false},"excerpt":{"rendered":"<p>Auch in diesem Jahr wurde die diensthabende Schicht der Hauptberuflichen Wachbereitschaft zu einem ausgiebigen Fr\u00fchst\u00fcck am letzten Tag des Jahres eingeladen. Daniel Szarata, als Mitglied des Stadtrates und Landtagsabgeordneter f\u00fcr unsere Region, kam gemeinsam mit Frauke Wei\u00df, die uns als ehem. Landtagsabgeordnete und Stadtr\u00e4tin bereits viele Jahre einen Besuch abstattet. Neben den vielen ehrenamtlichen Einsatzkr\u00e4ften, [&hellip;]<\/p>\n","protected":false},"author":3,"featured_media":10045,"comment_status":"closed","ping_status":"closed","sticky":false,"template":"","format":"standard","meta":{"_acf_changed":false,"footnotes":""},"categories":[9,11],"tags":[],"class_list":["post-10044","post","type-post","status-publish","format-standard","has-post-thumbnail","hentry","category-allgemein","category-wache"],"acf":[],"yoast_head":"<!-- This site is optimized with the Yoast SEO plugin v27.5 - https:\/\/yoast.com\/product\/yoast-seo-wordpress\/ -->\n<title>Jahreswechsel bei der Feuerwehr + Richtiges Verhalten an Silvester - Feuerwehr Halberstadt<\/title>\n<meta name=\"robots\" content=\"index, follow, max-snippet:-1, max-image-preview:large, max-video-preview:-1\" \/>\n<link rel=\"canonical\" href=\"https:\/\/www.feuerwehr-halberstadt.de\/?p=10044\" \/>\n<meta property=\"og:locale\" content=\"de_DE\" \/>\n<meta property=\"og:type\" content=\"article\" \/>\n<meta property=\"og:title\" content=\"Jahreswechsel bei der Feuerwehr + Richtiges Verhalten an Silvester - Feuerwehr Halberstadt\" \/>\n<meta property=\"og:description\" content=\"Auch in diesem Jahr wurde die diensthabende Schicht der Hauptberuflichen Wachbereitschaft zu einem ausgiebigen Fr\u00fchst\u00fcck am letzten Tag des Jahres eingeladen. Daniel Szarata, als Mitglied des Stadtrates und Landtagsabgeordneter f\u00fcr unsere Region, kam gemeinsam mit Frauke Wei\u00df, die uns als ehem. Landtagsabgeordnete und Stadtr\u00e4tin bereits viele Jahre einen Besuch abstattet. Neben den vielen ehrenamtlichen Einsatzkr\u00e4ften, [&hellip;]\" \/>\n<meta property=\"og:url\" content=\"https:\/\/www.feuerwehr-halberstadt.de\/?p=10044\" \/>\n<meta property=\"og:site_name\" content=\"Feuerwehr Halberstadt\" \/>\n<meta property=\"article:publisher\" content=\"https:\/\/www.facebook.com\/FeuerwehrHalberstadt\/\" \/>\n<meta property=\"article:published_time\" content=\"2019-12-31T10:08:27+00:00\" \/>\n<meta property=\"article:modified_time\" content=\"2019-12-31T10:08:28+00:00\" \/>\n<meta property=\"og:image\" content=\"https:\/\/www.feuerwehr-halberstadt.de\/wp-content\/uploads\/2019\/12\/5796A64C-5C46-40E8-A1D0-FA5DA53E0650.jpeg\" \/>\n\t<meta property=\"og:image:width\" content=\"1600\" \/>\n\t<meta property=\"og:image:height\" content=\"900\" \/>\n\t<meta property=\"og:image:type\" content=\"image\/jpeg\" \/>\n<meta name=\"author\" content=\"Buchold, Chris\" \/>\n<meta name=\"twitter:card\" content=\"summary_large_image\" \/>\n<meta name=\"twitter:label1\" content=\"Verfasst von\" \/>\n\t<meta name=\"twitter:data1\" content=\"Buchold, Chris\" \/>\n\t<meta name=\"twitter:label2\" content=\"Gesch\u00e4tzte Lesezeit\" \/>\n\t<meta name=\"twitter:data2\" content=\"3\u00a0Minuten\" \/>\n<script type=\"application\/ld+json\" class=\"yoast-schema-graph\">{\"@context\":\"https:\\\/\\\/schema.org\",\"@graph\":[{\"@type\":\"Article\",\"@id\":\"https:\\\/\\\/www.feuerwehr-halberstadt.de\\\/?p=10044#article\",\"isPartOf\":{\"@id\":\"https:\\\/\\\/www.feuerwehr-halberstadt.de\\\/?p=10044\"},\"author\":{\"name\":\"Buchold, Chris\",\"@id\":\"https:\\\/\\\/www.feuerwehr-halberstadt.de\\\/#\\\/schema\\\/person\\\/55ce5d9b46008e58cd3d55d4116ec727\"},\"headline\":\"Jahreswechsel bei der Feuerwehr + Richtiges Verhalten an Silvester\",\"datePublished\":\"2019-12-31T10:08:27+00:00\",\"dateModified\":\"2019-12-31T10:08:28+00:00\",\"mainEntityOfPage\":{\"@id\":\"https:\\\/\\\/www.feuerwehr-halberstadt.de\\\/?p=10044\"},\"wordCount\":575,\"publisher\":{\"@id\":\"https:\\\/\\\/www.feuerwehr-halberstadt.de\\\/#organization\"},\"image\":{\"@id\":\"https:\\\/\\\/www.feuerwehr-halberstadt.de\\\/?p=10044#primaryimage\"},\"thumbnailUrl\":\"https:\\\/\\\/www.feuerwehr-halberstadt.de\\\/wp-content\\\/uploads\\\/2019\\\/12\\\/5796A64C-5C46-40E8-A1D0-FA5DA53E0650.jpeg\",\"articleSection\":{\"1\":\"Wache\"},\"inLanguage\":\"de\"},{\"@type\":\"WebPage\",\"@id\":\"https:\\\/\\\/www.feuerwehr-halberstadt.de\\\/?p=10044\",\"url\":\"https:\\\/\\\/www.feuerwehr-halberstadt.de\\\/?p=10044\",\"name\":\"Jahreswechsel bei der Feuerwehr + Richtiges Verhalten an Silvester - Feuerwehr Halberstadt\",\"isPartOf\":{\"@id\":\"https:\\\/\\\/www.feuerwehr-halberstadt.de\\\/#website\"},\"primaryImageOfPage\":{\"@id\":\"https:\\\/\\\/www.feuerwehr-halberstadt.de\\\/?p=10044#primaryimage\"},\"image\":{\"@id\":\"https:\\\/\\\/www.feuerwehr-halberstadt.de\\\/?p=10044#primaryimage\"},\"thumbnailUrl\":\"https:\\\/\\\/www.feuerwehr-halberstadt.de\\\/wp-content\\\/uploads\\\/2019\\\/12\\\/5796A64C-5C46-40E8-A1D0-FA5DA53E0650.jpeg\",\"datePublished\":\"2019-12-31T10:08:27+00:00\",\"dateModified\":\"2019-12-31T10:08:28+00:00\",\"breadcrumb\":{\"@id\":\"https:\\\/\\\/www.feuerwehr-halberstadt.de\\\/?p=10044#breadcrumb\"},\"inLanguage\":\"de\",\"potentialAction\":[{\"@type\":\"ReadAction\",\"target\":[\"https:\\\/\\\/www.feuerwehr-halberstadt.de\\\/?p=10044\"]}]},{\"@type\":\"ImageObject\",\"inLanguage\":\"de\",\"@id\":\"https:\\\/\\\/www.feuerwehr-halberstadt.de\\\/?p=10044#primaryimage\",\"url\":\"https:\\\/\\\/www.feuerwehr-halberstadt.de\\\/wp-content\\\/uploads\\\/2019\\\/12\\\/5796A64C-5C46-40E8-A1D0-FA5DA53E0650.jpeg\",\"contentUrl\":\"https:\\\/\\\/www.feuerwehr-halberstadt.de\\\/wp-content\\\/uploads\\\/2019\\\/12\\\/5796A64C-5C46-40E8-A1D0-FA5DA53E0650.jpeg\",\"width\":1600,\"height\":900},{\"@type\":\"BreadcrumbList\",\"@id\":\"https:\\\/\\\/www.feuerwehr-halberstadt.de\\\/?p=10044#breadcrumb\",\"itemListElement\":[{\"@type\":\"ListItem\",\"position\":1,\"name\":\"Startseite\",\"item\":\"https:\\\/\\\/www.feuerwehr-halberstadt.de\\\/\"},{\"@type\":\"ListItem\",\"position\":2,\"name\":\"Jahreswechsel bei der Feuerwehr + Richtiges Verhalten an Silvester\"}]},{\"@type\":\"WebSite\",\"@id\":\"https:\\\/\\\/www.feuerwehr-halberstadt.de\\\/#website\",\"url\":\"https:\\\/\\\/www.feuerwehr-halberstadt.de\\\/\",\"name\":\"Feuerwehr Halberstadt\",\"description\":\"#imEinsatzf\u00fcrHalberstadt\",\"publisher\":{\"@id\":\"https:\\\/\\\/www.feuerwehr-halberstadt.de\\\/#organization\"},\"potentialAction\":[{\"@type\":\"SearchAction\",\"target\":{\"@type\":\"EntryPoint\",\"urlTemplate\":\"https:\\\/\\\/www.feuerwehr-halberstadt.de\\\/?s={search_term_string}\"},\"query-input\":{\"@type\":\"PropertyValueSpecification\",\"valueRequired\":true,\"valueName\":\"search_term_string\"}}],\"inLanguage\":\"de\"},{\"@type\":\"Organization\",\"@id\":\"https:\\\/\\\/www.feuerwehr-halberstadt.de\\\/#organization\",\"name\":\"Feuerwehr Halberstadt\",\"url\":\"https:\\\/\\\/www.feuerwehr-halberstadt.de\\\/\",\"logo\":{\"@type\":\"ImageObject\",\"inLanguage\":\"de\",\"@id\":\"https:\\\/\\\/www.feuerwehr-halberstadt.de\\\/#\\\/schema\\\/logo\\\/image\\\/\",\"url\":\"https:\\\/\\\/www.feuerwehr-halberstadt.de\\\/wp-content\\\/uploads\\\/2023\\\/10\\\/IMG_0126.png\",\"contentUrl\":\"https:\\\/\\\/www.feuerwehr-halberstadt.de\\\/wp-content\\\/uploads\\\/2023\\\/10\\\/IMG_0126.png\",\"width\":1500,\"height\":399,\"caption\":\"Feuerwehr Halberstadt\"},\"image\":{\"@id\":\"https:\\\/\\\/www.feuerwehr-halberstadt.de\\\/#\\\/schema\\\/logo\\\/image\\\/\"},\"sameAs\":[\"https:\\\/\\\/www.facebook.com\\\/FeuerwehrHalberstadt\\\/\"]},{\"@type\":\"Person\",\"@id\":\"https:\\\/\\\/www.feuerwehr-halberstadt.de\\\/#\\\/schema\\\/person\\\/55ce5d9b46008e58cd3d55d4116ec727\",\"name\":\"Buchold, Chris\",\"image\":{\"@type\":\"ImageObject\",\"inLanguage\":\"de\",\"@id\":\"https:\\\/\\\/secure.gravatar.com\\\/avatar\\\/bff08a084f0390bf8a93fc28c488452766ba521109cec244ac64210fdd500a49?s=96&d=mm&r=g\",\"url\":\"https:\\\/\\\/secure.gravatar.com\\\/avatar\\\/bff08a084f0390bf8a93fc28c488452766ba521109cec244ac64210fdd500a49?s=96&d=mm&r=g\",\"contentUrl\":\"https:\\\/\\\/secure.gravatar.com\\\/avatar\\\/bff08a084f0390bf8a93fc28c488452766ba521109cec244ac64210fdd500a49?s=96&d=mm&r=g\",\"caption\":\"Buchold, Chris\"},\"url\":\"https:\\\/\\\/www.feuerwehr-halberstadt.de\\\/?author=3\"}]}<\/script>\n<!-- \/ Yoast SEO plugin. -->","yoast_head_json":{"title":"Jahreswechsel bei der Feuerwehr + Richtiges Verhalten an Silvester - Feuerwehr Halberstadt","robots":{"index":"index","follow":"follow","max-snippet":"max-snippet:-1","max-image-preview":"max-image-preview:large","max-video-preview":"max-video-preview:-1"},"canonical":"https:\/\/www.feuerwehr-halberstadt.de\/?p=10044","og_locale":"de_DE","og_type":"article","og_title":"Jahreswechsel bei der Feuerwehr + Richtiges Verhalten an Silvester - Feuerwehr Halberstadt","og_description":"Auch in diesem Jahr wurde die diensthabende Schicht der Hauptberuflichen Wachbereitschaft zu einem ausgiebigen Fr\u00fchst\u00fcck am letzten Tag des Jahres eingeladen. Daniel Szarata, als Mitglied des Stadtrates und Landtagsabgeordneter f\u00fcr unsere Region, kam gemeinsam mit Frauke Wei\u00df, die uns als ehem. Landtagsabgeordnete und Stadtr\u00e4tin bereits viele Jahre einen Besuch abstattet. Neben den vielen ehrenamtlichen Einsatzkr\u00e4ften, [&hellip;]","og_url":"https:\/\/www.feuerwehr-halberstadt.de\/?p=10044","og_site_name":"Feuerwehr Halberstadt","article_publisher":"https:\/\/www.facebook.com\/FeuerwehrHalberstadt\/","article_published_time":"2019-12-31T10:08:27+00:00","article_modified_time":"2019-12-31T10:08:28+00:00","og_image":[{"width":1600,"height":900,"url":"https:\/\/www.feuerwehr-halberstadt.de\/wp-content\/uploads\/2019\/12\/5796A64C-5C46-40E8-A1D0-FA5DA53E0650.jpeg","type":"image\/jpeg"}],"author":"Buchold, Chris","twitter_card":"summary_large_image","twitter_misc":{"Verfasst von":"Buchold, Chris","Gesch\u00e4tzte Lesezeit":"3\u00a0Minuten"},"schema":{"@context":"https:\/\/schema.org","@graph":[{"@type":"Article","@id":"https:\/\/www.feuerwehr-halberstadt.de\/?p=10044#article","isPartOf":{"@id":"https:\/\/www.feuerwehr-halberstadt.de\/?p=10044"},"author":{"name":"Buchold, Chris","@id":"https:\/\/www.feuerwehr-halberstadt.de\/#\/schema\/person\/55ce5d9b46008e58cd3d55d4116ec727"},"headline":"Jahreswechsel bei der Feuerwehr + Richtiges Verhalten an Silvester","datePublished":"2019-12-31T10:08:27+00:00","dateModified":"2019-12-31T10:08:28+00:00","mainEntityOfPage":{"@id":"https:\/\/www.feuerwehr-halberstadt.de\/?p=10044"},"wordCount":575,"publisher":{"@id":"https:\/\/www.feuerwehr-halberstadt.de\/#organization"},"image":{"@id":"https:\/\/www.feuerwehr-halberstadt.de\/?p=10044#primaryimage"},"thumbnailUrl":"https:\/\/www.feuerwehr-halberstadt.de\/wp-content\/uploads\/2019\/12\/5796A64C-5C46-40E8-A1D0-FA5DA53E0650.jpeg","articleSection":{"1":"Wache"},"inLanguage":"de"},{"@type":"WebPage","@id":"https:\/\/www.feuerwehr-halberstadt.de\/?p=10044","url":"https:\/\/www.feuerwehr-halberstadt.de\/?p=10044","name":"Jahreswechsel bei der Feuerwehr + Richtiges Verhalten an Silvester - Feuerwehr Halberstadt","isPartOf":{"@id":"https:\/\/www.feuerwehr-halberstadt.de\/#website"},"primaryImageOfPage":{"@id":"https:\/\/www.feuerwehr-halberstadt.de\/?p=10044#primaryimage"},"image":{"@id":"https:\/\/www.feuerwehr-halberstadt.de\/?p=10044#primaryimage"},"thumbnailUrl":"https:\/\/www.feuerwehr-halberstadt.de\/wp-content\/uploads\/2019\/12\/5796A64C-5C46-40E8-A1D0-FA5DA53E0650.jpeg","datePublished":"2019-12-31T10:08:27+00:00","dateModified":"2019-12-31T10:08:28+00:00","breadcrumb":{"@id":"https:\/\/www.feuerwehr-halberstadt.de\/?p=10044#breadcrumb"},"inLanguage":"de","potentialAction":[{"@type":"ReadAction","target":["https:\/\/www.feuerwehr-halberstadt.de\/?p=10044"]}]},{"@type":"ImageObject","inLanguage":"de","@id":"https:\/\/www.feuerwehr-halberstadt.de\/?p=10044#primaryimage","url":"https:\/\/www.feuerwehr-halberstadt.de\/wp-content\/uploads\/2019\/12\/5796A64C-5C46-40E8-A1D0-FA5DA53E0650.jpeg","contentUrl":"https:\/\/www.feuerwehr-halberstadt.de\/wp-content\/uploads\/2019\/12\/5796A64C-5C46-40E8-A1D0-FA5DA53E0650.jpeg","width":1600,"height":900},{"@type":"BreadcrumbList","@id":"https:\/\/www.feuerwehr-halberstadt.de\/?p=10044#breadcrumb","itemListElement":[{"@type":"ListItem","position":1,"name":"Startseite","item":"https:\/\/www.feuerwehr-halberstadt.de\/"},{"@type":"ListItem","position":2,"name":"Jahreswechsel bei der Feuerwehr + Richtiges Verhalten an Silvester"}]},{"@type":"WebSite","@id":"https:\/\/www.feuerwehr-halberstadt.de\/#website","url":"https:\/\/www.feuerwehr-halberstadt.de\/","name":"Feuerwehr Halberstadt","description":"#imEinsatzf\u00fcrHalberstadt","publisher":{"@id":"https:\/\/www.feuerwehr-halberstadt.de\/#organization"},"potentialAction":[{"@type":"SearchAction","target":{"@type":"EntryPoint","urlTemplate":"https:\/\/www.feuerwehr-halberstadt.de\/?s={search_term_string}"},"query-input":{"@type":"PropertyValueSpecification","valueRequired":true,"valueName":"search_term_string"}}],"inLanguage":"de"},{"@type":"Organization","@id":"https:\/\/www.feuerwehr-halberstadt.de\/#organization","name":"Feuerwehr Halberstadt","url":"https:\/\/www.feuerwehr-halberstadt.de\/","logo":{"@type":"ImageObject","inLanguage":"de","@id":"https:\/\/www.feuerwehr-halberstadt.de\/#\/schema\/logo\/image\/","url":"https:\/\/www.feuerwehr-halberstadt.de\/wp-content\/uploads\/2023\/10\/IMG_0126.png","contentUrl":"https:\/\/www.feuerwehr-halberstadt.de\/wp-content\/uploads\/2023\/10\/IMG_0126.png","width":1500,"height":399,"caption":"Feuerwehr Halberstadt"},"image":{"@id":"https:\/\/www.feuerwehr-halberstadt.de\/#\/schema\/logo\/image\/"},"sameAs":["https:\/\/www.facebook.com\/FeuerwehrHalberstadt\/"]},{"@type":"Person","@id":"https:\/\/www.feuerwehr-halberstadt.de\/#\/schema\/person\/55ce5d9b46008e58cd3d55d4116ec727","name":"Buchold, Chris","image":{"@type":"ImageObject","inLanguage":"de","@id":"https:\/\/secure.gravatar.com\/avatar\/bff08a084f0390bf8a93fc28c488452766ba521109cec244ac64210fdd500a49?s=96&d=mm&r=g","url":"https:\/\/secure.gravatar.com\/avatar\/bff08a084f0390bf8a93fc28c488452766ba521109cec244ac64210fdd500a49?s=96&d=mm&r=g","contentUrl":"https:\/\/secure.gravatar.com\/avatar\/bff08a084f0390bf8a93fc28c488452766ba521109cec244ac64210fdd500a49?s=96&d=mm&r=g","caption":"Buchold, Chris"},"url":"https:\/\/www.feuerwehr-halberstadt.de\/?author=3"}]}},"_links":{"self":[{"href":"https:\/\/www.feuerwehr-halberstadt.de\/index.php?rest_route=\/wp\/v2\/posts\/10044","targetHints":{"allow":["GET"]}}],"collection":[{"href":"https:\/\/www.feuerwehr-halberstadt.de\/index.php?rest_route=\/wp\/v2\/posts"}],"about":[{"href":"https:\/\/www.feuerwehr-halberstadt.de\/index.php?rest_route=\/wp\/v2\/types\/post"}],"author":[{"embeddable":true,"href":"https:\/\/www.feuerwehr-halberstadt.de\/index.php?rest_route=\/wp\/v2\/users\/3"}],"replies":[{"embeddable":true,"href":"https:\/\/www.feuerwehr-halberstadt.de\/index.php?rest_route=%2Fwp%2Fv2%2Fcomments&post=10044"}],"version-history":[{"count":2,"href":"https:\/\/www.feuerwehr-halberstadt.de\/index.php?rest_route=\/wp\/v2\/posts\/10044\/revisions"}],"predecessor-version":[{"id":10047,"href":"https:\/\/www.feuerwehr-halberstadt.de\/index.php?rest_route=\/wp\/v2\/posts\/10044\/revisions\/10047"}],"wp:featuredmedia":[{"embeddable":true,"href":"https:\/\/www.feuerwehr-halberstadt.de\/index.php?rest_route=\/wp\/v2\/media\/10045"}],"wp:attachment":[{"href":"https:\/\/www.feuerwehr-halberstadt.de\/index.php?rest_route=%2Fwp%2Fv2%2Fmedia&parent=10044"}],"wp:term":[{"taxonomy":"category","embeddable":true,"href":"https:\/\/www.feuerwehr-halberstadt.de\/index.php?rest_route=%2Fwp%2Fv2%2Fcategories&post=10044"},{"taxonomy":"post_tag","embeddable":true,"href":"https:\/\/www.feuerwehr-halberstadt.de\/index.php?rest_route=%2Fwp%2Fv2%2Ftags&post=10044"}],"curies":[{"name":"wp","href":"https:\/\/api.w.org\/{rel}","templated":true}]}}